{"id":11208,"date":"2017-08-01T21:46:53","date_gmt":"2017-08-01T19:46:53","guid":{"rendered":"https:\/\/auren.com\/co\/blog\/auren-colombia-esta-comprometida-con-la-agenda-2030-y-los-17-objetivos-de-desarrollo-sostenible\/"},"modified":"2017-08-01T21:46:53","modified_gmt":"2017-08-01T19:46:53","slug":"auren-colombia-esta-comprometida-con-la-agenda-2030-y-los-17-objetivos-de-desarrollo-sostenible","status":"publish","type":"blog","link":"https:\/\/auren.com\/co\/blog\/auren-colombia-esta-comprometida-con-la-agenda-2030-y-los-17-objetivos-de-desarrollo-sostenible\/","title":{"rendered":"Auren Colombia est\u00e1 comprometida con la agenda 2030 y los 17 Objetivos de Desarrollo Sostenible."},"content":{"rendered":"<p><strong><br \/><\/strong><\/p>\n<p><strong>De los 8 Objetivos del Milenio a los 17 Objetivos de Desarrollo Sostenible<\/strong><\/p>\n<p>En el a\u00f1o 2015 la Naciones Unidas reevalu\u00f3 los resultados y grandes avances obtenidos con los objetivos del milenio (ODM) una iniciativa gestada 15 a\u00f1os atr\u00e1s (2000 -2015) que esperaba alcanzar a trav\u00e9s de 8 objetivos la erradicaci\u00f3n de todas&nbsp; las dimensiones de pobreza y la generaci\u00f3n de desarrollo.   <\/p>\n<p>Los avances fueron importantes pero no suficientes. Entre las observaciones m\u00e1s relevantes se encontr\u00f3:   <\/p>\n<ul>\n<li>La necesidad de un compromiso de gobiernos, sector privado y sociedad civil de alcanzar objetivos sociales, econ\u00f3micos y ambientales en sus diferentes campos. Es as\u00ed como el desarrollo sostenible se vuelve el eje transversal de los nuevos objetivos.   <\/li>\n<li>Mejorar la calidad de vida en&nbsp; comunidades vulnerables y de dif\u00edcil acceso.   <\/li>\n<li>Integrar a las empresas como motor de desarrollo en todos los pa\u00edses e inv\u00edtalos a participar como promotores de todos los objetivos al igual que fortalecer la inclusi\u00f3n laboral.   <\/li>\n<li>Integrar las pol\u00edticas gubernamentales con la agenda 2030. En Colombia el Consejo Nacional de Pol\u00edtica Econ\u00f3mica y Social, CONPES ya ha integrado dentro de sus estrategias de planeaci\u00f3n estatal los ODS.   <\/li>\n<li>Incorporar de manera directa la mitigaci\u00f3n al cambio clim\u00e1tico.   <\/li>\n<\/ul>\n<p>As\u00ed, despu\u00e9s de un trabajo conjunto entre gobiernos, sector privado, sociedad civil y academia, las Naciones Unida incorporan estas nuevas exigencias con &nbsp;169 metas directas y as\u00ed lograr en los siguientes 15 a\u00f1os poner fin a la pobreza, proteger el planeta y garantizar que todas las personas gocen de paz y prosperidad. <\/p>\n<\/p>\n<p><img decoding=\"async\" data-src=\"http:\/\/www.onu.org.mx\/wp-content\/uploads\/2015\/10\/objectivos.png\" alt=\"... de Desarrollo del Milenio a los Objetivos de Desarrollo Sostenible\" style=\"--smush-placeholder-width: 738px; --smush-placeholder-aspect-ratio: 738\/673;width: 738px; height: 673px; display: block; margin: auto;\" width=\"738\" height=\"673\" title=\"... de Desarrollo del Milenio a los Objetivos de Desarrollo Sostenible\" src=\"data:image\/svg+xml;base64,PHN2ZyB3aWR0aD0iMSIgaGVpZ2h0PSIxIiB4bWxucz0iaHR0cDovL3d3dy53My5vcmcvMjAwMC9zdmciPjwvc3ZnPg==\" class=\"lazyload\"><\/p>\n<p>Aliado:&nbsp;<\/p>\n<figure><img decoding=\"async\" data-src=\"https:\/\/d33c2a5xmvj7uh.cloudfront.net\/images\/originals\/logo-ayllus.png?v=1501624502\" data-image=\"9992582\" style=\"--smush-placeholder-width: 105px; --smush-placeholder-aspect-ratio: 105\/96;width: 105px; height: 96px;\" width=\"105\" height=\"96\" src=\"data:image\/svg+xml;base64,PHN2ZyB3aWR0aD0iMSIgaGVpZ2h0PSIxIiB4bWxucz0iaHR0cDovL3d3dy53My5vcmcvMjAwMC9zdmciPjwvc3ZnPg==\" class=\"lazyload\"><\/figure>\n<\/p>\n<p>Fuente:&nbsp;<a href=\"http:\/\/www.onu.org.mx\/agenda-2030\/objetivos-del-desarrollo-sostenible\/?platform=hootsuite\">http:\/\/www.onu.org.mx\/agenda-2&#8230;<\/a><\/p>\n<p><!-- AddThis Advanced Settings generic via filter on the_content --><!-- AddThis Share Buttons generic via filter on the_content --><\/p>\n","protected":false},"excerpt":{"rendered":"<p>De los 8 Objetivos del Milenio a los 17 Objetivos de Desarrollo Sostenible.<\/p>\n","protected":false},"featured_media":11209,"template":"","meta":{"_acf_changed":false,"footnotes":""},"blog-category":[],"class_list":["post-11208","blog","type-blog","status-publish","has-post-thumbnail","hentry"],"acf":[],"yoast_head":"<!-- This site is optimized with the Yoast SEO plugin v27.4 - https:\/\/yoast.com\/product\/yoast-seo-wordpress\/ -->\n<title>Auren Colombia est\u00e1 comprometida con la agenda 2030 y los 17 Objetivos de Desarrollo Sostenible. - Auren Colombia<\/title>\n<meta name=\"robots\" content=\"index, follow, max-snippet:-1, max-image-preview:large, max-video-preview:-1\" \/>\n<link rel=\"canonical\" href=\"https:\/\/auren.com\/co\/blog\/auren-colombia-esta-comprometida-con-la-agenda-2030-y-los-17-objetivos-de-desarrollo-sostenible\/\" \/>\n<meta property=\"og:locale\" content=\"es_ES\" \/>\n<meta property=\"og:type\" content=\"article\" \/>\n<meta property=\"og:title\" content=\"Auren Colombia est\u00e1 comprometida con la agenda 2030 y los 17 Objetivos de Desarrollo Sostenible. - Auren Colombia\" \/>\n<meta property=\"og:description\" content=\"De los 8 Objetivos del Milenio a los 17 Objetivos de Desarrollo Sostenible.\" \/>\n<meta property=\"og:url\" content=\"https:\/\/auren.com\/co\/blog\/auren-colombia-esta-comprometida-con-la-agenda-2030-y-los-17-objetivos-de-desarrollo-sostenible\/\" \/>\n<meta property=\"og:site_name\" content=\"Auren Colombia\" \/>\n<meta property=\"og:image\" content=\"https:\/\/auren.com\/co\/wp-content\/uploads\/2017\/08\/sostenibilidad-2.png\" \/>\n\t<meta property=\"og:image:width\" content=\"1000\" \/>\n\t<meta property=\"og:image:height\" content=\"502\" \/>\n\t<meta property=\"og:image:type\" content=\"image\/png\" \/>\n<meta name=\"twitter:card\" content=\"summary_large_image\" \/>\n<meta name=\"twitter:site\" content=\"@AurenColombia\" \/>\n<meta name=\"twitter:label1\" content=\"Tiempo de lectura\" \/>\n\t<meta name=\"twitter:data1\" content=\"1 minuto\" \/>\n<script type=\"application\/ld+json\" class=\"yoast-schema-graph\">{\"@context\":\"https:\\\/\\\/schema.org\",\"@graph\":[{\"@type\":\"WebPage\",\"@id\":\"https:\\\/\\\/auren.com\\\/co\\\/blog\\\/auren-colombia-esta-comprometida-con-la-agenda-2030-y-los-17-objetivos-de-desarrollo-sostenible\\\/\",\"url\":\"https:\\\/\\\/auren.com\\\/co\\\/blog\\\/auren-colombia-esta-comprometida-con-la-agenda-2030-y-los-17-objetivos-de-desarrollo-sostenible\\\/\",\"name\":\"Auren Colombia est\u00e1 comprometida con la agenda 2030 y los 17 Objetivos de Desarrollo Sostenible. - Auren Colombia\",\"isPartOf\":{\"@id\":\"https:\\\/\\\/auren.com\\\/co\\\/#website\"},\"primaryImageOfPage\":{\"@id\":\"https:\\\/\\\/auren.com\\\/co\\\/blog\\\/auren-colombia-esta-comprometida-con-la-agenda-2030-y-los-17-objetivos-de-desarrollo-sostenible\\\/#primaryimage\"},\"image\":{\"@id\":\"https:\\\/\\\/auren.com\\\/co\\\/blog\\\/auren-colombia-esta-comprometida-con-la-agenda-2030-y-los-17-objetivos-de-desarrollo-sostenible\\\/#primaryimage\"},\"thumbnailUrl\":\"https:\\\/\\\/auren.com\\\/co\\\/wp-content\\\/uploads\\\/2017\\\/08\\\/sostenibilidad-2.png\",\"datePublished\":\"2017-08-01T19:46:53+00:00\",\"breadcrumb\":{\"@id\":\"https:\\\/\\\/auren.com\\\/co\\\/blog\\\/auren-colombia-esta-comprometida-con-la-agenda-2030-y-los-17-objetivos-de-desarrollo-sostenible\\\/#breadcrumb\"},\"inLanguage\":\"es\",\"potentialAction\":[{\"@type\":\"ReadAction\",\"target\":[\"https:\\\/\\\/auren.com\\\/co\\\/blog\\\/auren-colombia-esta-comprometida-con-la-agenda-2030-y-los-17-objetivos-de-desarrollo-sostenible\\\/\"]}]},{\"@type\":\"ImageObject\",\"inLanguage\":\"es\",\"@id\":\"https:\\\/\\\/auren.com\\\/co\\\/blog\\\/auren-colombia-esta-comprometida-con-la-agenda-2030-y-los-17-objetivos-de-desarrollo-sostenible\\\/#primaryimage\",\"url\":\"https:\\\/\\\/auren.com\\\/co\\\/wp-content\\\/uploads\\\/2017\\\/08\\\/sostenibilidad-2.png\",\"contentUrl\":\"https:\\\/\\\/auren.com\\\/co\\\/wp-content\\\/uploads\\\/2017\\\/08\\\/sostenibilidad-2.png\",\"width\":1000,\"height\":502},{\"@type\":\"BreadcrumbList\",\"@id\":\"https:\\\/\\\/auren.com\\\/co\\\/blog\\\/auren-colombia-esta-comprometida-con-la-agenda-2030-y-los-17-objetivos-de-desarrollo-sostenible\\\/#breadcrumb\",\"itemListElement\":[{\"@type\":\"ListItem\",\"position\":1,\"name\":\"Portada\",\"item\":\"https:\\\/\\\/auren.com\\\/co\\\/\"},{\"@type\":\"ListItem\",\"position\":2,\"name\":\"Auren Colombia est\u00e1 comprometida con la agenda 2030 y los 17 Objetivos de Desarrollo Sostenible.\"}]},{\"@type\":\"WebSite\",\"@id\":\"https:\\\/\\\/auren.com\\\/co\\\/#website\",\"url\":\"https:\\\/\\\/auren.com\\\/co\\\/\",\"name\":\"Auren Colombia\",\"description\":\"\",\"publisher\":{\"@id\":\"https:\\\/\\\/auren.com\\\/co\\\/#organization\"},\"potentialAction\":[{\"@type\":\"SearchAction\",\"target\":{\"@type\":\"EntryPoint\",\"urlTemplate\":\"https:\\\/\\\/auren.com\\\/co\\\/?s={search_term_string}\"},\"query-input\":{\"@type\":\"PropertyValueSpecification\",\"valueRequired\":true,\"valueName\":\"search_term_string\"}}],\"inLanguage\":\"es\"},{\"@type\":\"Organization\",\"@id\":\"https:\\\/\\\/auren.com\\\/co\\\/#organization\",\"name\":\"Auren Colombia\",\"url\":\"https:\\\/\\\/auren.com\\\/co\\\/\",\"logo\":{\"@type\":\"ImageObject\",\"inLanguage\":\"es\",\"@id\":\"https:\\\/\\\/auren.com\\\/co\\\/#\\\/schema\\\/logo\\\/image\\\/\",\"url\":\"https:\\\/\\\/auren.com\\\/co\\\/wp-content\\\/uploads\\\/2025\\\/01\\\/cropped-cropped-favicon-Auren.png\",\"contentUrl\":\"https:\\\/\\\/auren.com\\\/co\\\/wp-content\\\/uploads\\\/2025\\\/01\\\/cropped-cropped-favicon-Auren.png\",\"width\":512,\"height\":512,\"caption\":\"Auren Colombia\"},\"image\":{\"@id\":\"https:\\\/\\\/auren.com\\\/co\\\/#\\\/schema\\\/logo\\\/image\\\/\"},\"sameAs\":[\"https:\\\/\\\/x.com\\\/AurenColombia\",\"https:\\\/\\\/www.instagram.com\\\/aurencolombia\\\/\",\"https:\\\/\\\/www.youtube.com\\\/channel\\\/UCRYoGRMR_k4oVWesdErApmA\",\"https:\\\/\\\/www.linkedin.com\\\/company\\\/auren-colombia\"]}]}<\/script>\n<!-- \/ Yoast SEO plugin. -->","yoast_head_json":{"title":"Auren Colombia est\u00e1 comprometida con la agenda 2030 y los 17 Objetivos de Desarrollo Sostenible. - Auren Colombia","robots":{"index":"index","follow":"follow","max-snippet":"max-snippet:-1","max-image-preview":"max-image-preview:large","max-video-preview":"max-video-preview:-1"},"canonical":"https:\/\/auren.com\/co\/blog\/auren-colombia-esta-comprometida-con-la-agenda-2030-y-los-17-objetivos-de-desarrollo-sostenible\/","og_locale":"es_ES","og_type":"article","og_title":"Auren Colombia est\u00e1 comprometida con la agenda 2030 y los 17 Objetivos de Desarrollo Sostenible. - Auren Colombia","og_description":"De los 8 Objetivos del Milenio a los 17 Objetivos de Desarrollo Sostenible.","og_url":"https:\/\/auren.com\/co\/blog\/auren-colombia-esta-comprometida-con-la-agenda-2030-y-los-17-objetivos-de-desarrollo-sostenible\/","og_site_name":"Auren Colombia","og_image":[{"width":1000,"height":502,"url":"https:\/\/auren.com\/co\/wp-content\/uploads\/2017\/08\/sostenibilidad-2.png","type":"image\/png"}],"twitter_card":"summary_large_image","twitter_site":"@AurenColombia","twitter_misc":{"Tiempo de lectura":"1 minuto"},"schema":{"@context":"https:\/\/schema.org","@graph":[{"@type":"WebPage","@id":"https:\/\/auren.com\/co\/blog\/auren-colombia-esta-comprometida-con-la-agenda-2030-y-los-17-objetivos-de-desarrollo-sostenible\/","url":"https:\/\/auren.com\/co\/blog\/auren-colombia-esta-comprometida-con-la-agenda-2030-y-los-17-objetivos-de-desarrollo-sostenible\/","name":"Auren Colombia est\u00e1 comprometida con la agenda 2030 y los 17 Objetivos de Desarrollo Sostenible. - Auren Colombia","isPartOf":{"@id":"https:\/\/auren.com\/co\/#website"},"primaryImageOfPage":{"@id":"https:\/\/auren.com\/co\/blog\/auren-colombia-esta-comprometida-con-la-agenda-2030-y-los-17-objetivos-de-desarrollo-sostenible\/#primaryimage"},"image":{"@id":"https:\/\/auren.com\/co\/blog\/auren-colombia-esta-comprometida-con-la-agenda-2030-y-los-17-objetivos-de-desarrollo-sostenible\/#primaryimage"},"thumbnailUrl":"https:\/\/auren.com\/co\/wp-content\/uploads\/2017\/08\/sostenibilidad-2.png","datePublished":"2017-08-01T19:46:53+00:00","breadcrumb":{"@id":"https:\/\/auren.com\/co\/blog\/auren-colombia-esta-comprometida-con-la-agenda-2030-y-los-17-objetivos-de-desarrollo-sostenible\/#breadcrumb"},"inLanguage":"es","potentialAction":[{"@type":"ReadAction","target":["https:\/\/auren.com\/co\/blog\/auren-colombia-esta-comprometida-con-la-agenda-2030-y-los-17-objetivos-de-desarrollo-sostenible\/"]}]},{"@type":"ImageObject","inLanguage":"es","@id":"https:\/\/auren.com\/co\/blog\/auren-colombia-esta-comprometida-con-la-agenda-2030-y-los-17-objetivos-de-desarrollo-sostenible\/#primaryimage","url":"https:\/\/auren.com\/co\/wp-content\/uploads\/2017\/08\/sostenibilidad-2.png","contentUrl":"https:\/\/auren.com\/co\/wp-content\/uploads\/2017\/08\/sostenibilidad-2.png","width":1000,"height":502},{"@type":"BreadcrumbList","@id":"https:\/\/auren.com\/co\/blog\/auren-colombia-esta-comprometida-con-la-agenda-2030-y-los-17-objetivos-de-desarrollo-sostenible\/#breadcrumb","itemListElement":[{"@type":"ListItem","position":1,"name":"Portada","item":"https:\/\/auren.com\/co\/"},{"@type":"ListItem","position":2,"name":"Auren Colombia est\u00e1 comprometida con la agenda 2030 y los 17 Objetivos de Desarrollo Sostenible."}]},{"@type":"WebSite","@id":"https:\/\/auren.com\/co\/#website","url":"https:\/\/auren.com\/co\/","name":"Auren Colombia","description":"","publisher":{"@id":"https:\/\/auren.com\/co\/#organization"},"potentialAction":[{"@type":"SearchAction","target":{"@type":"EntryPoint","urlTemplate":"https:\/\/auren.com\/co\/?s={search_term_string}"},"query-input":{"@type":"PropertyValueSpecification","valueRequired":true,"valueName":"search_term_string"}}],"inLanguage":"es"},{"@type":"Organization","@id":"https:\/\/auren.com\/co\/#organization","name":"Auren Colombia","url":"https:\/\/auren.com\/co\/","logo":{"@type":"ImageObject","inLanguage":"es","@id":"https:\/\/auren.com\/co\/#\/schema\/logo\/image\/","url":"https:\/\/auren.com\/co\/wp-content\/uploads\/2025\/01\/cropped-cropped-favicon-Auren.png","contentUrl":"https:\/\/auren.com\/co\/wp-content\/uploads\/2025\/01\/cropped-cropped-favicon-Auren.png","width":512,"height":512,"caption":"Auren Colombia"},"image":{"@id":"https:\/\/auren.com\/co\/#\/schema\/logo\/image\/"},"sameAs":["https:\/\/x.com\/AurenColombia","https:\/\/www.instagram.com\/aurencolombia\/","https:\/\/www.youtube.com\/channel\/UCRYoGRMR_k4oVWesdErApmA","https:\/\/www.linkedin.com\/company\/auren-colombia"]}]}},"_links":{"self":[{"href":"https:\/\/auren.com\/co\/wp-json\/wp\/v2\/blog\/11208","targetHints":{"allow":["GET"]}}],"collection":[{"href":"https:\/\/auren.com\/co\/wp-json\/wp\/v2\/blog"}],"about":[{"href":"https:\/\/auren.com\/co\/wp-json\/wp\/v2\/types\/blog"}],"version-history":[{"count":0,"href":"https:\/\/auren.com\/co\/wp-json\/wp\/v2\/blog\/11208\/revisions"}],"wp:featuredmedia":[{"embeddable":true,"href":"https:\/\/auren.com\/co\/wp-json\/wp\/v2\/media\/11209"}],"wp:attachment":[{"href":"https:\/\/auren.com\/co\/wp-json\/wp\/v2\/media?parent=11208"}],"wp:term":[{"taxonomy":"blog-category","embeddable":true,"href":"https:\/\/auren.com\/co\/wp-json\/wp\/v2\/blog-category?post=11208"}],"curies":[{"name":"wp","href":"https:\/\/api.w.org\/{rel}","templated":true}]}}