{"id":11211,"date":"2017-08-01T21:06:15","date_gmt":"2017-08-01T19:06:15","guid":{"rendered":"https:\/\/auren.com\/co\/blog\/dian-expide-concepto-general-sobre-medidas-tributarias-especiales-en-el-municipio-de-mocoa\/"},"modified":"2017-08-01T21:06:15","modified_gmt":"2017-08-01T19:06:15","slug":"dian-expide-concepto-general-sobre-medidas-tributarias-especiales-en-el-municipio-de-mocoa","status":"publish","type":"blog","link":"https:\/\/auren.com\/co\/blog\/dian-expide-concepto-general-sobre-medidas-tributarias-especiales-en-el-municipio-de-mocoa\/","title":{"rendered":"DIAN expide concepto general sobre medidas tributarias especiales en el Municipio de Mocoa"},"content":{"rendered":"<\/p>\n<p>Por medio del Decreto Legislativo 731 de 2017, el Presidente de La Rep\u00fablica adopt\u00f3 medidas tributarias especiales aplicables en el Municipio de Mocoa, en relaci\u00f3n con bienes producidos o comercializados all\u00ed, con el fin de estimular la demanda interna, contrarrestar impactos directos sobre la inflaci\u00f3n e incrementar el consumo local. Recientemente la DIAN expidi\u00f3 un concepto general sobre la aplicaci\u00f3n de tales medidas:   <\/p>\n<p>&nbsp;   <\/p>\n<ul>\n<li>Precis\u00f3 que las medidas frente al impuesto sobre las ventas (IVA) est\u00e1n vigentes entre el 5 de mayo de 2017 y el 31 de diciembre de 2017; a partir del primero de enero de 2018 aplicar\u00e1n las tarifas respectivas.   <\/li>\n<li>La exenci\u00f3n del IVA aplica para la venta de alimentos, calzado, prendas de vestir, materiales de construcci\u00f3n, electrodom\u00e9sticos y gasodom\u00e9sticos. Aclar\u00f3 el concepto que no se aplica la exenci\u00f3n para la prestaci\u00f3n de servicios de alquiler de ninguna maquinaria o mercanc\u00eda, ni para venta de maquinaria para construcci\u00f3n, aduciendo que esta \u00faltima no corresponde a material de construcci\u00f3n.   <\/li>\n<li>Precis\u00f3 la DIAN que los tel\u00e9fonos celulares no son electrodom\u00e9sticos, por lo cual no los cobija la exenci\u00f3n del IVA; tampoco quedaron exentos bienes como repuestos automotores, veh\u00edculos agr\u00edcolas y herramientas agr\u00edcolas, ni servicios hoteleros o tur\u00edsticos, entre otros.   <\/li>\n<li>Reiter\u00f3 que los saldos a favor generados en las respectivas declaraciones del IVA, podr\u00e1n ser imputados en per\u00edodos siguientes, pero no dar\u00e1n derecho a devoluci\u00f3n o compensaci\u00f3n, situaci\u00f3n tambi\u00e9n aplicable a los proveedores que realicen ventas desde el resto del territorio aduanero nacional a Mocoa.   <\/li>\n<li>Enfatiz\u00f3 que los insumos adquiridos por las fuerzas militares, cuyo destino sea el municipio de Mocoa destinados a conjurar la crisis, gozar\u00e1n de la exenci\u00f3n del IVA.   <\/li>\n<li>Condicion\u00f3 la venta de bienes a la entrega efectiva, la cual debe ser realizada a m\u00e1s tardar el 31 de diciembre de 2017 para que sea aplicable la exenci\u00f3n del IVA.   <\/li>\n<li>Aunque las mercanc\u00edas se hayan adquirido antes de la entrada en vigencia del Decreto 731 de 2017, precis\u00f3 la entidad que&nbsp; se deber\u00e1n vender con tarifa del 0%; si la venta se realiz\u00f3 antes de la entrada en vigencia del mencionado Decreto, no le es aplicable la exenci\u00f3n en virtud de la causaci\u00f3n del gravamen.   <\/li>\n<li>La tarifa del 0%&nbsp; sobre el impuesto sobre la renta para el a\u00f1o gravable 2018, as\u00ed como la tarifa del 0% de retenci\u00f3n en la fuente y autorretenci\u00f3n por los a\u00f1os gravables 2017 y 2018, es aplicable solo para personas jur\u00eddicas que con anterioridad a la declaratoria de emergencia se encuentren domiciliados o tengan establecimiento de comercio en el municipio de Mocoa. Los beneficiarios deber\u00e1n indicar en sus facturas \u201cNo sujeto a retenci\u00f3n Decreto 731 de 2017\u201d.<\/li>\n<li>Los contribuyentes domiciliados en Mocoa al 31 de marzo de 2017 podr\u00e1n presentar sus declaraciones tributarias a m\u00e1s tardar el 7 de abril de 2018, sin sanci\u00f3n por extemporaneidad ni pago de intereses moratorios.<\/li>\n<\/ul>\n<p><!-- AddThis Advanced Settings generic via filter on the_content --><!-- AddThis Share Buttons generic via filter on the_content --><\/p>\n","protected":false},"excerpt":{"rendered":"<p>Por medio del Decreto Legislativo 731 de 2017, el Presidente de La Rep\u00fablica adopt\u00f3 medidas tributarias especiales aplicables en el Municipio de Mocoa, en relaci\u00f3n con bienes producidos o comercializados all\u00ed, con el fin de estimular la demanda interna.<\/p>\n","protected":false},"featured_media":11212,"template":"","meta":{"_acf_changed":false,"footnotes":""},"blog-category":[],"class_list":["post-11211","blog","type-blog","status-publish","has-post-thumbnail","hentry"],"acf":[],"yoast_head":"<!-- This site is optimized with the Yoast SEO plugin v27.4 - https:\/\/yoast.com\/product\/yoast-seo-wordpress\/ -->\n<title>DIAN expide concepto general sobre medidas tributarias especiales en el Municipio de Mocoa - Auren Colombia<\/title>\n<meta name=\"robots\" content=\"index, follow, max-snippet:-1, max-image-preview:large, max-video-preview:-1\" \/>\n<link rel=\"canonical\" href=\"https:\/\/auren.com\/co\/blog\/dian-expide-concepto-general-sobre-medidas-tributarias-especiales-en-el-municipio-de-mocoa\/\" \/>\n<meta property=\"og:locale\" content=\"es_ES\" \/>\n<meta property=\"og:type\" content=\"article\" \/>\n<meta property=\"og:title\" content=\"DIAN expide concepto general sobre medidas tributarias especiales en el Municipio de Mocoa - Auren Colombia\" \/>\n<meta property=\"og:description\" content=\"Por medio del Decreto Legislativo 731 de 2017, el Presidente de La Rep\u00fablica adopt\u00f3 medidas tributarias especiales aplicables en el Municipio de Mocoa, en relaci\u00f3n con bienes producidos o comercializados all\u00ed, con el fin de estimular la demanda interna.\" \/>\n<meta property=\"og:url\" content=\"https:\/\/auren.com\/co\/blog\/dian-expide-concepto-general-sobre-medidas-tributarias-especiales-en-el-municipio-de-mocoa\/\" \/>\n<meta property=\"og:site_name\" content=\"Auren Colombia\" \/>\n<meta property=\"og:image\" content=\"https:\/\/auren.com\/co\/wp-content\/uploads\/2017\/08\/mocoa-4.png\" \/>\n\t<meta property=\"og:image:width\" content=\"1000\" \/>\n\t<meta property=\"og:image:height\" content=\"502\" \/>\n\t<meta property=\"og:image:type\" content=\"image\/png\" \/>\n<meta name=\"twitter:card\" content=\"summary_large_image\" \/>\n<meta name=\"twitter:site\" content=\"@AurenColombia\" \/>\n<meta name=\"twitter:label1\" content=\"Tiempo de lectura\" \/>\n\t<meta name=\"twitter:data1\" content=\"2 minutos\" \/>\n<script type=\"application\/ld+json\" class=\"yoast-schema-graph\">{\"@context\":\"https:\\\/\\\/schema.org\",\"@graph\":[{\"@type\":\"WebPage\",\"@id\":\"https:\\\/\\\/auren.com\\\/co\\\/blog\\\/dian-expide-concepto-general-sobre-medidas-tributarias-especiales-en-el-municipio-de-mocoa\\\/\",\"url\":\"https:\\\/\\\/auren.com\\\/co\\\/blog\\\/dian-expide-concepto-general-sobre-medidas-tributarias-especiales-en-el-municipio-de-mocoa\\\/\",\"name\":\"DIAN expide concepto general sobre medidas tributarias especiales en el Municipio de Mocoa - Auren Colombia\",\"isPartOf\":{\"@id\":\"https:\\\/\\\/auren.com\\\/co\\\/#website\"},\"primaryImageOfPage\":{\"@id\":\"https:\\\/\\\/auren.com\\\/co\\\/blog\\\/dian-expide-concepto-general-sobre-medidas-tributarias-especiales-en-el-municipio-de-mocoa\\\/#primaryimage\"},\"image\":{\"@id\":\"https:\\\/\\\/auren.com\\\/co\\\/blog\\\/dian-expide-concepto-general-sobre-medidas-tributarias-especiales-en-el-municipio-de-mocoa\\\/#primaryimage\"},\"thumbnailUrl\":\"https:\\\/\\\/auren.com\\\/co\\\/wp-content\\\/uploads\\\/2017\\\/08\\\/mocoa-4.png\",\"datePublished\":\"2017-08-01T19:06:15+00:00\",\"breadcrumb\":{\"@id\":\"https:\\\/\\\/auren.com\\\/co\\\/blog\\\/dian-expide-concepto-general-sobre-medidas-tributarias-especiales-en-el-municipio-de-mocoa\\\/#breadcrumb\"},\"inLanguage\":\"es\",\"potentialAction\":[{\"@type\":\"ReadAction\",\"target\":[\"https:\\\/\\\/auren.com\\\/co\\\/blog\\\/dian-expide-concepto-general-sobre-medidas-tributarias-especiales-en-el-municipio-de-mocoa\\\/\"]}]},{\"@type\":\"ImageObject\",\"inLanguage\":\"es\",\"@id\":\"https:\\\/\\\/auren.com\\\/co\\\/blog\\\/dian-expide-concepto-general-sobre-medidas-tributarias-especiales-en-el-municipio-de-mocoa\\\/#primaryimage\",\"url\":\"https:\\\/\\\/auren.com\\\/co\\\/wp-content\\\/uploads\\\/2017\\\/08\\\/mocoa-4.png\",\"contentUrl\":\"https:\\\/\\\/auren.com\\\/co\\\/wp-content\\\/uploads\\\/2017\\\/08\\\/mocoa-4.png\",\"width\":1000,\"height\":502},{\"@type\":\"BreadcrumbList\",\"@id\":\"https:\\\/\\\/auren.com\\\/co\\\/blog\\\/dian-expide-concepto-general-sobre-medidas-tributarias-especiales-en-el-municipio-de-mocoa\\\/#breadcrumb\",\"itemListElement\":[{\"@type\":\"ListItem\",\"position\":1,\"name\":\"Portada\",\"item\":\"https:\\\/\\\/auren.com\\\/co\\\/\"},{\"@type\":\"ListItem\",\"position\":2,\"name\":\"DIAN expide concepto general sobre medidas tributarias especiales en el Municipio de Mocoa\"}]},{\"@type\":\"WebSite\",\"@id\":\"https:\\\/\\\/auren.com\\\/co\\\/#website\",\"url\":\"https:\\\/\\\/auren.com\\\/co\\\/\",\"name\":\"Auren Colombia\",\"description\":\"\",\"publisher\":{\"@id\":\"https:\\\/\\\/auren.com\\\/co\\\/#organization\"},\"potentialAction\":[{\"@type\":\"SearchAction\",\"target\":{\"@type\":\"EntryPoint\",\"urlTemplate\":\"https:\\\/\\\/auren.com\\\/co\\\/?s={search_term_string}\"},\"query-input\":{\"@type\":\"PropertyValueSpecification\",\"valueRequired\":true,\"valueName\":\"search_term_string\"}}],\"inLanguage\":\"es\"},{\"@type\":\"Organization\",\"@id\":\"https:\\\/\\\/auren.com\\\/co\\\/#organization\",\"name\":\"Auren Colombia\",\"url\":\"https:\\\/\\\/auren.com\\\/co\\\/\",\"logo\":{\"@type\":\"ImageObject\",\"inLanguage\":\"es\",\"@id\":\"https:\\\/\\\/auren.com\\\/co\\\/#\\\/schema\\\/logo\\\/image\\\/\",\"url\":\"https:\\\/\\\/auren.com\\\/co\\\/wp-content\\\/uploads\\\/2025\\\/01\\\/cropped-cropped-favicon-Auren.png\",\"contentUrl\":\"https:\\\/\\\/auren.com\\\/co\\\/wp-content\\\/uploads\\\/2025\\\/01\\\/cropped-cropped-favicon-Auren.png\",\"width\":512,\"height\":512,\"caption\":\"Auren Colombia\"},\"image\":{\"@id\":\"https:\\\/\\\/auren.com\\\/co\\\/#\\\/schema\\\/logo\\\/image\\\/\"},\"sameAs\":[\"https:\\\/\\\/x.com\\\/AurenColombia\",\"https:\\\/\\\/www.instagram.com\\\/aurencolombia\\\/\",\"https:\\\/\\\/www.youtube.com\\\/channel\\\/UCRYoGRMR_k4oVWesdErApmA\",\"https:\\\/\\\/www.linkedin.com\\\/company\\\/auren-colombia\"]}]}<\/script>\n<!-- \/ Yoast SEO plugin. -->","yoast_head_json":{"title":"DIAN expide concepto general sobre medidas tributarias especiales en el Municipio de Mocoa - Auren Colombia","robots":{"index":"index","follow":"follow","max-snippet":"max-snippet:-1","max-image-preview":"max-image-preview:large","max-video-preview":"max-video-preview:-1"},"canonical":"https:\/\/auren.com\/co\/blog\/dian-expide-concepto-general-sobre-medidas-tributarias-especiales-en-el-municipio-de-mocoa\/","og_locale":"es_ES","og_type":"article","og_title":"DIAN expide concepto general sobre medidas tributarias especiales en el Municipio de Mocoa - Auren Colombia","og_description":"Por medio del Decreto Legislativo 731 de 2017, el Presidente de La Rep\u00fablica adopt\u00f3 medidas tributarias especiales aplicables en el Municipio de Mocoa, en relaci\u00f3n con bienes producidos o comercializados all\u00ed, con el fin de estimular la demanda interna.","og_url":"https:\/\/auren.com\/co\/blog\/dian-expide-concepto-general-sobre-medidas-tributarias-especiales-en-el-municipio-de-mocoa\/","og_site_name":"Auren Colombia","og_image":[{"width":1000,"height":502,"url":"https:\/\/auren.com\/co\/wp-content\/uploads\/2017\/08\/mocoa-4.png","type":"image\/png"}],"twitter_card":"summary_large_image","twitter_site":"@AurenColombia","twitter_misc":{"Tiempo de lectura":"2 minutos"},"schema":{"@context":"https:\/\/schema.org","@graph":[{"@type":"WebPage","@id":"https:\/\/auren.com\/co\/blog\/dian-expide-concepto-general-sobre-medidas-tributarias-especiales-en-el-municipio-de-mocoa\/","url":"https:\/\/auren.com\/co\/blog\/dian-expide-concepto-general-sobre-medidas-tributarias-especiales-en-el-municipio-de-mocoa\/","name":"DIAN expide concepto general sobre medidas tributarias especiales en el Municipio de Mocoa - Auren Colombia","isPartOf":{"@id":"https:\/\/auren.com\/co\/#website"},"primaryImageOfPage":{"@id":"https:\/\/auren.com\/co\/blog\/dian-expide-concepto-general-sobre-medidas-tributarias-especiales-en-el-municipio-de-mocoa\/#primaryimage"},"image":{"@id":"https:\/\/auren.com\/co\/blog\/dian-expide-concepto-general-sobre-medidas-tributarias-especiales-en-el-municipio-de-mocoa\/#primaryimage"},"thumbnailUrl":"https:\/\/auren.com\/co\/wp-content\/uploads\/2017\/08\/mocoa-4.png","datePublished":"2017-08-01T19:06:15+00:00","breadcrumb":{"@id":"https:\/\/auren.com\/co\/blog\/dian-expide-concepto-general-sobre-medidas-tributarias-especiales-en-el-municipio-de-mocoa\/#breadcrumb"},"inLanguage":"es","potentialAction":[{"@type":"ReadAction","target":["https:\/\/auren.com\/co\/blog\/dian-expide-concepto-general-sobre-medidas-tributarias-especiales-en-el-municipio-de-mocoa\/"]}]},{"@type":"ImageObject","inLanguage":"es","@id":"https:\/\/auren.com\/co\/blog\/dian-expide-concepto-general-sobre-medidas-tributarias-especiales-en-el-municipio-de-mocoa\/#primaryimage","url":"https:\/\/auren.com\/co\/wp-content\/uploads\/2017\/08\/mocoa-4.png","contentUrl":"https:\/\/auren.com\/co\/wp-content\/uploads\/2017\/08\/mocoa-4.png","width":1000,"height":502},{"@type":"BreadcrumbList","@id":"https:\/\/auren.com\/co\/blog\/dian-expide-concepto-general-sobre-medidas-tributarias-especiales-en-el-municipio-de-mocoa\/#breadcrumb","itemListElement":[{"@type":"ListItem","position":1,"name":"Portada","item":"https:\/\/auren.com\/co\/"},{"@type":"ListItem","position":2,"name":"DIAN expide concepto general sobre medidas tributarias especiales en el Municipio de Mocoa"}]},{"@type":"WebSite","@id":"https:\/\/auren.com\/co\/#website","url":"https:\/\/auren.com\/co\/","name":"Auren Colombia","description":"","publisher":{"@id":"https:\/\/auren.com\/co\/#organization"},"potentialAction":[{"@type":"SearchAction","target":{"@type":"EntryPoint","urlTemplate":"https:\/\/auren.com\/co\/?s={search_term_string}"},"query-input":{"@type":"PropertyValueSpecification","valueRequired":true,"valueName":"search_term_string"}}],"inLanguage":"es"},{"@type":"Organization","@id":"https:\/\/auren.com\/co\/#organization","name":"Auren Colombia","url":"https:\/\/auren.com\/co\/","logo":{"@type":"ImageObject","inLanguage":"es","@id":"https:\/\/auren.com\/co\/#\/schema\/logo\/image\/","url":"https:\/\/auren.com\/co\/wp-content\/uploads\/2025\/01\/cropped-cropped-favicon-Auren.png","contentUrl":"https:\/\/auren.com\/co\/wp-content\/uploads\/2025\/01\/cropped-cropped-favicon-Auren.png","width":512,"height":512,"caption":"Auren Colombia"},"image":{"@id":"https:\/\/auren.com\/co\/#\/schema\/logo\/image\/"},"sameAs":["https:\/\/x.com\/AurenColombia","https:\/\/www.instagram.com\/aurencolombia\/","https:\/\/www.youtube.com\/channel\/UCRYoGRMR_k4oVWesdErApmA","https:\/\/www.linkedin.com\/company\/auren-colombia"]}]}},"_links":{"self":[{"href":"https:\/\/auren.com\/co\/wp-json\/wp\/v2\/blog\/11211","targetHints":{"allow":["GET"]}}],"collection":[{"href":"https:\/\/auren.com\/co\/wp-json\/wp\/v2\/blog"}],"about":[{"href":"https:\/\/auren.com\/co\/wp-json\/wp\/v2\/types\/blog"}],"version-history":[{"count":0,"href":"https:\/\/auren.com\/co\/wp-json\/wp\/v2\/blog\/11211\/revisions"}],"wp:featuredmedia":[{"embeddable":true,"href":"https:\/\/auren.com\/co\/wp-json\/wp\/v2\/media\/11212"}],"wp:attachment":[{"href":"https:\/\/auren.com\/co\/wp-json\/wp\/v2\/media?parent=11211"}],"wp:term":[{"taxonomy":"blog-category","embeddable":true,"href":"https:\/\/auren.com\/co\/wp-json\/wp\/v2\/blog-category?post=11211"}],"curies":[{"name":"wp","href":"https:\/\/api.w.org\/{rel}","templated":true}]}}