{"id":11223,"date":"2017-07-31T19:56:42","date_gmt":"2017-07-31T17:56:42","guid":{"rendered":"https:\/\/auren.com\/co\/blog\/dian-emite-concepto-unificado-sobre-procedimiento-tributario-y-regimen-sancionatorio-luego-de-la-reforma-de-2016\/"},"modified":"2017-07-31T19:56:42","modified_gmt":"2017-07-31T17:56:42","slug":"dian-emite-concepto-unificado-sobre-procedimiento-tributario-y-regimen-sancionatorio-luego-de-la-reforma-de-2016","status":"publish","type":"blog","link":"https:\/\/auren.com\/co\/blog\/dian-emite-concepto-unificado-sobre-procedimiento-tributario-y-regimen-sancionatorio-luego-de-la-reforma-de-2016\/","title":{"rendered":"DIAN emite concepto unificado sobre procedimiento tributario y r\u00e9gimen sancionatorio luego de la reforma de 2016"},"content":{"rendered":"<\/p>\n<p>Considerando que la ley 1819 de 2016 (reforma tributaria) modific\u00f3 algunos aspectos de \u00edndole procedimental y sancionatorio, la administraci\u00f3n tributaria emiti\u00f3 concepto unificado en el que aclara varios asuntos:   <\/p>\n<p>&nbsp;Puntualiz\u00f3 la entidad que los nuevos t\u00e9rminos de firmeza de las declaraciones tributarias, regir\u00e1n para los per\u00edodos gravables 2017 y siguientes.<\/p>\n<ul>\n<li>A la fecha contin\u00faa vigente la posibilidad de corregir las declaraciones tributarias que disminuyen el impuesto a pagar o aumentan el saldo a favor dentro del a\u00f1o siguiente: (i) al vencimiento del t\u00e9rmino para presentar la declaraci\u00f3n, o (ii) a la presentaci\u00f3n de la correcci\u00f3n. Una vez la administraci\u00f3n tributaria realice los ajustes inform\u00e1ticos necesarios para implementar la modificaci\u00f3n al art\u00edculo 589 del Estatuto Tributario (ET), situaci\u00f3n que no podr\u00e1 exceder del primero de enero de 2018, el t\u00e9rmino de un a\u00f1o para hacer la correcci\u00f3n comentada, \u00fanicamente se contar\u00e1 a partir del vencimiento del t\u00e9rmino para presentar la declaraci\u00f3n.   <\/li>\n<li>La liquidaci\u00f3n provisional de impuestos, anticipos, retenciones o sanciones, introducida por la ley 1819 de 2016, es un acto preparatorio, no definitivo. Quiere decir que reemplaza al requerimiento especial, pliego de cargos o emplazamiento, por lo cual requiere que la DIAN la ratifique a trav\u00e9s de un acto definitivo.   <\/li>\n<li>Si el contribuyente acepta la liquidaci\u00f3n provisional, la firmeza de tal declaraci\u00f3n ser\u00e1 de seis meses, contados a partir de la fecha de su presentaci\u00f3n o correcci\u00f3n. Dentro de ese per\u00edodo de seis meses, puede la DIAN notificar asuntos no debatidos, a trav\u00e9s del procedimiento ordinario.   <\/li>\n<li>Precis\u00f3 la entidad que contin\u00faa vigente el t\u00e9rmino de dos a\u00f1os para solicitar la devoluci\u00f3n de impuestos, contado a partir del vencimiento del plazo para declarar.   <\/li>\n<li>Los principios de gradualidad y proporcionalidad de las sanciones, establecido en el art\u00edculo 640 del ET, luego de la modificaci\u00f3n de la ley 1819, son aplicables incluso a conductas sancionables ocurridas antes de la expedici\u00f3n de dicha ley, esto es, 29 de diciembre de 2016.   <\/li>\n<li>Precis\u00f3 la DIAN que las rebajas de las sanciones previstas en el art\u00edculo 640 del ET, se aplican luego de las reducciones que para cada sanci\u00f3n establece el ET, con lo cual resultan acumulables. Por ejemplo, si un contribuyente se acoge a una sanci\u00f3n por inexactitud, se reduce la sanci\u00f3n por el hecho de su aceptaci\u00f3n, posteriormente a esa sanci\u00f3n reducida se le aplican las aminoraciones establecidas en el comentado art\u00edculo 640.<\/li>\n<\/ul>\n<p>En virtud a estas disposiciones, la DIAN revoc\u00f3 su concepto 6237 del 22 de marzo de 2017.<\/p>\n<p><!-- AddThis Advanced Settings generic via filter on the_content --><!-- AddThis Share Buttons generic via filter on the_content --><\/p>\n","protected":false},"excerpt":{"rendered":"<p>Considerando que la ley 1819 de 2016 (reforma tributaria) modific\u00f3 algunos aspectos de \u00edndole procedimental y sancionatorio, la administraci\u00f3n tributaria emiti\u00f3 concepto unificado en el que aclara varios asuntos.<\/p>\n","protected":false},"featured_media":11224,"template":"","meta":{"_acf_changed":false,"footnotes":""},"blog-category":[],"class_list":["post-11223","blog","type-blog","status-publish","has-post-thumbnail","hentry"],"acf":[],"yoast_head":"<!-- This site is optimized with the Yoast SEO plugin v27.4 - https:\/\/yoast.com\/product\/yoast-seo-wordpress\/ -->\n<title>DIAN emite concepto unificado sobre procedimiento tributario y r\u00e9gimen sancionatorio luego de la reforma de 2016 - Auren Colombia<\/title>\n<meta name=\"robots\" content=\"index, follow, max-snippet:-1, max-image-preview:large, max-video-preview:-1\" \/>\n<link rel=\"canonical\" href=\"https:\/\/auren.com\/co\/blog\/dian-emite-concepto-unificado-sobre-procedimiento-tributario-y-regimen-sancionatorio-luego-de-la-reforma-de-2016\/\" \/>\n<meta property=\"og:locale\" content=\"es_ES\" \/>\n<meta property=\"og:type\" content=\"article\" \/>\n<meta property=\"og:title\" content=\"DIAN emite concepto unificado sobre procedimiento tributario y r\u00e9gimen sancionatorio luego de la reforma de 2016 - Auren Colombia\" \/>\n<meta property=\"og:description\" content=\"Considerando que la ley 1819 de 2016 (reforma tributaria) modific\u00f3 algunos aspectos de \u00edndole procedimental y sancionatorio, la administraci\u00f3n tributaria emiti\u00f3 concepto unificado en el que aclara varios asuntos.\" \/>\n<meta property=\"og:url\" content=\"https:\/\/auren.com\/co\/blog\/dian-emite-concepto-unificado-sobre-procedimiento-tributario-y-regimen-sancionatorio-luego-de-la-reforma-de-2016\/\" \/>\n<meta property=\"og:site_name\" content=\"Auren Colombia\" \/>\n<meta property=\"og:image\" content=\"https:\/\/auren.com\/co\/wp-content\/uploads\/2017\/07\/check-18.jpg\" \/>\n\t<meta property=\"og:image:width\" content=\"1000\" \/>\n\t<meta property=\"og:image:height\" content=\"502\" \/>\n\t<meta property=\"og:image:type\" content=\"image\/jpeg\" \/>\n<meta name=\"twitter:card\" content=\"summary_large_image\" \/>\n<meta name=\"twitter:site\" content=\"@AurenColombia\" \/>\n<meta name=\"twitter:label1\" content=\"Tiempo de lectura\" \/>\n\t<meta name=\"twitter:data1\" content=\"2 minutos\" \/>\n<script type=\"application\/ld+json\" class=\"yoast-schema-graph\">{\"@context\":\"https:\\\/\\\/schema.org\",\"@graph\":[{\"@type\":\"WebPage\",\"@id\":\"https:\\\/\\\/auren.com\\\/co\\\/blog\\\/dian-emite-concepto-unificado-sobre-procedimiento-tributario-y-regimen-sancionatorio-luego-de-la-reforma-de-2016\\\/\",\"url\":\"https:\\\/\\\/auren.com\\\/co\\\/blog\\\/dian-emite-concepto-unificado-sobre-procedimiento-tributario-y-regimen-sancionatorio-luego-de-la-reforma-de-2016\\\/\",\"name\":\"DIAN emite concepto unificado sobre procedimiento tributario y r\u00e9gimen sancionatorio luego de la reforma de 2016 - Auren Colombia\",\"isPartOf\":{\"@id\":\"https:\\\/\\\/auren.com\\\/co\\\/#website\"},\"primaryImageOfPage\":{\"@id\":\"https:\\\/\\\/auren.com\\\/co\\\/blog\\\/dian-emite-concepto-unificado-sobre-procedimiento-tributario-y-regimen-sancionatorio-luego-de-la-reforma-de-2016\\\/#primaryimage\"},\"image\":{\"@id\":\"https:\\\/\\\/auren.com\\\/co\\\/blog\\\/dian-emite-concepto-unificado-sobre-procedimiento-tributario-y-regimen-sancionatorio-luego-de-la-reforma-de-2016\\\/#primaryimage\"},\"thumbnailUrl\":\"https:\\\/\\\/auren.com\\\/co\\\/wp-content\\\/uploads\\\/2017\\\/07\\\/check-18.jpg\",\"datePublished\":\"2017-07-31T17:56:42+00:00\",\"breadcrumb\":{\"@id\":\"https:\\\/\\\/auren.com\\\/co\\\/blog\\\/dian-emite-concepto-unificado-sobre-procedimiento-tributario-y-regimen-sancionatorio-luego-de-la-reforma-de-2016\\\/#breadcrumb\"},\"inLanguage\":\"es\",\"potentialAction\":[{\"@type\":\"ReadAction\",\"target\":[\"https:\\\/\\\/auren.com\\\/co\\\/blog\\\/dian-emite-concepto-unificado-sobre-procedimiento-tributario-y-regimen-sancionatorio-luego-de-la-reforma-de-2016\\\/\"]}]},{\"@type\":\"ImageObject\",\"inLanguage\":\"es\",\"@id\":\"https:\\\/\\\/auren.com\\\/co\\\/blog\\\/dian-emite-concepto-unificado-sobre-procedimiento-tributario-y-regimen-sancionatorio-luego-de-la-reforma-de-2016\\\/#primaryimage\",\"url\":\"https:\\\/\\\/auren.com\\\/co\\\/wp-content\\\/uploads\\\/2017\\\/07\\\/check-18.jpg\",\"contentUrl\":\"https:\\\/\\\/auren.com\\\/co\\\/wp-content\\\/uploads\\\/2017\\\/07\\\/check-18.jpg\",\"width\":1000,\"height\":502},{\"@type\":\"BreadcrumbList\",\"@id\":\"https:\\\/\\\/auren.com\\\/co\\\/blog\\\/dian-emite-concepto-unificado-sobre-procedimiento-tributario-y-regimen-sancionatorio-luego-de-la-reforma-de-2016\\\/#breadcrumb\",\"itemListElement\":[{\"@type\":\"ListItem\",\"position\":1,\"name\":\"Portada\",\"item\":\"https:\\\/\\\/auren.com\\\/co\\\/\"},{\"@type\":\"ListItem\",\"position\":2,\"name\":\"DIAN emite concepto unificado sobre procedimiento tributario y r\u00e9gimen sancionatorio luego de la reforma de 2016\"}]},{\"@type\":\"WebSite\",\"@id\":\"https:\\\/\\\/auren.com\\\/co\\\/#website\",\"url\":\"https:\\\/\\\/auren.com\\\/co\\\/\",\"name\":\"Auren Colombia\",\"description\":\"\",\"publisher\":{\"@id\":\"https:\\\/\\\/auren.com\\\/co\\\/#organization\"},\"potentialAction\":[{\"@type\":\"SearchAction\",\"target\":{\"@type\":\"EntryPoint\",\"urlTemplate\":\"https:\\\/\\\/auren.com\\\/co\\\/?s={search_term_string}\"},\"query-input\":{\"@type\":\"PropertyValueSpecification\",\"valueRequired\":true,\"valueName\":\"search_term_string\"}}],\"inLanguage\":\"es\"},{\"@type\":\"Organization\",\"@id\":\"https:\\\/\\\/auren.com\\\/co\\\/#organization\",\"name\":\"Auren Colombia\",\"url\":\"https:\\\/\\\/auren.com\\\/co\\\/\",\"logo\":{\"@type\":\"ImageObject\",\"inLanguage\":\"es\",\"@id\":\"https:\\\/\\\/auren.com\\\/co\\\/#\\\/schema\\\/logo\\\/image\\\/\",\"url\":\"https:\\\/\\\/auren.com\\\/co\\\/wp-content\\\/uploads\\\/2025\\\/01\\\/cropped-cropped-favicon-Auren.png\",\"contentUrl\":\"https:\\\/\\\/auren.com\\\/co\\\/wp-content\\\/uploads\\\/2025\\\/01\\\/cropped-cropped-favicon-Auren.png\",\"width\":512,\"height\":512,\"caption\":\"Auren Colombia\"},\"image\":{\"@id\":\"https:\\\/\\\/auren.com\\\/co\\\/#\\\/schema\\\/logo\\\/image\\\/\"},\"sameAs\":[\"https:\\\/\\\/x.com\\\/AurenColombia\",\"https:\\\/\\\/www.instagram.com\\\/aurencolombia\\\/\",\"https:\\\/\\\/www.youtube.com\\\/channel\\\/UCRYoGRMR_k4oVWesdErApmA\",\"https:\\\/\\\/www.linkedin.com\\\/company\\\/auren-colombia\"]}]}<\/script>\n<!-- \/ Yoast SEO plugin. -->","yoast_head_json":{"title":"DIAN emite concepto unificado sobre procedimiento tributario y r\u00e9gimen sancionatorio luego de la reforma de 2016 - Auren Colombia","robots":{"index":"index","follow":"follow","max-snippet":"max-snippet:-1","max-image-preview":"max-image-preview:large","max-video-preview":"max-video-preview:-1"},"canonical":"https:\/\/auren.com\/co\/blog\/dian-emite-concepto-unificado-sobre-procedimiento-tributario-y-regimen-sancionatorio-luego-de-la-reforma-de-2016\/","og_locale":"es_ES","og_type":"article","og_title":"DIAN emite concepto unificado sobre procedimiento tributario y r\u00e9gimen sancionatorio luego de la reforma de 2016 - Auren Colombia","og_description":"Considerando que la ley 1819 de 2016 (reforma tributaria) modific\u00f3 algunos aspectos de \u00edndole procedimental y sancionatorio, la administraci\u00f3n tributaria emiti\u00f3 concepto unificado en el que aclara varios asuntos.","og_url":"https:\/\/auren.com\/co\/blog\/dian-emite-concepto-unificado-sobre-procedimiento-tributario-y-regimen-sancionatorio-luego-de-la-reforma-de-2016\/","og_site_name":"Auren Colombia","og_image":[{"width":1000,"height":502,"url":"https:\/\/auren.com\/co\/wp-content\/uploads\/2017\/07\/check-18.jpg","type":"image\/jpeg"}],"twitter_card":"summary_large_image","twitter_site":"@AurenColombia","twitter_misc":{"Tiempo de lectura":"2 minutos"},"schema":{"@context":"https:\/\/schema.org","@graph":[{"@type":"WebPage","@id":"https:\/\/auren.com\/co\/blog\/dian-emite-concepto-unificado-sobre-procedimiento-tributario-y-regimen-sancionatorio-luego-de-la-reforma-de-2016\/","url":"https:\/\/auren.com\/co\/blog\/dian-emite-concepto-unificado-sobre-procedimiento-tributario-y-regimen-sancionatorio-luego-de-la-reforma-de-2016\/","name":"DIAN emite concepto unificado sobre procedimiento tributario y r\u00e9gimen sancionatorio luego de la reforma de 2016 - Auren Colombia","isPartOf":{"@id":"https:\/\/auren.com\/co\/#website"},"primaryImageOfPage":{"@id":"https:\/\/auren.com\/co\/blog\/dian-emite-concepto-unificado-sobre-procedimiento-tributario-y-regimen-sancionatorio-luego-de-la-reforma-de-2016\/#primaryimage"},"image":{"@id":"https:\/\/auren.com\/co\/blog\/dian-emite-concepto-unificado-sobre-procedimiento-tributario-y-regimen-sancionatorio-luego-de-la-reforma-de-2016\/#primaryimage"},"thumbnailUrl":"https:\/\/auren.com\/co\/wp-content\/uploads\/2017\/07\/check-18.jpg","datePublished":"2017-07-31T17:56:42+00:00","breadcrumb":{"@id":"https:\/\/auren.com\/co\/blog\/dian-emite-concepto-unificado-sobre-procedimiento-tributario-y-regimen-sancionatorio-luego-de-la-reforma-de-2016\/#breadcrumb"},"inLanguage":"es","potentialAction":[{"@type":"ReadAction","target":["https:\/\/auren.com\/co\/blog\/dian-emite-concepto-unificado-sobre-procedimiento-tributario-y-regimen-sancionatorio-luego-de-la-reforma-de-2016\/"]}]},{"@type":"ImageObject","inLanguage":"es","@id":"https:\/\/auren.com\/co\/blog\/dian-emite-concepto-unificado-sobre-procedimiento-tributario-y-regimen-sancionatorio-luego-de-la-reforma-de-2016\/#primaryimage","url":"https:\/\/auren.com\/co\/wp-content\/uploads\/2017\/07\/check-18.jpg","contentUrl":"https:\/\/auren.com\/co\/wp-content\/uploads\/2017\/07\/check-18.jpg","width":1000,"height":502},{"@type":"BreadcrumbList","@id":"https:\/\/auren.com\/co\/blog\/dian-emite-concepto-unificado-sobre-procedimiento-tributario-y-regimen-sancionatorio-luego-de-la-reforma-de-2016\/#breadcrumb","itemListElement":[{"@type":"ListItem","position":1,"name":"Portada","item":"https:\/\/auren.com\/co\/"},{"@type":"ListItem","position":2,"name":"DIAN emite concepto unificado sobre procedimiento tributario y r\u00e9gimen sancionatorio luego de la reforma de 2016"}]},{"@type":"WebSite","@id":"https:\/\/auren.com\/co\/#website","url":"https:\/\/auren.com\/co\/","name":"Auren Colombia","description":"","publisher":{"@id":"https:\/\/auren.com\/co\/#organization"},"potentialAction":[{"@type":"SearchAction","target":{"@type":"EntryPoint","urlTemplate":"https:\/\/auren.com\/co\/?s={search_term_string}"},"query-input":{"@type":"PropertyValueSpecification","valueRequired":true,"valueName":"search_term_string"}}],"inLanguage":"es"},{"@type":"Organization","@id":"https:\/\/auren.com\/co\/#organization","name":"Auren Colombia","url":"https:\/\/auren.com\/co\/","logo":{"@type":"ImageObject","inLanguage":"es","@id":"https:\/\/auren.com\/co\/#\/schema\/logo\/image\/","url":"https:\/\/auren.com\/co\/wp-content\/uploads\/2025\/01\/cropped-cropped-favicon-Auren.png","contentUrl":"https:\/\/auren.com\/co\/wp-content\/uploads\/2025\/01\/cropped-cropped-favicon-Auren.png","width":512,"height":512,"caption":"Auren Colombia"},"image":{"@id":"https:\/\/auren.com\/co\/#\/schema\/logo\/image\/"},"sameAs":["https:\/\/x.com\/AurenColombia","https:\/\/www.instagram.com\/aurencolombia\/","https:\/\/www.youtube.com\/channel\/UCRYoGRMR_k4oVWesdErApmA","https:\/\/www.linkedin.com\/company\/auren-colombia"]}]}},"_links":{"self":[{"href":"https:\/\/auren.com\/co\/wp-json\/wp\/v2\/blog\/11223","targetHints":{"allow":["GET"]}}],"collection":[{"href":"https:\/\/auren.com\/co\/wp-json\/wp\/v2\/blog"}],"about":[{"href":"https:\/\/auren.com\/co\/wp-json\/wp\/v2\/types\/blog"}],"version-history":[{"count":0,"href":"https:\/\/auren.com\/co\/wp-json\/wp\/v2\/blog\/11223\/revisions"}],"wp:featuredmedia":[{"embeddable":true,"href":"https:\/\/auren.com\/co\/wp-json\/wp\/v2\/media\/11224"}],"wp:attachment":[{"href":"https:\/\/auren.com\/co\/wp-json\/wp\/v2\/media?parent=11223"}],"wp:term":[{"taxonomy":"blog-category","embeddable":true,"href":"https:\/\/auren.com\/co\/wp-json\/wp\/v2\/blog-category?post=11223"}],"curies":[{"name":"wp","href":"https:\/\/api.w.org\/{rel}","templated":true}]}}