{"id":11238,"date":"2017-07-24T17:34:56","date_gmt":"2017-07-24T15:34:56","guid":{"rendered":"https:\/\/auren.com\/co\/blog\/trabajo-nocturno-sera-entre-9pm-y-6am-a-partir-del-18-de-julio-de-2017\/"},"modified":"2017-07-24T17:34:56","modified_gmt":"2017-07-24T15:34:56","slug":"trabajo-nocturno-sera-entre-9pm-y-6am-a-partir-del-18-de-julio-de-2017","status":"publish","type":"blog","link":"https:\/\/auren.com\/co\/blog\/trabajo-nocturno-sera-entre-9pm-y-6am-a-partir-del-18-de-julio-de-2017\/","title":{"rendered":"Trabajo nocturno ser\u00e1 entre 9pm y 6am a partir del 18 de julio de 2017"},"content":{"rendered":"<\/p>\n<p>As\u00ed lo dispuso el Congreso de La Rep\u00fablica con la expedici\u00f3n de la ley 1846 de 2017, por medio de la cual modific\u00f3 los art\u00edculos 160 y 161 del C\u00f3digo Sustantivo del Trabajo, en el siguiente sentido:&nbsp;<\/p>\n<ul>\n<li>Estableci\u00f3 que el trabajo diurno es el que se realiza en el per\u00edodo comprendido&nbsp;entre 6 a.m. y 9 p.m. ; mientras que el trabajo nocturno es el realizado en el per\u00edodo comprendido entre&nbsp;las 9 p.m. y las 6 a.m. Antes de esta reforma, el trabajo nocturno empezaba a las 10 p.m.   <\/li>\n<li>Determin\u00f3 que empleador y trabajador podr\u00e1n acordar que jornada semanal de 48 horas se realice mediante jornadas diarias flexibles, distribuidas en m\u00e1ximo 6 d\u00edas a la semana, con un d\u00eda de descanso obligatorio, que podr\u00e1 coincidir con el domingo. En tal sentido, el n\u00famero de horas de trabajo diario podr\u00e1 repartirse de manera variable durante la respectiva semana teniendo como m\u00ednimo 4 horas continuas y como m\u00e1ximo hasta 10 horas diarias sin lugar a ning\u00fan recargo por trabajo suplementario, cuando el n\u00famero de horas de trabajo no exceda el promedio de 48 horas semanales dentro de la jornada ordinaria de 6 a.m. a 9 p.m.   <\/li>\n<\/ul>\n<p>Conforme con la ley laboral, al trabajo nocturno se le adicionan los siguientes porcentajes sobre el valor de la hora normal:&nbsp;<\/p>\n<ul>\n<li>Recargo por hora nocturna: 35%<\/li>\n<li>Recargo por hora nocturna dominical o en d\u00eda festivo: 210%<\/li>\n<li>Hora extra nocturna: 175%<\/li>\n<li>Hora extra nocturna dominical: 250%<\/li>\n<\/ul>\n<p>Es importante tomar las medidas adecuadas que permitan cumplir esta nueva disposici\u00f3n, la cual entra en vigencia el 18 de julio de 2017, especialmente frente a los sistemas de liquidaci\u00f3n de n\u00f3mina y en la liquidaci\u00f3n de los aportes parafiscales y a la seguridad social.<\/p>\n<\/p>\n<p><!-- AddThis Advanced Settings generic via filter on the_content --><!-- AddThis Share Buttons generic via filter on the_content --><\/p>\n","protected":false},"excerpt":{"rendered":"<p>As\u00ed lo dispuso el Congreso de La Rep\u00fablica con la expedici\u00f3n de la ley 1846 de 2017, por medio de la cual modific\u00f3 los art\u00edculos 160 y 161 del C\u00f3digo Sustantivo del Trabajo.<\/p>\n","protected":false},"featured_media":11239,"template":"","meta":{"_acf_changed":false,"footnotes":""},"blog-category":[],"class_list":["post-11238","blog","type-blog","status-publish","has-post-thumbnail","hentry"],"acf":[],"yoast_head":"<!-- This site is optimized with the Yoast SEO plugin v27.4 - https:\/\/yoast.com\/product\/yoast-seo-wordpress\/ -->\n<title>Trabajo nocturno ser\u00e1 entre 9pm y 6am a partir del 18 de julio de 2017 - Auren Colombia<\/title>\n<meta name=\"robots\" content=\"index, follow, max-snippet:-1, max-image-preview:large, max-video-preview:-1\" \/>\n<link rel=\"canonical\" href=\"https:\/\/auren.com\/co\/blog\/trabajo-nocturno-sera-entre-9pm-y-6am-a-partir-del-18-de-julio-de-2017\/\" \/>\n<meta property=\"og:locale\" content=\"es_ES\" \/>\n<meta property=\"og:type\" content=\"article\" \/>\n<meta property=\"og:title\" content=\"Trabajo nocturno ser\u00e1 entre 9pm y 6am a partir del 18 de julio de 2017 - Auren Colombia\" \/>\n<meta property=\"og:description\" content=\"As\u00ed lo dispuso el Congreso de La Rep\u00fablica con la expedici\u00f3n de la ley 1846 de 2017, por medio de la cual modific\u00f3 los art\u00edculos 160 y 161 del C\u00f3digo Sustantivo del Trabajo.\" \/>\n<meta property=\"og:url\" content=\"https:\/\/auren.com\/co\/blog\/trabajo-nocturno-sera-entre-9pm-y-6am-a-partir-del-18-de-julio-de-2017\/\" \/>\n<meta property=\"og:site_name\" content=\"Auren Colombia\" \/>\n<meta property=\"og:image\" content=\"https:\/\/auren.com\/co\/wp-content\/uploads\/2017\/07\/dinero-1-16.jpg\" \/>\n\t<meta property=\"og:image:width\" content=\"1000\" \/>\n\t<meta property=\"og:image:height\" content=\"502\" \/>\n\t<meta property=\"og:image:type\" content=\"image\/jpeg\" \/>\n<meta name=\"twitter:card\" content=\"summary_large_image\" \/>\n<meta name=\"twitter:site\" content=\"@AurenColombia\" \/>\n<meta name=\"twitter:label1\" content=\"Tiempo de lectura\" \/>\n\t<meta name=\"twitter:data1\" content=\"1 minuto\" \/>\n<script type=\"application\/ld+json\" class=\"yoast-schema-graph\">{\"@context\":\"https:\\\/\\\/schema.org\",\"@graph\":[{\"@type\":\"WebPage\",\"@id\":\"https:\\\/\\\/auren.com\\\/co\\\/blog\\\/trabajo-nocturno-sera-entre-9pm-y-6am-a-partir-del-18-de-julio-de-2017\\\/\",\"url\":\"https:\\\/\\\/auren.com\\\/co\\\/blog\\\/trabajo-nocturno-sera-entre-9pm-y-6am-a-partir-del-18-de-julio-de-2017\\\/\",\"name\":\"Trabajo nocturno ser\u00e1 entre 9pm y 6am a partir del 18 de julio de 2017 - Auren Colombia\",\"isPartOf\":{\"@id\":\"https:\\\/\\\/auren.com\\\/co\\\/#website\"},\"primaryImageOfPage\":{\"@id\":\"https:\\\/\\\/auren.com\\\/co\\\/blog\\\/trabajo-nocturno-sera-entre-9pm-y-6am-a-partir-del-18-de-julio-de-2017\\\/#primaryimage\"},\"image\":{\"@id\":\"https:\\\/\\\/auren.com\\\/co\\\/blog\\\/trabajo-nocturno-sera-entre-9pm-y-6am-a-partir-del-18-de-julio-de-2017\\\/#primaryimage\"},\"thumbnailUrl\":\"https:\\\/\\\/auren.com\\\/co\\\/wp-content\\\/uploads\\\/2017\\\/07\\\/dinero-1-16.jpg\",\"datePublished\":\"2017-07-24T15:34:56+00:00\",\"breadcrumb\":{\"@id\":\"https:\\\/\\\/auren.com\\\/co\\\/blog\\\/trabajo-nocturno-sera-entre-9pm-y-6am-a-partir-del-18-de-julio-de-2017\\\/#breadcrumb\"},\"inLanguage\":\"es\",\"potentialAction\":[{\"@type\":\"ReadAction\",\"target\":[\"https:\\\/\\\/auren.com\\\/co\\\/blog\\\/trabajo-nocturno-sera-entre-9pm-y-6am-a-partir-del-18-de-julio-de-2017\\\/\"]}]},{\"@type\":\"ImageObject\",\"inLanguage\":\"es\",\"@id\":\"https:\\\/\\\/auren.com\\\/co\\\/blog\\\/trabajo-nocturno-sera-entre-9pm-y-6am-a-partir-del-18-de-julio-de-2017\\\/#primaryimage\",\"url\":\"https:\\\/\\\/auren.com\\\/co\\\/wp-content\\\/uploads\\\/2017\\\/07\\\/dinero-1-16.jpg\",\"contentUrl\":\"https:\\\/\\\/auren.com\\\/co\\\/wp-content\\\/uploads\\\/2017\\\/07\\\/dinero-1-16.jpg\",\"width\":1000,\"height\":502},{\"@type\":\"BreadcrumbList\",\"@id\":\"https:\\\/\\\/auren.com\\\/co\\\/blog\\\/trabajo-nocturno-sera-entre-9pm-y-6am-a-partir-del-18-de-julio-de-2017\\\/#breadcrumb\",\"itemListElement\":[{\"@type\":\"ListItem\",\"position\":1,\"name\":\"Portada\",\"item\":\"https:\\\/\\\/auren.com\\\/co\\\/\"},{\"@type\":\"ListItem\",\"position\":2,\"name\":\"Trabajo nocturno ser\u00e1 entre 9pm y 6am a partir del 18 de julio de 2017\"}]},{\"@type\":\"WebSite\",\"@id\":\"https:\\\/\\\/auren.com\\\/co\\\/#website\",\"url\":\"https:\\\/\\\/auren.com\\\/co\\\/\",\"name\":\"Auren Colombia\",\"description\":\"\",\"publisher\":{\"@id\":\"https:\\\/\\\/auren.com\\\/co\\\/#organization\"},\"potentialAction\":[{\"@type\":\"SearchAction\",\"target\":{\"@type\":\"EntryPoint\",\"urlTemplate\":\"https:\\\/\\\/auren.com\\\/co\\\/?s={search_term_string}\"},\"query-input\":{\"@type\":\"PropertyValueSpecification\",\"valueRequired\":true,\"valueName\":\"search_term_string\"}}],\"inLanguage\":\"es\"},{\"@type\":\"Organization\",\"@id\":\"https:\\\/\\\/auren.com\\\/co\\\/#organization\",\"name\":\"Auren Colombia\",\"url\":\"https:\\\/\\\/auren.com\\\/co\\\/\",\"logo\":{\"@type\":\"ImageObject\",\"inLanguage\":\"es\",\"@id\":\"https:\\\/\\\/auren.com\\\/co\\\/#\\\/schema\\\/logo\\\/image\\\/\",\"url\":\"https:\\\/\\\/auren.com\\\/co\\\/wp-content\\\/uploads\\\/2025\\\/01\\\/cropped-cropped-favicon-Auren.png\",\"contentUrl\":\"https:\\\/\\\/auren.com\\\/co\\\/wp-content\\\/uploads\\\/2025\\\/01\\\/cropped-cropped-favicon-Auren.png\",\"width\":512,\"height\":512,\"caption\":\"Auren Colombia\"},\"image\":{\"@id\":\"https:\\\/\\\/auren.com\\\/co\\\/#\\\/schema\\\/logo\\\/image\\\/\"},\"sameAs\":[\"https:\\\/\\\/x.com\\\/AurenColombia\",\"https:\\\/\\\/www.instagram.com\\\/aurencolombia\\\/\",\"https:\\\/\\\/www.youtube.com\\\/channel\\\/UCRYoGRMR_k4oVWesdErApmA\",\"https:\\\/\\\/www.linkedin.com\\\/company\\\/auren-colombia\"]}]}<\/script>\n<!-- \/ Yoast SEO plugin. -->","yoast_head_json":{"title":"Trabajo nocturno ser\u00e1 entre 9pm y 6am a partir del 18 de julio de 2017 - Auren Colombia","robots":{"index":"index","follow":"follow","max-snippet":"max-snippet:-1","max-image-preview":"max-image-preview:large","max-video-preview":"max-video-preview:-1"},"canonical":"https:\/\/auren.com\/co\/blog\/trabajo-nocturno-sera-entre-9pm-y-6am-a-partir-del-18-de-julio-de-2017\/","og_locale":"es_ES","og_type":"article","og_title":"Trabajo nocturno ser\u00e1 entre 9pm y 6am a partir del 18 de julio de 2017 - Auren Colombia","og_description":"As\u00ed lo dispuso el Congreso de La Rep\u00fablica con la expedici\u00f3n de la ley 1846 de 2017, por medio de la cual modific\u00f3 los art\u00edculos 160 y 161 del C\u00f3digo Sustantivo del Trabajo.","og_url":"https:\/\/auren.com\/co\/blog\/trabajo-nocturno-sera-entre-9pm-y-6am-a-partir-del-18-de-julio-de-2017\/","og_site_name":"Auren Colombia","og_image":[{"width":1000,"height":502,"url":"https:\/\/auren.com\/co\/wp-content\/uploads\/2017\/07\/dinero-1-16.jpg","type":"image\/jpeg"}],"twitter_card":"summary_large_image","twitter_site":"@AurenColombia","twitter_misc":{"Tiempo de lectura":"1 minuto"},"schema":{"@context":"https:\/\/schema.org","@graph":[{"@type":"WebPage","@id":"https:\/\/auren.com\/co\/blog\/trabajo-nocturno-sera-entre-9pm-y-6am-a-partir-del-18-de-julio-de-2017\/","url":"https:\/\/auren.com\/co\/blog\/trabajo-nocturno-sera-entre-9pm-y-6am-a-partir-del-18-de-julio-de-2017\/","name":"Trabajo nocturno ser\u00e1 entre 9pm y 6am a partir del 18 de julio de 2017 - Auren Colombia","isPartOf":{"@id":"https:\/\/auren.com\/co\/#website"},"primaryImageOfPage":{"@id":"https:\/\/auren.com\/co\/blog\/trabajo-nocturno-sera-entre-9pm-y-6am-a-partir-del-18-de-julio-de-2017\/#primaryimage"},"image":{"@id":"https:\/\/auren.com\/co\/blog\/trabajo-nocturno-sera-entre-9pm-y-6am-a-partir-del-18-de-julio-de-2017\/#primaryimage"},"thumbnailUrl":"https:\/\/auren.com\/co\/wp-content\/uploads\/2017\/07\/dinero-1-16.jpg","datePublished":"2017-07-24T15:34:56+00:00","breadcrumb":{"@id":"https:\/\/auren.com\/co\/blog\/trabajo-nocturno-sera-entre-9pm-y-6am-a-partir-del-18-de-julio-de-2017\/#breadcrumb"},"inLanguage":"es","potentialAction":[{"@type":"ReadAction","target":["https:\/\/auren.com\/co\/blog\/trabajo-nocturno-sera-entre-9pm-y-6am-a-partir-del-18-de-julio-de-2017\/"]}]},{"@type":"ImageObject","inLanguage":"es","@id":"https:\/\/auren.com\/co\/blog\/trabajo-nocturno-sera-entre-9pm-y-6am-a-partir-del-18-de-julio-de-2017\/#primaryimage","url":"https:\/\/auren.com\/co\/wp-content\/uploads\/2017\/07\/dinero-1-16.jpg","contentUrl":"https:\/\/auren.com\/co\/wp-content\/uploads\/2017\/07\/dinero-1-16.jpg","width":1000,"height":502},{"@type":"BreadcrumbList","@id":"https:\/\/auren.com\/co\/blog\/trabajo-nocturno-sera-entre-9pm-y-6am-a-partir-del-18-de-julio-de-2017\/#breadcrumb","itemListElement":[{"@type":"ListItem","position":1,"name":"Portada","item":"https:\/\/auren.com\/co\/"},{"@type":"ListItem","position":2,"name":"Trabajo nocturno ser\u00e1 entre 9pm y 6am a partir del 18 de julio de 2017"}]},{"@type":"WebSite","@id":"https:\/\/auren.com\/co\/#website","url":"https:\/\/auren.com\/co\/","name":"Auren Colombia","description":"","publisher":{"@id":"https:\/\/auren.com\/co\/#organization"},"potentialAction":[{"@type":"SearchAction","target":{"@type":"EntryPoint","urlTemplate":"https:\/\/auren.com\/co\/?s={search_term_string}"},"query-input":{"@type":"PropertyValueSpecification","valueRequired":true,"valueName":"search_term_string"}}],"inLanguage":"es"},{"@type":"Organization","@id":"https:\/\/auren.com\/co\/#organization","name":"Auren Colombia","url":"https:\/\/auren.com\/co\/","logo":{"@type":"ImageObject","inLanguage":"es","@id":"https:\/\/auren.com\/co\/#\/schema\/logo\/image\/","url":"https:\/\/auren.com\/co\/wp-content\/uploads\/2025\/01\/cropped-cropped-favicon-Auren.png","contentUrl":"https:\/\/auren.com\/co\/wp-content\/uploads\/2025\/01\/cropped-cropped-favicon-Auren.png","width":512,"height":512,"caption":"Auren Colombia"},"image":{"@id":"https:\/\/auren.com\/co\/#\/schema\/logo\/image\/"},"sameAs":["https:\/\/x.com\/AurenColombia","https:\/\/www.instagram.com\/aurencolombia\/","https:\/\/www.youtube.com\/channel\/UCRYoGRMR_k4oVWesdErApmA","https:\/\/www.linkedin.com\/company\/auren-colombia"]}]}},"_links":{"self":[{"href":"https:\/\/auren.com\/co\/wp-json\/wp\/v2\/blog\/11238","targetHints":{"allow":["GET"]}}],"collection":[{"href":"https:\/\/auren.com\/co\/wp-json\/wp\/v2\/blog"}],"about":[{"href":"https:\/\/auren.com\/co\/wp-json\/wp\/v2\/types\/blog"}],"version-history":[{"count":0,"href":"https:\/\/auren.com\/co\/wp-json\/wp\/v2\/blog\/11238\/revisions"}],"wp:featuredmedia":[{"embeddable":true,"href":"https:\/\/auren.com\/co\/wp-json\/wp\/v2\/media\/11239"}],"wp:attachment":[{"href":"https:\/\/auren.com\/co\/wp-json\/wp\/v2\/media?parent=11238"}],"wp:term":[{"taxonomy":"blog-category","embeddable":true,"href":"https:\/\/auren.com\/co\/wp-json\/wp\/v2\/blog-category?post=11238"}],"curies":[{"name":"wp","href":"https:\/\/api.w.org\/{rel}","templated":true}]}}