{"id":11244,"date":"2017-07-17T20:10:43","date_gmt":"2017-07-17T18:10:43","guid":{"rendered":"https:\/\/auren.com\/co\/blog\/exclusion-del-iva-en-servicios-de-alimentacion-escolar-contratados-con-recursos-publicos\/"},"modified":"2017-07-17T20:10:43","modified_gmt":"2017-07-17T18:10:43","slug":"exclusion-del-iva-en-servicios-de-alimentacion-escolar-contratados-con-recursos-publicos","status":"publish","type":"blog","link":"https:\/\/auren.com\/co\/blog\/exclusion-del-iva-en-servicios-de-alimentacion-escolar-contratados-con-recursos-publicos\/","title":{"rendered":"Exclusi\u00f3n del IVA en servicios de alimentaci\u00f3n escolar contratados con recursos p\u00fablicos"},"content":{"rendered":"<\/p>\n<p>El art\u00edculo 476 del Estatuto Tributario (ET) establece que se encuentran excluidos del impuesto sobre las ventas (IVA), los servicios de alimentaci\u00f3n, contratados con recursos p\u00fablicos y destinados al sistema penitenciario, de asistencia social y de escuelas de educaci\u00f3n p\u00fablica.   <\/p>\n<p>Al analizar el alcance y aplicaci\u00f3n de esta exclusi\u00f3n, espec\u00edficamente frente a la prestaci\u00f3n del servicio de alimentaci\u00f3n escolar realizado con recursos p\u00fablicos, en donde cada una de las actividades necesarias (compra de alimentos, almacenamiento, ensamble y distribuci\u00f3n) se prestan de manera separada por diferentes contratistas,, concluy\u00f3 la administraci\u00f3n tributaria que al estar comprendidas dentro del concepto de alimentaci\u00f3n escolar y ser concurrentes con el objeto y naturaleza del contrato principal de alimentaci\u00f3n, est\u00e1n excluidas del IVA en los t\u00e9rminos del art\u00edculo 476&nbsp;del ET.<\/p>\n<p>Consider\u00f3 la entidad que en la medida en que el proceso o esquema dise\u00f1ado y se\u00f1alado en el plan de alimentaci\u00f3n escolar, para contratar la prestaci\u00f3n del servicio de alimentaci\u00f3n para las escuelas de educaci\u00f3n p\u00fablica con recursos p\u00fablicos, corresponda al objeto principal que ampara la norma tributaria, ser\u00eda aplicable la exclusi\u00f3n del IVA, ya sea que el servicio se preste de manera integral o de manera independientemente.<\/p>\n<p>Para ello, reconoce la entidad que en la prestaci\u00f3n del servicio deben desarrollarse diferentes y diversas etapas del proceso en cumplimiento del objeto principal.<\/p>\n<p>&nbsp;Por lo anterior, revoc\u00f3 la DIAN los Oficios 8056 y 14546 de 2017.<\/p>\n<p><!-- AddThis Advanced Settings generic via filter on the_content --><!-- AddThis Share Buttons generic via filter on the_content --><\/p>\n","protected":false},"excerpt":{"rendered":"<p>El art\u00edculo 476 del Estatuto Tributario (ET) establece que se encuentran excluidos del impuesto sobre las ventas (IVA), los servicios de alimentaci\u00f3n, contratados con recursos p\u00fablicos y destinados al sistema penitenciario, de asistencia social y de escuelas de educaci\u00f3n p\u00fablica.<\/p>\n","protected":false},"featured_media":11245,"template":"","meta":{"_acf_changed":false,"footnotes":""},"blog-category":[],"class_list":["post-11244","blog","type-blog","status-publish","has-post-thumbnail","hentry"],"acf":[],"yoast_head":"<!-- This site is optimized with the Yoast SEO plugin v27.4 - https:\/\/yoast.com\/product\/yoast-seo-wordpress\/ -->\n<title>Exclusi\u00f3n del IVA en servicios de alimentaci\u00f3n escolar contratados con recursos p\u00fablicos - Auren Colombia<\/title>\n<meta name=\"robots\" content=\"index, follow, max-snippet:-1, max-image-preview:large, max-video-preview:-1\" \/>\n<link rel=\"canonical\" href=\"https:\/\/auren.com\/co\/blog\/exclusion-del-iva-en-servicios-de-alimentacion-escolar-contratados-con-recursos-publicos\/\" \/>\n<meta property=\"og:locale\" content=\"es_ES\" \/>\n<meta property=\"og:type\" content=\"article\" \/>\n<meta property=\"og:title\" content=\"Exclusi\u00f3n del IVA en servicios de alimentaci\u00f3n escolar contratados con recursos p\u00fablicos - Auren Colombia\" \/>\n<meta property=\"og:description\" content=\"El art\u00edculo 476 del Estatuto Tributario (ET) establece que se encuentran excluidos del impuesto sobre las ventas (IVA), los servicios de alimentaci\u00f3n, contratados con recursos p\u00fablicos y destinados al sistema penitenciario, de asistencia social y de escuelas de educaci\u00f3n p\u00fablica.\" \/>\n<meta property=\"og:url\" content=\"https:\/\/auren.com\/co\/blog\/exclusion-del-iva-en-servicios-de-alimentacion-escolar-contratados-con-recursos-publicos\/\" \/>\n<meta property=\"og:site_name\" content=\"Auren Colombia\" \/>\n<meta property=\"og:image\" content=\"https:\/\/auren.com\/co\/wp-content\/uploads\/2017\/07\/check-18-1.jpg\" \/>\n\t<meta property=\"og:image:width\" content=\"1000\" \/>\n\t<meta property=\"og:image:height\" content=\"502\" \/>\n\t<meta property=\"og:image:type\" content=\"image\/jpeg\" \/>\n<meta name=\"twitter:card\" content=\"summary_large_image\" \/>\n<meta name=\"twitter:site\" content=\"@AurenColombia\" \/>\n<meta name=\"twitter:label1\" content=\"Tiempo de lectura\" \/>\n\t<meta name=\"twitter:data1\" content=\"1 minuto\" \/>\n<script type=\"application\/ld+json\" class=\"yoast-schema-graph\">{\"@context\":\"https:\\\/\\\/schema.org\",\"@graph\":[{\"@type\":\"WebPage\",\"@id\":\"https:\\\/\\\/auren.com\\\/co\\\/blog\\\/exclusion-del-iva-en-servicios-de-alimentacion-escolar-contratados-con-recursos-publicos\\\/\",\"url\":\"https:\\\/\\\/auren.com\\\/co\\\/blog\\\/exclusion-del-iva-en-servicios-de-alimentacion-escolar-contratados-con-recursos-publicos\\\/\",\"name\":\"Exclusi\u00f3n del IVA en servicios de alimentaci\u00f3n escolar contratados con recursos p\u00fablicos - Auren Colombia\",\"isPartOf\":{\"@id\":\"https:\\\/\\\/auren.com\\\/co\\\/#website\"},\"primaryImageOfPage\":{\"@id\":\"https:\\\/\\\/auren.com\\\/co\\\/blog\\\/exclusion-del-iva-en-servicios-de-alimentacion-escolar-contratados-con-recursos-publicos\\\/#primaryimage\"},\"image\":{\"@id\":\"https:\\\/\\\/auren.com\\\/co\\\/blog\\\/exclusion-del-iva-en-servicios-de-alimentacion-escolar-contratados-con-recursos-publicos\\\/#primaryimage\"},\"thumbnailUrl\":\"https:\\\/\\\/auren.com\\\/co\\\/wp-content\\\/uploads\\\/2017\\\/07\\\/check-18-1.jpg\",\"datePublished\":\"2017-07-17T18:10:43+00:00\",\"breadcrumb\":{\"@id\":\"https:\\\/\\\/auren.com\\\/co\\\/blog\\\/exclusion-del-iva-en-servicios-de-alimentacion-escolar-contratados-con-recursos-publicos\\\/#breadcrumb\"},\"inLanguage\":\"es\",\"potentialAction\":[{\"@type\":\"ReadAction\",\"target\":[\"https:\\\/\\\/auren.com\\\/co\\\/blog\\\/exclusion-del-iva-en-servicios-de-alimentacion-escolar-contratados-con-recursos-publicos\\\/\"]}]},{\"@type\":\"ImageObject\",\"inLanguage\":\"es\",\"@id\":\"https:\\\/\\\/auren.com\\\/co\\\/blog\\\/exclusion-del-iva-en-servicios-de-alimentacion-escolar-contratados-con-recursos-publicos\\\/#primaryimage\",\"url\":\"https:\\\/\\\/auren.com\\\/co\\\/wp-content\\\/uploads\\\/2017\\\/07\\\/check-18-1.jpg\",\"contentUrl\":\"https:\\\/\\\/auren.com\\\/co\\\/wp-content\\\/uploads\\\/2017\\\/07\\\/check-18-1.jpg\",\"width\":1000,\"height\":502},{\"@type\":\"BreadcrumbList\",\"@id\":\"https:\\\/\\\/auren.com\\\/co\\\/blog\\\/exclusion-del-iva-en-servicios-de-alimentacion-escolar-contratados-con-recursos-publicos\\\/#breadcrumb\",\"itemListElement\":[{\"@type\":\"ListItem\",\"position\":1,\"name\":\"Portada\",\"item\":\"https:\\\/\\\/auren.com\\\/co\\\/\"},{\"@type\":\"ListItem\",\"position\":2,\"name\":\"Exclusi\u00f3n del IVA en servicios de alimentaci\u00f3n escolar contratados con recursos p\u00fablicos\"}]},{\"@type\":\"WebSite\",\"@id\":\"https:\\\/\\\/auren.com\\\/co\\\/#website\",\"url\":\"https:\\\/\\\/auren.com\\\/co\\\/\",\"name\":\"Auren Colombia\",\"description\":\"\",\"publisher\":{\"@id\":\"https:\\\/\\\/auren.com\\\/co\\\/#organization\"},\"potentialAction\":[{\"@type\":\"SearchAction\",\"target\":{\"@type\":\"EntryPoint\",\"urlTemplate\":\"https:\\\/\\\/auren.com\\\/co\\\/?s={search_term_string}\"},\"query-input\":{\"@type\":\"PropertyValueSpecification\",\"valueRequired\":true,\"valueName\":\"search_term_string\"}}],\"inLanguage\":\"es\"},{\"@type\":\"Organization\",\"@id\":\"https:\\\/\\\/auren.com\\\/co\\\/#organization\",\"name\":\"Auren Colombia\",\"url\":\"https:\\\/\\\/auren.com\\\/co\\\/\",\"logo\":{\"@type\":\"ImageObject\",\"inLanguage\":\"es\",\"@id\":\"https:\\\/\\\/auren.com\\\/co\\\/#\\\/schema\\\/logo\\\/image\\\/\",\"url\":\"https:\\\/\\\/auren.com\\\/co\\\/wp-content\\\/uploads\\\/2025\\\/01\\\/cropped-cropped-favicon-Auren.png\",\"contentUrl\":\"https:\\\/\\\/auren.com\\\/co\\\/wp-content\\\/uploads\\\/2025\\\/01\\\/cropped-cropped-favicon-Auren.png\",\"width\":512,\"height\":512,\"caption\":\"Auren Colombia\"},\"image\":{\"@id\":\"https:\\\/\\\/auren.com\\\/co\\\/#\\\/schema\\\/logo\\\/image\\\/\"},\"sameAs\":[\"https:\\\/\\\/x.com\\\/AurenColombia\",\"https:\\\/\\\/www.instagram.com\\\/aurencolombia\\\/\",\"https:\\\/\\\/www.youtube.com\\\/channel\\\/UCRYoGRMR_k4oVWesdErApmA\",\"https:\\\/\\\/www.linkedin.com\\\/company\\\/auren-colombia\"]}]}<\/script>\n<!-- \/ Yoast SEO plugin. -->","yoast_head_json":{"title":"Exclusi\u00f3n del IVA en servicios de alimentaci\u00f3n escolar contratados con recursos p\u00fablicos - Auren Colombia","robots":{"index":"index","follow":"follow","max-snippet":"max-snippet:-1","max-image-preview":"max-image-preview:large","max-video-preview":"max-video-preview:-1"},"canonical":"https:\/\/auren.com\/co\/blog\/exclusion-del-iva-en-servicios-de-alimentacion-escolar-contratados-con-recursos-publicos\/","og_locale":"es_ES","og_type":"article","og_title":"Exclusi\u00f3n del IVA en servicios de alimentaci\u00f3n escolar contratados con recursos p\u00fablicos - Auren Colombia","og_description":"El art\u00edculo 476 del Estatuto Tributario (ET) establece que se encuentran excluidos del impuesto sobre las ventas (IVA), los servicios de alimentaci\u00f3n, contratados con recursos p\u00fablicos y destinados al sistema penitenciario, de asistencia social y de escuelas de educaci\u00f3n p\u00fablica.","og_url":"https:\/\/auren.com\/co\/blog\/exclusion-del-iva-en-servicios-de-alimentacion-escolar-contratados-con-recursos-publicos\/","og_site_name":"Auren Colombia","og_image":[{"width":1000,"height":502,"url":"https:\/\/auren.com\/co\/wp-content\/uploads\/2017\/07\/check-18-1.jpg","type":"image\/jpeg"}],"twitter_card":"summary_large_image","twitter_site":"@AurenColombia","twitter_misc":{"Tiempo de lectura":"1 minuto"},"schema":{"@context":"https:\/\/schema.org","@graph":[{"@type":"WebPage","@id":"https:\/\/auren.com\/co\/blog\/exclusion-del-iva-en-servicios-de-alimentacion-escolar-contratados-con-recursos-publicos\/","url":"https:\/\/auren.com\/co\/blog\/exclusion-del-iva-en-servicios-de-alimentacion-escolar-contratados-con-recursos-publicos\/","name":"Exclusi\u00f3n del IVA en servicios de alimentaci\u00f3n escolar contratados con recursos p\u00fablicos - Auren Colombia","isPartOf":{"@id":"https:\/\/auren.com\/co\/#website"},"primaryImageOfPage":{"@id":"https:\/\/auren.com\/co\/blog\/exclusion-del-iva-en-servicios-de-alimentacion-escolar-contratados-con-recursos-publicos\/#primaryimage"},"image":{"@id":"https:\/\/auren.com\/co\/blog\/exclusion-del-iva-en-servicios-de-alimentacion-escolar-contratados-con-recursos-publicos\/#primaryimage"},"thumbnailUrl":"https:\/\/auren.com\/co\/wp-content\/uploads\/2017\/07\/check-18-1.jpg","datePublished":"2017-07-17T18:10:43+00:00","breadcrumb":{"@id":"https:\/\/auren.com\/co\/blog\/exclusion-del-iva-en-servicios-de-alimentacion-escolar-contratados-con-recursos-publicos\/#breadcrumb"},"inLanguage":"es","potentialAction":[{"@type":"ReadAction","target":["https:\/\/auren.com\/co\/blog\/exclusion-del-iva-en-servicios-de-alimentacion-escolar-contratados-con-recursos-publicos\/"]}]},{"@type":"ImageObject","inLanguage":"es","@id":"https:\/\/auren.com\/co\/blog\/exclusion-del-iva-en-servicios-de-alimentacion-escolar-contratados-con-recursos-publicos\/#primaryimage","url":"https:\/\/auren.com\/co\/wp-content\/uploads\/2017\/07\/check-18-1.jpg","contentUrl":"https:\/\/auren.com\/co\/wp-content\/uploads\/2017\/07\/check-18-1.jpg","width":1000,"height":502},{"@type":"BreadcrumbList","@id":"https:\/\/auren.com\/co\/blog\/exclusion-del-iva-en-servicios-de-alimentacion-escolar-contratados-con-recursos-publicos\/#breadcrumb","itemListElement":[{"@type":"ListItem","position":1,"name":"Portada","item":"https:\/\/auren.com\/co\/"},{"@type":"ListItem","position":2,"name":"Exclusi\u00f3n del IVA en servicios de alimentaci\u00f3n escolar contratados con recursos p\u00fablicos"}]},{"@type":"WebSite","@id":"https:\/\/auren.com\/co\/#website","url":"https:\/\/auren.com\/co\/","name":"Auren Colombia","description":"","publisher":{"@id":"https:\/\/auren.com\/co\/#organization"},"potentialAction":[{"@type":"SearchAction","target":{"@type":"EntryPoint","urlTemplate":"https:\/\/auren.com\/co\/?s={search_term_string}"},"query-input":{"@type":"PropertyValueSpecification","valueRequired":true,"valueName":"search_term_string"}}],"inLanguage":"es"},{"@type":"Organization","@id":"https:\/\/auren.com\/co\/#organization","name":"Auren Colombia","url":"https:\/\/auren.com\/co\/","logo":{"@type":"ImageObject","inLanguage":"es","@id":"https:\/\/auren.com\/co\/#\/schema\/logo\/image\/","url":"https:\/\/auren.com\/co\/wp-content\/uploads\/2025\/01\/cropped-cropped-favicon-Auren.png","contentUrl":"https:\/\/auren.com\/co\/wp-content\/uploads\/2025\/01\/cropped-cropped-favicon-Auren.png","width":512,"height":512,"caption":"Auren Colombia"},"image":{"@id":"https:\/\/auren.com\/co\/#\/schema\/logo\/image\/"},"sameAs":["https:\/\/x.com\/AurenColombia","https:\/\/www.instagram.com\/aurencolombia\/","https:\/\/www.youtube.com\/channel\/UCRYoGRMR_k4oVWesdErApmA","https:\/\/www.linkedin.com\/company\/auren-colombia"]}]}},"_links":{"self":[{"href":"https:\/\/auren.com\/co\/wp-json\/wp\/v2\/blog\/11244","targetHints":{"allow":["GET"]}}],"collection":[{"href":"https:\/\/auren.com\/co\/wp-json\/wp\/v2\/blog"}],"about":[{"href":"https:\/\/auren.com\/co\/wp-json\/wp\/v2\/types\/blog"}],"version-history":[{"count":0,"href":"https:\/\/auren.com\/co\/wp-json\/wp\/v2\/blog\/11244\/revisions"}],"wp:featuredmedia":[{"embeddable":true,"href":"https:\/\/auren.com\/co\/wp-json\/wp\/v2\/media\/11245"}],"wp:attachment":[{"href":"https:\/\/auren.com\/co\/wp-json\/wp\/v2\/media?parent=11244"}],"wp:term":[{"taxonomy":"blog-category","embeddable":true,"href":"https:\/\/auren.com\/co\/wp-json\/wp\/v2\/blog-category?post=11244"}],"curies":[{"name":"wp","href":"https:\/\/api.w.org\/{rel}","templated":true}]}}