{"id":11253,"date":"2017-07-17T19:43:07","date_gmt":"2017-07-17T17:43:07","guid":{"rendered":"https:\/\/auren.com\/co\/blog\/consejo-de-estado-reitera-que-autonomia-tributaria-territorial-no-es-originaria-sino-derivada\/"},"modified":"2017-07-17T19:43:07","modified_gmt":"2017-07-17T17:43:07","slug":"consejo-de-estado-reitera-que-autonomia-tributaria-territorial-no-es-originaria-sino-derivada","status":"publish","type":"blog","link":"https:\/\/auren.com\/co\/blog\/consejo-de-estado-reitera-que-autonomia-tributaria-territorial-no-es-originaria-sino-derivada\/","title":{"rendered":"Consejo de Estado reitera que autonom\u00eda tributaria territorial no es originaria sino derivada"},"content":{"rendered":"<\/p>\n<p>As\u00ed lo sostuvo el Consejo de Estado al confirmar la nulidad del Acuerdo 81 de 2007 del Municipio de Rionegro, Antioquia, a trav\u00e9s del cual hab\u00eda establecido que en la ocupaci\u00f3n del espacio p\u00fablico con ventas, se cancelar\u00eda el 5% del \u00edndice de costos de construcci\u00f3n certificados por Camacol Antioqu\u00eda por cada M<sup>2<\/sup> cuadrado de ocupaci\u00f3n por mes o fracci\u00f3n.   <\/p>\n<p>Para tal efecto, se\u00f1al\u00f3 la Corporaci\u00f3n que el tributo por el uso y excavaci\u00f3n del espacio p\u00fablico no tiene fundamento legal, precisando que hasta el momento no se ha establecido mediante una norma de rango legal, impuesto, derecho o gravamen sobre esta materia. Cit\u00f3 adem\u00e1s lo establecido por la Corte Constitucional en la Sentencia C-1043 de 2003, en virtud de la cual se manifest\u00f3 que los municipios del pa\u00eds no pueden cobrar el impuesto de uso del subsuelo del Decreto Ley &nbsp;1333 de 1986, por cuanto esta norma fue derogada por la Ley 142 de 1994, con lo cual no existe disposici\u00f3n que faculte a los concejos municipales para crear y organizar el cobro de ese tipo de impuesto.<\/p>\n<p>Al analizar este asunto, el Consejo de Estado reiter\u00f3 los siguientes preceptos constitucionales sobre la autonom\u00eda de los entes territoriales en la creaci\u00f3n de tributos:<\/p>\n<p>En virtud del principio de legalidad, el ejercicio de las facultades impositivas de los entes territoriales debe estar autorizada de manera expresa por la ley, con lo cual deben actuar las entidades territoriales dentro del marco se\u00f1alado en la ley que crea o autoriza el tributo.<\/p>\n<ul>\n<li>La facultad impositiva de las asambleas departamentales y de los concejos municipales no es originaria como la del Congreso, sino derivada, esto es, las entidades territoriales solo pueden administrar tributos previstos o creados previamente por la ley.   <\/li>\n<li>Las entidades territoriales no gozan de soberan\u00eda fiscal, porque su actividad en esta materia est\u00e1 sujeta a regulaci\u00f3n legal, aspecto que no debe confundirse con la autonom\u00eda asignada para la gesti\u00f3n de sus intereses, que incluye la libertad para establecer o suprimir un tributo de car\u00e1cter local previamente autorizado por la ley, y la de administrar esos recursos.<\/li>\n<\/ul>\n<p><!-- AddThis Advanced Settings generic via filter on the_content --><!-- AddThis Share Buttons generic via filter on the_content --><\/p>\n","protected":false},"excerpt":{"rendered":"<p>As\u00ed lo sostuvo el Consejo de Estado al confirmar la nulidad del Acuerdo 81 de 2007 del Municipio de Rionegro, Antioquia, a trav\u00e9s del cual hab\u00eda establecido que en la ocupaci\u00f3n del espacio p\u00fablico con ventas, se cancelar\u00eda el 5% del \u00edndice de costos de construcci\u00f3n certificados por Camacol Antioqu\u00eda por cada M2&nbsp;cuadrado de ocupaci\u00f3n por mes o fracci\u00f3n.<\/p>\n","protected":false},"featured_media":11254,"template":"","meta":{"_acf_changed":false,"footnotes":""},"blog-category":[],"class_list":["post-11253","blog","type-blog","status-publish","has-post-thumbnail","hentry"],"acf":[],"yoast_head":"<!-- This site is optimized with the Yoast SEO plugin v27.4 - https:\/\/yoast.com\/product\/yoast-seo-wordpress\/ -->\n<title>Consejo de Estado reitera que autonom\u00eda tributaria territorial no es originaria sino derivada - Auren Colombia<\/title>\n<meta name=\"robots\" content=\"index, follow, max-snippet:-1, max-image-preview:large, max-video-preview:-1\" \/>\n<link rel=\"canonical\" href=\"https:\/\/auren.com\/co\/blog\/consejo-de-estado-reitera-que-autonomia-tributaria-territorial-no-es-originaria-sino-derivada\/\" \/>\n<meta property=\"og:locale\" content=\"es_ES\" \/>\n<meta property=\"og:type\" content=\"article\" \/>\n<meta property=\"og:title\" content=\"Consejo de Estado reitera que autonom\u00eda tributaria territorial no es originaria sino derivada - Auren Colombia\" \/>\n<meta property=\"og:description\" content=\"As\u00ed lo sostuvo el Consejo de Estado al confirmar la nulidad del Acuerdo 81 de 2007 del Municipio de Rionegro, Antioquia, a trav\u00e9s del cual hab\u00eda establecido que en la ocupaci\u00f3n del espacio p\u00fablico con ventas, se cancelar\u00eda el 5% del \u00edndice de costos de construcci\u00f3n certificados por Camacol Antioqu\u00eda por cada M2&nbsp;cuadrado de ocupaci\u00f3n por mes o fracci\u00f3n.\" \/>\n<meta property=\"og:url\" content=\"https:\/\/auren.com\/co\/blog\/consejo-de-estado-reitera-que-autonomia-tributaria-territorial-no-es-originaria-sino-derivada\/\" \/>\n<meta property=\"og:site_name\" content=\"Auren Colombia\" \/>\n<meta property=\"og:image\" content=\"https:\/\/auren.com\/co\/wp-content\/uploads\/2017\/07\/dinero-1-16-1.jpg\" \/>\n\t<meta property=\"og:image:width\" content=\"1000\" \/>\n\t<meta property=\"og:image:height\" content=\"502\" \/>\n\t<meta property=\"og:image:type\" content=\"image\/jpeg\" \/>\n<meta name=\"twitter:card\" content=\"summary_large_image\" \/>\n<meta name=\"twitter:site\" content=\"@AurenColombia\" \/>\n<meta name=\"twitter:label1\" content=\"Tiempo de lectura\" \/>\n\t<meta name=\"twitter:data1\" content=\"2 minutos\" \/>\n<script type=\"application\/ld+json\" class=\"yoast-schema-graph\">{\"@context\":\"https:\\\/\\\/schema.org\",\"@graph\":[{\"@type\":\"WebPage\",\"@id\":\"https:\\\/\\\/auren.com\\\/co\\\/blog\\\/consejo-de-estado-reitera-que-autonomia-tributaria-territorial-no-es-originaria-sino-derivada\\\/\",\"url\":\"https:\\\/\\\/auren.com\\\/co\\\/blog\\\/consejo-de-estado-reitera-que-autonomia-tributaria-territorial-no-es-originaria-sino-derivada\\\/\",\"name\":\"Consejo de Estado reitera que autonom\u00eda tributaria territorial no es originaria sino derivada - Auren Colombia\",\"isPartOf\":{\"@id\":\"https:\\\/\\\/auren.com\\\/co\\\/#website\"},\"primaryImageOfPage\":{\"@id\":\"https:\\\/\\\/auren.com\\\/co\\\/blog\\\/consejo-de-estado-reitera-que-autonomia-tributaria-territorial-no-es-originaria-sino-derivada\\\/#primaryimage\"},\"image\":{\"@id\":\"https:\\\/\\\/auren.com\\\/co\\\/blog\\\/consejo-de-estado-reitera-que-autonomia-tributaria-territorial-no-es-originaria-sino-derivada\\\/#primaryimage\"},\"thumbnailUrl\":\"https:\\\/\\\/auren.com\\\/co\\\/wp-content\\\/uploads\\\/2017\\\/07\\\/dinero-1-16-1.jpg\",\"datePublished\":\"2017-07-17T17:43:07+00:00\",\"breadcrumb\":{\"@id\":\"https:\\\/\\\/auren.com\\\/co\\\/blog\\\/consejo-de-estado-reitera-que-autonomia-tributaria-territorial-no-es-originaria-sino-derivada\\\/#breadcrumb\"},\"inLanguage\":\"es\",\"potentialAction\":[{\"@type\":\"ReadAction\",\"target\":[\"https:\\\/\\\/auren.com\\\/co\\\/blog\\\/consejo-de-estado-reitera-que-autonomia-tributaria-territorial-no-es-originaria-sino-derivada\\\/\"]}]},{\"@type\":\"ImageObject\",\"inLanguage\":\"es\",\"@id\":\"https:\\\/\\\/auren.com\\\/co\\\/blog\\\/consejo-de-estado-reitera-que-autonomia-tributaria-territorial-no-es-originaria-sino-derivada\\\/#primaryimage\",\"url\":\"https:\\\/\\\/auren.com\\\/co\\\/wp-content\\\/uploads\\\/2017\\\/07\\\/dinero-1-16-1.jpg\",\"contentUrl\":\"https:\\\/\\\/auren.com\\\/co\\\/wp-content\\\/uploads\\\/2017\\\/07\\\/dinero-1-16-1.jpg\",\"width\":1000,\"height\":502},{\"@type\":\"BreadcrumbList\",\"@id\":\"https:\\\/\\\/auren.com\\\/co\\\/blog\\\/consejo-de-estado-reitera-que-autonomia-tributaria-territorial-no-es-originaria-sino-derivada\\\/#breadcrumb\",\"itemListElement\":[{\"@type\":\"ListItem\",\"position\":1,\"name\":\"Portada\",\"item\":\"https:\\\/\\\/auren.com\\\/co\\\/\"},{\"@type\":\"ListItem\",\"position\":2,\"name\":\"Consejo de Estado reitera que autonom\u00eda tributaria territorial no es originaria sino derivada\"}]},{\"@type\":\"WebSite\",\"@id\":\"https:\\\/\\\/auren.com\\\/co\\\/#website\",\"url\":\"https:\\\/\\\/auren.com\\\/co\\\/\",\"name\":\"Auren Colombia\",\"description\":\"\",\"publisher\":{\"@id\":\"https:\\\/\\\/auren.com\\\/co\\\/#organization\"},\"potentialAction\":[{\"@type\":\"SearchAction\",\"target\":{\"@type\":\"EntryPoint\",\"urlTemplate\":\"https:\\\/\\\/auren.com\\\/co\\\/?s={search_term_string}\"},\"query-input\":{\"@type\":\"PropertyValueSpecification\",\"valueRequired\":true,\"valueName\":\"search_term_string\"}}],\"inLanguage\":\"es\"},{\"@type\":\"Organization\",\"@id\":\"https:\\\/\\\/auren.com\\\/co\\\/#organization\",\"name\":\"Auren Colombia\",\"url\":\"https:\\\/\\\/auren.com\\\/co\\\/\",\"logo\":{\"@type\":\"ImageObject\",\"inLanguage\":\"es\",\"@id\":\"https:\\\/\\\/auren.com\\\/co\\\/#\\\/schema\\\/logo\\\/image\\\/\",\"url\":\"https:\\\/\\\/auren.com\\\/co\\\/wp-content\\\/uploads\\\/2025\\\/01\\\/cropped-cropped-favicon-Auren.png\",\"contentUrl\":\"https:\\\/\\\/auren.com\\\/co\\\/wp-content\\\/uploads\\\/2025\\\/01\\\/cropped-cropped-favicon-Auren.png\",\"width\":512,\"height\":512,\"caption\":\"Auren Colombia\"},\"image\":{\"@id\":\"https:\\\/\\\/auren.com\\\/co\\\/#\\\/schema\\\/logo\\\/image\\\/\"},\"sameAs\":[\"https:\\\/\\\/x.com\\\/AurenColombia\",\"https:\\\/\\\/www.instagram.com\\\/aurencolombia\\\/\",\"https:\\\/\\\/www.youtube.com\\\/channel\\\/UCRYoGRMR_k4oVWesdErApmA\",\"https:\\\/\\\/www.linkedin.com\\\/company\\\/auren-colombia\"]}]}<\/script>\n<!-- \/ Yoast SEO plugin. -->","yoast_head_json":{"title":"Consejo de Estado reitera que autonom\u00eda tributaria territorial no es originaria sino derivada - Auren Colombia","robots":{"index":"index","follow":"follow","max-snippet":"max-snippet:-1","max-image-preview":"max-image-preview:large","max-video-preview":"max-video-preview:-1"},"canonical":"https:\/\/auren.com\/co\/blog\/consejo-de-estado-reitera-que-autonomia-tributaria-territorial-no-es-originaria-sino-derivada\/","og_locale":"es_ES","og_type":"article","og_title":"Consejo de Estado reitera que autonom\u00eda tributaria territorial no es originaria sino derivada - Auren Colombia","og_description":"As\u00ed lo sostuvo el Consejo de Estado al confirmar la nulidad del Acuerdo 81 de 2007 del Municipio de Rionegro, Antioquia, a trav\u00e9s del cual hab\u00eda establecido que en la ocupaci\u00f3n del espacio p\u00fablico con ventas, se cancelar\u00eda el 5% del \u00edndice de costos de construcci\u00f3n certificados por Camacol Antioqu\u00eda por cada M2&nbsp;cuadrado de ocupaci\u00f3n por mes o fracci\u00f3n.","og_url":"https:\/\/auren.com\/co\/blog\/consejo-de-estado-reitera-que-autonomia-tributaria-territorial-no-es-originaria-sino-derivada\/","og_site_name":"Auren Colombia","og_image":[{"width":1000,"height":502,"url":"https:\/\/auren.com\/co\/wp-content\/uploads\/2017\/07\/dinero-1-16-1.jpg","type":"image\/jpeg"}],"twitter_card":"summary_large_image","twitter_site":"@AurenColombia","twitter_misc":{"Tiempo de lectura":"2 minutos"},"schema":{"@context":"https:\/\/schema.org","@graph":[{"@type":"WebPage","@id":"https:\/\/auren.com\/co\/blog\/consejo-de-estado-reitera-que-autonomia-tributaria-territorial-no-es-originaria-sino-derivada\/","url":"https:\/\/auren.com\/co\/blog\/consejo-de-estado-reitera-que-autonomia-tributaria-territorial-no-es-originaria-sino-derivada\/","name":"Consejo de Estado reitera que autonom\u00eda tributaria territorial no es originaria sino derivada - Auren Colombia","isPartOf":{"@id":"https:\/\/auren.com\/co\/#website"},"primaryImageOfPage":{"@id":"https:\/\/auren.com\/co\/blog\/consejo-de-estado-reitera-que-autonomia-tributaria-territorial-no-es-originaria-sino-derivada\/#primaryimage"},"image":{"@id":"https:\/\/auren.com\/co\/blog\/consejo-de-estado-reitera-que-autonomia-tributaria-territorial-no-es-originaria-sino-derivada\/#primaryimage"},"thumbnailUrl":"https:\/\/auren.com\/co\/wp-content\/uploads\/2017\/07\/dinero-1-16-1.jpg","datePublished":"2017-07-17T17:43:07+00:00","breadcrumb":{"@id":"https:\/\/auren.com\/co\/blog\/consejo-de-estado-reitera-que-autonomia-tributaria-territorial-no-es-originaria-sino-derivada\/#breadcrumb"},"inLanguage":"es","potentialAction":[{"@type":"ReadAction","target":["https:\/\/auren.com\/co\/blog\/consejo-de-estado-reitera-que-autonomia-tributaria-territorial-no-es-originaria-sino-derivada\/"]}]},{"@type":"ImageObject","inLanguage":"es","@id":"https:\/\/auren.com\/co\/blog\/consejo-de-estado-reitera-que-autonomia-tributaria-territorial-no-es-originaria-sino-derivada\/#primaryimage","url":"https:\/\/auren.com\/co\/wp-content\/uploads\/2017\/07\/dinero-1-16-1.jpg","contentUrl":"https:\/\/auren.com\/co\/wp-content\/uploads\/2017\/07\/dinero-1-16-1.jpg","width":1000,"height":502},{"@type":"BreadcrumbList","@id":"https:\/\/auren.com\/co\/blog\/consejo-de-estado-reitera-que-autonomia-tributaria-territorial-no-es-originaria-sino-derivada\/#breadcrumb","itemListElement":[{"@type":"ListItem","position":1,"name":"Portada","item":"https:\/\/auren.com\/co\/"},{"@type":"ListItem","position":2,"name":"Consejo de Estado reitera que autonom\u00eda tributaria territorial no es originaria sino derivada"}]},{"@type":"WebSite","@id":"https:\/\/auren.com\/co\/#website","url":"https:\/\/auren.com\/co\/","name":"Auren Colombia","description":"","publisher":{"@id":"https:\/\/auren.com\/co\/#organization"},"potentialAction":[{"@type":"SearchAction","target":{"@type":"EntryPoint","urlTemplate":"https:\/\/auren.com\/co\/?s={search_term_string}"},"query-input":{"@type":"PropertyValueSpecification","valueRequired":true,"valueName":"search_term_string"}}],"inLanguage":"es"},{"@type":"Organization","@id":"https:\/\/auren.com\/co\/#organization","name":"Auren Colombia","url":"https:\/\/auren.com\/co\/","logo":{"@type":"ImageObject","inLanguage":"es","@id":"https:\/\/auren.com\/co\/#\/schema\/logo\/image\/","url":"https:\/\/auren.com\/co\/wp-content\/uploads\/2025\/01\/cropped-cropped-favicon-Auren.png","contentUrl":"https:\/\/auren.com\/co\/wp-content\/uploads\/2025\/01\/cropped-cropped-favicon-Auren.png","width":512,"height":512,"caption":"Auren Colombia"},"image":{"@id":"https:\/\/auren.com\/co\/#\/schema\/logo\/image\/"},"sameAs":["https:\/\/x.com\/AurenColombia","https:\/\/www.instagram.com\/aurencolombia\/","https:\/\/www.youtube.com\/channel\/UCRYoGRMR_k4oVWesdErApmA","https:\/\/www.linkedin.com\/company\/auren-colombia"]}]}},"_links":{"self":[{"href":"https:\/\/auren.com\/co\/wp-json\/wp\/v2\/blog\/11253","targetHints":{"allow":["GET"]}}],"collection":[{"href":"https:\/\/auren.com\/co\/wp-json\/wp\/v2\/blog"}],"about":[{"href":"https:\/\/auren.com\/co\/wp-json\/wp\/v2\/types\/blog"}],"version-history":[{"count":0,"href":"https:\/\/auren.com\/co\/wp-json\/wp\/v2\/blog\/11253\/revisions"}],"wp:featuredmedia":[{"embeddable":true,"href":"https:\/\/auren.com\/co\/wp-json\/wp\/v2\/media\/11254"}],"wp:attachment":[{"href":"https:\/\/auren.com\/co\/wp-json\/wp\/v2\/media?parent=11253"}],"wp:term":[{"taxonomy":"blog-category","embeddable":true,"href":"https:\/\/auren.com\/co\/wp-json\/wp\/v2\/blog-category?post=11253"}],"curies":[{"name":"wp","href":"https:\/\/api.w.org\/{rel}","templated":true}]}}