{"id":11259,"date":"2017-07-17T17:41:31","date_gmt":"2017-07-17T15:41:31","guid":{"rendered":"https:\/\/auren.com\/co\/blog\/a-partir-del-9-de-agosto-se-venceran-los-terminos-para-la-presentacion-oportuna-de-la-declaracion-anual-de-activos-en-el-exterior-a-cargo-de-las-personas-naturales\/"},"modified":"2017-07-17T17:41:31","modified_gmt":"2017-07-17T15:41:31","slug":"a-partir-del-9-de-agosto-se-venceran-los-terminos-para-la-presentacion-oportuna-de-la-declaracion-anual-de-activos-en-el-exterior-a-cargo-de-las-personas-naturales","status":"publish","type":"blog","link":"https:\/\/auren.com\/co\/blog\/a-partir-del-9-de-agosto-se-venceran-los-terminos-para-la-presentacion-oportuna-de-la-declaracion-anual-de-activos-en-el-exterior-a-cargo-de-las-personas-naturales\/","title":{"rendered":"A partir del 9 de agosto se vencer\u00e1n los t\u00e9rminos para la presentaci\u00f3n oportuna de la declaraci\u00f3n anual de activos en el exterior a cargo de las personas naturales"},"content":{"rendered":"<\/p>\n<p>Entre agosto y octubre de 2017 vencer\u00e1 la oportunidad para que las personas naturales presenten la declaraci\u00f3n anual de activos en el exterior, establecida en la Ley 1739 de 2014.   <\/p>\n<p>La administraci\u00f3n tributaria cada vez cuenta con mayores fuentes de informaci\u00f3n que permite verificar los activos pose\u00eddos por los contribuyentes en el exterior, espec\u00edficamente en virtud de los convenios de intercambio de informaci\u00f3n tributaria suscritos con otros pa\u00edses, en los que se destacan Estados Unidos de Am\u00e9rica y Panam\u00e1.<\/p>\n<p>Importante tener en cuenta que la ley 1819 de 2016, estableci\u00f3 modificaciones frente a la sanci\u00f3n derivada de la no presentaci\u00f3n de esta declaraci\u00f3n, estableciendo que corresponder\u00e1 al 5% del patrimonio bruto que figure en la \u00faltima declaraci\u00f3n del impuesto sobre la renta presentada, o al 5% del patrimonio bruto que determine la administraci\u00f3n tributaria por el per\u00edodo a que corresponda la declaraci\u00f3n no presentada, el valor que fuere superior.<\/p>\n<p><!-- AddThis Advanced Settings generic via filter on the_content --><!-- AddThis Share Buttons generic via filter on the_content --><\/p>\n","protected":false},"excerpt":{"rendered":"<p>Entre agosto y octubre de 2017 vencer\u00e1 la oportunidad para que las personas naturales presenten la declaraci\u00f3n anual de activos en el exterior, establecida en la Ley 1739 de 2014.<\/p>\n","protected":false},"featured_media":11260,"template":"","meta":{"_acf_changed":false,"footnotes":""},"blog-category":[],"class_list":["post-11259","blog","type-blog","status-publish","has-post-thumbnail","hentry"],"acf":[],"yoast_head":"<!-- This site is optimized with the Yoast SEO plugin v27.4 - https:\/\/yoast.com\/product\/yoast-seo-wordpress\/ -->\n<title>A partir del 9 de agosto se vencer\u00e1n los t\u00e9rminos para la presentaci\u00f3n oportuna de la declaraci\u00f3n anual de activos en el exterior a cargo de las personas naturales - Auren Colombia<\/title>\n<meta name=\"robots\" content=\"index, follow, max-snippet:-1, max-image-preview:large, max-video-preview:-1\" \/>\n<link rel=\"canonical\" href=\"https:\/\/auren.com\/co\/blog\/a-partir-del-9-de-agosto-se-venceran-los-terminos-para-la-presentacion-oportuna-de-la-declaracion-anual-de-activos-en-el-exterior-a-cargo-de-las-personas-naturales\/\" \/>\n<meta property=\"og:locale\" content=\"es_ES\" \/>\n<meta property=\"og:type\" content=\"article\" \/>\n<meta property=\"og:title\" content=\"A partir del 9 de agosto se vencer\u00e1n los t\u00e9rminos para la presentaci\u00f3n oportuna de la declaraci\u00f3n anual de activos en el exterior a cargo de las personas naturales - Auren Colombia\" \/>\n<meta property=\"og:description\" content=\"Entre agosto y octubre de 2017 vencer\u00e1 la oportunidad para que las personas naturales presenten la declaraci\u00f3n anual de activos en el exterior, establecida en la Ley 1739 de 2014.\" \/>\n<meta property=\"og:url\" content=\"https:\/\/auren.com\/co\/blog\/a-partir-del-9-de-agosto-se-venceran-los-terminos-para-la-presentacion-oportuna-de-la-declaracion-anual-de-activos-en-el-exterior-a-cargo-de-las-personas-naturales\/\" \/>\n<meta property=\"og:site_name\" content=\"Auren Colombia\" \/>\n<meta property=\"og:image\" content=\"https:\/\/auren.com\/co\/wp-content\/uploads\/2017\/07\/mundo-9-6.jpg\" \/>\n\t<meta property=\"og:image:width\" content=\"1000\" \/>\n\t<meta property=\"og:image:height\" content=\"502\" \/>\n\t<meta property=\"og:image:type\" content=\"image\/jpeg\" \/>\n<meta name=\"twitter:card\" content=\"summary_large_image\" \/>\n<meta name=\"twitter:site\" content=\"@AurenColombia\" \/>\n<meta name=\"twitter:label1\" content=\"Tiempo de lectura\" \/>\n\t<meta name=\"twitter:data1\" content=\"1 minuto\" \/>\n<script type=\"application\/ld+json\" class=\"yoast-schema-graph\">{\"@context\":\"https:\\\/\\\/schema.org\",\"@graph\":[{\"@type\":\"WebPage\",\"@id\":\"https:\\\/\\\/auren.com\\\/co\\\/blog\\\/a-partir-del-9-de-agosto-se-venceran-los-terminos-para-la-presentacion-oportuna-de-la-declaracion-anual-de-activos-en-el-exterior-a-cargo-de-las-personas-naturales\\\/\",\"url\":\"https:\\\/\\\/auren.com\\\/co\\\/blog\\\/a-partir-del-9-de-agosto-se-venceran-los-terminos-para-la-presentacion-oportuna-de-la-declaracion-anual-de-activos-en-el-exterior-a-cargo-de-las-personas-naturales\\\/\",\"name\":\"A partir del 9 de agosto se vencer\u00e1n los t\u00e9rminos para la presentaci\u00f3n oportuna de la declaraci\u00f3n anual de activos en el exterior a cargo de las personas naturales - Auren Colombia\",\"isPartOf\":{\"@id\":\"https:\\\/\\\/auren.com\\\/co\\\/#website\"},\"primaryImageOfPage\":{\"@id\":\"https:\\\/\\\/auren.com\\\/co\\\/blog\\\/a-partir-del-9-de-agosto-se-venceran-los-terminos-para-la-presentacion-oportuna-de-la-declaracion-anual-de-activos-en-el-exterior-a-cargo-de-las-personas-naturales\\\/#primaryimage\"},\"image\":{\"@id\":\"https:\\\/\\\/auren.com\\\/co\\\/blog\\\/a-partir-del-9-de-agosto-se-venceran-los-terminos-para-la-presentacion-oportuna-de-la-declaracion-anual-de-activos-en-el-exterior-a-cargo-de-las-personas-naturales\\\/#primaryimage\"},\"thumbnailUrl\":\"https:\\\/\\\/auren.com\\\/co\\\/wp-content\\\/uploads\\\/2017\\\/07\\\/mundo-9-6.jpg\",\"datePublished\":\"2017-07-17T15:41:31+00:00\",\"breadcrumb\":{\"@id\":\"https:\\\/\\\/auren.com\\\/co\\\/blog\\\/a-partir-del-9-de-agosto-se-venceran-los-terminos-para-la-presentacion-oportuna-de-la-declaracion-anual-de-activos-en-el-exterior-a-cargo-de-las-personas-naturales\\\/#breadcrumb\"},\"inLanguage\":\"es\",\"potentialAction\":[{\"@type\":\"ReadAction\",\"target\":[\"https:\\\/\\\/auren.com\\\/co\\\/blog\\\/a-partir-del-9-de-agosto-se-venceran-los-terminos-para-la-presentacion-oportuna-de-la-declaracion-anual-de-activos-en-el-exterior-a-cargo-de-las-personas-naturales\\\/\"]}]},{\"@type\":\"ImageObject\",\"inLanguage\":\"es\",\"@id\":\"https:\\\/\\\/auren.com\\\/co\\\/blog\\\/a-partir-del-9-de-agosto-se-venceran-los-terminos-para-la-presentacion-oportuna-de-la-declaracion-anual-de-activos-en-el-exterior-a-cargo-de-las-personas-naturales\\\/#primaryimage\",\"url\":\"https:\\\/\\\/auren.com\\\/co\\\/wp-content\\\/uploads\\\/2017\\\/07\\\/mundo-9-6.jpg\",\"contentUrl\":\"https:\\\/\\\/auren.com\\\/co\\\/wp-content\\\/uploads\\\/2017\\\/07\\\/mundo-9-6.jpg\",\"width\":1000,\"height\":502},{\"@type\":\"BreadcrumbList\",\"@id\":\"https:\\\/\\\/auren.com\\\/co\\\/blog\\\/a-partir-del-9-de-agosto-se-venceran-los-terminos-para-la-presentacion-oportuna-de-la-declaracion-anual-de-activos-en-el-exterior-a-cargo-de-las-personas-naturales\\\/#breadcrumb\",\"itemListElement\":[{\"@type\":\"ListItem\",\"position\":1,\"name\":\"Portada\",\"item\":\"https:\\\/\\\/auren.com\\\/co\\\/\"},{\"@type\":\"ListItem\",\"position\":2,\"name\":\"A partir del 9 de agosto se vencer\u00e1n los t\u00e9rminos para la presentaci\u00f3n oportuna de la declaraci\u00f3n anual de activos en el exterior a cargo de las personas naturales\"}]},{\"@type\":\"WebSite\",\"@id\":\"https:\\\/\\\/auren.com\\\/co\\\/#website\",\"url\":\"https:\\\/\\\/auren.com\\\/co\\\/\",\"name\":\"Auren Colombia\",\"description\":\"\",\"publisher\":{\"@id\":\"https:\\\/\\\/auren.com\\\/co\\\/#organization\"},\"potentialAction\":[{\"@type\":\"SearchAction\",\"target\":{\"@type\":\"EntryPoint\",\"urlTemplate\":\"https:\\\/\\\/auren.com\\\/co\\\/?s={search_term_string}\"},\"query-input\":{\"@type\":\"PropertyValueSpecification\",\"valueRequired\":true,\"valueName\":\"search_term_string\"}}],\"inLanguage\":\"es\"},{\"@type\":\"Organization\",\"@id\":\"https:\\\/\\\/auren.com\\\/co\\\/#organization\",\"name\":\"Auren Colombia\",\"url\":\"https:\\\/\\\/auren.com\\\/co\\\/\",\"logo\":{\"@type\":\"ImageObject\",\"inLanguage\":\"es\",\"@id\":\"https:\\\/\\\/auren.com\\\/co\\\/#\\\/schema\\\/logo\\\/image\\\/\",\"url\":\"https:\\\/\\\/auren.com\\\/co\\\/wp-content\\\/uploads\\\/2025\\\/01\\\/cropped-cropped-favicon-Auren.png\",\"contentUrl\":\"https:\\\/\\\/auren.com\\\/co\\\/wp-content\\\/uploads\\\/2025\\\/01\\\/cropped-cropped-favicon-Auren.png\",\"width\":512,\"height\":512,\"caption\":\"Auren Colombia\"},\"image\":{\"@id\":\"https:\\\/\\\/auren.com\\\/co\\\/#\\\/schema\\\/logo\\\/image\\\/\"},\"sameAs\":[\"https:\\\/\\\/x.com\\\/AurenColombia\",\"https:\\\/\\\/www.instagram.com\\\/aurencolombia\\\/\",\"https:\\\/\\\/www.youtube.com\\\/channel\\\/UCRYoGRMR_k4oVWesdErApmA\",\"https:\\\/\\\/www.linkedin.com\\\/company\\\/auren-colombia\"]}]}<\/script>\n<!-- \/ Yoast SEO plugin. -->","yoast_head_json":{"title":"A partir del 9 de agosto se vencer\u00e1n los t\u00e9rminos para la presentaci\u00f3n oportuna de la declaraci\u00f3n anual de activos en el exterior a cargo de las personas naturales - Auren Colombia","robots":{"index":"index","follow":"follow","max-snippet":"max-snippet:-1","max-image-preview":"max-image-preview:large","max-video-preview":"max-video-preview:-1"},"canonical":"https:\/\/auren.com\/co\/blog\/a-partir-del-9-de-agosto-se-venceran-los-terminos-para-la-presentacion-oportuna-de-la-declaracion-anual-de-activos-en-el-exterior-a-cargo-de-las-personas-naturales\/","og_locale":"es_ES","og_type":"article","og_title":"A partir del 9 de agosto se vencer\u00e1n los t\u00e9rminos para la presentaci\u00f3n oportuna de la declaraci\u00f3n anual de activos en el exterior a cargo de las personas naturales - Auren Colombia","og_description":"Entre agosto y octubre de 2017 vencer\u00e1 la oportunidad para que las personas naturales presenten la declaraci\u00f3n anual de activos en el exterior, establecida en la Ley 1739 de 2014.","og_url":"https:\/\/auren.com\/co\/blog\/a-partir-del-9-de-agosto-se-venceran-los-terminos-para-la-presentacion-oportuna-de-la-declaracion-anual-de-activos-en-el-exterior-a-cargo-de-las-personas-naturales\/","og_site_name":"Auren Colombia","og_image":[{"width":1000,"height":502,"url":"https:\/\/auren.com\/co\/wp-content\/uploads\/2017\/07\/mundo-9-6.jpg","type":"image\/jpeg"}],"twitter_card":"summary_large_image","twitter_site":"@AurenColombia","twitter_misc":{"Tiempo de lectura":"1 minuto"},"schema":{"@context":"https:\/\/schema.org","@graph":[{"@type":"WebPage","@id":"https:\/\/auren.com\/co\/blog\/a-partir-del-9-de-agosto-se-venceran-los-terminos-para-la-presentacion-oportuna-de-la-declaracion-anual-de-activos-en-el-exterior-a-cargo-de-las-personas-naturales\/","url":"https:\/\/auren.com\/co\/blog\/a-partir-del-9-de-agosto-se-venceran-los-terminos-para-la-presentacion-oportuna-de-la-declaracion-anual-de-activos-en-el-exterior-a-cargo-de-las-personas-naturales\/","name":"A partir del 9 de agosto se vencer\u00e1n los t\u00e9rminos para la presentaci\u00f3n oportuna de la declaraci\u00f3n anual de activos en el exterior a cargo de las personas naturales - Auren Colombia","isPartOf":{"@id":"https:\/\/auren.com\/co\/#website"},"primaryImageOfPage":{"@id":"https:\/\/auren.com\/co\/blog\/a-partir-del-9-de-agosto-se-venceran-los-terminos-para-la-presentacion-oportuna-de-la-declaracion-anual-de-activos-en-el-exterior-a-cargo-de-las-personas-naturales\/#primaryimage"},"image":{"@id":"https:\/\/auren.com\/co\/blog\/a-partir-del-9-de-agosto-se-venceran-los-terminos-para-la-presentacion-oportuna-de-la-declaracion-anual-de-activos-en-el-exterior-a-cargo-de-las-personas-naturales\/#primaryimage"},"thumbnailUrl":"https:\/\/auren.com\/co\/wp-content\/uploads\/2017\/07\/mundo-9-6.jpg","datePublished":"2017-07-17T15:41:31+00:00","breadcrumb":{"@id":"https:\/\/auren.com\/co\/blog\/a-partir-del-9-de-agosto-se-venceran-los-terminos-para-la-presentacion-oportuna-de-la-declaracion-anual-de-activos-en-el-exterior-a-cargo-de-las-personas-naturales\/#breadcrumb"},"inLanguage":"es","potentialAction":[{"@type":"ReadAction","target":["https:\/\/auren.com\/co\/blog\/a-partir-del-9-de-agosto-se-venceran-los-terminos-para-la-presentacion-oportuna-de-la-declaracion-anual-de-activos-en-el-exterior-a-cargo-de-las-personas-naturales\/"]}]},{"@type":"ImageObject","inLanguage":"es","@id":"https:\/\/auren.com\/co\/blog\/a-partir-del-9-de-agosto-se-venceran-los-terminos-para-la-presentacion-oportuna-de-la-declaracion-anual-de-activos-en-el-exterior-a-cargo-de-las-personas-naturales\/#primaryimage","url":"https:\/\/auren.com\/co\/wp-content\/uploads\/2017\/07\/mundo-9-6.jpg","contentUrl":"https:\/\/auren.com\/co\/wp-content\/uploads\/2017\/07\/mundo-9-6.jpg","width":1000,"height":502},{"@type":"BreadcrumbList","@id":"https:\/\/auren.com\/co\/blog\/a-partir-del-9-de-agosto-se-venceran-los-terminos-para-la-presentacion-oportuna-de-la-declaracion-anual-de-activos-en-el-exterior-a-cargo-de-las-personas-naturales\/#breadcrumb","itemListElement":[{"@type":"ListItem","position":1,"name":"Portada","item":"https:\/\/auren.com\/co\/"},{"@type":"ListItem","position":2,"name":"A partir del 9 de agosto se vencer\u00e1n los t\u00e9rminos para la presentaci\u00f3n oportuna de la declaraci\u00f3n anual de activos en el exterior a cargo de las personas naturales"}]},{"@type":"WebSite","@id":"https:\/\/auren.com\/co\/#website","url":"https:\/\/auren.com\/co\/","name":"Auren Colombia","description":"","publisher":{"@id":"https:\/\/auren.com\/co\/#organization"},"potentialAction":[{"@type":"SearchAction","target":{"@type":"EntryPoint","urlTemplate":"https:\/\/auren.com\/co\/?s={search_term_string}"},"query-input":{"@type":"PropertyValueSpecification","valueRequired":true,"valueName":"search_term_string"}}],"inLanguage":"es"},{"@type":"Organization","@id":"https:\/\/auren.com\/co\/#organization","name":"Auren Colombia","url":"https:\/\/auren.com\/co\/","logo":{"@type":"ImageObject","inLanguage":"es","@id":"https:\/\/auren.com\/co\/#\/schema\/logo\/image\/","url":"https:\/\/auren.com\/co\/wp-content\/uploads\/2025\/01\/cropped-cropped-favicon-Auren.png","contentUrl":"https:\/\/auren.com\/co\/wp-content\/uploads\/2025\/01\/cropped-cropped-favicon-Auren.png","width":512,"height":512,"caption":"Auren Colombia"},"image":{"@id":"https:\/\/auren.com\/co\/#\/schema\/logo\/image\/"},"sameAs":["https:\/\/x.com\/AurenColombia","https:\/\/www.instagram.com\/aurencolombia\/","https:\/\/www.youtube.com\/channel\/UCRYoGRMR_k4oVWesdErApmA","https:\/\/www.linkedin.com\/company\/auren-colombia"]}]}},"_links":{"self":[{"href":"https:\/\/auren.com\/co\/wp-json\/wp\/v2\/blog\/11259","targetHints":{"allow":["GET"]}}],"collection":[{"href":"https:\/\/auren.com\/co\/wp-json\/wp\/v2\/blog"}],"about":[{"href":"https:\/\/auren.com\/co\/wp-json\/wp\/v2\/types\/blog"}],"version-history":[{"count":0,"href":"https:\/\/auren.com\/co\/wp-json\/wp\/v2\/blog\/11259\/revisions"}],"wp:featuredmedia":[{"embeddable":true,"href":"https:\/\/auren.com\/co\/wp-json\/wp\/v2\/media\/11260"}],"wp:attachment":[{"href":"https:\/\/auren.com\/co\/wp-json\/wp\/v2\/media?parent=11259"}],"wp:term":[{"taxonomy":"blog-category","embeddable":true,"href":"https:\/\/auren.com\/co\/wp-json\/wp\/v2\/blog-category?post=11259"}],"curies":[{"name":"wp","href":"https:\/\/api.w.org\/{rel}","templated":true}]}}