{"id":11262,"date":"2017-07-17T15:09:24","date_gmt":"2017-07-17T13:09:24","guid":{"rendered":"https:\/\/auren.com\/co\/blog\/a-partir-del-9-de-agosto-se-venceran-los-terminos-para-la-presentacion-oportuna-de-la-declaracion-de-renta-personas-naturales\/"},"modified":"2017-07-17T15:09:24","modified_gmt":"2017-07-17T13:09:24","slug":"a-partir-del-9-de-agosto-se-venceran-los-terminos-para-la-presentacion-oportuna-de-la-declaracion-de-renta-personas-naturales","status":"publish","type":"blog","link":"https:\/\/auren.com\/co\/blog\/a-partir-del-9-de-agosto-se-venceran-los-terminos-para-la-presentacion-oportuna-de-la-declaracion-de-renta-personas-naturales\/","title":{"rendered":"A partir del 9 de agosto se vencer\u00e1n los t\u00e9rminos para la presentaci\u00f3n oportuna de la declaraci\u00f3n de renta personas naturales."},"content":{"rendered":"<\/p>\n<p>Entre agosto y octubre de 2017 vencer\u00e1 la oportunidad para que las personas naturales presenten la declaraci\u00f3n de renta y complementarios; los contribuyentes obligados a presentarla, deben tener actualizado el RUT y deben verificar si les corresponde presentar la declaraci\u00f3n en forma litogr\u00e1fica o virtual, en este \u00faltimo caso, deber\u00e1n contar con el mecanismo de firma electr\u00f3nica.   <\/p>\n<p>Los contribuyentes deber\u00e1n tributar de acuerdo a la clasificaci\u00f3n tributaria que estableci\u00f3 la ley 1607 de 2012, a\u00fan vigente para el a\u00f1o gravable 2016. Por tanto, adem\u00e1s de la determinaci\u00f3n ordinaria del impuesto (la que compara las renta reales con la renta presuntiva), tendr\u00e1n aplicaci\u00f3n los sistemas de determinaci\u00f3n del impuesto m\u00ednimo alternativo nacional (IMAN) e impuesto m\u00ednimo alternativo simple (IMAS), debi\u00e9ndose utilizar el formulario que corresponda: 110 (para los obligados a llevar contabilidad), 210 (para los no obligados a llevar contabilidad), 230 (IMAS para empleados) y 240 (IMAS para trabajadores por cuenta propia).<\/p>\n<p>Por el a\u00f1o gravable 2016, no est\u00e1n obligadas a declarar, las personas naturales que cumplan la totalidad de los siguientes requisitos:<\/p>\n<ul>\n<li>Que el patrimonio bruto al 31 de diciembre de 2016 no exceda de 4.500 UVT ($133.889.000).   <\/li>\n<li>Que los ingresos brutos sean inferiores a 1.400 UVT ($41.654.000).   <\/li>\n<li>Que los consumos mediante tarjeta de cr\u00e9dito no excedan de 2.800 UVT ($83.308.000).   <\/li>\n<li>Que el valor total de compras y consumos no supere las 2.800 UVT ($83.308.000). &nbsp; &nbsp;<\/li>\n<li>Que el valor total acumulado de consignaciones bancarias, dep\u00f3sitos o inversiones financieras, no exceda de 4.500 UVT ($133.889.000).<\/li>\n<\/ul>\n<\/p>\n<p><!-- AddThis Advanced Settings generic via filter on the_content --><!-- AddThis Share Buttons generic via filter on the_content --><\/p>\n","protected":false},"excerpt":{"rendered":"<p>Entre agosto y octubre de 2017 vencer\u00e1 la oportunidad para que las personas naturales presenten la declaraci\u00f3n de renta y complementarios; los contribuyentes obligados a presentarla, deben tener actualizado el RUT y deben verificar si les corresponde presentar la declaraci\u00f3n en forma litogr\u00e1fica o virtual, en este \u00faltimo caso, deber\u00e1n contar con el mecanismo de firma electr\u00f3nica.<\/p>\n","protected":false},"featured_media":11263,"template":"","meta":{"_acf_changed":false,"footnotes":""},"blog-category":[],"class_list":["post-11262","blog","type-blog","status-publish","has-post-thumbnail","hentry"],"acf":[],"yoast_head":"<!-- This site is optimized with the Yoast SEO plugin v27.4 - https:\/\/yoast.com\/product\/yoast-seo-wordpress\/ -->\n<title>A partir del 9 de agosto se vencer\u00e1n los t\u00e9rminos para la presentaci\u00f3n oportuna de la declaraci\u00f3n de renta personas naturales. - Auren Colombia<\/title>\n<meta name=\"robots\" content=\"index, follow, max-snippet:-1, max-image-preview:large, max-video-preview:-1\" \/>\n<link rel=\"canonical\" href=\"https:\/\/auren.com\/co\/blog\/a-partir-del-9-de-agosto-se-venceran-los-terminos-para-la-presentacion-oportuna-de-la-declaracion-de-renta-personas-naturales\/\" \/>\n<meta property=\"og:locale\" content=\"es_ES\" \/>\n<meta property=\"og:type\" content=\"article\" \/>\n<meta property=\"og:title\" content=\"A partir del 9 de agosto se vencer\u00e1n los t\u00e9rminos para la presentaci\u00f3n oportuna de la declaraci\u00f3n de renta personas naturales. - Auren Colombia\" \/>\n<meta property=\"og:description\" content=\"Entre agosto y octubre de 2017 vencer\u00e1 la oportunidad para que las personas naturales presenten la declaraci\u00f3n de renta y complementarios; los contribuyentes obligados a presentarla, deben tener actualizado el RUT y deben verificar si les corresponde presentar la declaraci\u00f3n en forma litogr\u00e1fica o virtual, en este \u00faltimo caso, deber\u00e1n contar con el mecanismo de firma electr\u00f3nica.\" \/>\n<meta property=\"og:url\" content=\"https:\/\/auren.com\/co\/blog\/a-partir-del-9-de-agosto-se-venceran-los-terminos-para-la-presentacion-oportuna-de-la-declaracion-de-renta-personas-naturales\/\" \/>\n<meta property=\"og:site_name\" content=\"Auren Colombia\" \/>\n<meta property=\"og:image\" content=\"https:\/\/auren.com\/co\/wp-content\/uploads\/2017\/07\/declaracion-24.jpg\" \/>\n\t<meta property=\"og:image:width\" content=\"1000\" \/>\n\t<meta property=\"og:image:height\" content=\"502\" \/>\n\t<meta property=\"og:image:type\" content=\"image\/jpeg\" \/>\n<meta name=\"twitter:card\" content=\"summary_large_image\" \/>\n<meta name=\"twitter:site\" content=\"@AurenColombia\" \/>\n<meta name=\"twitter:label1\" content=\"Tiempo de lectura\" \/>\n\t<meta name=\"twitter:data1\" content=\"1 minuto\" \/>\n<script type=\"application\/ld+json\" class=\"yoast-schema-graph\">{\"@context\":\"https:\\\/\\\/schema.org\",\"@graph\":[{\"@type\":\"WebPage\",\"@id\":\"https:\\\/\\\/auren.com\\\/co\\\/blog\\\/a-partir-del-9-de-agosto-se-venceran-los-terminos-para-la-presentacion-oportuna-de-la-declaracion-de-renta-personas-naturales\\\/\",\"url\":\"https:\\\/\\\/auren.com\\\/co\\\/blog\\\/a-partir-del-9-de-agosto-se-venceran-los-terminos-para-la-presentacion-oportuna-de-la-declaracion-de-renta-personas-naturales\\\/\",\"name\":\"A partir del 9 de agosto se vencer\u00e1n los t\u00e9rminos para la presentaci\u00f3n oportuna de la declaraci\u00f3n de renta personas naturales. - Auren Colombia\",\"isPartOf\":{\"@id\":\"https:\\\/\\\/auren.com\\\/co\\\/#website\"},\"primaryImageOfPage\":{\"@id\":\"https:\\\/\\\/auren.com\\\/co\\\/blog\\\/a-partir-del-9-de-agosto-se-venceran-los-terminos-para-la-presentacion-oportuna-de-la-declaracion-de-renta-personas-naturales\\\/#primaryimage\"},\"image\":{\"@id\":\"https:\\\/\\\/auren.com\\\/co\\\/blog\\\/a-partir-del-9-de-agosto-se-venceran-los-terminos-para-la-presentacion-oportuna-de-la-declaracion-de-renta-personas-naturales\\\/#primaryimage\"},\"thumbnailUrl\":\"https:\\\/\\\/auren.com\\\/co\\\/wp-content\\\/uploads\\\/2017\\\/07\\\/declaracion-24.jpg\",\"datePublished\":\"2017-07-17T13:09:24+00:00\",\"breadcrumb\":{\"@id\":\"https:\\\/\\\/auren.com\\\/co\\\/blog\\\/a-partir-del-9-de-agosto-se-venceran-los-terminos-para-la-presentacion-oportuna-de-la-declaracion-de-renta-personas-naturales\\\/#breadcrumb\"},\"inLanguage\":\"es\",\"potentialAction\":[{\"@type\":\"ReadAction\",\"target\":[\"https:\\\/\\\/auren.com\\\/co\\\/blog\\\/a-partir-del-9-de-agosto-se-venceran-los-terminos-para-la-presentacion-oportuna-de-la-declaracion-de-renta-personas-naturales\\\/\"]}]},{\"@type\":\"ImageObject\",\"inLanguage\":\"es\",\"@id\":\"https:\\\/\\\/auren.com\\\/co\\\/blog\\\/a-partir-del-9-de-agosto-se-venceran-los-terminos-para-la-presentacion-oportuna-de-la-declaracion-de-renta-personas-naturales\\\/#primaryimage\",\"url\":\"https:\\\/\\\/auren.com\\\/co\\\/wp-content\\\/uploads\\\/2017\\\/07\\\/declaracion-24.jpg\",\"contentUrl\":\"https:\\\/\\\/auren.com\\\/co\\\/wp-content\\\/uploads\\\/2017\\\/07\\\/declaracion-24.jpg\",\"width\":1000,\"height\":502},{\"@type\":\"BreadcrumbList\",\"@id\":\"https:\\\/\\\/auren.com\\\/co\\\/blog\\\/a-partir-del-9-de-agosto-se-venceran-los-terminos-para-la-presentacion-oportuna-de-la-declaracion-de-renta-personas-naturales\\\/#breadcrumb\",\"itemListElement\":[{\"@type\":\"ListItem\",\"position\":1,\"name\":\"Portada\",\"item\":\"https:\\\/\\\/auren.com\\\/co\\\/\"},{\"@type\":\"ListItem\",\"position\":2,\"name\":\"A partir del 9 de agosto se vencer\u00e1n los t\u00e9rminos para la presentaci\u00f3n oportuna de la declaraci\u00f3n de renta personas naturales.\"}]},{\"@type\":\"WebSite\",\"@id\":\"https:\\\/\\\/auren.com\\\/co\\\/#website\",\"url\":\"https:\\\/\\\/auren.com\\\/co\\\/\",\"name\":\"Auren Colombia\",\"description\":\"\",\"publisher\":{\"@id\":\"https:\\\/\\\/auren.com\\\/co\\\/#organization\"},\"potentialAction\":[{\"@type\":\"SearchAction\",\"target\":{\"@type\":\"EntryPoint\",\"urlTemplate\":\"https:\\\/\\\/auren.com\\\/co\\\/?s={search_term_string}\"},\"query-input\":{\"@type\":\"PropertyValueSpecification\",\"valueRequired\":true,\"valueName\":\"search_term_string\"}}],\"inLanguage\":\"es\"},{\"@type\":\"Organization\",\"@id\":\"https:\\\/\\\/auren.com\\\/co\\\/#organization\",\"name\":\"Auren Colombia\",\"url\":\"https:\\\/\\\/auren.com\\\/co\\\/\",\"logo\":{\"@type\":\"ImageObject\",\"inLanguage\":\"es\",\"@id\":\"https:\\\/\\\/auren.com\\\/co\\\/#\\\/schema\\\/logo\\\/image\\\/\",\"url\":\"https:\\\/\\\/auren.com\\\/co\\\/wp-content\\\/uploads\\\/2025\\\/01\\\/cropped-cropped-favicon-Auren.png\",\"contentUrl\":\"https:\\\/\\\/auren.com\\\/co\\\/wp-content\\\/uploads\\\/2025\\\/01\\\/cropped-cropped-favicon-Auren.png\",\"width\":512,\"height\":512,\"caption\":\"Auren Colombia\"},\"image\":{\"@id\":\"https:\\\/\\\/auren.com\\\/co\\\/#\\\/schema\\\/logo\\\/image\\\/\"},\"sameAs\":[\"https:\\\/\\\/x.com\\\/AurenColombia\",\"https:\\\/\\\/www.instagram.com\\\/aurencolombia\\\/\",\"https:\\\/\\\/www.youtube.com\\\/channel\\\/UCRYoGRMR_k4oVWesdErApmA\",\"https:\\\/\\\/www.linkedin.com\\\/company\\\/auren-colombia\"]}]}<\/script>\n<!-- \/ Yoast SEO plugin. -->","yoast_head_json":{"title":"A partir del 9 de agosto se vencer\u00e1n los t\u00e9rminos para la presentaci\u00f3n oportuna de la declaraci\u00f3n de renta personas naturales. - Auren Colombia","robots":{"index":"index","follow":"follow","max-snippet":"max-snippet:-1","max-image-preview":"max-image-preview:large","max-video-preview":"max-video-preview:-1"},"canonical":"https:\/\/auren.com\/co\/blog\/a-partir-del-9-de-agosto-se-venceran-los-terminos-para-la-presentacion-oportuna-de-la-declaracion-de-renta-personas-naturales\/","og_locale":"es_ES","og_type":"article","og_title":"A partir del 9 de agosto se vencer\u00e1n los t\u00e9rminos para la presentaci\u00f3n oportuna de la declaraci\u00f3n de renta personas naturales. - Auren Colombia","og_description":"Entre agosto y octubre de 2017 vencer\u00e1 la oportunidad para que las personas naturales presenten la declaraci\u00f3n de renta y complementarios; los contribuyentes obligados a presentarla, deben tener actualizado el RUT y deben verificar si les corresponde presentar la declaraci\u00f3n en forma litogr\u00e1fica o virtual, en este \u00faltimo caso, deber\u00e1n contar con el mecanismo de firma electr\u00f3nica.","og_url":"https:\/\/auren.com\/co\/blog\/a-partir-del-9-de-agosto-se-venceran-los-terminos-para-la-presentacion-oportuna-de-la-declaracion-de-renta-personas-naturales\/","og_site_name":"Auren Colombia","og_image":[{"width":1000,"height":502,"url":"https:\/\/auren.com\/co\/wp-content\/uploads\/2017\/07\/declaracion-24.jpg","type":"image\/jpeg"}],"twitter_card":"summary_large_image","twitter_site":"@AurenColombia","twitter_misc":{"Tiempo de lectura":"1 minuto"},"schema":{"@context":"https:\/\/schema.org","@graph":[{"@type":"WebPage","@id":"https:\/\/auren.com\/co\/blog\/a-partir-del-9-de-agosto-se-venceran-los-terminos-para-la-presentacion-oportuna-de-la-declaracion-de-renta-personas-naturales\/","url":"https:\/\/auren.com\/co\/blog\/a-partir-del-9-de-agosto-se-venceran-los-terminos-para-la-presentacion-oportuna-de-la-declaracion-de-renta-personas-naturales\/","name":"A partir del 9 de agosto se vencer\u00e1n los t\u00e9rminos para la presentaci\u00f3n oportuna de la declaraci\u00f3n de renta personas naturales. - Auren Colombia","isPartOf":{"@id":"https:\/\/auren.com\/co\/#website"},"primaryImageOfPage":{"@id":"https:\/\/auren.com\/co\/blog\/a-partir-del-9-de-agosto-se-venceran-los-terminos-para-la-presentacion-oportuna-de-la-declaracion-de-renta-personas-naturales\/#primaryimage"},"image":{"@id":"https:\/\/auren.com\/co\/blog\/a-partir-del-9-de-agosto-se-venceran-los-terminos-para-la-presentacion-oportuna-de-la-declaracion-de-renta-personas-naturales\/#primaryimage"},"thumbnailUrl":"https:\/\/auren.com\/co\/wp-content\/uploads\/2017\/07\/declaracion-24.jpg","datePublished":"2017-07-17T13:09:24+00:00","breadcrumb":{"@id":"https:\/\/auren.com\/co\/blog\/a-partir-del-9-de-agosto-se-venceran-los-terminos-para-la-presentacion-oportuna-de-la-declaracion-de-renta-personas-naturales\/#breadcrumb"},"inLanguage":"es","potentialAction":[{"@type":"ReadAction","target":["https:\/\/auren.com\/co\/blog\/a-partir-del-9-de-agosto-se-venceran-los-terminos-para-la-presentacion-oportuna-de-la-declaracion-de-renta-personas-naturales\/"]}]},{"@type":"ImageObject","inLanguage":"es","@id":"https:\/\/auren.com\/co\/blog\/a-partir-del-9-de-agosto-se-venceran-los-terminos-para-la-presentacion-oportuna-de-la-declaracion-de-renta-personas-naturales\/#primaryimage","url":"https:\/\/auren.com\/co\/wp-content\/uploads\/2017\/07\/declaracion-24.jpg","contentUrl":"https:\/\/auren.com\/co\/wp-content\/uploads\/2017\/07\/declaracion-24.jpg","width":1000,"height":502},{"@type":"BreadcrumbList","@id":"https:\/\/auren.com\/co\/blog\/a-partir-del-9-de-agosto-se-venceran-los-terminos-para-la-presentacion-oportuna-de-la-declaracion-de-renta-personas-naturales\/#breadcrumb","itemListElement":[{"@type":"ListItem","position":1,"name":"Portada","item":"https:\/\/auren.com\/co\/"},{"@type":"ListItem","position":2,"name":"A partir del 9 de agosto se vencer\u00e1n los t\u00e9rminos para la presentaci\u00f3n oportuna de la declaraci\u00f3n de renta personas naturales."}]},{"@type":"WebSite","@id":"https:\/\/auren.com\/co\/#website","url":"https:\/\/auren.com\/co\/","name":"Auren Colombia","description":"","publisher":{"@id":"https:\/\/auren.com\/co\/#organization"},"potentialAction":[{"@type":"SearchAction","target":{"@type":"EntryPoint","urlTemplate":"https:\/\/auren.com\/co\/?s={search_term_string}"},"query-input":{"@type":"PropertyValueSpecification","valueRequired":true,"valueName":"search_term_string"}}],"inLanguage":"es"},{"@type":"Organization","@id":"https:\/\/auren.com\/co\/#organization","name":"Auren Colombia","url":"https:\/\/auren.com\/co\/","logo":{"@type":"ImageObject","inLanguage":"es","@id":"https:\/\/auren.com\/co\/#\/schema\/logo\/image\/","url":"https:\/\/auren.com\/co\/wp-content\/uploads\/2025\/01\/cropped-cropped-favicon-Auren.png","contentUrl":"https:\/\/auren.com\/co\/wp-content\/uploads\/2025\/01\/cropped-cropped-favicon-Auren.png","width":512,"height":512,"caption":"Auren Colombia"},"image":{"@id":"https:\/\/auren.com\/co\/#\/schema\/logo\/image\/"},"sameAs":["https:\/\/x.com\/AurenColombia","https:\/\/www.instagram.com\/aurencolombia\/","https:\/\/www.youtube.com\/channel\/UCRYoGRMR_k4oVWesdErApmA","https:\/\/www.linkedin.com\/company\/auren-colombia"]}]}},"_links":{"self":[{"href":"https:\/\/auren.com\/co\/wp-json\/wp\/v2\/blog\/11262","targetHints":{"allow":["GET"]}}],"collection":[{"href":"https:\/\/auren.com\/co\/wp-json\/wp\/v2\/blog"}],"about":[{"href":"https:\/\/auren.com\/co\/wp-json\/wp\/v2\/types\/blog"}],"version-history":[{"count":0,"href":"https:\/\/auren.com\/co\/wp-json\/wp\/v2\/blog\/11262\/revisions"}],"wp:featuredmedia":[{"embeddable":true,"href":"https:\/\/auren.com\/co\/wp-json\/wp\/v2\/media\/11263"}],"wp:attachment":[{"href":"https:\/\/auren.com\/co\/wp-json\/wp\/v2\/media?parent=11262"}],"wp:term":[{"taxonomy":"blog-category","embeddable":true,"href":"https:\/\/auren.com\/co\/wp-json\/wp\/v2\/blog-category?post=11262"}],"curies":[{"name":"wp","href":"https:\/\/api.w.org\/{rel}","templated":true}]}}