{"id":11265,"date":"2017-07-06T16:10:42","date_gmt":"2017-07-06T14:10:42","guid":{"rendered":"https:\/\/auren.com\/co\/blog\/emision-de-informacion-financiera-intermedia-bajo-niif\/"},"modified":"2017-07-06T16:10:42","modified_gmt":"2017-07-06T14:10:42","slug":"emision-de-informacion-financiera-intermedia-bajo-niif","status":"publish","type":"blog","link":"https:\/\/auren.com\/co\/blog\/emision-de-informacion-financiera-intermedia-bajo-niif\/","title":{"rendered":"EMISI\u00d3N DE INFORMACI\u00d3N FINANCIERA INTERMEDIA BAJO NIIF"},"content":{"rendered":"<p class=\"text-justify\">Con la finalizaci\u00f3n en Colombia, de los cronogramas para la implementaci\u00f3n definitiva de las Normas Internacionales de Informaci\u00f3n Financiera (NIIF); que concluyeron el pasado 31 de diciembre de 2016, para la mayor\u00eda de los preparadores de informaci\u00f3n financiera que conforman el Grupo 2, en cumplimiento del Decreto Reglamentario 3022 del 27 de diciembre de 2013 (se debe recordar que los cronogramas de implementaci\u00f3n para los preparadores de informaci\u00f3n financiera que conforman los Grupos 1 y 3 &nbsp;concluyeron el 31 de diciembre de 2015); se concluy\u00f3 oficialmente con la convergencia a dichas normas internacionales, previstas en la Ley 1314 del 13 de julio de 2009.   <\/p>\n<p class=\"text-justify\">Considerando que a partir de las fechas indicadas anteriormente, todos los preparadores de informaci\u00f3n financiera en Colombia, deben cumplir obligatoriamente con el marco t\u00e9cnico normativo establecido en las Normas Internacionales de Informaci\u00f3n Financiera (NIIF), es pertinente y necesario ajustar los procedimientos para la emisi\u00f3n de informaci\u00f3n financiera intermedia, contemplados en este marco normativo.   <\/p>\n<p class=\"text-justify\">En el ejercicio de nuestra pr\u00e1ctica profesional, es com\u00fan la emisi\u00f3n de informaci\u00f3n financiera en periodos diferentes al corte del 31 de diciembre, que para efectos legales es la fecha obligatoria para la preparaci\u00f3n y difusi\u00f3n de estados financieros en Colombia (Art\u00edculo 34 de la Ley 222 de 1995 que modific\u00f3 el C\u00f3digo de Comercio). Un ejemplo de esa pr\u00e1ctica, es el env\u00edo de informaci\u00f3n financiera intermedia, para la renovaci\u00f3n de los cupos de cr\u00e9dito ante las entidades financieras.   <\/p>\n<p class=\"text-justify\">No obstante lo anterior, dicha pr\u00e1ctica de env\u00edo de informaci\u00f3n financiera intermedia, se ha \u201cdegradado\u201d de tal forma, que se ha convertido en una mala costumbre profesional el env\u00edo de informaci\u00f3n, sin cumplir con la normatividad legal al respecto. En este punto es importante recordar, que el Decreto Reglamentario 2649 de 1993, que era nuestro marco conceptual contable anterior, contemplaba en su Art\u00edculo 26, los requisitos para la emisi\u00f3n de estados financieros intermedios, indicando que estos deb\u00edan \u201cobservar los mismos principios que se utilizan para elaborar estados financieros al cierre del ejercicio\u201d, situaci\u00f3n que evidentemente no se cumpl\u00eda a cabalidad. Era com\u00fan y a\u00fan lo es, por ejemplo, enviar a las entidades financieras como informaci\u00f3n financiera intermedia, un simple balance de prueba junto con un estado de resultados (firmados por representante legal, contador y revisor fiscal). Evidentemente el env\u00edo de este tipo de informaci\u00f3n, no es pertinente ni t\u00e9cnico bajo ninguna normatividad.   <\/p>\n<p class=\"text-justify\">Considerando el marco t\u00e9cnico normativo establecido en las Normas Internacionales de Informaci\u00f3n Financiera (NIIF), que es de obligatorio cumplimiento en Colombia, es importante ajustar nuestros protocolos para la emisi\u00f3n de informaci\u00f3n financiera intermedia, para cumplir de manera estricta con lo indicado en dicha normatividad. Dichos protocolos deben ser definidos dependiendo del entorno profesional de servicio en el que estemos actuando (outsourcing contable, revisor\u00eda fiscal, auditor\u00eda externa, etc.)    <\/p>\n<p>Se debe recordar que la normatividad aplicable a este tema es la siguiente:   <\/p>\n<p><strong>a)<\/strong> NIC 34 denominada \u201cInformaci\u00f3n financiera intermedia\u201d, aplicable obligatoriamente en Colombia a preparadores de informaci\u00f3n financiera que conforman el Grupo 1 (NIIF plenas).    <\/p>\n<p><strong>b)<\/strong> Secci\u00f3n 3 de la \u201cNorma Internacional de Informaci\u00f3n Financiera para Peque\u00f1as y Medianas Entidades\u201d (NIIF para PYMES), aplicable obligatoriamente en Colombia a preparadores de informaci\u00f3n financiera que conforman el Grupo 2.   <\/p>\n<p><strong>c)<\/strong> Secci\u00f3n 3 del Anexo del \u201cMarco T\u00e9cnico Normativo de Informaci\u00f3n Financiera para Microempresas\u201d establecido en el Decreto 2706 del 27 de diciembre de 2012, aplicable obligatoriamente en Colombia a preparadores de informaci\u00f3n financiera que conforman el Grupo 3.&nbsp; <\/p>\n<p><!-- AddThis Advanced Settings generic via filter on the_content --><!-- AddThis Share Buttons generic via filter on the_content --><\/p>\n","protected":false},"excerpt":{"rendered":"<p>Todos los preparadores de informaci\u00f3n financiera en Colombia, deben cumplir obligatoriamente con el marco t\u00e9cnico normativo establecido en las Normas Internacionales de Informaci\u00f3n Financiera (NIIF), es pertinente y necesario ajustar los procedimientos para la emisi\u00f3n de informaci\u00f3n financiera intermedia, contemplados en este marco normativo.<\/p>\n","protected":false},"featured_media":11266,"template":"","meta":{"_acf_changed":false,"footnotes":""},"blog-category":[],"class_list":["post-11265","blog","type-blog","status-publish","has-post-thumbnail","hentry"],"acf":[],"yoast_head":"<!-- This site is optimized with the Yoast SEO plugin v27.4 - https:\/\/yoast.com\/product\/yoast-seo-wordpress\/ -->\n<title>EMISI\u00d3N DE INFORMACI\u00d3N FINANCIERA INTERMEDIA BAJO NIIF - Auren Colombia<\/title>\n<meta name=\"robots\" content=\"index, follow, max-snippet:-1, max-image-preview:large, max-video-preview:-1\" \/>\n<link rel=\"canonical\" href=\"https:\/\/auren.com\/co\/blog\/emision-de-informacion-financiera-intermedia-bajo-niif\/\" \/>\n<meta property=\"og:locale\" content=\"es_ES\" \/>\n<meta property=\"og:type\" content=\"article\" \/>\n<meta property=\"og:title\" content=\"EMISI\u00d3N DE INFORMACI\u00d3N FINANCIERA INTERMEDIA BAJO NIIF - Auren Colombia\" \/>\n<meta property=\"og:description\" content=\"Todos los preparadores de informaci\u00f3n financiera en Colombia, deben cumplir obligatoriamente con el marco t\u00e9cnico normativo establecido en las Normas Internacionales de Informaci\u00f3n Financiera (NIIF), es pertinente y necesario ajustar los procedimientos para la emisi\u00f3n de informaci\u00f3n financiera intermedia, contemplados en este marco normativo.\" \/>\n<meta property=\"og:url\" content=\"https:\/\/auren.com\/co\/blog\/emision-de-informacion-financiera-intermedia-bajo-niif\/\" \/>\n<meta property=\"og:site_name\" content=\"Auren Colombia\" \/>\n<meta property=\"og:image\" content=\"https:\/\/auren.com\/co\/wp-content\/uploads\/2017\/07\/shutterstock-174863018-klein-2.jpg\" \/>\n\t<meta property=\"og:image:width\" content=\"702\" \/>\n\t<meta property=\"og:image:height\" content=\"468\" \/>\n\t<meta property=\"og:image:type\" content=\"image\/jpeg\" \/>\n<meta name=\"twitter:card\" content=\"summary_large_image\" \/>\n<meta name=\"twitter:site\" content=\"@AurenColombia\" \/>\n<meta name=\"twitter:label1\" content=\"Tiempo de lectura\" \/>\n\t<meta name=\"twitter:data1\" content=\"3 minutos\" \/>\n<script type=\"application\/ld+json\" class=\"yoast-schema-graph\">{\"@context\":\"https:\\\/\\\/schema.org\",\"@graph\":[{\"@type\":\"WebPage\",\"@id\":\"https:\\\/\\\/auren.com\\\/co\\\/blog\\\/emision-de-informacion-financiera-intermedia-bajo-niif\\\/\",\"url\":\"https:\\\/\\\/auren.com\\\/co\\\/blog\\\/emision-de-informacion-financiera-intermedia-bajo-niif\\\/\",\"name\":\"EMISI\u00d3N DE INFORMACI\u00d3N FINANCIERA INTERMEDIA BAJO NIIF - Auren Colombia\",\"isPartOf\":{\"@id\":\"https:\\\/\\\/auren.com\\\/co\\\/#website\"},\"primaryImageOfPage\":{\"@id\":\"https:\\\/\\\/auren.com\\\/co\\\/blog\\\/emision-de-informacion-financiera-intermedia-bajo-niif\\\/#primaryimage\"},\"image\":{\"@id\":\"https:\\\/\\\/auren.com\\\/co\\\/blog\\\/emision-de-informacion-financiera-intermedia-bajo-niif\\\/#primaryimage\"},\"thumbnailUrl\":\"https:\\\/\\\/auren.com\\\/co\\\/wp-content\\\/uploads\\\/2017\\\/07\\\/shutterstock-174863018-klein-2.jpg\",\"datePublished\":\"2017-07-06T14:10:42+00:00\",\"breadcrumb\":{\"@id\":\"https:\\\/\\\/auren.com\\\/co\\\/blog\\\/emision-de-informacion-financiera-intermedia-bajo-niif\\\/#breadcrumb\"},\"inLanguage\":\"es\",\"potentialAction\":[{\"@type\":\"ReadAction\",\"target\":[\"https:\\\/\\\/auren.com\\\/co\\\/blog\\\/emision-de-informacion-financiera-intermedia-bajo-niif\\\/\"]}]},{\"@type\":\"ImageObject\",\"inLanguage\":\"es\",\"@id\":\"https:\\\/\\\/auren.com\\\/co\\\/blog\\\/emision-de-informacion-financiera-intermedia-bajo-niif\\\/#primaryimage\",\"url\":\"https:\\\/\\\/auren.com\\\/co\\\/wp-content\\\/uploads\\\/2017\\\/07\\\/shutterstock-174863018-klein-2.jpg\",\"contentUrl\":\"https:\\\/\\\/auren.com\\\/co\\\/wp-content\\\/uploads\\\/2017\\\/07\\\/shutterstock-174863018-klein-2.jpg\",\"width\":702,\"height\":468},{\"@type\":\"BreadcrumbList\",\"@id\":\"https:\\\/\\\/auren.com\\\/co\\\/blog\\\/emision-de-informacion-financiera-intermedia-bajo-niif\\\/#breadcrumb\",\"itemListElement\":[{\"@type\":\"ListItem\",\"position\":1,\"name\":\"Portada\",\"item\":\"https:\\\/\\\/auren.com\\\/co\\\/\"},{\"@type\":\"ListItem\",\"position\":2,\"name\":\"EMISI\u00d3N DE INFORMACI\u00d3N FINANCIERA INTERMEDIA BAJO NIIF\"}]},{\"@type\":\"WebSite\",\"@id\":\"https:\\\/\\\/auren.com\\\/co\\\/#website\",\"url\":\"https:\\\/\\\/auren.com\\\/co\\\/\",\"name\":\"Auren Colombia\",\"description\":\"\",\"publisher\":{\"@id\":\"https:\\\/\\\/auren.com\\\/co\\\/#organization\"},\"potentialAction\":[{\"@type\":\"SearchAction\",\"target\":{\"@type\":\"EntryPoint\",\"urlTemplate\":\"https:\\\/\\\/auren.com\\\/co\\\/?s={search_term_string}\"},\"query-input\":{\"@type\":\"PropertyValueSpecification\",\"valueRequired\":true,\"valueName\":\"search_term_string\"}}],\"inLanguage\":\"es\"},{\"@type\":\"Organization\",\"@id\":\"https:\\\/\\\/auren.com\\\/co\\\/#organization\",\"name\":\"Auren Colombia\",\"url\":\"https:\\\/\\\/auren.com\\\/co\\\/\",\"logo\":{\"@type\":\"ImageObject\",\"inLanguage\":\"es\",\"@id\":\"https:\\\/\\\/auren.com\\\/co\\\/#\\\/schema\\\/logo\\\/image\\\/\",\"url\":\"https:\\\/\\\/auren.com\\\/co\\\/wp-content\\\/uploads\\\/2025\\\/01\\\/cropped-cropped-favicon-Auren.png\",\"contentUrl\":\"https:\\\/\\\/auren.com\\\/co\\\/wp-content\\\/uploads\\\/2025\\\/01\\\/cropped-cropped-favicon-Auren.png\",\"width\":512,\"height\":512,\"caption\":\"Auren Colombia\"},\"image\":{\"@id\":\"https:\\\/\\\/auren.com\\\/co\\\/#\\\/schema\\\/logo\\\/image\\\/\"},\"sameAs\":[\"https:\\\/\\\/x.com\\\/AurenColombia\",\"https:\\\/\\\/www.instagram.com\\\/aurencolombia\\\/\",\"https:\\\/\\\/www.youtube.com\\\/channel\\\/UCRYoGRMR_k4oVWesdErApmA\",\"https:\\\/\\\/www.linkedin.com\\\/company\\\/auren-colombia\"]}]}<\/script>\n<!-- \/ Yoast SEO plugin. -->","yoast_head_json":{"title":"EMISI\u00d3N DE INFORMACI\u00d3N FINANCIERA INTERMEDIA BAJO NIIF - Auren Colombia","robots":{"index":"index","follow":"follow","max-snippet":"max-snippet:-1","max-image-preview":"max-image-preview:large","max-video-preview":"max-video-preview:-1"},"canonical":"https:\/\/auren.com\/co\/blog\/emision-de-informacion-financiera-intermedia-bajo-niif\/","og_locale":"es_ES","og_type":"article","og_title":"EMISI\u00d3N DE INFORMACI\u00d3N FINANCIERA INTERMEDIA BAJO NIIF - Auren Colombia","og_description":"Todos los preparadores de informaci\u00f3n financiera en Colombia, deben cumplir obligatoriamente con el marco t\u00e9cnico normativo establecido en las Normas Internacionales de Informaci\u00f3n Financiera (NIIF), es pertinente y necesario ajustar los procedimientos para la emisi\u00f3n de informaci\u00f3n financiera intermedia, contemplados en este marco normativo.","og_url":"https:\/\/auren.com\/co\/blog\/emision-de-informacion-financiera-intermedia-bajo-niif\/","og_site_name":"Auren Colombia","og_image":[{"width":702,"height":468,"url":"https:\/\/auren.com\/co\/wp-content\/uploads\/2017\/07\/shutterstock-174863018-klein-2.jpg","type":"image\/jpeg"}],"twitter_card":"summary_large_image","twitter_site":"@AurenColombia","twitter_misc":{"Tiempo de lectura":"3 minutos"},"schema":{"@context":"https:\/\/schema.org","@graph":[{"@type":"WebPage","@id":"https:\/\/auren.com\/co\/blog\/emision-de-informacion-financiera-intermedia-bajo-niif\/","url":"https:\/\/auren.com\/co\/blog\/emision-de-informacion-financiera-intermedia-bajo-niif\/","name":"EMISI\u00d3N DE INFORMACI\u00d3N FINANCIERA INTERMEDIA BAJO NIIF - Auren Colombia","isPartOf":{"@id":"https:\/\/auren.com\/co\/#website"},"primaryImageOfPage":{"@id":"https:\/\/auren.com\/co\/blog\/emision-de-informacion-financiera-intermedia-bajo-niif\/#primaryimage"},"image":{"@id":"https:\/\/auren.com\/co\/blog\/emision-de-informacion-financiera-intermedia-bajo-niif\/#primaryimage"},"thumbnailUrl":"https:\/\/auren.com\/co\/wp-content\/uploads\/2017\/07\/shutterstock-174863018-klein-2.jpg","datePublished":"2017-07-06T14:10:42+00:00","breadcrumb":{"@id":"https:\/\/auren.com\/co\/blog\/emision-de-informacion-financiera-intermedia-bajo-niif\/#breadcrumb"},"inLanguage":"es","potentialAction":[{"@type":"ReadAction","target":["https:\/\/auren.com\/co\/blog\/emision-de-informacion-financiera-intermedia-bajo-niif\/"]}]},{"@type":"ImageObject","inLanguage":"es","@id":"https:\/\/auren.com\/co\/blog\/emision-de-informacion-financiera-intermedia-bajo-niif\/#primaryimage","url":"https:\/\/auren.com\/co\/wp-content\/uploads\/2017\/07\/shutterstock-174863018-klein-2.jpg","contentUrl":"https:\/\/auren.com\/co\/wp-content\/uploads\/2017\/07\/shutterstock-174863018-klein-2.jpg","width":702,"height":468},{"@type":"BreadcrumbList","@id":"https:\/\/auren.com\/co\/blog\/emision-de-informacion-financiera-intermedia-bajo-niif\/#breadcrumb","itemListElement":[{"@type":"ListItem","position":1,"name":"Portada","item":"https:\/\/auren.com\/co\/"},{"@type":"ListItem","position":2,"name":"EMISI\u00d3N DE INFORMACI\u00d3N FINANCIERA INTERMEDIA BAJO NIIF"}]},{"@type":"WebSite","@id":"https:\/\/auren.com\/co\/#website","url":"https:\/\/auren.com\/co\/","name":"Auren Colombia","description":"","publisher":{"@id":"https:\/\/auren.com\/co\/#organization"},"potentialAction":[{"@type":"SearchAction","target":{"@type":"EntryPoint","urlTemplate":"https:\/\/auren.com\/co\/?s={search_term_string}"},"query-input":{"@type":"PropertyValueSpecification","valueRequired":true,"valueName":"search_term_string"}}],"inLanguage":"es"},{"@type":"Organization","@id":"https:\/\/auren.com\/co\/#organization","name":"Auren Colombia","url":"https:\/\/auren.com\/co\/","logo":{"@type":"ImageObject","inLanguage":"es","@id":"https:\/\/auren.com\/co\/#\/schema\/logo\/image\/","url":"https:\/\/auren.com\/co\/wp-content\/uploads\/2025\/01\/cropped-cropped-favicon-Auren.png","contentUrl":"https:\/\/auren.com\/co\/wp-content\/uploads\/2025\/01\/cropped-cropped-favicon-Auren.png","width":512,"height":512,"caption":"Auren Colombia"},"image":{"@id":"https:\/\/auren.com\/co\/#\/schema\/logo\/image\/"},"sameAs":["https:\/\/x.com\/AurenColombia","https:\/\/www.instagram.com\/aurencolombia\/","https:\/\/www.youtube.com\/channel\/UCRYoGRMR_k4oVWesdErApmA","https:\/\/www.linkedin.com\/company\/auren-colombia"]}]}},"_links":{"self":[{"href":"https:\/\/auren.com\/co\/wp-json\/wp\/v2\/blog\/11265","targetHints":{"allow":["GET"]}}],"collection":[{"href":"https:\/\/auren.com\/co\/wp-json\/wp\/v2\/blog"}],"about":[{"href":"https:\/\/auren.com\/co\/wp-json\/wp\/v2\/types\/blog"}],"version-history":[{"count":0,"href":"https:\/\/auren.com\/co\/wp-json\/wp\/v2\/blog\/11265\/revisions"}],"wp:featuredmedia":[{"embeddable":true,"href":"https:\/\/auren.com\/co\/wp-json\/wp\/v2\/media\/11266"}],"wp:attachment":[{"href":"https:\/\/auren.com\/co\/wp-json\/wp\/v2\/media?parent=11265"}],"wp:term":[{"taxonomy":"blog-category","embeddable":true,"href":"https:\/\/auren.com\/co\/wp-json\/wp\/v2\/blog-category?post=11265"}],"curies":[{"name":"wp","href":"https:\/\/api.w.org\/{rel}","templated":true}]}}