{"id":11646,"date":"2016-11-16T19:15:35","date_gmt":"2016-11-16T18:15:35","guid":{"rendered":"https:\/\/auren.com\/co\/blog\/embargo-de-acciones-no-afecta-su-titularidad-ni-impone-restriccion-diferente-a-la-libre-negociacion\/"},"modified":"2016-11-16T19:15:35","modified_gmt":"2016-11-16T18:15:35","slug":"embargo-de-acciones-no-afecta-su-titularidad-ni-impone-restriccion-diferente-a-la-libre-negociacion","status":"publish","type":"blog","link":"https:\/\/auren.com\/co\/blog\/embargo-de-acciones-no-afecta-su-titularidad-ni-impone-restriccion-diferente-a-la-libre-negociacion\/","title":{"rendered":"Embargo de acciones no afecta su titularidad ni impone restricci\u00f3n diferente a la libre negociaci\u00f3n."},"content":{"rendered":"<p style=\"text-align: justify;\">\n<p style=\"text-align: justify;\">\n<p style=\"text-align: justify;\">As\u00ed lo precis\u00f3 la Superintendencia de Sociedades, aduciendo que el propietario conserva los derechos de que trata el art\u00edculo 379 del <a href=\"http:\/\/legal.legis.com.co\/document.legis?documento=comerbasico&amp;contexto=comerbasico_0ec5a8c6635940139708632bed7e033b&amp;vista=GRP-PC&amp;q=&amp;fnpipelines=DOC_HIGHLIGHTER\">C\u00f3digo de Comercio<\/a>, como ser convocado, participar en las reuniones del m\u00e1ximo \u00f3rgano social y deliberar y votar en ellas.<\/p>\n<p style=\"text-align: justify;\">De acuerdo con la regla general prevista en las normas aplicables, el embargo de las acciones efectivamente conlleva el de los dividendos correspondientes, y podr\u00e1 limitarse solo a este, cuando as\u00ed lo determine la autoridad judicial.<\/p>\n<p style=\"text-align: justify;\">Una vez recibida la orden judicial, el representante legal, con el fin de perfeccionar la medida cautelar, debe registrar en el libro de acciones el embargo correspondiente, de lo cual es necesario informar al mismo juzgado en la oportunidad legal exigida. Inscrito el embargo, las acciones quedan fuera del comercio y, en ese estado, el representante legal se obliga a impedir su transferencia o negociaciones, a menos que medie autorizaci\u00f3n judicial.<\/p>\n<p> Por \u00faltimo, se\u00f1al\u00f3 la entidad que la actuaci\u00f3n del secuestre se circunscribe al plano patrimonial y los dividendos, de existir, una vez aprobados por el m\u00e1ximo \u00f3rgano, deben ser puestos a \u00f3rdenes suyas, en proporci\u00f3n a los que corresponda a las acciones afectadas por la medida cautelar.<\/p>\n<p><!-- AddThis Advanced Settings generic via filter on the_content --><!-- AddThis Share Buttons generic via filter on the_content --><\/p>\n","protected":false},"excerpt":{"rendered":"<p>As\u00ed lo precis\u00f3 la Superintendencia de Sociedades, aduciendo que el propietario conserva los derechos de que trata el art\u00edculo 379 del C\u00f3digo de Comercio, como ser convocado, participar en las [&hellip;]<\/p>\n","protected":false},"featured_media":11647,"template":"","meta":{"_acf_changed":false,"footnotes":""},"blog-category":[],"class_list":["post-11646","blog","type-blog","status-publish","has-post-thumbnail","hentry"],"acf":[],"yoast_head":"<!-- This site is optimized with the Yoast SEO plugin v27.4 - https:\/\/yoast.com\/product\/yoast-seo-wordpress\/ -->\n<title>Embargo de acciones no afecta su titularidad ni impone restricci\u00f3n diferente a la libre negociaci\u00f3n. - Auren Colombia<\/title>\n<meta name=\"robots\" content=\"index, follow, max-snippet:-1, max-image-preview:large, max-video-preview:-1\" \/>\n<link rel=\"canonical\" href=\"https:\/\/auren.com\/co\/blog\/embargo-de-acciones-no-afecta-su-titularidad-ni-impone-restriccion-diferente-a-la-libre-negociacion\/\" \/>\n<meta property=\"og:locale\" content=\"es_ES\" \/>\n<meta property=\"og:type\" content=\"article\" \/>\n<meta property=\"og:title\" content=\"Embargo de acciones no afecta su titularidad ni impone restricci\u00f3n diferente a la libre negociaci\u00f3n. - Auren Colombia\" \/>\n<meta property=\"og:description\" content=\"As\u00ed lo precis\u00f3 la Superintendencia de Sociedades, aduciendo que el propietario conserva los derechos de que trata el art\u00edculo 379 del C\u00f3digo de Comercio, como ser convocado, participar en las [&hellip;]\" \/>\n<meta property=\"og:url\" content=\"https:\/\/auren.com\/co\/blog\/embargo-de-acciones-no-afecta-su-titularidad-ni-impone-restriccion-diferente-a-la-libre-negociacion\/\" \/>\n<meta property=\"og:site_name\" content=\"Auren Colombia\" \/>\n<meta property=\"og:image\" content=\"https:\/\/auren.com\/co\/wp-content\/uploads\/2016\/11\/lupa-1.jpg\" \/>\n\t<meta property=\"og:image:width\" content=\"1000\" \/>\n\t<meta property=\"og:image:height\" content=\"502\" \/>\n\t<meta property=\"og:image:type\" content=\"image\/jpeg\" \/>\n<meta name=\"twitter:card\" content=\"summary_large_image\" \/>\n<meta name=\"twitter:site\" content=\"@AurenColombia\" \/>\n<meta name=\"twitter:label1\" content=\"Tiempo de lectura\" \/>\n\t<meta name=\"twitter:data1\" content=\"1 minuto\" \/>\n<script type=\"application\/ld+json\" class=\"yoast-schema-graph\">{\"@context\":\"https:\\\/\\\/schema.org\",\"@graph\":[{\"@type\":\"WebPage\",\"@id\":\"https:\\\/\\\/auren.com\\\/co\\\/blog\\\/embargo-de-acciones-no-afecta-su-titularidad-ni-impone-restriccion-diferente-a-la-libre-negociacion\\\/\",\"url\":\"https:\\\/\\\/auren.com\\\/co\\\/blog\\\/embargo-de-acciones-no-afecta-su-titularidad-ni-impone-restriccion-diferente-a-la-libre-negociacion\\\/\",\"name\":\"Embargo de acciones no afecta su titularidad ni impone restricci\u00f3n diferente a la libre negociaci\u00f3n. - Auren Colombia\",\"isPartOf\":{\"@id\":\"https:\\\/\\\/auren.com\\\/co\\\/#website\"},\"primaryImageOfPage\":{\"@id\":\"https:\\\/\\\/auren.com\\\/co\\\/blog\\\/embargo-de-acciones-no-afecta-su-titularidad-ni-impone-restriccion-diferente-a-la-libre-negociacion\\\/#primaryimage\"},\"image\":{\"@id\":\"https:\\\/\\\/auren.com\\\/co\\\/blog\\\/embargo-de-acciones-no-afecta-su-titularidad-ni-impone-restriccion-diferente-a-la-libre-negociacion\\\/#primaryimage\"},\"thumbnailUrl\":\"https:\\\/\\\/auren.com\\\/co\\\/wp-content\\\/uploads\\\/2016\\\/11\\\/lupa-1.jpg\",\"datePublished\":\"2016-11-16T18:15:35+00:00\",\"breadcrumb\":{\"@id\":\"https:\\\/\\\/auren.com\\\/co\\\/blog\\\/embargo-de-acciones-no-afecta-su-titularidad-ni-impone-restriccion-diferente-a-la-libre-negociacion\\\/#breadcrumb\"},\"inLanguage\":\"es\",\"potentialAction\":[{\"@type\":\"ReadAction\",\"target\":[\"https:\\\/\\\/auren.com\\\/co\\\/blog\\\/embargo-de-acciones-no-afecta-su-titularidad-ni-impone-restriccion-diferente-a-la-libre-negociacion\\\/\"]}]},{\"@type\":\"ImageObject\",\"inLanguage\":\"es\",\"@id\":\"https:\\\/\\\/auren.com\\\/co\\\/blog\\\/embargo-de-acciones-no-afecta-su-titularidad-ni-impone-restriccion-diferente-a-la-libre-negociacion\\\/#primaryimage\",\"url\":\"https:\\\/\\\/auren.com\\\/co\\\/wp-content\\\/uploads\\\/2016\\\/11\\\/lupa-1.jpg\",\"contentUrl\":\"https:\\\/\\\/auren.com\\\/co\\\/wp-content\\\/uploads\\\/2016\\\/11\\\/lupa-1.jpg\",\"width\":1000,\"height\":502},{\"@type\":\"BreadcrumbList\",\"@id\":\"https:\\\/\\\/auren.com\\\/co\\\/blog\\\/embargo-de-acciones-no-afecta-su-titularidad-ni-impone-restriccion-diferente-a-la-libre-negociacion\\\/#breadcrumb\",\"itemListElement\":[{\"@type\":\"ListItem\",\"position\":1,\"name\":\"Portada\",\"item\":\"https:\\\/\\\/auren.com\\\/co\\\/\"},{\"@type\":\"ListItem\",\"position\":2,\"name\":\"Embargo de acciones no afecta su titularidad ni impone restricci\u00f3n diferente a la libre negociaci\u00f3n.\"}]},{\"@type\":\"WebSite\",\"@id\":\"https:\\\/\\\/auren.com\\\/co\\\/#website\",\"url\":\"https:\\\/\\\/auren.com\\\/co\\\/\",\"name\":\"Auren Colombia\",\"description\":\"\",\"publisher\":{\"@id\":\"https:\\\/\\\/auren.com\\\/co\\\/#organization\"},\"potentialAction\":[{\"@type\":\"SearchAction\",\"target\":{\"@type\":\"EntryPoint\",\"urlTemplate\":\"https:\\\/\\\/auren.com\\\/co\\\/?s={search_term_string}\"},\"query-input\":{\"@type\":\"PropertyValueSpecification\",\"valueRequired\":true,\"valueName\":\"search_term_string\"}}],\"inLanguage\":\"es\"},{\"@type\":\"Organization\",\"@id\":\"https:\\\/\\\/auren.com\\\/co\\\/#organization\",\"name\":\"Auren Colombia\",\"url\":\"https:\\\/\\\/auren.com\\\/co\\\/\",\"logo\":{\"@type\":\"ImageObject\",\"inLanguage\":\"es\",\"@id\":\"https:\\\/\\\/auren.com\\\/co\\\/#\\\/schema\\\/logo\\\/image\\\/\",\"url\":\"https:\\\/\\\/auren.com\\\/co\\\/wp-content\\\/uploads\\\/2025\\\/01\\\/cropped-cropped-favicon-Auren.png\",\"contentUrl\":\"https:\\\/\\\/auren.com\\\/co\\\/wp-content\\\/uploads\\\/2025\\\/01\\\/cropped-cropped-favicon-Auren.png\",\"width\":512,\"height\":512,\"caption\":\"Auren Colombia\"},\"image\":{\"@id\":\"https:\\\/\\\/auren.com\\\/co\\\/#\\\/schema\\\/logo\\\/image\\\/\"},\"sameAs\":[\"https:\\\/\\\/x.com\\\/AurenColombia\",\"https:\\\/\\\/www.instagram.com\\\/aurencolombia\\\/\",\"https:\\\/\\\/www.youtube.com\\\/channel\\\/UCRYoGRMR_k4oVWesdErApmA\",\"https:\\\/\\\/www.linkedin.com\\\/company\\\/auren-colombia\"]}]}<\/script>\n<!-- \/ Yoast SEO plugin. -->","yoast_head_json":{"title":"Embargo de acciones no afecta su titularidad ni impone restricci\u00f3n diferente a la libre negociaci\u00f3n. - Auren Colombia","robots":{"index":"index","follow":"follow","max-snippet":"max-snippet:-1","max-image-preview":"max-image-preview:large","max-video-preview":"max-video-preview:-1"},"canonical":"https:\/\/auren.com\/co\/blog\/embargo-de-acciones-no-afecta-su-titularidad-ni-impone-restriccion-diferente-a-la-libre-negociacion\/","og_locale":"es_ES","og_type":"article","og_title":"Embargo de acciones no afecta su titularidad ni impone restricci\u00f3n diferente a la libre negociaci\u00f3n. - Auren Colombia","og_description":"As\u00ed lo precis\u00f3 la Superintendencia de Sociedades, aduciendo que el propietario conserva los derechos de que trata el art\u00edculo 379 del C\u00f3digo de Comercio, como ser convocado, participar en las [&hellip;]","og_url":"https:\/\/auren.com\/co\/blog\/embargo-de-acciones-no-afecta-su-titularidad-ni-impone-restriccion-diferente-a-la-libre-negociacion\/","og_site_name":"Auren Colombia","og_image":[{"width":1000,"height":502,"url":"https:\/\/auren.com\/co\/wp-content\/uploads\/2016\/11\/lupa-1.jpg","type":"image\/jpeg"}],"twitter_card":"summary_large_image","twitter_site":"@AurenColombia","twitter_misc":{"Tiempo de lectura":"1 minuto"},"schema":{"@context":"https:\/\/schema.org","@graph":[{"@type":"WebPage","@id":"https:\/\/auren.com\/co\/blog\/embargo-de-acciones-no-afecta-su-titularidad-ni-impone-restriccion-diferente-a-la-libre-negociacion\/","url":"https:\/\/auren.com\/co\/blog\/embargo-de-acciones-no-afecta-su-titularidad-ni-impone-restriccion-diferente-a-la-libre-negociacion\/","name":"Embargo de acciones no afecta su titularidad ni impone restricci\u00f3n diferente a la libre negociaci\u00f3n. - Auren Colombia","isPartOf":{"@id":"https:\/\/auren.com\/co\/#website"},"primaryImageOfPage":{"@id":"https:\/\/auren.com\/co\/blog\/embargo-de-acciones-no-afecta-su-titularidad-ni-impone-restriccion-diferente-a-la-libre-negociacion\/#primaryimage"},"image":{"@id":"https:\/\/auren.com\/co\/blog\/embargo-de-acciones-no-afecta-su-titularidad-ni-impone-restriccion-diferente-a-la-libre-negociacion\/#primaryimage"},"thumbnailUrl":"https:\/\/auren.com\/co\/wp-content\/uploads\/2016\/11\/lupa-1.jpg","datePublished":"2016-11-16T18:15:35+00:00","breadcrumb":{"@id":"https:\/\/auren.com\/co\/blog\/embargo-de-acciones-no-afecta-su-titularidad-ni-impone-restriccion-diferente-a-la-libre-negociacion\/#breadcrumb"},"inLanguage":"es","potentialAction":[{"@type":"ReadAction","target":["https:\/\/auren.com\/co\/blog\/embargo-de-acciones-no-afecta-su-titularidad-ni-impone-restriccion-diferente-a-la-libre-negociacion\/"]}]},{"@type":"ImageObject","inLanguage":"es","@id":"https:\/\/auren.com\/co\/blog\/embargo-de-acciones-no-afecta-su-titularidad-ni-impone-restriccion-diferente-a-la-libre-negociacion\/#primaryimage","url":"https:\/\/auren.com\/co\/wp-content\/uploads\/2016\/11\/lupa-1.jpg","contentUrl":"https:\/\/auren.com\/co\/wp-content\/uploads\/2016\/11\/lupa-1.jpg","width":1000,"height":502},{"@type":"BreadcrumbList","@id":"https:\/\/auren.com\/co\/blog\/embargo-de-acciones-no-afecta-su-titularidad-ni-impone-restriccion-diferente-a-la-libre-negociacion\/#breadcrumb","itemListElement":[{"@type":"ListItem","position":1,"name":"Portada","item":"https:\/\/auren.com\/co\/"},{"@type":"ListItem","position":2,"name":"Embargo de acciones no afecta su titularidad ni impone restricci\u00f3n diferente a la libre negociaci\u00f3n."}]},{"@type":"WebSite","@id":"https:\/\/auren.com\/co\/#website","url":"https:\/\/auren.com\/co\/","name":"Auren Colombia","description":"","publisher":{"@id":"https:\/\/auren.com\/co\/#organization"},"potentialAction":[{"@type":"SearchAction","target":{"@type":"EntryPoint","urlTemplate":"https:\/\/auren.com\/co\/?s={search_term_string}"},"query-input":{"@type":"PropertyValueSpecification","valueRequired":true,"valueName":"search_term_string"}}],"inLanguage":"es"},{"@type":"Organization","@id":"https:\/\/auren.com\/co\/#organization","name":"Auren Colombia","url":"https:\/\/auren.com\/co\/","logo":{"@type":"ImageObject","inLanguage":"es","@id":"https:\/\/auren.com\/co\/#\/schema\/logo\/image\/","url":"https:\/\/auren.com\/co\/wp-content\/uploads\/2025\/01\/cropped-cropped-favicon-Auren.png","contentUrl":"https:\/\/auren.com\/co\/wp-content\/uploads\/2025\/01\/cropped-cropped-favicon-Auren.png","width":512,"height":512,"caption":"Auren Colombia"},"image":{"@id":"https:\/\/auren.com\/co\/#\/schema\/logo\/image\/"},"sameAs":["https:\/\/x.com\/AurenColombia","https:\/\/www.instagram.com\/aurencolombia\/","https:\/\/www.youtube.com\/channel\/UCRYoGRMR_k4oVWesdErApmA","https:\/\/www.linkedin.com\/company\/auren-colombia"]}]}},"_links":{"self":[{"href":"https:\/\/auren.com\/co\/wp-json\/wp\/v2\/blog\/11646","targetHints":{"allow":["GET"]}}],"collection":[{"href":"https:\/\/auren.com\/co\/wp-json\/wp\/v2\/blog"}],"about":[{"href":"https:\/\/auren.com\/co\/wp-json\/wp\/v2\/types\/blog"}],"version-history":[{"count":0,"href":"https:\/\/auren.com\/co\/wp-json\/wp\/v2\/blog\/11646\/revisions"}],"wp:featuredmedia":[{"embeddable":true,"href":"https:\/\/auren.com\/co\/wp-json\/wp\/v2\/media\/11647"}],"wp:attachment":[{"href":"https:\/\/auren.com\/co\/wp-json\/wp\/v2\/media?parent=11646"}],"wp:term":[{"taxonomy":"blog-category","embeddable":true,"href":"https:\/\/auren.com\/co\/wp-json\/wp\/v2\/blog-category?post=11646"}],"curies":[{"name":"wp","href":"https:\/\/api.w.org\/{rel}","templated":true}]}}