{"id":11649,"date":"2016-11-16T18:57:15","date_gmt":"2016-11-16T17:57:15","guid":{"rendered":"https:\/\/auren.com\/co\/blog\/superintendencia-imparte-instrucciones-a-los-responsables-del-tratamiento-de-datos-personales-para-realizar-inscripcion-de-sus-bases-de-datos-en-el-registro-nacional\/"},"modified":"2016-11-16T18:57:15","modified_gmt":"2016-11-16T17:57:15","slug":"superintendencia-imparte-instrucciones-a-los-responsables-del-tratamiento-de-datos-personales-para-realizar-inscripcion-de-sus-bases-de-datos-en-el-registro-nacional","status":"publish","type":"blog","link":"https:\/\/auren.com\/co\/blog\/superintendencia-imparte-instrucciones-a-los-responsables-del-tratamiento-de-datos-personales-para-realizar-inscripcion-de-sus-bases-de-datos-en-el-registro-nacional\/","title":{"rendered":"Superintendencia imparte instrucciones a los responsables del tratamiento de datos personales para realizar inscripci\u00f3n de sus bases de datos en el registro nacional."},"content":{"rendered":"<p style=\"text-align: justify;\">La Superintendencia de Industria y Comercio expidi\u00f3 la Circular Externa 1 del 8 de noviembre de 2016, a trav\u00e9s de la cual imparte instrucciones a los Responsables del Tratamiento de datos personales, personas naturales, entidades de naturaleza p\u00fablica distintas de las sociedades de econom\u00eda mixta y personas jur\u00eddicas de naturaleza privada que no est\u00e1n inscritas en las c\u00e1maras de comercio, para efectos de realizar la inscripci\u00f3n de sus bases de datos en el Registro Nacional de Bases de Datos (RNBD).<\/p>\n<p> Los responsables del tratamiento, personas naturales, entidades de naturaleza p\u00fablica distintas de las sociedades de econom\u00eda mixta y personas jur\u00eddicas de naturaleza privada que no est\u00e1n inscritas en las c\u00e1maras de comercio, deben inscribir en el RNBD la siguiente informaci\u00f3n: Informaci\u00f3n almacenada en la base de datos, medidas de seguridad de la informaci\u00f3n, procedencia de los datos personales, transferencia internacional de datos personales, transmisi\u00f3n internacional de datos personales, cesi\u00f3n o transferencia nacional de la base de datos, as\u00ed como el reporte de novedades.<\/p>\n<p><!-- AddThis Advanced Settings generic via filter on the_content --><!-- AddThis Share Buttons generic via filter on the_content --><\/p>\n","protected":false},"excerpt":{"rendered":"<p>La Superintendencia de Industria y Comercio expidi\u00f3 la Circular Externa 1 del 8 de noviembre de 2016, a trav\u00e9s de la cual imparte instrucciones a los Responsables del Tratamiento de [&hellip;]<\/p>\n","protected":false},"featured_media":11650,"template":"","meta":{"_acf_changed":false,"footnotes":""},"blog-category":[],"class_list":["post-11649","blog","type-blog","status-publish","has-post-thumbnail","hentry"],"acf":[],"yoast_head":"<!-- This site is optimized with the Yoast SEO plugin v27.4 - https:\/\/yoast.com\/product\/yoast-seo-wordpress\/ -->\n<title>Superintendencia imparte instrucciones a los responsables del tratamiento de datos personales para realizar inscripci\u00f3n de sus bases de datos en el registro nacional. - Auren Colombia<\/title>\n<meta name=\"robots\" content=\"index, follow, max-snippet:-1, max-image-preview:large, max-video-preview:-1\" \/>\n<link rel=\"canonical\" href=\"https:\/\/auren.com\/co\/blog\/superintendencia-imparte-instrucciones-a-los-responsables-del-tratamiento-de-datos-personales-para-realizar-inscripcion-de-sus-bases-de-datos-en-el-registro-nacional\/\" \/>\n<meta property=\"og:locale\" content=\"es_ES\" \/>\n<meta property=\"og:type\" content=\"article\" \/>\n<meta property=\"og:title\" content=\"Superintendencia imparte instrucciones a los responsables del tratamiento de datos personales para realizar inscripci\u00f3n de sus bases de datos en el registro nacional. - Auren Colombia\" \/>\n<meta property=\"og:description\" content=\"La Superintendencia de Industria y Comercio expidi\u00f3 la Circular Externa 1 del 8 de noviembre de 2016, a trav\u00e9s de la cual imparte instrucciones a los Responsables del Tratamiento de [&hellip;]\" \/>\n<meta property=\"og:url\" content=\"https:\/\/auren.com\/co\/blog\/superintendencia-imparte-instrucciones-a-los-responsables-del-tratamiento-de-datos-personales-para-realizar-inscripcion-de-sus-bases-de-datos-en-el-registro-nacional\/\" \/>\n<meta property=\"og:site_name\" content=\"Auren Colombia\" \/>\n<meta property=\"og:image\" content=\"https:\/\/auren.com\/co\/wp-content\/uploads\/2016\/11\/pc-3-1.jpg\" \/>\n\t<meta property=\"og:image:width\" content=\"1000\" \/>\n\t<meta property=\"og:image:height\" content=\"502\" \/>\n\t<meta property=\"og:image:type\" content=\"image\/jpeg\" \/>\n<meta name=\"twitter:card\" content=\"summary_large_image\" \/>\n<meta name=\"twitter:site\" content=\"@AurenColombia\" \/>\n<meta name=\"twitter:label1\" content=\"Tiempo de lectura\" \/>\n\t<meta name=\"twitter:data1\" content=\"1 minuto\" \/>\n<script type=\"application\/ld+json\" class=\"yoast-schema-graph\">{\"@context\":\"https:\\\/\\\/schema.org\",\"@graph\":[{\"@type\":\"WebPage\",\"@id\":\"https:\\\/\\\/auren.com\\\/co\\\/blog\\\/superintendencia-imparte-instrucciones-a-los-responsables-del-tratamiento-de-datos-personales-para-realizar-inscripcion-de-sus-bases-de-datos-en-el-registro-nacional\\\/\",\"url\":\"https:\\\/\\\/auren.com\\\/co\\\/blog\\\/superintendencia-imparte-instrucciones-a-los-responsables-del-tratamiento-de-datos-personales-para-realizar-inscripcion-de-sus-bases-de-datos-en-el-registro-nacional\\\/\",\"name\":\"Superintendencia imparte instrucciones a los responsables del tratamiento de datos personales para realizar inscripci\u00f3n de sus bases de datos en el registro nacional. - Auren Colombia\",\"isPartOf\":{\"@id\":\"https:\\\/\\\/auren.com\\\/co\\\/#website\"},\"primaryImageOfPage\":{\"@id\":\"https:\\\/\\\/auren.com\\\/co\\\/blog\\\/superintendencia-imparte-instrucciones-a-los-responsables-del-tratamiento-de-datos-personales-para-realizar-inscripcion-de-sus-bases-de-datos-en-el-registro-nacional\\\/#primaryimage\"},\"image\":{\"@id\":\"https:\\\/\\\/auren.com\\\/co\\\/blog\\\/superintendencia-imparte-instrucciones-a-los-responsables-del-tratamiento-de-datos-personales-para-realizar-inscripcion-de-sus-bases-de-datos-en-el-registro-nacional\\\/#primaryimage\"},\"thumbnailUrl\":\"https:\\\/\\\/auren.com\\\/co\\\/wp-content\\\/uploads\\\/2016\\\/11\\\/pc-3-1.jpg\",\"datePublished\":\"2016-11-16T17:57:15+00:00\",\"breadcrumb\":{\"@id\":\"https:\\\/\\\/auren.com\\\/co\\\/blog\\\/superintendencia-imparte-instrucciones-a-los-responsables-del-tratamiento-de-datos-personales-para-realizar-inscripcion-de-sus-bases-de-datos-en-el-registro-nacional\\\/#breadcrumb\"},\"inLanguage\":\"es\",\"potentialAction\":[{\"@type\":\"ReadAction\",\"target\":[\"https:\\\/\\\/auren.com\\\/co\\\/blog\\\/superintendencia-imparte-instrucciones-a-los-responsables-del-tratamiento-de-datos-personales-para-realizar-inscripcion-de-sus-bases-de-datos-en-el-registro-nacional\\\/\"]}]},{\"@type\":\"ImageObject\",\"inLanguage\":\"es\",\"@id\":\"https:\\\/\\\/auren.com\\\/co\\\/blog\\\/superintendencia-imparte-instrucciones-a-los-responsables-del-tratamiento-de-datos-personales-para-realizar-inscripcion-de-sus-bases-de-datos-en-el-registro-nacional\\\/#primaryimage\",\"url\":\"https:\\\/\\\/auren.com\\\/co\\\/wp-content\\\/uploads\\\/2016\\\/11\\\/pc-3-1.jpg\",\"contentUrl\":\"https:\\\/\\\/auren.com\\\/co\\\/wp-content\\\/uploads\\\/2016\\\/11\\\/pc-3-1.jpg\",\"width\":1000,\"height\":502},{\"@type\":\"BreadcrumbList\",\"@id\":\"https:\\\/\\\/auren.com\\\/co\\\/blog\\\/superintendencia-imparte-instrucciones-a-los-responsables-del-tratamiento-de-datos-personales-para-realizar-inscripcion-de-sus-bases-de-datos-en-el-registro-nacional\\\/#breadcrumb\",\"itemListElement\":[{\"@type\":\"ListItem\",\"position\":1,\"name\":\"Portada\",\"item\":\"https:\\\/\\\/auren.com\\\/co\\\/\"},{\"@type\":\"ListItem\",\"position\":2,\"name\":\"Superintendencia imparte instrucciones a los responsables del tratamiento de datos personales para realizar inscripci\u00f3n de sus bases de datos en el registro nacional.\"}]},{\"@type\":\"WebSite\",\"@id\":\"https:\\\/\\\/auren.com\\\/co\\\/#website\",\"url\":\"https:\\\/\\\/auren.com\\\/co\\\/\",\"name\":\"Auren Colombia\",\"description\":\"\",\"publisher\":{\"@id\":\"https:\\\/\\\/auren.com\\\/co\\\/#organization\"},\"potentialAction\":[{\"@type\":\"SearchAction\",\"target\":{\"@type\":\"EntryPoint\",\"urlTemplate\":\"https:\\\/\\\/auren.com\\\/co\\\/?s={search_term_string}\"},\"query-input\":{\"@type\":\"PropertyValueSpecification\",\"valueRequired\":true,\"valueName\":\"search_term_string\"}}],\"inLanguage\":\"es\"},{\"@type\":\"Organization\",\"@id\":\"https:\\\/\\\/auren.com\\\/co\\\/#organization\",\"name\":\"Auren Colombia\",\"url\":\"https:\\\/\\\/auren.com\\\/co\\\/\",\"logo\":{\"@type\":\"ImageObject\",\"inLanguage\":\"es\",\"@id\":\"https:\\\/\\\/auren.com\\\/co\\\/#\\\/schema\\\/logo\\\/image\\\/\",\"url\":\"https:\\\/\\\/auren.com\\\/co\\\/wp-content\\\/uploads\\\/2025\\\/01\\\/cropped-cropped-favicon-Auren.png\",\"contentUrl\":\"https:\\\/\\\/auren.com\\\/co\\\/wp-content\\\/uploads\\\/2025\\\/01\\\/cropped-cropped-favicon-Auren.png\",\"width\":512,\"height\":512,\"caption\":\"Auren Colombia\"},\"image\":{\"@id\":\"https:\\\/\\\/auren.com\\\/co\\\/#\\\/schema\\\/logo\\\/image\\\/\"},\"sameAs\":[\"https:\\\/\\\/x.com\\\/AurenColombia\",\"https:\\\/\\\/www.instagram.com\\\/aurencolombia\\\/\",\"https:\\\/\\\/www.youtube.com\\\/channel\\\/UCRYoGRMR_k4oVWesdErApmA\",\"https:\\\/\\\/www.linkedin.com\\\/company\\\/auren-colombia\"]}]}<\/script>\n<!-- \/ Yoast SEO plugin. -->","yoast_head_json":{"title":"Superintendencia imparte instrucciones a los responsables del tratamiento de datos personales para realizar inscripci\u00f3n de sus bases de datos en el registro nacional. - Auren Colombia","robots":{"index":"index","follow":"follow","max-snippet":"max-snippet:-1","max-image-preview":"max-image-preview:large","max-video-preview":"max-video-preview:-1"},"canonical":"https:\/\/auren.com\/co\/blog\/superintendencia-imparte-instrucciones-a-los-responsables-del-tratamiento-de-datos-personales-para-realizar-inscripcion-de-sus-bases-de-datos-en-el-registro-nacional\/","og_locale":"es_ES","og_type":"article","og_title":"Superintendencia imparte instrucciones a los responsables del tratamiento de datos personales para realizar inscripci\u00f3n de sus bases de datos en el registro nacional. - Auren Colombia","og_description":"La Superintendencia de Industria y Comercio expidi\u00f3 la Circular Externa 1 del 8 de noviembre de 2016, a trav\u00e9s de la cual imparte instrucciones a los Responsables del Tratamiento de [&hellip;]","og_url":"https:\/\/auren.com\/co\/blog\/superintendencia-imparte-instrucciones-a-los-responsables-del-tratamiento-de-datos-personales-para-realizar-inscripcion-de-sus-bases-de-datos-en-el-registro-nacional\/","og_site_name":"Auren Colombia","og_image":[{"width":1000,"height":502,"url":"https:\/\/auren.com\/co\/wp-content\/uploads\/2016\/11\/pc-3-1.jpg","type":"image\/jpeg"}],"twitter_card":"summary_large_image","twitter_site":"@AurenColombia","twitter_misc":{"Tiempo de lectura":"1 minuto"},"schema":{"@context":"https:\/\/schema.org","@graph":[{"@type":"WebPage","@id":"https:\/\/auren.com\/co\/blog\/superintendencia-imparte-instrucciones-a-los-responsables-del-tratamiento-de-datos-personales-para-realizar-inscripcion-de-sus-bases-de-datos-en-el-registro-nacional\/","url":"https:\/\/auren.com\/co\/blog\/superintendencia-imparte-instrucciones-a-los-responsables-del-tratamiento-de-datos-personales-para-realizar-inscripcion-de-sus-bases-de-datos-en-el-registro-nacional\/","name":"Superintendencia imparte instrucciones a los responsables del tratamiento de datos personales para realizar inscripci\u00f3n de sus bases de datos en el registro nacional. - Auren Colombia","isPartOf":{"@id":"https:\/\/auren.com\/co\/#website"},"primaryImageOfPage":{"@id":"https:\/\/auren.com\/co\/blog\/superintendencia-imparte-instrucciones-a-los-responsables-del-tratamiento-de-datos-personales-para-realizar-inscripcion-de-sus-bases-de-datos-en-el-registro-nacional\/#primaryimage"},"image":{"@id":"https:\/\/auren.com\/co\/blog\/superintendencia-imparte-instrucciones-a-los-responsables-del-tratamiento-de-datos-personales-para-realizar-inscripcion-de-sus-bases-de-datos-en-el-registro-nacional\/#primaryimage"},"thumbnailUrl":"https:\/\/auren.com\/co\/wp-content\/uploads\/2016\/11\/pc-3-1.jpg","datePublished":"2016-11-16T17:57:15+00:00","breadcrumb":{"@id":"https:\/\/auren.com\/co\/blog\/superintendencia-imparte-instrucciones-a-los-responsables-del-tratamiento-de-datos-personales-para-realizar-inscripcion-de-sus-bases-de-datos-en-el-registro-nacional\/#breadcrumb"},"inLanguage":"es","potentialAction":[{"@type":"ReadAction","target":["https:\/\/auren.com\/co\/blog\/superintendencia-imparte-instrucciones-a-los-responsables-del-tratamiento-de-datos-personales-para-realizar-inscripcion-de-sus-bases-de-datos-en-el-registro-nacional\/"]}]},{"@type":"ImageObject","inLanguage":"es","@id":"https:\/\/auren.com\/co\/blog\/superintendencia-imparte-instrucciones-a-los-responsables-del-tratamiento-de-datos-personales-para-realizar-inscripcion-de-sus-bases-de-datos-en-el-registro-nacional\/#primaryimage","url":"https:\/\/auren.com\/co\/wp-content\/uploads\/2016\/11\/pc-3-1.jpg","contentUrl":"https:\/\/auren.com\/co\/wp-content\/uploads\/2016\/11\/pc-3-1.jpg","width":1000,"height":502},{"@type":"BreadcrumbList","@id":"https:\/\/auren.com\/co\/blog\/superintendencia-imparte-instrucciones-a-los-responsables-del-tratamiento-de-datos-personales-para-realizar-inscripcion-de-sus-bases-de-datos-en-el-registro-nacional\/#breadcrumb","itemListElement":[{"@type":"ListItem","position":1,"name":"Portada","item":"https:\/\/auren.com\/co\/"},{"@type":"ListItem","position":2,"name":"Superintendencia imparte instrucciones a los responsables del tratamiento de datos personales para realizar inscripci\u00f3n de sus bases de datos en el registro nacional."}]},{"@type":"WebSite","@id":"https:\/\/auren.com\/co\/#website","url":"https:\/\/auren.com\/co\/","name":"Auren Colombia","description":"","publisher":{"@id":"https:\/\/auren.com\/co\/#organization"},"potentialAction":[{"@type":"SearchAction","target":{"@type":"EntryPoint","urlTemplate":"https:\/\/auren.com\/co\/?s={search_term_string}"},"query-input":{"@type":"PropertyValueSpecification","valueRequired":true,"valueName":"search_term_string"}}],"inLanguage":"es"},{"@type":"Organization","@id":"https:\/\/auren.com\/co\/#organization","name":"Auren Colombia","url":"https:\/\/auren.com\/co\/","logo":{"@type":"ImageObject","inLanguage":"es","@id":"https:\/\/auren.com\/co\/#\/schema\/logo\/image\/","url":"https:\/\/auren.com\/co\/wp-content\/uploads\/2025\/01\/cropped-cropped-favicon-Auren.png","contentUrl":"https:\/\/auren.com\/co\/wp-content\/uploads\/2025\/01\/cropped-cropped-favicon-Auren.png","width":512,"height":512,"caption":"Auren Colombia"},"image":{"@id":"https:\/\/auren.com\/co\/#\/schema\/logo\/image\/"},"sameAs":["https:\/\/x.com\/AurenColombia","https:\/\/www.instagram.com\/aurencolombia\/","https:\/\/www.youtube.com\/channel\/UCRYoGRMR_k4oVWesdErApmA","https:\/\/www.linkedin.com\/company\/auren-colombia"]}]}},"_links":{"self":[{"href":"https:\/\/auren.com\/co\/wp-json\/wp\/v2\/blog\/11649","targetHints":{"allow":["GET"]}}],"collection":[{"href":"https:\/\/auren.com\/co\/wp-json\/wp\/v2\/blog"}],"about":[{"href":"https:\/\/auren.com\/co\/wp-json\/wp\/v2\/types\/blog"}],"version-history":[{"count":0,"href":"https:\/\/auren.com\/co\/wp-json\/wp\/v2\/blog\/11649\/revisions"}],"wp:featuredmedia":[{"embeddable":true,"href":"https:\/\/auren.com\/co\/wp-json\/wp\/v2\/media\/11650"}],"wp:attachment":[{"href":"https:\/\/auren.com\/co\/wp-json\/wp\/v2\/media?parent=11649"}],"wp:term":[{"taxonomy":"blog-category","embeddable":true,"href":"https:\/\/auren.com\/co\/wp-json\/wp\/v2\/blog-category?post=11649"}],"curies":[{"name":"wp","href":"https:\/\/api.w.org\/{rel}","templated":true}]}}