{"id":11652,"date":"2016-11-16T16:28:47","date_gmt":"2016-11-16T15:28:47","guid":{"rendered":"https:\/\/auren.com\/co\/blog\/consejo-de-estado-aclara-que-a-partir-del-primero-de-enero-de-2006-se-modifico-la-prelacion-de-imputacion-de-pagos-en-materia-tributaria\/"},"modified":"2016-11-16T16:28:47","modified_gmt":"2016-11-16T15:28:47","slug":"consejo-de-estado-aclara-que-a-partir-del-primero-de-enero-de-2006-se-modifico-la-prelacion-de-imputacion-de-pagos-en-materia-tributaria","status":"publish","type":"blog","link":"https:\/\/auren.com\/co\/blog\/consejo-de-estado-aclara-que-a-partir-del-primero-de-enero-de-2006-se-modifico-la-prelacion-de-imputacion-de-pagos-en-materia-tributaria\/","title":{"rendered":"Consejo de Estado aclara que a partir del primero de enero de 2006 se modific\u00f3 la prelaci\u00f3n de imputaci\u00f3n de pagos en materia tributaria."},"content":{"rendered":"<p style=\"text-align: justify;\">\n<p style=\"text-align: justify;\">\n<p style=\"text-align: justify;\">Las normas tributarias permiten a los contribuyentes solicitar la devoluci\u00f3n o compensaci\u00f3n de saldos a favor originados en las declaraciones, en los pagos realizados en exceso o por pago de lo no debido. Para el caso de Bogot\u00e1, tales facultades est\u00e1n contenidas en el art\u00edculo 144 del Decreto 807 de 1993.<\/p>\n<p style=\"text-align: justify;\">Por su parte, el art\u00edculo 861 del Estatuto Tributario (ET) establece que la devoluci\u00f3n de saldos a favor se efectuar\u00e1 una vez compensadas las deudas y obligaciones de plazo vencido y que en el mismo acto que ordene la devoluci\u00f3n se compensar\u00e1n las deudas y obligaciones a cargo del contribuyente.<\/p>\n<p style=\"text-align: justify;\">Frente a la prelaci\u00f3n en la imputaci\u00f3n, si bien anteriormente los pagos que por cualquier concepto realizaran los contribuyentes deb\u00edan imputarse al periodo e impuesto que indique el contribuyente, primero a las sanciones, luego a los intereses y por \u00faltimo a los impuestos o retenciones, a partir del primero de enero de 2006, con ocasi\u00f3n a la modificaci\u00f3n del art\u00edculo 804 del ET realizada por el art\u00edculo 6 de la Ley 1066 de 2006, los pagos que por cualquier concepto hagan los contribuyentes por deudas vencidas a su cargo deber\u00e1n imputarse al periodo e impuesto que indiquen, en las mismas proporciones con que participan las sanciones actualizadas, intereses, anticipos, impuestos y retenciones, dentro de la obligaci\u00f3n total al momento del pago.<\/p>\n<p style=\"text-align: justify;\">En este sentido, advirti\u00f3 el Consejo de Estado que esta norma modific\u00f3 sustancialmente la prelaci\u00f3n con la finalidad de garantizar una amortizaci\u00f3n equitativa de las obligaciones, en la medida en que cada pago del contribuyente se imputa tanto a capital como a intereses y a sanciones actualizadas, cuando hubiere lugar.<\/p>\n<p style=\"text-align: justify;\">Para la aplicaci\u00f3n de esta norma es necesario obtener el total de la obligaci\u00f3n y dividir cada rubro en dicho total, lo que da como resultado los porcentajes de participaci\u00f3n de cada rubro en el total de la obligaci\u00f3n, para ser aplicados al valor total pagado, conforme al Instructivo 9 del 29 de septiembre de 2006 de la DIAN y teniendo en cuenta lo establecido en la Circular DIAN 69 de 2006.<\/p>\n<p style=\"text-align: justify;\">Para el caso de Bogot\u00e1, la norma comentada es aplicable conforme a la remisi\u00f3n normativa que el art\u00edculo 162 del Decreto 1421 de 1993 hizo al ET para la administraci\u00f3n de los tributos en el Distrito Capital.<\/p>\n<p> En virtud de estas normas, el Consejo de Estado declar\u00f3 la nulidad de unos actos administrativos en los que la administraci\u00f3n tributaria distrital neg\u00f3 una compensaci\u00f3n solicitada por el contribuyente. En su lugar, sostuvo la entidad que el exceso de retenciones debi\u00f3 compensarse con el mayor ICA a cargo del contribuyente.<\/p>\n<p><!-- AddThis Advanced Settings generic via filter on the_content --><!-- AddThis Share Buttons generic via filter on the_content --><\/p>\n","protected":false},"excerpt":{"rendered":"<p>Las normas tributarias permiten a los contribuyentes solicitar la devoluci\u00f3n o compensaci\u00f3n de saldos a favor originados en las declaraciones, en los pagos realizados en exceso o por pago de lo no debido. Para el caso de Bogot\u00e1, tales facultades est\u00e1n contenidas en el art\u00edculo 144 del Decreto 807 de 1993.<\/p>\n","protected":false},"featured_media":11653,"template":"","meta":{"_acf_changed":false,"footnotes":""},"blog-category":[],"class_list":["post-11652","blog","type-blog","status-publish","has-post-thumbnail","hentry"],"acf":[],"yoast_head":"<!-- This site is optimized with the Yoast SEO plugin v27.4 - https:\/\/yoast.com\/product\/yoast-seo-wordpress\/ -->\n<title>Consejo de Estado aclara que a partir del primero de enero de 2006 se modific\u00f3 la prelaci\u00f3n de imputaci\u00f3n de pagos en materia tributaria. - Auren Colombia<\/title>\n<meta name=\"robots\" content=\"index, follow, max-snippet:-1, max-image-preview:large, max-video-preview:-1\" \/>\n<link rel=\"canonical\" href=\"https:\/\/auren.com\/co\/blog\/consejo-de-estado-aclara-que-a-partir-del-primero-de-enero-de-2006-se-modifico-la-prelacion-de-imputacion-de-pagos-en-materia-tributaria\/\" \/>\n<meta property=\"og:locale\" content=\"es_ES\" \/>\n<meta property=\"og:type\" content=\"article\" \/>\n<meta property=\"og:title\" content=\"Consejo de Estado aclara que a partir del primero de enero de 2006 se modific\u00f3 la prelaci\u00f3n de imputaci\u00f3n de pagos en materia tributaria. - Auren Colombia\" \/>\n<meta property=\"og:description\" content=\"Las normas tributarias permiten a los contribuyentes solicitar la devoluci\u00f3n o compensaci\u00f3n de saldos a favor originados en las declaraciones, en los pagos realizados en exceso o por pago de lo no debido. Para el caso de Bogot\u00e1, tales facultades est\u00e1n contenidas en el art\u00edculo 144 del Decreto 807 de 1993.\" \/>\n<meta property=\"og:url\" content=\"https:\/\/auren.com\/co\/blog\/consejo-de-estado-aclara-que-a-partir-del-primero-de-enero-de-2006-se-modifico-la-prelacion-de-imputacion-de-pagos-en-materia-tributaria\/\" \/>\n<meta property=\"og:site_name\" content=\"Auren Colombia\" \/>\n<meta property=\"og:image\" content=\"https:\/\/auren.com\/co\/wp-content\/uploads\/2016\/11\/calculadora-4-1.jpg\" \/>\n\t<meta property=\"og:image:width\" content=\"1000\" \/>\n\t<meta property=\"og:image:height\" content=\"502\" \/>\n\t<meta property=\"og:image:type\" content=\"image\/jpeg\" \/>\n<meta name=\"twitter:card\" content=\"summary_large_image\" \/>\n<meta name=\"twitter:site\" content=\"@AurenColombia\" \/>\n<meta name=\"twitter:label1\" content=\"Tiempo de lectura\" \/>\n\t<meta name=\"twitter:data1\" content=\"2 minutos\" \/>\n<script type=\"application\/ld+json\" class=\"yoast-schema-graph\">{\"@context\":\"https:\\\/\\\/schema.org\",\"@graph\":[{\"@type\":\"WebPage\",\"@id\":\"https:\\\/\\\/auren.com\\\/co\\\/blog\\\/consejo-de-estado-aclara-que-a-partir-del-primero-de-enero-de-2006-se-modifico-la-prelacion-de-imputacion-de-pagos-en-materia-tributaria\\\/\",\"url\":\"https:\\\/\\\/auren.com\\\/co\\\/blog\\\/consejo-de-estado-aclara-que-a-partir-del-primero-de-enero-de-2006-se-modifico-la-prelacion-de-imputacion-de-pagos-en-materia-tributaria\\\/\",\"name\":\"Consejo de Estado aclara que a partir del primero de enero de 2006 se modific\u00f3 la prelaci\u00f3n de imputaci\u00f3n de pagos en materia tributaria. - Auren Colombia\",\"isPartOf\":{\"@id\":\"https:\\\/\\\/auren.com\\\/co\\\/#website\"},\"primaryImageOfPage\":{\"@id\":\"https:\\\/\\\/auren.com\\\/co\\\/blog\\\/consejo-de-estado-aclara-que-a-partir-del-primero-de-enero-de-2006-se-modifico-la-prelacion-de-imputacion-de-pagos-en-materia-tributaria\\\/#primaryimage\"},\"image\":{\"@id\":\"https:\\\/\\\/auren.com\\\/co\\\/blog\\\/consejo-de-estado-aclara-que-a-partir-del-primero-de-enero-de-2006-se-modifico-la-prelacion-de-imputacion-de-pagos-en-materia-tributaria\\\/#primaryimage\"},\"thumbnailUrl\":\"https:\\\/\\\/auren.com\\\/co\\\/wp-content\\\/uploads\\\/2016\\\/11\\\/calculadora-4-1.jpg\",\"datePublished\":\"2016-11-16T15:28:47+00:00\",\"breadcrumb\":{\"@id\":\"https:\\\/\\\/auren.com\\\/co\\\/blog\\\/consejo-de-estado-aclara-que-a-partir-del-primero-de-enero-de-2006-se-modifico-la-prelacion-de-imputacion-de-pagos-en-materia-tributaria\\\/#breadcrumb\"},\"inLanguage\":\"es\",\"potentialAction\":[{\"@type\":\"ReadAction\",\"target\":[\"https:\\\/\\\/auren.com\\\/co\\\/blog\\\/consejo-de-estado-aclara-que-a-partir-del-primero-de-enero-de-2006-se-modifico-la-prelacion-de-imputacion-de-pagos-en-materia-tributaria\\\/\"]}]},{\"@type\":\"ImageObject\",\"inLanguage\":\"es\",\"@id\":\"https:\\\/\\\/auren.com\\\/co\\\/blog\\\/consejo-de-estado-aclara-que-a-partir-del-primero-de-enero-de-2006-se-modifico-la-prelacion-de-imputacion-de-pagos-en-materia-tributaria\\\/#primaryimage\",\"url\":\"https:\\\/\\\/auren.com\\\/co\\\/wp-content\\\/uploads\\\/2016\\\/11\\\/calculadora-4-1.jpg\",\"contentUrl\":\"https:\\\/\\\/auren.com\\\/co\\\/wp-content\\\/uploads\\\/2016\\\/11\\\/calculadora-4-1.jpg\",\"width\":1000,\"height\":502},{\"@type\":\"BreadcrumbList\",\"@id\":\"https:\\\/\\\/auren.com\\\/co\\\/blog\\\/consejo-de-estado-aclara-que-a-partir-del-primero-de-enero-de-2006-se-modifico-la-prelacion-de-imputacion-de-pagos-en-materia-tributaria\\\/#breadcrumb\",\"itemListElement\":[{\"@type\":\"ListItem\",\"position\":1,\"name\":\"Portada\",\"item\":\"https:\\\/\\\/auren.com\\\/co\\\/\"},{\"@type\":\"ListItem\",\"position\":2,\"name\":\"Consejo de Estado aclara que a partir del primero de enero de 2006 se modific\u00f3 la prelaci\u00f3n de imputaci\u00f3n de pagos en materia tributaria.\"}]},{\"@type\":\"WebSite\",\"@id\":\"https:\\\/\\\/auren.com\\\/co\\\/#website\",\"url\":\"https:\\\/\\\/auren.com\\\/co\\\/\",\"name\":\"Auren Colombia\",\"description\":\"\",\"publisher\":{\"@id\":\"https:\\\/\\\/auren.com\\\/co\\\/#organization\"},\"potentialAction\":[{\"@type\":\"SearchAction\",\"target\":{\"@type\":\"EntryPoint\",\"urlTemplate\":\"https:\\\/\\\/auren.com\\\/co\\\/?s={search_term_string}\"},\"query-input\":{\"@type\":\"PropertyValueSpecification\",\"valueRequired\":true,\"valueName\":\"search_term_string\"}}],\"inLanguage\":\"es\"},{\"@type\":\"Organization\",\"@id\":\"https:\\\/\\\/auren.com\\\/co\\\/#organization\",\"name\":\"Auren Colombia\",\"url\":\"https:\\\/\\\/auren.com\\\/co\\\/\",\"logo\":{\"@type\":\"ImageObject\",\"inLanguage\":\"es\",\"@id\":\"https:\\\/\\\/auren.com\\\/co\\\/#\\\/schema\\\/logo\\\/image\\\/\",\"url\":\"https:\\\/\\\/auren.com\\\/co\\\/wp-content\\\/uploads\\\/2025\\\/01\\\/cropped-cropped-favicon-Auren.png\",\"contentUrl\":\"https:\\\/\\\/auren.com\\\/co\\\/wp-content\\\/uploads\\\/2025\\\/01\\\/cropped-cropped-favicon-Auren.png\",\"width\":512,\"height\":512,\"caption\":\"Auren Colombia\"},\"image\":{\"@id\":\"https:\\\/\\\/auren.com\\\/co\\\/#\\\/schema\\\/logo\\\/image\\\/\"},\"sameAs\":[\"https:\\\/\\\/x.com\\\/AurenColombia\",\"https:\\\/\\\/www.instagram.com\\\/aurencolombia\\\/\",\"https:\\\/\\\/www.youtube.com\\\/channel\\\/UCRYoGRMR_k4oVWesdErApmA\",\"https:\\\/\\\/www.linkedin.com\\\/company\\\/auren-colombia\"]}]}<\/script>\n<!-- \/ Yoast SEO plugin. -->","yoast_head_json":{"title":"Consejo de Estado aclara que a partir del primero de enero de 2006 se modific\u00f3 la prelaci\u00f3n de imputaci\u00f3n de pagos en materia tributaria. - Auren Colombia","robots":{"index":"index","follow":"follow","max-snippet":"max-snippet:-1","max-image-preview":"max-image-preview:large","max-video-preview":"max-video-preview:-1"},"canonical":"https:\/\/auren.com\/co\/blog\/consejo-de-estado-aclara-que-a-partir-del-primero-de-enero-de-2006-se-modifico-la-prelacion-de-imputacion-de-pagos-en-materia-tributaria\/","og_locale":"es_ES","og_type":"article","og_title":"Consejo de Estado aclara que a partir del primero de enero de 2006 se modific\u00f3 la prelaci\u00f3n de imputaci\u00f3n de pagos en materia tributaria. - Auren Colombia","og_description":"Las normas tributarias permiten a los contribuyentes solicitar la devoluci\u00f3n o compensaci\u00f3n de saldos a favor originados en las declaraciones, en los pagos realizados en exceso o por pago de lo no debido. Para el caso de Bogot\u00e1, tales facultades est\u00e1n contenidas en el art\u00edculo 144 del Decreto 807 de 1993.","og_url":"https:\/\/auren.com\/co\/blog\/consejo-de-estado-aclara-que-a-partir-del-primero-de-enero-de-2006-se-modifico-la-prelacion-de-imputacion-de-pagos-en-materia-tributaria\/","og_site_name":"Auren Colombia","og_image":[{"width":1000,"height":502,"url":"https:\/\/auren.com\/co\/wp-content\/uploads\/2016\/11\/calculadora-4-1.jpg","type":"image\/jpeg"}],"twitter_card":"summary_large_image","twitter_site":"@AurenColombia","twitter_misc":{"Tiempo de lectura":"2 minutos"},"schema":{"@context":"https:\/\/schema.org","@graph":[{"@type":"WebPage","@id":"https:\/\/auren.com\/co\/blog\/consejo-de-estado-aclara-que-a-partir-del-primero-de-enero-de-2006-se-modifico-la-prelacion-de-imputacion-de-pagos-en-materia-tributaria\/","url":"https:\/\/auren.com\/co\/blog\/consejo-de-estado-aclara-que-a-partir-del-primero-de-enero-de-2006-se-modifico-la-prelacion-de-imputacion-de-pagos-en-materia-tributaria\/","name":"Consejo de Estado aclara que a partir del primero de enero de 2006 se modific\u00f3 la prelaci\u00f3n de imputaci\u00f3n de pagos en materia tributaria. - Auren Colombia","isPartOf":{"@id":"https:\/\/auren.com\/co\/#website"},"primaryImageOfPage":{"@id":"https:\/\/auren.com\/co\/blog\/consejo-de-estado-aclara-que-a-partir-del-primero-de-enero-de-2006-se-modifico-la-prelacion-de-imputacion-de-pagos-en-materia-tributaria\/#primaryimage"},"image":{"@id":"https:\/\/auren.com\/co\/blog\/consejo-de-estado-aclara-que-a-partir-del-primero-de-enero-de-2006-se-modifico-la-prelacion-de-imputacion-de-pagos-en-materia-tributaria\/#primaryimage"},"thumbnailUrl":"https:\/\/auren.com\/co\/wp-content\/uploads\/2016\/11\/calculadora-4-1.jpg","datePublished":"2016-11-16T15:28:47+00:00","breadcrumb":{"@id":"https:\/\/auren.com\/co\/blog\/consejo-de-estado-aclara-que-a-partir-del-primero-de-enero-de-2006-se-modifico-la-prelacion-de-imputacion-de-pagos-en-materia-tributaria\/#breadcrumb"},"inLanguage":"es","potentialAction":[{"@type":"ReadAction","target":["https:\/\/auren.com\/co\/blog\/consejo-de-estado-aclara-que-a-partir-del-primero-de-enero-de-2006-se-modifico-la-prelacion-de-imputacion-de-pagos-en-materia-tributaria\/"]}]},{"@type":"ImageObject","inLanguage":"es","@id":"https:\/\/auren.com\/co\/blog\/consejo-de-estado-aclara-que-a-partir-del-primero-de-enero-de-2006-se-modifico-la-prelacion-de-imputacion-de-pagos-en-materia-tributaria\/#primaryimage","url":"https:\/\/auren.com\/co\/wp-content\/uploads\/2016\/11\/calculadora-4-1.jpg","contentUrl":"https:\/\/auren.com\/co\/wp-content\/uploads\/2016\/11\/calculadora-4-1.jpg","width":1000,"height":502},{"@type":"BreadcrumbList","@id":"https:\/\/auren.com\/co\/blog\/consejo-de-estado-aclara-que-a-partir-del-primero-de-enero-de-2006-se-modifico-la-prelacion-de-imputacion-de-pagos-en-materia-tributaria\/#breadcrumb","itemListElement":[{"@type":"ListItem","position":1,"name":"Portada","item":"https:\/\/auren.com\/co\/"},{"@type":"ListItem","position":2,"name":"Consejo de Estado aclara que a partir del primero de enero de 2006 se modific\u00f3 la prelaci\u00f3n de imputaci\u00f3n de pagos en materia tributaria."}]},{"@type":"WebSite","@id":"https:\/\/auren.com\/co\/#website","url":"https:\/\/auren.com\/co\/","name":"Auren Colombia","description":"","publisher":{"@id":"https:\/\/auren.com\/co\/#organization"},"potentialAction":[{"@type":"SearchAction","target":{"@type":"EntryPoint","urlTemplate":"https:\/\/auren.com\/co\/?s={search_term_string}"},"query-input":{"@type":"PropertyValueSpecification","valueRequired":true,"valueName":"search_term_string"}}],"inLanguage":"es"},{"@type":"Organization","@id":"https:\/\/auren.com\/co\/#organization","name":"Auren Colombia","url":"https:\/\/auren.com\/co\/","logo":{"@type":"ImageObject","inLanguage":"es","@id":"https:\/\/auren.com\/co\/#\/schema\/logo\/image\/","url":"https:\/\/auren.com\/co\/wp-content\/uploads\/2025\/01\/cropped-cropped-favicon-Auren.png","contentUrl":"https:\/\/auren.com\/co\/wp-content\/uploads\/2025\/01\/cropped-cropped-favicon-Auren.png","width":512,"height":512,"caption":"Auren Colombia"},"image":{"@id":"https:\/\/auren.com\/co\/#\/schema\/logo\/image\/"},"sameAs":["https:\/\/x.com\/AurenColombia","https:\/\/www.instagram.com\/aurencolombia\/","https:\/\/www.youtube.com\/channel\/UCRYoGRMR_k4oVWesdErApmA","https:\/\/www.linkedin.com\/company\/auren-colombia"]}]}},"_links":{"self":[{"href":"https:\/\/auren.com\/co\/wp-json\/wp\/v2\/blog\/11652","targetHints":{"allow":["GET"]}}],"collection":[{"href":"https:\/\/auren.com\/co\/wp-json\/wp\/v2\/blog"}],"about":[{"href":"https:\/\/auren.com\/co\/wp-json\/wp\/v2\/types\/blog"}],"version-history":[{"count":0,"href":"https:\/\/auren.com\/co\/wp-json\/wp\/v2\/blog\/11652\/revisions"}],"wp:featuredmedia":[{"embeddable":true,"href":"https:\/\/auren.com\/co\/wp-json\/wp\/v2\/media\/11653"}],"wp:attachment":[{"href":"https:\/\/auren.com\/co\/wp-json\/wp\/v2\/media?parent=11652"}],"wp:term":[{"taxonomy":"blog-category","embeddable":true,"href":"https:\/\/auren.com\/co\/wp-json\/wp\/v2\/blog-category?post=11652"}],"curies":[{"name":"wp","href":"https:\/\/api.w.org\/{rel}","templated":true}]}}