{"id":11655,"date":"2016-11-16T16:22:57","date_gmt":"2016-11-16T15:22:57","guid":{"rendered":"https:\/\/auren.com\/co\/blog\/manejo-de-la-diferencia-originada-en-las-utilidades-contabilizadas-bajo-normas-contables-nacionales-respecto-de-la-utilidad-generada-bajo-niif\/"},"modified":"2016-11-16T16:22:57","modified_gmt":"2016-11-16T15:22:57","slug":"manejo-de-la-diferencia-originada-en-las-utilidades-contabilizadas-bajo-normas-contables-nacionales-respecto-de-la-utilidad-generada-bajo-niif","status":"publish","type":"blog","link":"https:\/\/auren.com\/co\/blog\/manejo-de-la-diferencia-originada-en-las-utilidades-contabilizadas-bajo-normas-contables-nacionales-respecto-de-la-utilidad-generada-bajo-niif\/","title":{"rendered":"Manejo de la diferencia originada en las utilidades contabilizadas bajo normas contables nacionales respecto de la utilidad generada bajo NIIF."},"content":{"rendered":"<p style=\"text-align: justify;\">\n<p style=\"text-align: justify;\">Precisa el Concejo T\u00e9cnico de la Contadur\u00eda P\u00fablica que la informaci\u00f3n del estado de situaci\u00f3n financiera de apertura y del estado de situaci\u00f3n financiera y estado de resultados del final del per\u00edodo de transici\u00f3n, no podr\u00eda ser utilizada como base para la distribuci\u00f3n de dividendos, teniendo en cuenta que los \u00faltimos estados financieros conforme a Decretos 2649 y 2650 de 1993, que son base para distribuci\u00f3n de dividendos, corresponden al a\u00f1o 2014 (entidades Grupo 1) y 2015 (entidades Grupo 2).<\/p>\n<p style=\"text-align: justify;\">En el caso de que una empresa del grupo 1 de NIIF presente p\u00e9rdidas al 31 de diciembre de 2014 (a\u00f1o de transici\u00f3n), que fueron contabilizadas con la normatividad anterior, esta debe hacer una compensaci\u00f3n con utilidades retenidas que existan para la misma fecha bajo ese marco normativo, y el registro del a\u00f1o 2015 (primer a\u00f1o de aplicaci\u00f3n de las NIIF) debe mostrar la afectaci\u00f3n de utilidades retenidas que est\u00e1n bajo el nuevo marco normativo; esto implica que la empresa, antes de distribuir utilidades del a\u00f1o de transici\u00f3n, deba calcular si dispone de utilidades retenidas suficientes bajo las normas NIIF con el objeto de no distribuir utilidades m\u00e1s all\u00e1 de lo que representan en ese rubro.<\/p>\n<p> En este sentido, se advierte que aunque la entidad recomienda que antes de distribuir utilidades del a\u00f1o de transici\u00f3n, las entidades revisen si disponen de utilidades retenidas suficientes bajo el nuevo marco t\u00e9cnico normativo con el fin de no distribuir utilidades m\u00e1s all\u00e1 de lo que presentan en este rubro, si la entidad distribuy\u00f3 utilidades que superaron las utilidades retenidas bajo el nuevo marco t\u00e9cnico normativo, este hecho generar\u00eda p\u00e9rdida acumulada.<\/p>\n<p><!-- AddThis Advanced Settings generic via filter on the_content --><!-- AddThis Share Buttons generic via filter on the_content --><\/p>\n","protected":false},"excerpt":{"rendered":"<p>Precisa el Concejo T\u00e9cnico de la Contadur\u00eda P\u00fablica que la informaci\u00f3n del estado de situaci\u00f3n financiera de apertura y del estado de situaci\u00f3n financiera y estado de resultados del final [&hellip;]<\/p>\n","protected":false},"featured_media":11656,"template":"","meta":{"_acf_changed":false,"footnotes":""},"blog-category":[],"class_list":["post-11655","blog","type-blog","status-publish","has-post-thumbnail","hentry"],"acf":[],"yoast_head":"<!-- This site is optimized with the Yoast SEO plugin v27.4 - https:\/\/yoast.com\/product\/yoast-seo-wordpress\/ -->\n<title>Manejo de la diferencia originada en las utilidades contabilizadas bajo normas contables nacionales respecto de la utilidad generada bajo NIIF. - Auren Colombia<\/title>\n<meta name=\"robots\" content=\"index, follow, max-snippet:-1, max-image-preview:large, max-video-preview:-1\" \/>\n<link rel=\"canonical\" href=\"https:\/\/auren.com\/co\/blog\/manejo-de-la-diferencia-originada-en-las-utilidades-contabilizadas-bajo-normas-contables-nacionales-respecto-de-la-utilidad-generada-bajo-niif\/\" \/>\n<meta property=\"og:locale\" content=\"es_ES\" \/>\n<meta property=\"og:type\" content=\"article\" \/>\n<meta property=\"og:title\" content=\"Manejo de la diferencia originada en las utilidades contabilizadas bajo normas contables nacionales respecto de la utilidad generada bajo NIIF. - Auren Colombia\" \/>\n<meta property=\"og:description\" content=\"Precisa el Concejo T\u00e9cnico de la Contadur\u00eda P\u00fablica que la informaci\u00f3n del estado de situaci\u00f3n financiera de apertura y del estado de situaci\u00f3n financiera y estado de resultados del final [&hellip;]\" \/>\n<meta property=\"og:url\" content=\"https:\/\/auren.com\/co\/blog\/manejo-de-la-diferencia-originada-en-las-utilidades-contabilizadas-bajo-normas-contables-nacionales-respecto-de-la-utilidad-generada-bajo-niif\/\" \/>\n<meta property=\"og:site_name\" content=\"Auren Colombia\" \/>\n<meta property=\"og:image\" content=\"https:\/\/auren.com\/co\/wp-content\/uploads\/2016\/11\/cifras-2-1.jpg\" \/>\n\t<meta property=\"og:image:width\" content=\"1000\" \/>\n\t<meta property=\"og:image:height\" content=\"502\" \/>\n\t<meta property=\"og:image:type\" content=\"image\/jpeg\" \/>\n<meta name=\"twitter:card\" content=\"summary_large_image\" \/>\n<meta name=\"twitter:site\" content=\"@AurenColombia\" \/>\n<meta name=\"twitter:label1\" content=\"Tiempo de lectura\" \/>\n\t<meta name=\"twitter:data1\" content=\"1 minuto\" \/>\n<script type=\"application\/ld+json\" class=\"yoast-schema-graph\">{\"@context\":\"https:\\\/\\\/schema.org\",\"@graph\":[{\"@type\":\"WebPage\",\"@id\":\"https:\\\/\\\/auren.com\\\/co\\\/blog\\\/manejo-de-la-diferencia-originada-en-las-utilidades-contabilizadas-bajo-normas-contables-nacionales-respecto-de-la-utilidad-generada-bajo-niif\\\/\",\"url\":\"https:\\\/\\\/auren.com\\\/co\\\/blog\\\/manejo-de-la-diferencia-originada-en-las-utilidades-contabilizadas-bajo-normas-contables-nacionales-respecto-de-la-utilidad-generada-bajo-niif\\\/\",\"name\":\"Manejo de la diferencia originada en las utilidades contabilizadas bajo normas contables nacionales respecto de la utilidad generada bajo NIIF. - Auren Colombia\",\"isPartOf\":{\"@id\":\"https:\\\/\\\/auren.com\\\/co\\\/#website\"},\"primaryImageOfPage\":{\"@id\":\"https:\\\/\\\/auren.com\\\/co\\\/blog\\\/manejo-de-la-diferencia-originada-en-las-utilidades-contabilizadas-bajo-normas-contables-nacionales-respecto-de-la-utilidad-generada-bajo-niif\\\/#primaryimage\"},\"image\":{\"@id\":\"https:\\\/\\\/auren.com\\\/co\\\/blog\\\/manejo-de-la-diferencia-originada-en-las-utilidades-contabilizadas-bajo-normas-contables-nacionales-respecto-de-la-utilidad-generada-bajo-niif\\\/#primaryimage\"},\"thumbnailUrl\":\"https:\\\/\\\/auren.com\\\/co\\\/wp-content\\\/uploads\\\/2016\\\/11\\\/cifras-2-1.jpg\",\"datePublished\":\"2016-11-16T15:22:57+00:00\",\"breadcrumb\":{\"@id\":\"https:\\\/\\\/auren.com\\\/co\\\/blog\\\/manejo-de-la-diferencia-originada-en-las-utilidades-contabilizadas-bajo-normas-contables-nacionales-respecto-de-la-utilidad-generada-bajo-niif\\\/#breadcrumb\"},\"inLanguage\":\"es\",\"potentialAction\":[{\"@type\":\"ReadAction\",\"target\":[\"https:\\\/\\\/auren.com\\\/co\\\/blog\\\/manejo-de-la-diferencia-originada-en-las-utilidades-contabilizadas-bajo-normas-contables-nacionales-respecto-de-la-utilidad-generada-bajo-niif\\\/\"]}]},{\"@type\":\"ImageObject\",\"inLanguage\":\"es\",\"@id\":\"https:\\\/\\\/auren.com\\\/co\\\/blog\\\/manejo-de-la-diferencia-originada-en-las-utilidades-contabilizadas-bajo-normas-contables-nacionales-respecto-de-la-utilidad-generada-bajo-niif\\\/#primaryimage\",\"url\":\"https:\\\/\\\/auren.com\\\/co\\\/wp-content\\\/uploads\\\/2016\\\/11\\\/cifras-2-1.jpg\",\"contentUrl\":\"https:\\\/\\\/auren.com\\\/co\\\/wp-content\\\/uploads\\\/2016\\\/11\\\/cifras-2-1.jpg\",\"width\":1000,\"height\":502},{\"@type\":\"BreadcrumbList\",\"@id\":\"https:\\\/\\\/auren.com\\\/co\\\/blog\\\/manejo-de-la-diferencia-originada-en-las-utilidades-contabilizadas-bajo-normas-contables-nacionales-respecto-de-la-utilidad-generada-bajo-niif\\\/#breadcrumb\",\"itemListElement\":[{\"@type\":\"ListItem\",\"position\":1,\"name\":\"Portada\",\"item\":\"https:\\\/\\\/auren.com\\\/co\\\/\"},{\"@type\":\"ListItem\",\"position\":2,\"name\":\"Manejo de la diferencia originada en las utilidades contabilizadas bajo normas contables nacionales respecto de la utilidad generada bajo NIIF.\"}]},{\"@type\":\"WebSite\",\"@id\":\"https:\\\/\\\/auren.com\\\/co\\\/#website\",\"url\":\"https:\\\/\\\/auren.com\\\/co\\\/\",\"name\":\"Auren Colombia\",\"description\":\"\",\"publisher\":{\"@id\":\"https:\\\/\\\/auren.com\\\/co\\\/#organization\"},\"potentialAction\":[{\"@type\":\"SearchAction\",\"target\":{\"@type\":\"EntryPoint\",\"urlTemplate\":\"https:\\\/\\\/auren.com\\\/co\\\/?s={search_term_string}\"},\"query-input\":{\"@type\":\"PropertyValueSpecification\",\"valueRequired\":true,\"valueName\":\"search_term_string\"}}],\"inLanguage\":\"es\"},{\"@type\":\"Organization\",\"@id\":\"https:\\\/\\\/auren.com\\\/co\\\/#organization\",\"name\":\"Auren Colombia\",\"url\":\"https:\\\/\\\/auren.com\\\/co\\\/\",\"logo\":{\"@type\":\"ImageObject\",\"inLanguage\":\"es\",\"@id\":\"https:\\\/\\\/auren.com\\\/co\\\/#\\\/schema\\\/logo\\\/image\\\/\",\"url\":\"https:\\\/\\\/auren.com\\\/co\\\/wp-content\\\/uploads\\\/2025\\\/01\\\/cropped-cropped-favicon-Auren.png\",\"contentUrl\":\"https:\\\/\\\/auren.com\\\/co\\\/wp-content\\\/uploads\\\/2025\\\/01\\\/cropped-cropped-favicon-Auren.png\",\"width\":512,\"height\":512,\"caption\":\"Auren Colombia\"},\"image\":{\"@id\":\"https:\\\/\\\/auren.com\\\/co\\\/#\\\/schema\\\/logo\\\/image\\\/\"},\"sameAs\":[\"https:\\\/\\\/x.com\\\/AurenColombia\",\"https:\\\/\\\/www.instagram.com\\\/aurencolombia\\\/\",\"https:\\\/\\\/www.youtube.com\\\/channel\\\/UCRYoGRMR_k4oVWesdErApmA\",\"https:\\\/\\\/www.linkedin.com\\\/company\\\/auren-colombia\"]}]}<\/script>\n<!-- \/ Yoast SEO plugin. -->","yoast_head_json":{"title":"Manejo de la diferencia originada en las utilidades contabilizadas bajo normas contables nacionales respecto de la utilidad generada bajo NIIF. - Auren Colombia","robots":{"index":"index","follow":"follow","max-snippet":"max-snippet:-1","max-image-preview":"max-image-preview:large","max-video-preview":"max-video-preview:-1"},"canonical":"https:\/\/auren.com\/co\/blog\/manejo-de-la-diferencia-originada-en-las-utilidades-contabilizadas-bajo-normas-contables-nacionales-respecto-de-la-utilidad-generada-bajo-niif\/","og_locale":"es_ES","og_type":"article","og_title":"Manejo de la diferencia originada en las utilidades contabilizadas bajo normas contables nacionales respecto de la utilidad generada bajo NIIF. - Auren Colombia","og_description":"Precisa el Concejo T\u00e9cnico de la Contadur\u00eda P\u00fablica que la informaci\u00f3n del estado de situaci\u00f3n financiera de apertura y del estado de situaci\u00f3n financiera y estado de resultados del final [&hellip;]","og_url":"https:\/\/auren.com\/co\/blog\/manejo-de-la-diferencia-originada-en-las-utilidades-contabilizadas-bajo-normas-contables-nacionales-respecto-de-la-utilidad-generada-bajo-niif\/","og_site_name":"Auren Colombia","og_image":[{"width":1000,"height":502,"url":"https:\/\/auren.com\/co\/wp-content\/uploads\/2016\/11\/cifras-2-1.jpg","type":"image\/jpeg"}],"twitter_card":"summary_large_image","twitter_site":"@AurenColombia","twitter_misc":{"Tiempo de lectura":"1 minuto"},"schema":{"@context":"https:\/\/schema.org","@graph":[{"@type":"WebPage","@id":"https:\/\/auren.com\/co\/blog\/manejo-de-la-diferencia-originada-en-las-utilidades-contabilizadas-bajo-normas-contables-nacionales-respecto-de-la-utilidad-generada-bajo-niif\/","url":"https:\/\/auren.com\/co\/blog\/manejo-de-la-diferencia-originada-en-las-utilidades-contabilizadas-bajo-normas-contables-nacionales-respecto-de-la-utilidad-generada-bajo-niif\/","name":"Manejo de la diferencia originada en las utilidades contabilizadas bajo normas contables nacionales respecto de la utilidad generada bajo NIIF. - Auren Colombia","isPartOf":{"@id":"https:\/\/auren.com\/co\/#website"},"primaryImageOfPage":{"@id":"https:\/\/auren.com\/co\/blog\/manejo-de-la-diferencia-originada-en-las-utilidades-contabilizadas-bajo-normas-contables-nacionales-respecto-de-la-utilidad-generada-bajo-niif\/#primaryimage"},"image":{"@id":"https:\/\/auren.com\/co\/blog\/manejo-de-la-diferencia-originada-en-las-utilidades-contabilizadas-bajo-normas-contables-nacionales-respecto-de-la-utilidad-generada-bajo-niif\/#primaryimage"},"thumbnailUrl":"https:\/\/auren.com\/co\/wp-content\/uploads\/2016\/11\/cifras-2-1.jpg","datePublished":"2016-11-16T15:22:57+00:00","breadcrumb":{"@id":"https:\/\/auren.com\/co\/blog\/manejo-de-la-diferencia-originada-en-las-utilidades-contabilizadas-bajo-normas-contables-nacionales-respecto-de-la-utilidad-generada-bajo-niif\/#breadcrumb"},"inLanguage":"es","potentialAction":[{"@type":"ReadAction","target":["https:\/\/auren.com\/co\/blog\/manejo-de-la-diferencia-originada-en-las-utilidades-contabilizadas-bajo-normas-contables-nacionales-respecto-de-la-utilidad-generada-bajo-niif\/"]}]},{"@type":"ImageObject","inLanguage":"es","@id":"https:\/\/auren.com\/co\/blog\/manejo-de-la-diferencia-originada-en-las-utilidades-contabilizadas-bajo-normas-contables-nacionales-respecto-de-la-utilidad-generada-bajo-niif\/#primaryimage","url":"https:\/\/auren.com\/co\/wp-content\/uploads\/2016\/11\/cifras-2-1.jpg","contentUrl":"https:\/\/auren.com\/co\/wp-content\/uploads\/2016\/11\/cifras-2-1.jpg","width":1000,"height":502},{"@type":"BreadcrumbList","@id":"https:\/\/auren.com\/co\/blog\/manejo-de-la-diferencia-originada-en-las-utilidades-contabilizadas-bajo-normas-contables-nacionales-respecto-de-la-utilidad-generada-bajo-niif\/#breadcrumb","itemListElement":[{"@type":"ListItem","position":1,"name":"Portada","item":"https:\/\/auren.com\/co\/"},{"@type":"ListItem","position":2,"name":"Manejo de la diferencia originada en las utilidades contabilizadas bajo normas contables nacionales respecto de la utilidad generada bajo NIIF."}]},{"@type":"WebSite","@id":"https:\/\/auren.com\/co\/#website","url":"https:\/\/auren.com\/co\/","name":"Auren Colombia","description":"","publisher":{"@id":"https:\/\/auren.com\/co\/#organization"},"potentialAction":[{"@type":"SearchAction","target":{"@type":"EntryPoint","urlTemplate":"https:\/\/auren.com\/co\/?s={search_term_string}"},"query-input":{"@type":"PropertyValueSpecification","valueRequired":true,"valueName":"search_term_string"}}],"inLanguage":"es"},{"@type":"Organization","@id":"https:\/\/auren.com\/co\/#organization","name":"Auren Colombia","url":"https:\/\/auren.com\/co\/","logo":{"@type":"ImageObject","inLanguage":"es","@id":"https:\/\/auren.com\/co\/#\/schema\/logo\/image\/","url":"https:\/\/auren.com\/co\/wp-content\/uploads\/2025\/01\/cropped-cropped-favicon-Auren.png","contentUrl":"https:\/\/auren.com\/co\/wp-content\/uploads\/2025\/01\/cropped-cropped-favicon-Auren.png","width":512,"height":512,"caption":"Auren Colombia"},"image":{"@id":"https:\/\/auren.com\/co\/#\/schema\/logo\/image\/"},"sameAs":["https:\/\/x.com\/AurenColombia","https:\/\/www.instagram.com\/aurencolombia\/","https:\/\/www.youtube.com\/channel\/UCRYoGRMR_k4oVWesdErApmA","https:\/\/www.linkedin.com\/company\/auren-colombia"]}]}},"_links":{"self":[{"href":"https:\/\/auren.com\/co\/wp-json\/wp\/v2\/blog\/11655","targetHints":{"allow":["GET"]}}],"collection":[{"href":"https:\/\/auren.com\/co\/wp-json\/wp\/v2\/blog"}],"about":[{"href":"https:\/\/auren.com\/co\/wp-json\/wp\/v2\/types\/blog"}],"version-history":[{"count":0,"href":"https:\/\/auren.com\/co\/wp-json\/wp\/v2\/blog\/11655\/revisions"}],"wp:featuredmedia":[{"embeddable":true,"href":"https:\/\/auren.com\/co\/wp-json\/wp\/v2\/media\/11656"}],"wp:attachment":[{"href":"https:\/\/auren.com\/co\/wp-json\/wp\/v2\/media?parent=11655"}],"wp:term":[{"taxonomy":"blog-category","embeddable":true,"href":"https:\/\/auren.com\/co\/wp-json\/wp\/v2\/blog-category?post=11655"}],"curies":[{"name":"wp","href":"https:\/\/api.w.org\/{rel}","templated":true}]}}