{"id":11658,"date":"2016-11-16T16:18:26","date_gmt":"2016-11-16T15:18:26","guid":{"rendered":"https:\/\/auren.com\/co\/blog\/expedido-decreto-compilatoria-de-las-normas-que-integran-el-sistema-general-de-pensiones\/"},"modified":"2016-11-16T16:18:26","modified_gmt":"2016-11-16T15:18:26","slug":"expedido-decreto-compilatoria-de-las-normas-que-integran-el-sistema-general-de-pensiones","status":"publish","type":"blog","link":"https:\/\/auren.com\/co\/blog\/expedido-decreto-compilatoria-de-las-normas-que-integran-el-sistema-general-de-pensiones\/","title":{"rendered":"Expedido Decreto compilatoria de las normas que integran el Sistema General de Pensiones."},"content":{"rendered":"<p>Con el fin de simplificar el sistema normativo que rige el Sistema General de Pensiones, el Gobierno compil\u00f3 sus normas reglamentarias en el Decreto 1833 del 10 de noviembre de 2016.<\/p>\n<p style=\"text-align: justify;\">En virtud de este decreto compilatorio, no quedan derogadas las normas que rigen el r\u00e9gimen de transici\u00f3n pensional establecido en el art\u00edculo 36 de la Ley 100 de 1993 y el Acto Legislativo 1 de 2005 que modific\u00f3 el art\u00edculo 48 de la Constituci\u00f3n Pol\u00edtica. En raz\u00f3n a que el r\u00e9gimen de transici\u00f3n consagrado en la Ley 100 de 1993 y en el Acto Legislativo 01 de 2005 culmin\u00f3 el 31 de diciembre de 2014, y que las normas anteriores que lo conformaban no se encuentran vigentes, estas no se compilan en el presente Decreto, sin perjuicio de los efectos que tienen tales preceptivas respecto de las personas que causaron el derecho.<\/p>\n<p style=\"text-align: justify;\">Tampoco quedan cobijados los decretos relativos a la creaci\u00f3n y conformaci\u00f3n de comisiones intersectoriales, comisiones interinstitucionales, consejos, comit\u00e9s, sistemas administrativos y dem\u00e1s asuntos relacionados con la estructura, configuraci\u00f3n y conformaci\u00f3n de entidades y organismos del sector administrativo, como el Decreto 2380 de 2012 y el Decreto 540 de 2012.<\/p>\n<p style=\"text-align: justify;\">Se advierte que quedan excluidas de esta derogatoria las normas naturaleza reglamentaria que a la fecha de expedici\u00f3n del presente decreto se encuentren suspendidas por la Jurisdicci\u00f3n Contencioso Administrativa, las cuales ser\u00e1n compiladas en caso de recuperar su eficacia jur\u00eddica.<\/p>\n<p> <span class=\"apple-converted-space\">El Decreto rige a partir del 10 de noviembre de 2016.<\/span><\/p>\n<p><!-- AddThis Advanced Settings generic via filter on the_content --><!-- AddThis Share Buttons generic via filter on the_content --><\/p>\n","protected":false},"excerpt":{"rendered":"<p>Con el fin de simplificar el sistema normativo que rige el Sistema General de Pensiones, el Gobierno compil\u00f3 sus normas reglamentarias en el Decreto 1833 del 10 de noviembre de [&hellip;]<\/p>\n","protected":false},"featured_media":11659,"template":"","meta":{"_acf_changed":false,"footnotes":""},"blog-category":[],"class_list":["post-11658","blog","type-blog","status-publish","has-post-thumbnail","hentry"],"acf":[],"yoast_head":"<!-- This site is optimized with the Yoast SEO plugin v27.4 - https:\/\/yoast.com\/product\/yoast-seo-wordpress\/ -->\n<title>Expedido Decreto compilatoria de las normas que integran el Sistema General de Pensiones. - Auren Colombia<\/title>\n<meta name=\"robots\" content=\"index, follow, max-snippet:-1, max-image-preview:large, max-video-preview:-1\" \/>\n<link rel=\"canonical\" href=\"https:\/\/auren.com\/co\/blog\/expedido-decreto-compilatoria-de-las-normas-que-integran-el-sistema-general-de-pensiones\/\" \/>\n<meta property=\"og:locale\" content=\"es_ES\" \/>\n<meta property=\"og:type\" content=\"article\" \/>\n<meta property=\"og:title\" content=\"Expedido Decreto compilatoria de las normas que integran el Sistema General de Pensiones. - Auren Colombia\" \/>\n<meta property=\"og:description\" content=\"Con el fin de simplificar el sistema normativo que rige el Sistema General de Pensiones, el Gobierno compil\u00f3 sus normas reglamentarias en el Decreto 1833 del 10 de noviembre de [&hellip;]\" \/>\n<meta property=\"og:url\" content=\"https:\/\/auren.com\/co\/blog\/expedido-decreto-compilatoria-de-las-normas-que-integran-el-sistema-general-de-pensiones\/\" \/>\n<meta property=\"og:site_name\" content=\"Auren Colombia\" \/>\n<meta property=\"og:image\" content=\"https:\/\/auren.com\/co\/wp-content\/uploads\/2016\/11\/prima-10-1.jpg\" \/>\n\t<meta property=\"og:image:width\" content=\"1000\" \/>\n\t<meta property=\"og:image:height\" content=\"502\" \/>\n\t<meta property=\"og:image:type\" content=\"image\/jpeg\" \/>\n<meta name=\"twitter:card\" content=\"summary_large_image\" \/>\n<meta name=\"twitter:site\" content=\"@AurenColombia\" \/>\n<meta name=\"twitter:label1\" content=\"Tiempo de lectura\" \/>\n\t<meta name=\"twitter:data1\" content=\"1 minuto\" \/>\n<script type=\"application\/ld+json\" class=\"yoast-schema-graph\">{\"@context\":\"https:\\\/\\\/schema.org\",\"@graph\":[{\"@type\":\"WebPage\",\"@id\":\"https:\\\/\\\/auren.com\\\/co\\\/blog\\\/expedido-decreto-compilatoria-de-las-normas-que-integran-el-sistema-general-de-pensiones\\\/\",\"url\":\"https:\\\/\\\/auren.com\\\/co\\\/blog\\\/expedido-decreto-compilatoria-de-las-normas-que-integran-el-sistema-general-de-pensiones\\\/\",\"name\":\"Expedido Decreto compilatoria de las normas que integran el Sistema General de Pensiones. - Auren Colombia\",\"isPartOf\":{\"@id\":\"https:\\\/\\\/auren.com\\\/co\\\/#website\"},\"primaryImageOfPage\":{\"@id\":\"https:\\\/\\\/auren.com\\\/co\\\/blog\\\/expedido-decreto-compilatoria-de-las-normas-que-integran-el-sistema-general-de-pensiones\\\/#primaryimage\"},\"image\":{\"@id\":\"https:\\\/\\\/auren.com\\\/co\\\/blog\\\/expedido-decreto-compilatoria-de-las-normas-que-integran-el-sistema-general-de-pensiones\\\/#primaryimage\"},\"thumbnailUrl\":\"https:\\\/\\\/auren.com\\\/co\\\/wp-content\\\/uploads\\\/2016\\\/11\\\/prima-10-1.jpg\",\"datePublished\":\"2016-11-16T15:18:26+00:00\",\"breadcrumb\":{\"@id\":\"https:\\\/\\\/auren.com\\\/co\\\/blog\\\/expedido-decreto-compilatoria-de-las-normas-que-integran-el-sistema-general-de-pensiones\\\/#breadcrumb\"},\"inLanguage\":\"es\",\"potentialAction\":[{\"@type\":\"ReadAction\",\"target\":[\"https:\\\/\\\/auren.com\\\/co\\\/blog\\\/expedido-decreto-compilatoria-de-las-normas-que-integran-el-sistema-general-de-pensiones\\\/\"]}]},{\"@type\":\"ImageObject\",\"inLanguage\":\"es\",\"@id\":\"https:\\\/\\\/auren.com\\\/co\\\/blog\\\/expedido-decreto-compilatoria-de-las-normas-que-integran-el-sistema-general-de-pensiones\\\/#primaryimage\",\"url\":\"https:\\\/\\\/auren.com\\\/co\\\/wp-content\\\/uploads\\\/2016\\\/11\\\/prima-10-1.jpg\",\"contentUrl\":\"https:\\\/\\\/auren.com\\\/co\\\/wp-content\\\/uploads\\\/2016\\\/11\\\/prima-10-1.jpg\",\"width\":1000,\"height\":502},{\"@type\":\"BreadcrumbList\",\"@id\":\"https:\\\/\\\/auren.com\\\/co\\\/blog\\\/expedido-decreto-compilatoria-de-las-normas-que-integran-el-sistema-general-de-pensiones\\\/#breadcrumb\",\"itemListElement\":[{\"@type\":\"ListItem\",\"position\":1,\"name\":\"Portada\",\"item\":\"https:\\\/\\\/auren.com\\\/co\\\/\"},{\"@type\":\"ListItem\",\"position\":2,\"name\":\"Expedido Decreto compilatoria de las normas que integran el Sistema General de Pensiones.\"}]},{\"@type\":\"WebSite\",\"@id\":\"https:\\\/\\\/auren.com\\\/co\\\/#website\",\"url\":\"https:\\\/\\\/auren.com\\\/co\\\/\",\"name\":\"Auren Colombia\",\"description\":\"\",\"publisher\":{\"@id\":\"https:\\\/\\\/auren.com\\\/co\\\/#organization\"},\"potentialAction\":[{\"@type\":\"SearchAction\",\"target\":{\"@type\":\"EntryPoint\",\"urlTemplate\":\"https:\\\/\\\/auren.com\\\/co\\\/?s={search_term_string}\"},\"query-input\":{\"@type\":\"PropertyValueSpecification\",\"valueRequired\":true,\"valueName\":\"search_term_string\"}}],\"inLanguage\":\"es\"},{\"@type\":\"Organization\",\"@id\":\"https:\\\/\\\/auren.com\\\/co\\\/#organization\",\"name\":\"Auren Colombia\",\"url\":\"https:\\\/\\\/auren.com\\\/co\\\/\",\"logo\":{\"@type\":\"ImageObject\",\"inLanguage\":\"es\",\"@id\":\"https:\\\/\\\/auren.com\\\/co\\\/#\\\/schema\\\/logo\\\/image\\\/\",\"url\":\"https:\\\/\\\/auren.com\\\/co\\\/wp-content\\\/uploads\\\/2025\\\/01\\\/cropped-cropped-favicon-Auren.png\",\"contentUrl\":\"https:\\\/\\\/auren.com\\\/co\\\/wp-content\\\/uploads\\\/2025\\\/01\\\/cropped-cropped-favicon-Auren.png\",\"width\":512,\"height\":512,\"caption\":\"Auren Colombia\"},\"image\":{\"@id\":\"https:\\\/\\\/auren.com\\\/co\\\/#\\\/schema\\\/logo\\\/image\\\/\"},\"sameAs\":[\"https:\\\/\\\/x.com\\\/AurenColombia\",\"https:\\\/\\\/www.instagram.com\\\/aurencolombia\\\/\",\"https:\\\/\\\/www.youtube.com\\\/channel\\\/UCRYoGRMR_k4oVWesdErApmA\",\"https:\\\/\\\/www.linkedin.com\\\/company\\\/auren-colombia\"]}]}<\/script>\n<!-- \/ Yoast SEO plugin. -->","yoast_head_json":{"title":"Expedido Decreto compilatoria de las normas que integran el Sistema General de Pensiones. - Auren Colombia","robots":{"index":"index","follow":"follow","max-snippet":"max-snippet:-1","max-image-preview":"max-image-preview:large","max-video-preview":"max-video-preview:-1"},"canonical":"https:\/\/auren.com\/co\/blog\/expedido-decreto-compilatoria-de-las-normas-que-integran-el-sistema-general-de-pensiones\/","og_locale":"es_ES","og_type":"article","og_title":"Expedido Decreto compilatoria de las normas que integran el Sistema General de Pensiones. - Auren Colombia","og_description":"Con el fin de simplificar el sistema normativo que rige el Sistema General de Pensiones, el Gobierno compil\u00f3 sus normas reglamentarias en el Decreto 1833 del 10 de noviembre de [&hellip;]","og_url":"https:\/\/auren.com\/co\/blog\/expedido-decreto-compilatoria-de-las-normas-que-integran-el-sistema-general-de-pensiones\/","og_site_name":"Auren Colombia","og_image":[{"width":1000,"height":502,"url":"https:\/\/auren.com\/co\/wp-content\/uploads\/2016\/11\/prima-10-1.jpg","type":"image\/jpeg"}],"twitter_card":"summary_large_image","twitter_site":"@AurenColombia","twitter_misc":{"Tiempo de lectura":"1 minuto"},"schema":{"@context":"https:\/\/schema.org","@graph":[{"@type":"WebPage","@id":"https:\/\/auren.com\/co\/blog\/expedido-decreto-compilatoria-de-las-normas-que-integran-el-sistema-general-de-pensiones\/","url":"https:\/\/auren.com\/co\/blog\/expedido-decreto-compilatoria-de-las-normas-que-integran-el-sistema-general-de-pensiones\/","name":"Expedido Decreto compilatoria de las normas que integran el Sistema General de Pensiones. - Auren Colombia","isPartOf":{"@id":"https:\/\/auren.com\/co\/#website"},"primaryImageOfPage":{"@id":"https:\/\/auren.com\/co\/blog\/expedido-decreto-compilatoria-de-las-normas-que-integran-el-sistema-general-de-pensiones\/#primaryimage"},"image":{"@id":"https:\/\/auren.com\/co\/blog\/expedido-decreto-compilatoria-de-las-normas-que-integran-el-sistema-general-de-pensiones\/#primaryimage"},"thumbnailUrl":"https:\/\/auren.com\/co\/wp-content\/uploads\/2016\/11\/prima-10-1.jpg","datePublished":"2016-11-16T15:18:26+00:00","breadcrumb":{"@id":"https:\/\/auren.com\/co\/blog\/expedido-decreto-compilatoria-de-las-normas-que-integran-el-sistema-general-de-pensiones\/#breadcrumb"},"inLanguage":"es","potentialAction":[{"@type":"ReadAction","target":["https:\/\/auren.com\/co\/blog\/expedido-decreto-compilatoria-de-las-normas-que-integran-el-sistema-general-de-pensiones\/"]}]},{"@type":"ImageObject","inLanguage":"es","@id":"https:\/\/auren.com\/co\/blog\/expedido-decreto-compilatoria-de-las-normas-que-integran-el-sistema-general-de-pensiones\/#primaryimage","url":"https:\/\/auren.com\/co\/wp-content\/uploads\/2016\/11\/prima-10-1.jpg","contentUrl":"https:\/\/auren.com\/co\/wp-content\/uploads\/2016\/11\/prima-10-1.jpg","width":1000,"height":502},{"@type":"BreadcrumbList","@id":"https:\/\/auren.com\/co\/blog\/expedido-decreto-compilatoria-de-las-normas-que-integran-el-sistema-general-de-pensiones\/#breadcrumb","itemListElement":[{"@type":"ListItem","position":1,"name":"Portada","item":"https:\/\/auren.com\/co\/"},{"@type":"ListItem","position":2,"name":"Expedido Decreto compilatoria de las normas que integran el Sistema General de Pensiones."}]},{"@type":"WebSite","@id":"https:\/\/auren.com\/co\/#website","url":"https:\/\/auren.com\/co\/","name":"Auren Colombia","description":"","publisher":{"@id":"https:\/\/auren.com\/co\/#organization"},"potentialAction":[{"@type":"SearchAction","target":{"@type":"EntryPoint","urlTemplate":"https:\/\/auren.com\/co\/?s={search_term_string}"},"query-input":{"@type":"PropertyValueSpecification","valueRequired":true,"valueName":"search_term_string"}}],"inLanguage":"es"},{"@type":"Organization","@id":"https:\/\/auren.com\/co\/#organization","name":"Auren Colombia","url":"https:\/\/auren.com\/co\/","logo":{"@type":"ImageObject","inLanguage":"es","@id":"https:\/\/auren.com\/co\/#\/schema\/logo\/image\/","url":"https:\/\/auren.com\/co\/wp-content\/uploads\/2025\/01\/cropped-cropped-favicon-Auren.png","contentUrl":"https:\/\/auren.com\/co\/wp-content\/uploads\/2025\/01\/cropped-cropped-favicon-Auren.png","width":512,"height":512,"caption":"Auren Colombia"},"image":{"@id":"https:\/\/auren.com\/co\/#\/schema\/logo\/image\/"},"sameAs":["https:\/\/x.com\/AurenColombia","https:\/\/www.instagram.com\/aurencolombia\/","https:\/\/www.youtube.com\/channel\/UCRYoGRMR_k4oVWesdErApmA","https:\/\/www.linkedin.com\/company\/auren-colombia"]}]}},"_links":{"self":[{"href":"https:\/\/auren.com\/co\/wp-json\/wp\/v2\/blog\/11658","targetHints":{"allow":["GET"]}}],"collection":[{"href":"https:\/\/auren.com\/co\/wp-json\/wp\/v2\/blog"}],"about":[{"href":"https:\/\/auren.com\/co\/wp-json\/wp\/v2\/types\/blog"}],"version-history":[{"count":0,"href":"https:\/\/auren.com\/co\/wp-json\/wp\/v2\/blog\/11658\/revisions"}],"wp:featuredmedia":[{"embeddable":true,"href":"https:\/\/auren.com\/co\/wp-json\/wp\/v2\/media\/11659"}],"wp:attachment":[{"href":"https:\/\/auren.com\/co\/wp-json\/wp\/v2\/media?parent=11658"}],"wp:term":[{"taxonomy":"blog-category","embeddable":true,"href":"https:\/\/auren.com\/co\/wp-json\/wp\/v2\/blog-category?post=11658"}],"curies":[{"name":"wp","href":"https:\/\/api.w.org\/{rel}","templated":true}]}}