{"id":11676,"date":"2016-11-16T15:15:00","date_gmt":"2016-11-16T14:15:00","guid":{"rendered":"https:\/\/auren.com\/co\/blog\/dian-reglamenta-el-uso-de-la-firma-electronica-para-la-presentacion-de-obligaciones-formales\/"},"modified":"2016-11-16T15:15:00","modified_gmt":"2016-11-16T14:15:00","slug":"dian-reglamenta-el-uso-de-la-firma-electronica-para-la-presentacion-de-obligaciones-formales","status":"publish","type":"blog","link":"https:\/\/auren.com\/co\/blog\/dian-reglamenta-el-uso-de-la-firma-electronica-para-la-presentacion-de-obligaciones-formales\/","title":{"rendered":"DIAN reglamenta el uso de la firma electr\u00f3nica para la presentaci\u00f3n de obligaciones formales."},"content":{"rendered":"<p>A trav\u00e9s de la Resoluci\u00f3n 70 del 3 de noviembre de 2016, la DIAN habilit\u00f3 el uso del instrumento de firma electr\u00f3nica en los servicios inform\u00e1ticos electr\u00f3nicos de la entidad, para el cumplimiento de obligaciones y operaciones, el cual sustituye para todos los efectos el mecanismo de firma digital.<\/p>\n<p style=\"text-align: justify;\">Para la utilizaci\u00f3n de esta firma electr\u00f3nica, el usuario deber\u00e1 firmar un Acuerdo de Firma Electr\u00f3nica, el cual establece, entre otras, las condiciones legales y t\u00e9cnicas, medidas de seguridad y condiciones de uso, que debe observar para su funcionamiento, de conformidad con el Decreto 2364 de 2012. La firma de este acuerdo se har\u00e1 en el momento de la emisi\u00f3n, gesti\u00f3n que ser\u00e1 presencial y supone la actualizaci\u00f3n del RUT, o al momento de la renovaci\u00f3n por migraci\u00f3n (del mecanismo de firma digital), lo cual se har\u00e1 a trav\u00e9s de los sistemas inform\u00e1ticos electr\u00f3nicos y dentro del cronograma contenido en el art\u00edculo 9 de la Resoluci\u00f3n.<\/p>\n<p style=\"text-align: justify;\">Las personas naturales que se encuentren residenciadas en el exterior que opten por presentar sus declaraciones de manera virtual, podr\u00e1n solicitar la emisi\u00f3n del instrumento de firma electr\u00f3nica a trav\u00e9s del Sistema de Quejas, Reclamos, Peticiones y Sugerencias de la p\u00e1gina web de la DIAN y por este medio se enviar\u00e1 respuesta a la solicitud<\/p>\n<p style=\"text-align: justify;\">Este instrumento es gratuito y su vigencia es de 3 a\u00f1os, contados a partir de la culminaci\u00f3n del procedimiento de emisi\u00f3n o renovaci\u00f3n.<\/p>\n<p> El cronograma de migraci\u00f3n, establecido seg\u00fan el \u00faltimo d\u00edgito del NIT, para los grandes contribuyentes va desde el 8 de noviembre hasta el 2 de diciembre de 2016; para las personas jur\u00eddicas y asimiladas desde el 13 de diciembre de 2016 hasta el 31 de marzo de 2017, y para las personas naturales entre el primero de junio y 30 de junio de 2017.<\/p>\n<p><!-- AddThis Advanced Settings generic via filter on the_content --><!-- AddThis Share Buttons generic via filter on the_content --><\/p>\n","protected":false},"excerpt":{"rendered":"<p> A partir del 8 de noviembre de 2016 deber\u00e1 hacerse la migraci\u00f3n a este nuevo instrumento.<\/p>\n","protected":false},"featured_media":11677,"template":"","meta":{"_acf_changed":false,"footnotes":""},"blog-category":[],"class_list":["post-11676","blog","type-blog","status-publish","has-post-thumbnail","hentry"],"acf":[],"yoast_head":"<!-- This site is optimized with the Yoast SEO plugin v27.4 - https:\/\/yoast.com\/product\/yoast-seo-wordpress\/ -->\n<title>DIAN reglamenta el uso de la firma electr\u00f3nica para la presentaci\u00f3n de obligaciones formales. - Auren Colombia<\/title>\n<meta name=\"robots\" content=\"index, follow, max-snippet:-1, max-image-preview:large, max-video-preview:-1\" \/>\n<link rel=\"canonical\" href=\"https:\/\/auren.com\/co\/blog\/dian-reglamenta-el-uso-de-la-firma-electronica-para-la-presentacion-de-obligaciones-formales\/\" \/>\n<meta property=\"og:locale\" content=\"es_ES\" \/>\n<meta property=\"og:type\" content=\"article\" \/>\n<meta property=\"og:title\" content=\"DIAN reglamenta el uso de la firma electr\u00f3nica para la presentaci\u00f3n de obligaciones formales. - Auren Colombia\" \/>\n<meta property=\"og:description\" content=\"A partir del 8 de noviembre de 2016 deber\u00e1 hacerse la migraci\u00f3n a este nuevo instrumento.\" \/>\n<meta property=\"og:url\" content=\"https:\/\/auren.com\/co\/blog\/dian-reglamenta-el-uso-de-la-firma-electronica-para-la-presentacion-de-obligaciones-formales\/\" \/>\n<meta property=\"og:site_name\" content=\"Auren Colombia\" \/>\n<meta property=\"og:image\" content=\"https:\/\/auren.com\/co\/wp-content\/uploads\/2016\/11\/check-3-1.jpg\" \/>\n\t<meta property=\"og:image:width\" content=\"1000\" \/>\n\t<meta property=\"og:image:height\" content=\"502\" \/>\n\t<meta property=\"og:image:type\" content=\"image\/jpeg\" \/>\n<meta name=\"twitter:card\" content=\"summary_large_image\" \/>\n<meta name=\"twitter:site\" content=\"@AurenColombia\" \/>\n<meta name=\"twitter:label1\" content=\"Tiempo de lectura\" \/>\n\t<meta name=\"twitter:data1\" content=\"2 minutos\" \/>\n<script type=\"application\/ld+json\" class=\"yoast-schema-graph\">{\"@context\":\"https:\\\/\\\/schema.org\",\"@graph\":[{\"@type\":\"WebPage\",\"@id\":\"https:\\\/\\\/auren.com\\\/co\\\/blog\\\/dian-reglamenta-el-uso-de-la-firma-electronica-para-la-presentacion-de-obligaciones-formales\\\/\",\"url\":\"https:\\\/\\\/auren.com\\\/co\\\/blog\\\/dian-reglamenta-el-uso-de-la-firma-electronica-para-la-presentacion-de-obligaciones-formales\\\/\",\"name\":\"DIAN reglamenta el uso de la firma electr\u00f3nica para la presentaci\u00f3n de obligaciones formales. - Auren Colombia\",\"isPartOf\":{\"@id\":\"https:\\\/\\\/auren.com\\\/co\\\/#website\"},\"primaryImageOfPage\":{\"@id\":\"https:\\\/\\\/auren.com\\\/co\\\/blog\\\/dian-reglamenta-el-uso-de-la-firma-electronica-para-la-presentacion-de-obligaciones-formales\\\/#primaryimage\"},\"image\":{\"@id\":\"https:\\\/\\\/auren.com\\\/co\\\/blog\\\/dian-reglamenta-el-uso-de-la-firma-electronica-para-la-presentacion-de-obligaciones-formales\\\/#primaryimage\"},\"thumbnailUrl\":\"https:\\\/\\\/auren.com\\\/co\\\/wp-content\\\/uploads\\\/2016\\\/11\\\/check-3-1.jpg\",\"datePublished\":\"2016-11-16T14:15:00+00:00\",\"breadcrumb\":{\"@id\":\"https:\\\/\\\/auren.com\\\/co\\\/blog\\\/dian-reglamenta-el-uso-de-la-firma-electronica-para-la-presentacion-de-obligaciones-formales\\\/#breadcrumb\"},\"inLanguage\":\"es\",\"potentialAction\":[{\"@type\":\"ReadAction\",\"target\":[\"https:\\\/\\\/auren.com\\\/co\\\/blog\\\/dian-reglamenta-el-uso-de-la-firma-electronica-para-la-presentacion-de-obligaciones-formales\\\/\"]}]},{\"@type\":\"ImageObject\",\"inLanguage\":\"es\",\"@id\":\"https:\\\/\\\/auren.com\\\/co\\\/blog\\\/dian-reglamenta-el-uso-de-la-firma-electronica-para-la-presentacion-de-obligaciones-formales\\\/#primaryimage\",\"url\":\"https:\\\/\\\/auren.com\\\/co\\\/wp-content\\\/uploads\\\/2016\\\/11\\\/check-3-1.jpg\",\"contentUrl\":\"https:\\\/\\\/auren.com\\\/co\\\/wp-content\\\/uploads\\\/2016\\\/11\\\/check-3-1.jpg\",\"width\":1000,\"height\":502},{\"@type\":\"BreadcrumbList\",\"@id\":\"https:\\\/\\\/auren.com\\\/co\\\/blog\\\/dian-reglamenta-el-uso-de-la-firma-electronica-para-la-presentacion-de-obligaciones-formales\\\/#breadcrumb\",\"itemListElement\":[{\"@type\":\"ListItem\",\"position\":1,\"name\":\"Portada\",\"item\":\"https:\\\/\\\/auren.com\\\/co\\\/\"},{\"@type\":\"ListItem\",\"position\":2,\"name\":\"DIAN reglamenta el uso de la firma electr\u00f3nica para la presentaci\u00f3n de obligaciones formales.\"}]},{\"@type\":\"WebSite\",\"@id\":\"https:\\\/\\\/auren.com\\\/co\\\/#website\",\"url\":\"https:\\\/\\\/auren.com\\\/co\\\/\",\"name\":\"Auren Colombia\",\"description\":\"\",\"publisher\":{\"@id\":\"https:\\\/\\\/auren.com\\\/co\\\/#organization\"},\"potentialAction\":[{\"@type\":\"SearchAction\",\"target\":{\"@type\":\"EntryPoint\",\"urlTemplate\":\"https:\\\/\\\/auren.com\\\/co\\\/?s={search_term_string}\"},\"query-input\":{\"@type\":\"PropertyValueSpecification\",\"valueRequired\":true,\"valueName\":\"search_term_string\"}}],\"inLanguage\":\"es\"},{\"@type\":\"Organization\",\"@id\":\"https:\\\/\\\/auren.com\\\/co\\\/#organization\",\"name\":\"Auren Colombia\",\"url\":\"https:\\\/\\\/auren.com\\\/co\\\/\",\"logo\":{\"@type\":\"ImageObject\",\"inLanguage\":\"es\",\"@id\":\"https:\\\/\\\/auren.com\\\/co\\\/#\\\/schema\\\/logo\\\/image\\\/\",\"url\":\"https:\\\/\\\/auren.com\\\/co\\\/wp-content\\\/uploads\\\/2025\\\/01\\\/cropped-cropped-favicon-Auren.png\",\"contentUrl\":\"https:\\\/\\\/auren.com\\\/co\\\/wp-content\\\/uploads\\\/2025\\\/01\\\/cropped-cropped-favicon-Auren.png\",\"width\":512,\"height\":512,\"caption\":\"Auren Colombia\"},\"image\":{\"@id\":\"https:\\\/\\\/auren.com\\\/co\\\/#\\\/schema\\\/logo\\\/image\\\/\"},\"sameAs\":[\"https:\\\/\\\/x.com\\\/AurenColombia\",\"https:\\\/\\\/www.instagram.com\\\/aurencolombia\\\/\",\"https:\\\/\\\/www.youtube.com\\\/channel\\\/UCRYoGRMR_k4oVWesdErApmA\",\"https:\\\/\\\/www.linkedin.com\\\/company\\\/auren-colombia\"]}]}<\/script>\n<!-- \/ Yoast SEO plugin. -->","yoast_head_json":{"title":"DIAN reglamenta el uso de la firma electr\u00f3nica para la presentaci\u00f3n de obligaciones formales. - Auren Colombia","robots":{"index":"index","follow":"follow","max-snippet":"max-snippet:-1","max-image-preview":"max-image-preview:large","max-video-preview":"max-video-preview:-1"},"canonical":"https:\/\/auren.com\/co\/blog\/dian-reglamenta-el-uso-de-la-firma-electronica-para-la-presentacion-de-obligaciones-formales\/","og_locale":"es_ES","og_type":"article","og_title":"DIAN reglamenta el uso de la firma electr\u00f3nica para la presentaci\u00f3n de obligaciones formales. - Auren Colombia","og_description":"A partir del 8 de noviembre de 2016 deber\u00e1 hacerse la migraci\u00f3n a este nuevo instrumento.","og_url":"https:\/\/auren.com\/co\/blog\/dian-reglamenta-el-uso-de-la-firma-electronica-para-la-presentacion-de-obligaciones-formales\/","og_site_name":"Auren Colombia","og_image":[{"width":1000,"height":502,"url":"https:\/\/auren.com\/co\/wp-content\/uploads\/2016\/11\/check-3-1.jpg","type":"image\/jpeg"}],"twitter_card":"summary_large_image","twitter_site":"@AurenColombia","twitter_misc":{"Tiempo de lectura":"2 minutos"},"schema":{"@context":"https:\/\/schema.org","@graph":[{"@type":"WebPage","@id":"https:\/\/auren.com\/co\/blog\/dian-reglamenta-el-uso-de-la-firma-electronica-para-la-presentacion-de-obligaciones-formales\/","url":"https:\/\/auren.com\/co\/blog\/dian-reglamenta-el-uso-de-la-firma-electronica-para-la-presentacion-de-obligaciones-formales\/","name":"DIAN reglamenta el uso de la firma electr\u00f3nica para la presentaci\u00f3n de obligaciones formales. - Auren Colombia","isPartOf":{"@id":"https:\/\/auren.com\/co\/#website"},"primaryImageOfPage":{"@id":"https:\/\/auren.com\/co\/blog\/dian-reglamenta-el-uso-de-la-firma-electronica-para-la-presentacion-de-obligaciones-formales\/#primaryimage"},"image":{"@id":"https:\/\/auren.com\/co\/blog\/dian-reglamenta-el-uso-de-la-firma-electronica-para-la-presentacion-de-obligaciones-formales\/#primaryimage"},"thumbnailUrl":"https:\/\/auren.com\/co\/wp-content\/uploads\/2016\/11\/check-3-1.jpg","datePublished":"2016-11-16T14:15:00+00:00","breadcrumb":{"@id":"https:\/\/auren.com\/co\/blog\/dian-reglamenta-el-uso-de-la-firma-electronica-para-la-presentacion-de-obligaciones-formales\/#breadcrumb"},"inLanguage":"es","potentialAction":[{"@type":"ReadAction","target":["https:\/\/auren.com\/co\/blog\/dian-reglamenta-el-uso-de-la-firma-electronica-para-la-presentacion-de-obligaciones-formales\/"]}]},{"@type":"ImageObject","inLanguage":"es","@id":"https:\/\/auren.com\/co\/blog\/dian-reglamenta-el-uso-de-la-firma-electronica-para-la-presentacion-de-obligaciones-formales\/#primaryimage","url":"https:\/\/auren.com\/co\/wp-content\/uploads\/2016\/11\/check-3-1.jpg","contentUrl":"https:\/\/auren.com\/co\/wp-content\/uploads\/2016\/11\/check-3-1.jpg","width":1000,"height":502},{"@type":"BreadcrumbList","@id":"https:\/\/auren.com\/co\/blog\/dian-reglamenta-el-uso-de-la-firma-electronica-para-la-presentacion-de-obligaciones-formales\/#breadcrumb","itemListElement":[{"@type":"ListItem","position":1,"name":"Portada","item":"https:\/\/auren.com\/co\/"},{"@type":"ListItem","position":2,"name":"DIAN reglamenta el uso de la firma electr\u00f3nica para la presentaci\u00f3n de obligaciones formales."}]},{"@type":"WebSite","@id":"https:\/\/auren.com\/co\/#website","url":"https:\/\/auren.com\/co\/","name":"Auren Colombia","description":"","publisher":{"@id":"https:\/\/auren.com\/co\/#organization"},"potentialAction":[{"@type":"SearchAction","target":{"@type":"EntryPoint","urlTemplate":"https:\/\/auren.com\/co\/?s={search_term_string}"},"query-input":{"@type":"PropertyValueSpecification","valueRequired":true,"valueName":"search_term_string"}}],"inLanguage":"es"},{"@type":"Organization","@id":"https:\/\/auren.com\/co\/#organization","name":"Auren Colombia","url":"https:\/\/auren.com\/co\/","logo":{"@type":"ImageObject","inLanguage":"es","@id":"https:\/\/auren.com\/co\/#\/schema\/logo\/image\/","url":"https:\/\/auren.com\/co\/wp-content\/uploads\/2025\/01\/cropped-cropped-favicon-Auren.png","contentUrl":"https:\/\/auren.com\/co\/wp-content\/uploads\/2025\/01\/cropped-cropped-favicon-Auren.png","width":512,"height":512,"caption":"Auren Colombia"},"image":{"@id":"https:\/\/auren.com\/co\/#\/schema\/logo\/image\/"},"sameAs":["https:\/\/x.com\/AurenColombia","https:\/\/www.instagram.com\/aurencolombia\/","https:\/\/www.youtube.com\/channel\/UCRYoGRMR_k4oVWesdErApmA","https:\/\/www.linkedin.com\/company\/auren-colombia"]}]}},"_links":{"self":[{"href":"https:\/\/auren.com\/co\/wp-json\/wp\/v2\/blog\/11676","targetHints":{"allow":["GET"]}}],"collection":[{"href":"https:\/\/auren.com\/co\/wp-json\/wp\/v2\/blog"}],"about":[{"href":"https:\/\/auren.com\/co\/wp-json\/wp\/v2\/types\/blog"}],"version-history":[{"count":0,"href":"https:\/\/auren.com\/co\/wp-json\/wp\/v2\/blog\/11676\/revisions"}],"wp:featuredmedia":[{"embeddable":true,"href":"https:\/\/auren.com\/co\/wp-json\/wp\/v2\/media\/11677"}],"wp:attachment":[{"href":"https:\/\/auren.com\/co\/wp-json\/wp\/v2\/media?parent=11676"}],"wp:term":[{"taxonomy":"blog-category","embeddable":true,"href":"https:\/\/auren.com\/co\/wp-json\/wp\/v2\/blog-category?post=11676"}],"curies":[{"name":"wp","href":"https:\/\/api.w.org\/{rel}","templated":true}]}}