{"id":11682,"date":"2016-11-02T15:01:04","date_gmt":"2016-11-02T14:01:04","guid":{"rendered":"https:\/\/auren.com\/co\/blog\/transporte-de-carga-es-considerado-servicio-personal-y-quien-lo-contrate-debera-verificar-el-pago-de-aportes-a-la-seguridad-social-como-requisito-para-la-deduccion-del-gasto\/"},"modified":"2016-11-02T15:01:04","modified_gmt":"2016-11-02T14:01:04","slug":"transporte-de-carga-es-considerado-servicio-personal-y-quien-lo-contrate-debera-verificar-el-pago-de-aportes-a-la-seguridad-social-como-requisito-para-la-deduccion-del-gasto","status":"publish","type":"blog","link":"https:\/\/auren.com\/co\/blog\/transporte-de-carga-es-considerado-servicio-personal-y-quien-lo-contrate-debera-verificar-el-pago-de-aportes-a-la-seguridad-social-como-requisito-para-la-deduccion-del-gasto\/","title":{"rendered":"Transporte de carga es considerado servicio personal y quien lo contrate deber\u00e1 verificar el pago de aportes a la seguridad social como requisito para la deducci\u00f3n del gasto."},"content":{"rendered":"<p style=\"text-align: justify;\">El art\u00edculo primero del Decreto 3032 de 2013 defini\u00f3 el servicio personal como \u201ctoda actividad, labor o trabajo prestado directamente por una persona natural, que se concreta en una obligaci\u00f3n de hacer, sin importar que en la misma predomine el factor material o intelectual, y que genera una contraprestaci\u00f3n en dinero o en especie, independientemente de su denominaci\u00f3n o forma de remuneraci\u00f3n\u201d.<\/p>\n<p style=\"text-align: justify;\">Con base en esta norma, la autoridad tributaria precis\u00f3 que el servicio de transporte de carga, en la medida que sea prestado por una persona natural, es un servicio personal. Para la DIAN, no cabe duda que, en el supuesto que se contrate la prestaci\u00f3n del servicio de transporte de carga con un acarreador, y no con un empresario de transportes, es indiscutible que le asiste al contratante la obligaci\u00f3n de verificar la afiliaci\u00f3n y el pago de las cotizaciones y aportes a la protecci\u00f3n social, prevista en el par\u00e1grafo 2\u00ba del art\u00edculo 108 del Estatuto Tributario (ET), como requisito indispensable para la deducci\u00f3n del gasto en el impuesto sobre la renta.<\/p>\n<p style=\"text-align: justify;\">Puntualiz\u00f3 la entidad que el trabajador independiente, para efectos fiscales, es la persona natural que sin tener un v\u00ednculo laboral con un empleador o una relaci\u00f3n legal o reglamentaria, presta un servicio personal y recibe como contraprestaci\u00f3n una remuneraci\u00f3n, motivo por el cual concluye que la persona natural contratista que presta el servicio de transporte de carga, de manera directa, es un trabajador independiente pues ejecuta un servicio personal.<\/p>\n<p style=\"text-align: justify;\">La obligaci\u00f3n contenida en el referido art\u00edculo 108 del ET y reglamentada en el Decreto 1070 de 2013, exige al adquirente del servicio (pagador) a verificar que sobre los pagos derivados del contrato, el proveedor realice los aportes a la seguridad social, como requisito indispensable para soportar la deducibilidad del gasto en el impuesto sobre la renta.<\/p>\n<p> Por \u00faltimo, es importante precisar que si el valor del servicio es inferior a un salario m\u00ednimo legal mensual vigente, el pagador no tiene la obligaci\u00f3n de verificar el pago de aportes seg\u00fan lo dispone el art\u00edculo 9 del Decreto 3032 de 2013. En tal situaci\u00f3n, el gasto es deducible sin que el pagador deba verificar el pago de aportes a la seguridad social.<\/p>\n<p><!-- AddThis Advanced Settings generic via filter on the_content --><!-- AddThis Share Buttons generic via filter on the_content --><\/p>\n","protected":false},"excerpt":{"rendered":"<p>El art\u00edculo primero del Decreto 3032 de 2013 defini\u00f3 el servicio personal como \u201ctoda actividad, labor o trabajo prestado directamente por una persona natural, que se concreta en una obligaci\u00f3n de hacer, sin importar que en la misma predomine el factor material o intelectual, y que genera una contraprestaci\u00f3n en dinero o en especie, independientemente de su denominaci\u00f3n o forma de remuneraci\u00f3n\u201d.<\/p>\n","protected":false},"featured_media":11683,"template":"","meta":{"_acf_changed":false,"footnotes":""},"blog-category":[],"class_list":["post-11682","blog","type-blog","status-publish","has-post-thumbnail","hentry"],"acf":[],"yoast_head":"<!-- This site is optimized with the Yoast SEO plugin v27.4 - https:\/\/yoast.com\/product\/yoast-seo-wordpress\/ -->\n<title>Transporte de carga es considerado servicio personal y quien lo contrate deber\u00e1 verificar el pago de aportes a la seguridad social como requisito para la deducci\u00f3n del gasto. - Auren Colombia<\/title>\n<meta name=\"robots\" content=\"index, follow, max-snippet:-1, max-image-preview:large, max-video-preview:-1\" \/>\n<link rel=\"canonical\" href=\"https:\/\/auren.com\/co\/blog\/transporte-de-carga-es-considerado-servicio-personal-y-quien-lo-contrate-debera-verificar-el-pago-de-aportes-a-la-seguridad-social-como-requisito-para-la-deduccion-del-gasto\/\" \/>\n<meta property=\"og:locale\" content=\"es_ES\" \/>\n<meta property=\"og:type\" content=\"article\" \/>\n<meta property=\"og:title\" content=\"Transporte de carga es considerado servicio personal y quien lo contrate deber\u00e1 verificar el pago de aportes a la seguridad social como requisito para la deducci\u00f3n del gasto. - Auren Colombia\" \/>\n<meta property=\"og:description\" content=\"El art\u00edculo primero del Decreto 3032 de 2013 defini\u00f3 el servicio personal como \u201ctoda actividad, labor o trabajo prestado directamente por una persona natural, que se concreta en una obligaci\u00f3n de hacer, sin importar que en la misma predomine el factor material o intelectual, y que genera una contraprestaci\u00f3n en dinero o en especie, independientemente de su denominaci\u00f3n o forma de remuneraci\u00f3n\u201d.\" \/>\n<meta property=\"og:url\" content=\"https:\/\/auren.com\/co\/blog\/transporte-de-carga-es-considerado-servicio-personal-y-quien-lo-contrate-debera-verificar-el-pago-de-aportes-a-la-seguridad-social-como-requisito-para-la-deduccion-del-gasto\/\" \/>\n<meta property=\"og:site_name\" content=\"Auren Colombia\" \/>\n<meta property=\"og:image\" content=\"https:\/\/auren.com\/co\/wp-content\/uploads\/2016\/11\/aduana-6-1.jpg\" \/>\n\t<meta property=\"og:image:width\" content=\"1000\" \/>\n\t<meta property=\"og:image:height\" content=\"502\" \/>\n\t<meta property=\"og:image:type\" content=\"image\/jpeg\" \/>\n<meta name=\"twitter:card\" content=\"summary_large_image\" \/>\n<meta name=\"twitter:site\" content=\"@AurenColombia\" \/>\n<meta name=\"twitter:label1\" content=\"Tiempo de lectura\" \/>\n\t<meta name=\"twitter:data1\" content=\"2 minutos\" \/>\n<script type=\"application\/ld+json\" class=\"yoast-schema-graph\">{\"@context\":\"https:\\\/\\\/schema.org\",\"@graph\":[{\"@type\":\"WebPage\",\"@id\":\"https:\\\/\\\/auren.com\\\/co\\\/blog\\\/transporte-de-carga-es-considerado-servicio-personal-y-quien-lo-contrate-debera-verificar-el-pago-de-aportes-a-la-seguridad-social-como-requisito-para-la-deduccion-del-gasto\\\/\",\"url\":\"https:\\\/\\\/auren.com\\\/co\\\/blog\\\/transporte-de-carga-es-considerado-servicio-personal-y-quien-lo-contrate-debera-verificar-el-pago-de-aportes-a-la-seguridad-social-como-requisito-para-la-deduccion-del-gasto\\\/\",\"name\":\"Transporte de carga es considerado servicio personal y quien lo contrate deber\u00e1 verificar el pago de aportes a la seguridad social como requisito para la deducci\u00f3n del gasto. - Auren Colombia\",\"isPartOf\":{\"@id\":\"https:\\\/\\\/auren.com\\\/co\\\/#website\"},\"primaryImageOfPage\":{\"@id\":\"https:\\\/\\\/auren.com\\\/co\\\/blog\\\/transporte-de-carga-es-considerado-servicio-personal-y-quien-lo-contrate-debera-verificar-el-pago-de-aportes-a-la-seguridad-social-como-requisito-para-la-deduccion-del-gasto\\\/#primaryimage\"},\"image\":{\"@id\":\"https:\\\/\\\/auren.com\\\/co\\\/blog\\\/transporte-de-carga-es-considerado-servicio-personal-y-quien-lo-contrate-debera-verificar-el-pago-de-aportes-a-la-seguridad-social-como-requisito-para-la-deduccion-del-gasto\\\/#primaryimage\"},\"thumbnailUrl\":\"https:\\\/\\\/auren.com\\\/co\\\/wp-content\\\/uploads\\\/2016\\\/11\\\/aduana-6-1.jpg\",\"datePublished\":\"2016-11-02T14:01:04+00:00\",\"breadcrumb\":{\"@id\":\"https:\\\/\\\/auren.com\\\/co\\\/blog\\\/transporte-de-carga-es-considerado-servicio-personal-y-quien-lo-contrate-debera-verificar-el-pago-de-aportes-a-la-seguridad-social-como-requisito-para-la-deduccion-del-gasto\\\/#breadcrumb\"},\"inLanguage\":\"es\",\"potentialAction\":[{\"@type\":\"ReadAction\",\"target\":[\"https:\\\/\\\/auren.com\\\/co\\\/blog\\\/transporte-de-carga-es-considerado-servicio-personal-y-quien-lo-contrate-debera-verificar-el-pago-de-aportes-a-la-seguridad-social-como-requisito-para-la-deduccion-del-gasto\\\/\"]}]},{\"@type\":\"ImageObject\",\"inLanguage\":\"es\",\"@id\":\"https:\\\/\\\/auren.com\\\/co\\\/blog\\\/transporte-de-carga-es-considerado-servicio-personal-y-quien-lo-contrate-debera-verificar-el-pago-de-aportes-a-la-seguridad-social-como-requisito-para-la-deduccion-del-gasto\\\/#primaryimage\",\"url\":\"https:\\\/\\\/auren.com\\\/co\\\/wp-content\\\/uploads\\\/2016\\\/11\\\/aduana-6-1.jpg\",\"contentUrl\":\"https:\\\/\\\/auren.com\\\/co\\\/wp-content\\\/uploads\\\/2016\\\/11\\\/aduana-6-1.jpg\",\"width\":1000,\"height\":502},{\"@type\":\"BreadcrumbList\",\"@id\":\"https:\\\/\\\/auren.com\\\/co\\\/blog\\\/transporte-de-carga-es-considerado-servicio-personal-y-quien-lo-contrate-debera-verificar-el-pago-de-aportes-a-la-seguridad-social-como-requisito-para-la-deduccion-del-gasto\\\/#breadcrumb\",\"itemListElement\":[{\"@type\":\"ListItem\",\"position\":1,\"name\":\"Portada\",\"item\":\"https:\\\/\\\/auren.com\\\/co\\\/\"},{\"@type\":\"ListItem\",\"position\":2,\"name\":\"Transporte de carga es considerado servicio personal y quien lo contrate deber\u00e1 verificar el pago de aportes a la seguridad social como requisito para la deducci\u00f3n del gasto.\"}]},{\"@type\":\"WebSite\",\"@id\":\"https:\\\/\\\/auren.com\\\/co\\\/#website\",\"url\":\"https:\\\/\\\/auren.com\\\/co\\\/\",\"name\":\"Auren Colombia\",\"description\":\"\",\"publisher\":{\"@id\":\"https:\\\/\\\/auren.com\\\/co\\\/#organization\"},\"potentialAction\":[{\"@type\":\"SearchAction\",\"target\":{\"@type\":\"EntryPoint\",\"urlTemplate\":\"https:\\\/\\\/auren.com\\\/co\\\/?s={search_term_string}\"},\"query-input\":{\"@type\":\"PropertyValueSpecification\",\"valueRequired\":true,\"valueName\":\"search_term_string\"}}],\"inLanguage\":\"es\"},{\"@type\":\"Organization\",\"@id\":\"https:\\\/\\\/auren.com\\\/co\\\/#organization\",\"name\":\"Auren Colombia\",\"url\":\"https:\\\/\\\/auren.com\\\/co\\\/\",\"logo\":{\"@type\":\"ImageObject\",\"inLanguage\":\"es\",\"@id\":\"https:\\\/\\\/auren.com\\\/co\\\/#\\\/schema\\\/logo\\\/image\\\/\",\"url\":\"https:\\\/\\\/auren.com\\\/co\\\/wp-content\\\/uploads\\\/2025\\\/01\\\/cropped-cropped-favicon-Auren.png\",\"contentUrl\":\"https:\\\/\\\/auren.com\\\/co\\\/wp-content\\\/uploads\\\/2025\\\/01\\\/cropped-cropped-favicon-Auren.png\",\"width\":512,\"height\":512,\"caption\":\"Auren Colombia\"},\"image\":{\"@id\":\"https:\\\/\\\/auren.com\\\/co\\\/#\\\/schema\\\/logo\\\/image\\\/\"},\"sameAs\":[\"https:\\\/\\\/x.com\\\/AurenColombia\",\"https:\\\/\\\/www.instagram.com\\\/aurencolombia\\\/\",\"https:\\\/\\\/www.youtube.com\\\/channel\\\/UCRYoGRMR_k4oVWesdErApmA\",\"https:\\\/\\\/www.linkedin.com\\\/company\\\/auren-colombia\"]}]}<\/script>\n<!-- \/ Yoast SEO plugin. -->","yoast_head_json":{"title":"Transporte de carga es considerado servicio personal y quien lo contrate deber\u00e1 verificar el pago de aportes a la seguridad social como requisito para la deducci\u00f3n del gasto. - Auren Colombia","robots":{"index":"index","follow":"follow","max-snippet":"max-snippet:-1","max-image-preview":"max-image-preview:large","max-video-preview":"max-video-preview:-1"},"canonical":"https:\/\/auren.com\/co\/blog\/transporte-de-carga-es-considerado-servicio-personal-y-quien-lo-contrate-debera-verificar-el-pago-de-aportes-a-la-seguridad-social-como-requisito-para-la-deduccion-del-gasto\/","og_locale":"es_ES","og_type":"article","og_title":"Transporte de carga es considerado servicio personal y quien lo contrate deber\u00e1 verificar el pago de aportes a la seguridad social como requisito para la deducci\u00f3n del gasto. - Auren Colombia","og_description":"El art\u00edculo primero del Decreto 3032 de 2013 defini\u00f3 el servicio personal como \u201ctoda actividad, labor o trabajo prestado directamente por una persona natural, que se concreta en una obligaci\u00f3n de hacer, sin importar que en la misma predomine el factor material o intelectual, y que genera una contraprestaci\u00f3n en dinero o en especie, independientemente de su denominaci\u00f3n o forma de remuneraci\u00f3n\u201d.","og_url":"https:\/\/auren.com\/co\/blog\/transporte-de-carga-es-considerado-servicio-personal-y-quien-lo-contrate-debera-verificar-el-pago-de-aportes-a-la-seguridad-social-como-requisito-para-la-deduccion-del-gasto\/","og_site_name":"Auren Colombia","og_image":[{"width":1000,"height":502,"url":"https:\/\/auren.com\/co\/wp-content\/uploads\/2016\/11\/aduana-6-1.jpg","type":"image\/jpeg"}],"twitter_card":"summary_large_image","twitter_site":"@AurenColombia","twitter_misc":{"Tiempo de lectura":"2 minutos"},"schema":{"@context":"https:\/\/schema.org","@graph":[{"@type":"WebPage","@id":"https:\/\/auren.com\/co\/blog\/transporte-de-carga-es-considerado-servicio-personal-y-quien-lo-contrate-debera-verificar-el-pago-de-aportes-a-la-seguridad-social-como-requisito-para-la-deduccion-del-gasto\/","url":"https:\/\/auren.com\/co\/blog\/transporte-de-carga-es-considerado-servicio-personal-y-quien-lo-contrate-debera-verificar-el-pago-de-aportes-a-la-seguridad-social-como-requisito-para-la-deduccion-del-gasto\/","name":"Transporte de carga es considerado servicio personal y quien lo contrate deber\u00e1 verificar el pago de aportes a la seguridad social como requisito para la deducci\u00f3n del gasto. - Auren Colombia","isPartOf":{"@id":"https:\/\/auren.com\/co\/#website"},"primaryImageOfPage":{"@id":"https:\/\/auren.com\/co\/blog\/transporte-de-carga-es-considerado-servicio-personal-y-quien-lo-contrate-debera-verificar-el-pago-de-aportes-a-la-seguridad-social-como-requisito-para-la-deduccion-del-gasto\/#primaryimage"},"image":{"@id":"https:\/\/auren.com\/co\/blog\/transporte-de-carga-es-considerado-servicio-personal-y-quien-lo-contrate-debera-verificar-el-pago-de-aportes-a-la-seguridad-social-como-requisito-para-la-deduccion-del-gasto\/#primaryimage"},"thumbnailUrl":"https:\/\/auren.com\/co\/wp-content\/uploads\/2016\/11\/aduana-6-1.jpg","datePublished":"2016-11-02T14:01:04+00:00","breadcrumb":{"@id":"https:\/\/auren.com\/co\/blog\/transporte-de-carga-es-considerado-servicio-personal-y-quien-lo-contrate-debera-verificar-el-pago-de-aportes-a-la-seguridad-social-como-requisito-para-la-deduccion-del-gasto\/#breadcrumb"},"inLanguage":"es","potentialAction":[{"@type":"ReadAction","target":["https:\/\/auren.com\/co\/blog\/transporte-de-carga-es-considerado-servicio-personal-y-quien-lo-contrate-debera-verificar-el-pago-de-aportes-a-la-seguridad-social-como-requisito-para-la-deduccion-del-gasto\/"]}]},{"@type":"ImageObject","inLanguage":"es","@id":"https:\/\/auren.com\/co\/blog\/transporte-de-carga-es-considerado-servicio-personal-y-quien-lo-contrate-debera-verificar-el-pago-de-aportes-a-la-seguridad-social-como-requisito-para-la-deduccion-del-gasto\/#primaryimage","url":"https:\/\/auren.com\/co\/wp-content\/uploads\/2016\/11\/aduana-6-1.jpg","contentUrl":"https:\/\/auren.com\/co\/wp-content\/uploads\/2016\/11\/aduana-6-1.jpg","width":1000,"height":502},{"@type":"BreadcrumbList","@id":"https:\/\/auren.com\/co\/blog\/transporte-de-carga-es-considerado-servicio-personal-y-quien-lo-contrate-debera-verificar-el-pago-de-aportes-a-la-seguridad-social-como-requisito-para-la-deduccion-del-gasto\/#breadcrumb","itemListElement":[{"@type":"ListItem","position":1,"name":"Portada","item":"https:\/\/auren.com\/co\/"},{"@type":"ListItem","position":2,"name":"Transporte de carga es considerado servicio personal y quien lo contrate deber\u00e1 verificar el pago de aportes a la seguridad social como requisito para la deducci\u00f3n del gasto."}]},{"@type":"WebSite","@id":"https:\/\/auren.com\/co\/#website","url":"https:\/\/auren.com\/co\/","name":"Auren Colombia","description":"","publisher":{"@id":"https:\/\/auren.com\/co\/#organization"},"potentialAction":[{"@type":"SearchAction","target":{"@type":"EntryPoint","urlTemplate":"https:\/\/auren.com\/co\/?s={search_term_string}"},"query-input":{"@type":"PropertyValueSpecification","valueRequired":true,"valueName":"search_term_string"}}],"inLanguage":"es"},{"@type":"Organization","@id":"https:\/\/auren.com\/co\/#organization","name":"Auren Colombia","url":"https:\/\/auren.com\/co\/","logo":{"@type":"ImageObject","inLanguage":"es","@id":"https:\/\/auren.com\/co\/#\/schema\/logo\/image\/","url":"https:\/\/auren.com\/co\/wp-content\/uploads\/2025\/01\/cropped-cropped-favicon-Auren.png","contentUrl":"https:\/\/auren.com\/co\/wp-content\/uploads\/2025\/01\/cropped-cropped-favicon-Auren.png","width":512,"height":512,"caption":"Auren Colombia"},"image":{"@id":"https:\/\/auren.com\/co\/#\/schema\/logo\/image\/"},"sameAs":["https:\/\/x.com\/AurenColombia","https:\/\/www.instagram.com\/aurencolombia\/","https:\/\/www.youtube.com\/channel\/UCRYoGRMR_k4oVWesdErApmA","https:\/\/www.linkedin.com\/company\/auren-colombia"]}]}},"_links":{"self":[{"href":"https:\/\/auren.com\/co\/wp-json\/wp\/v2\/blog\/11682","targetHints":{"allow":["GET"]}}],"collection":[{"href":"https:\/\/auren.com\/co\/wp-json\/wp\/v2\/blog"}],"about":[{"href":"https:\/\/auren.com\/co\/wp-json\/wp\/v2\/types\/blog"}],"version-history":[{"count":0,"href":"https:\/\/auren.com\/co\/wp-json\/wp\/v2\/blog\/11682\/revisions"}],"wp:featuredmedia":[{"embeddable":true,"href":"https:\/\/auren.com\/co\/wp-json\/wp\/v2\/media\/11683"}],"wp:attachment":[{"href":"https:\/\/auren.com\/co\/wp-json\/wp\/v2\/media?parent=11682"}],"wp:term":[{"taxonomy":"blog-category","embeddable":true,"href":"https:\/\/auren.com\/co\/wp-json\/wp\/v2\/blog-category?post=11682"}],"curies":[{"name":"wp","href":"https:\/\/api.w.org\/{rel}","templated":true}]}}