{"id":11688,"date":"2016-11-02T14:42:10","date_gmt":"2016-11-02T13:42:10","guid":{"rendered":"https:\/\/auren.com\/co\/blog\/gobierno-nacional-ampliara-hasta-el-30-de-junio-de-2017-el-plazo-para-el-registro-nacional-de-base-de-datos\/"},"modified":"2016-11-02T14:42:10","modified_gmt":"2016-11-02T13:42:10","slug":"gobierno-nacional-ampliara-hasta-el-30-de-junio-de-2017-el-plazo-para-el-registro-nacional-de-base-de-datos","status":"publish","type":"blog","link":"https:\/\/auren.com\/co\/blog\/gobierno-nacional-ampliara-hasta-el-30-de-junio-de-2017-el-plazo-para-el-registro-nacional-de-base-de-datos\/","title":{"rendered":"Gobierno Nacional ampliar\u00e1 hasta el 30 de junio de 2017 el plazo para el registro nacional de base de datos."},"content":{"rendered":"<p style=\"text-align: justify;\">\n<p style=\"text-align: justify;\">La Superintendencia de Industria y Comercio informa que el Gobierno Nacional ampliar\u00e1 el plazo para registrar bases de datos. El nuevo plazo vencer\u00eda el 30 de junio de 2017.<\/p>\n<p style=\"text-align: justify;\">El objetivo principal del registro nacional de base de datos es contar con un directorio p\u00fablico de las bases de datos personales sujetas a tratamiento que operan en el pa\u00eds, acorde con lo establecido en la Ley 1581 de 2012, R\u00e9gimen General de Protecci\u00f3n de Datos Personales de Colombia, cuya administraci\u00f3n est\u00e1 a cargo de la Superintendencia de Industria y Comercio.<\/p>\n<p style=\"text-align: justify;\">La informaci\u00f3n m\u00ednima que debe contener el Registro Nacional de Base de Datos est\u00e1 se\u00f1alada en el art\u00edculo 2.2.2.26.2.1 del Decreto 1074 de 2015, e incluye datos de identificaci\u00f3n, ubicaci\u00f3n y contacto del responsable del tratamiento de la base de datos, pol\u00edtica de tratamiento de la informaci\u00f3n, la indicaci\u00f3n de si la base de datos es manual o automatizada, as\u00ed como los canales para que titulares ejerzan sus derechos.<\/p>\n<p> Importante tener en cuenta que conforme con la Circular 2 de 2015, proferida por la Superintendencia de Industria y Comercio, la informaci\u00f3n contenida en el registro nacional de base de datos deber\u00e1 actualizarse dentro de los primeros 10 d\u00edas h\u00e1biles siguientes de cada mes cuando se realicen cambios sustanciales en la informaci\u00f3n registrada, y anualmente entre el 2 de enero y 31 de marzo, a partir de 2018.<\/p>\n<p><!-- AddThis Advanced Settings generic via filter on the_content --><!-- AddThis Share Buttons generic via filter on the_content --><\/p>\n","protected":false},"excerpt":{"rendered":"<p>La Superintendencia de Industria y Comercio informa que el Gobierno Nacional ampliar\u00e1 el plazo para registrar bases de datos. El nuevo plazo vencer\u00eda el 30 de junio de 2017.<\/p>\n","protected":false},"featured_media":11689,"template":"","meta":{"_acf_changed":false,"footnotes":""},"blog-category":[],"class_list":["post-11688","blog","type-blog","status-publish","has-post-thumbnail","hentry"],"acf":[],"yoast_head":"<!-- This site is optimized with the Yoast SEO plugin v27.4 - https:\/\/yoast.com\/product\/yoast-seo-wordpress\/ -->\n<title>Gobierno Nacional ampliar\u00e1 hasta el 30 de junio de 2017 el plazo para el registro nacional de base de datos. - Auren Colombia<\/title>\n<meta name=\"robots\" content=\"index, follow, max-snippet:-1, max-image-preview:large, max-video-preview:-1\" \/>\n<link rel=\"canonical\" href=\"https:\/\/auren.com\/co\/blog\/gobierno-nacional-ampliara-hasta-el-30-de-junio-de-2017-el-plazo-para-el-registro-nacional-de-base-de-datos\/\" \/>\n<meta property=\"og:locale\" content=\"es_ES\" \/>\n<meta property=\"og:type\" content=\"article\" \/>\n<meta property=\"og:title\" content=\"Gobierno Nacional ampliar\u00e1 hasta el 30 de junio de 2017 el plazo para el registro nacional de base de datos. - Auren Colombia\" \/>\n<meta property=\"og:description\" content=\"La Superintendencia de Industria y Comercio informa que el Gobierno Nacional ampliar\u00e1 el plazo para registrar bases de datos. El nuevo plazo vencer\u00eda el 30 de junio de 2017.\" \/>\n<meta property=\"og:url\" content=\"https:\/\/auren.com\/co\/blog\/gobierno-nacional-ampliara-hasta-el-30-de-junio-de-2017-el-plazo-para-el-registro-nacional-de-base-de-datos\/\" \/>\n<meta property=\"og:site_name\" content=\"Auren Colombia\" \/>\n<meta property=\"og:image\" content=\"https:\/\/auren.com\/co\/wp-content\/uploads\/2016\/11\/check.jpg\" \/>\n\t<meta property=\"og:image:width\" content=\"1000\" \/>\n\t<meta property=\"og:image:height\" content=\"502\" \/>\n\t<meta property=\"og:image:type\" content=\"image\/jpeg\" \/>\n<meta name=\"twitter:card\" content=\"summary_large_image\" \/>\n<meta name=\"twitter:site\" content=\"@AurenColombia\" \/>\n<meta name=\"twitter:label1\" content=\"Tiempo de lectura\" \/>\n\t<meta name=\"twitter:data1\" content=\"1 minuto\" \/>\n<script type=\"application\/ld+json\" class=\"yoast-schema-graph\">{\"@context\":\"https:\\\/\\\/schema.org\",\"@graph\":[{\"@type\":\"WebPage\",\"@id\":\"https:\\\/\\\/auren.com\\\/co\\\/blog\\\/gobierno-nacional-ampliara-hasta-el-30-de-junio-de-2017-el-plazo-para-el-registro-nacional-de-base-de-datos\\\/\",\"url\":\"https:\\\/\\\/auren.com\\\/co\\\/blog\\\/gobierno-nacional-ampliara-hasta-el-30-de-junio-de-2017-el-plazo-para-el-registro-nacional-de-base-de-datos\\\/\",\"name\":\"Gobierno Nacional ampliar\u00e1 hasta el 30 de junio de 2017 el plazo para el registro nacional de base de datos. - Auren Colombia\",\"isPartOf\":{\"@id\":\"https:\\\/\\\/auren.com\\\/co\\\/#website\"},\"primaryImageOfPage\":{\"@id\":\"https:\\\/\\\/auren.com\\\/co\\\/blog\\\/gobierno-nacional-ampliara-hasta-el-30-de-junio-de-2017-el-plazo-para-el-registro-nacional-de-base-de-datos\\\/#primaryimage\"},\"image\":{\"@id\":\"https:\\\/\\\/auren.com\\\/co\\\/blog\\\/gobierno-nacional-ampliara-hasta-el-30-de-junio-de-2017-el-plazo-para-el-registro-nacional-de-base-de-datos\\\/#primaryimage\"},\"thumbnailUrl\":\"https:\\\/\\\/auren.com\\\/co\\\/wp-content\\\/uploads\\\/2016\\\/11\\\/check.jpg\",\"datePublished\":\"2016-11-02T13:42:10+00:00\",\"breadcrumb\":{\"@id\":\"https:\\\/\\\/auren.com\\\/co\\\/blog\\\/gobierno-nacional-ampliara-hasta-el-30-de-junio-de-2017-el-plazo-para-el-registro-nacional-de-base-de-datos\\\/#breadcrumb\"},\"inLanguage\":\"es\",\"potentialAction\":[{\"@type\":\"ReadAction\",\"target\":[\"https:\\\/\\\/auren.com\\\/co\\\/blog\\\/gobierno-nacional-ampliara-hasta-el-30-de-junio-de-2017-el-plazo-para-el-registro-nacional-de-base-de-datos\\\/\"]}]},{\"@type\":\"ImageObject\",\"inLanguage\":\"es\",\"@id\":\"https:\\\/\\\/auren.com\\\/co\\\/blog\\\/gobierno-nacional-ampliara-hasta-el-30-de-junio-de-2017-el-plazo-para-el-registro-nacional-de-base-de-datos\\\/#primaryimage\",\"url\":\"https:\\\/\\\/auren.com\\\/co\\\/wp-content\\\/uploads\\\/2016\\\/11\\\/check.jpg\",\"contentUrl\":\"https:\\\/\\\/auren.com\\\/co\\\/wp-content\\\/uploads\\\/2016\\\/11\\\/check.jpg\",\"width\":1000,\"height\":502},{\"@type\":\"BreadcrumbList\",\"@id\":\"https:\\\/\\\/auren.com\\\/co\\\/blog\\\/gobierno-nacional-ampliara-hasta-el-30-de-junio-de-2017-el-plazo-para-el-registro-nacional-de-base-de-datos\\\/#breadcrumb\",\"itemListElement\":[{\"@type\":\"ListItem\",\"position\":1,\"name\":\"Portada\",\"item\":\"https:\\\/\\\/auren.com\\\/co\\\/\"},{\"@type\":\"ListItem\",\"position\":2,\"name\":\"Gobierno Nacional ampliar\u00e1 hasta el 30 de junio de 2017 el plazo para el registro nacional de base de datos.\"}]},{\"@type\":\"WebSite\",\"@id\":\"https:\\\/\\\/auren.com\\\/co\\\/#website\",\"url\":\"https:\\\/\\\/auren.com\\\/co\\\/\",\"name\":\"Auren Colombia\",\"description\":\"\",\"publisher\":{\"@id\":\"https:\\\/\\\/auren.com\\\/co\\\/#organization\"},\"potentialAction\":[{\"@type\":\"SearchAction\",\"target\":{\"@type\":\"EntryPoint\",\"urlTemplate\":\"https:\\\/\\\/auren.com\\\/co\\\/?s={search_term_string}\"},\"query-input\":{\"@type\":\"PropertyValueSpecification\",\"valueRequired\":true,\"valueName\":\"search_term_string\"}}],\"inLanguage\":\"es\"},{\"@type\":\"Organization\",\"@id\":\"https:\\\/\\\/auren.com\\\/co\\\/#organization\",\"name\":\"Auren Colombia\",\"url\":\"https:\\\/\\\/auren.com\\\/co\\\/\",\"logo\":{\"@type\":\"ImageObject\",\"inLanguage\":\"es\",\"@id\":\"https:\\\/\\\/auren.com\\\/co\\\/#\\\/schema\\\/logo\\\/image\\\/\",\"url\":\"https:\\\/\\\/auren.com\\\/co\\\/wp-content\\\/uploads\\\/2025\\\/01\\\/cropped-cropped-favicon-Auren.png\",\"contentUrl\":\"https:\\\/\\\/auren.com\\\/co\\\/wp-content\\\/uploads\\\/2025\\\/01\\\/cropped-cropped-favicon-Auren.png\",\"width\":512,\"height\":512,\"caption\":\"Auren Colombia\"},\"image\":{\"@id\":\"https:\\\/\\\/auren.com\\\/co\\\/#\\\/schema\\\/logo\\\/image\\\/\"},\"sameAs\":[\"https:\\\/\\\/x.com\\\/AurenColombia\",\"https:\\\/\\\/www.instagram.com\\\/aurencolombia\\\/\",\"https:\\\/\\\/www.youtube.com\\\/channel\\\/UCRYoGRMR_k4oVWesdErApmA\",\"https:\\\/\\\/www.linkedin.com\\\/company\\\/auren-colombia\"]}]}<\/script>\n<!-- \/ Yoast SEO plugin. -->","yoast_head_json":{"title":"Gobierno Nacional ampliar\u00e1 hasta el 30 de junio de 2017 el plazo para el registro nacional de base de datos. - Auren Colombia","robots":{"index":"index","follow":"follow","max-snippet":"max-snippet:-1","max-image-preview":"max-image-preview:large","max-video-preview":"max-video-preview:-1"},"canonical":"https:\/\/auren.com\/co\/blog\/gobierno-nacional-ampliara-hasta-el-30-de-junio-de-2017-el-plazo-para-el-registro-nacional-de-base-de-datos\/","og_locale":"es_ES","og_type":"article","og_title":"Gobierno Nacional ampliar\u00e1 hasta el 30 de junio de 2017 el plazo para el registro nacional de base de datos. - Auren Colombia","og_description":"La Superintendencia de Industria y Comercio informa que el Gobierno Nacional ampliar\u00e1 el plazo para registrar bases de datos. El nuevo plazo vencer\u00eda el 30 de junio de 2017.","og_url":"https:\/\/auren.com\/co\/blog\/gobierno-nacional-ampliara-hasta-el-30-de-junio-de-2017-el-plazo-para-el-registro-nacional-de-base-de-datos\/","og_site_name":"Auren Colombia","og_image":[{"width":1000,"height":502,"url":"https:\/\/auren.com\/co\/wp-content\/uploads\/2016\/11\/check.jpg","type":"image\/jpeg"}],"twitter_card":"summary_large_image","twitter_site":"@AurenColombia","twitter_misc":{"Tiempo de lectura":"1 minuto"},"schema":{"@context":"https:\/\/schema.org","@graph":[{"@type":"WebPage","@id":"https:\/\/auren.com\/co\/blog\/gobierno-nacional-ampliara-hasta-el-30-de-junio-de-2017-el-plazo-para-el-registro-nacional-de-base-de-datos\/","url":"https:\/\/auren.com\/co\/blog\/gobierno-nacional-ampliara-hasta-el-30-de-junio-de-2017-el-plazo-para-el-registro-nacional-de-base-de-datos\/","name":"Gobierno Nacional ampliar\u00e1 hasta el 30 de junio de 2017 el plazo para el registro nacional de base de datos. - Auren Colombia","isPartOf":{"@id":"https:\/\/auren.com\/co\/#website"},"primaryImageOfPage":{"@id":"https:\/\/auren.com\/co\/blog\/gobierno-nacional-ampliara-hasta-el-30-de-junio-de-2017-el-plazo-para-el-registro-nacional-de-base-de-datos\/#primaryimage"},"image":{"@id":"https:\/\/auren.com\/co\/blog\/gobierno-nacional-ampliara-hasta-el-30-de-junio-de-2017-el-plazo-para-el-registro-nacional-de-base-de-datos\/#primaryimage"},"thumbnailUrl":"https:\/\/auren.com\/co\/wp-content\/uploads\/2016\/11\/check.jpg","datePublished":"2016-11-02T13:42:10+00:00","breadcrumb":{"@id":"https:\/\/auren.com\/co\/blog\/gobierno-nacional-ampliara-hasta-el-30-de-junio-de-2017-el-plazo-para-el-registro-nacional-de-base-de-datos\/#breadcrumb"},"inLanguage":"es","potentialAction":[{"@type":"ReadAction","target":["https:\/\/auren.com\/co\/blog\/gobierno-nacional-ampliara-hasta-el-30-de-junio-de-2017-el-plazo-para-el-registro-nacional-de-base-de-datos\/"]}]},{"@type":"ImageObject","inLanguage":"es","@id":"https:\/\/auren.com\/co\/blog\/gobierno-nacional-ampliara-hasta-el-30-de-junio-de-2017-el-plazo-para-el-registro-nacional-de-base-de-datos\/#primaryimage","url":"https:\/\/auren.com\/co\/wp-content\/uploads\/2016\/11\/check.jpg","contentUrl":"https:\/\/auren.com\/co\/wp-content\/uploads\/2016\/11\/check.jpg","width":1000,"height":502},{"@type":"BreadcrumbList","@id":"https:\/\/auren.com\/co\/blog\/gobierno-nacional-ampliara-hasta-el-30-de-junio-de-2017-el-plazo-para-el-registro-nacional-de-base-de-datos\/#breadcrumb","itemListElement":[{"@type":"ListItem","position":1,"name":"Portada","item":"https:\/\/auren.com\/co\/"},{"@type":"ListItem","position":2,"name":"Gobierno Nacional ampliar\u00e1 hasta el 30 de junio de 2017 el plazo para el registro nacional de base de datos."}]},{"@type":"WebSite","@id":"https:\/\/auren.com\/co\/#website","url":"https:\/\/auren.com\/co\/","name":"Auren Colombia","description":"","publisher":{"@id":"https:\/\/auren.com\/co\/#organization"},"potentialAction":[{"@type":"SearchAction","target":{"@type":"EntryPoint","urlTemplate":"https:\/\/auren.com\/co\/?s={search_term_string}"},"query-input":{"@type":"PropertyValueSpecification","valueRequired":true,"valueName":"search_term_string"}}],"inLanguage":"es"},{"@type":"Organization","@id":"https:\/\/auren.com\/co\/#organization","name":"Auren Colombia","url":"https:\/\/auren.com\/co\/","logo":{"@type":"ImageObject","inLanguage":"es","@id":"https:\/\/auren.com\/co\/#\/schema\/logo\/image\/","url":"https:\/\/auren.com\/co\/wp-content\/uploads\/2025\/01\/cropped-cropped-favicon-Auren.png","contentUrl":"https:\/\/auren.com\/co\/wp-content\/uploads\/2025\/01\/cropped-cropped-favicon-Auren.png","width":512,"height":512,"caption":"Auren Colombia"},"image":{"@id":"https:\/\/auren.com\/co\/#\/schema\/logo\/image\/"},"sameAs":["https:\/\/x.com\/AurenColombia","https:\/\/www.instagram.com\/aurencolombia\/","https:\/\/www.youtube.com\/channel\/UCRYoGRMR_k4oVWesdErApmA","https:\/\/www.linkedin.com\/company\/auren-colombia"]}]}},"_links":{"self":[{"href":"https:\/\/auren.com\/co\/wp-json\/wp\/v2\/blog\/11688","targetHints":{"allow":["GET"]}}],"collection":[{"href":"https:\/\/auren.com\/co\/wp-json\/wp\/v2\/blog"}],"about":[{"href":"https:\/\/auren.com\/co\/wp-json\/wp\/v2\/types\/blog"}],"version-history":[{"count":0,"href":"https:\/\/auren.com\/co\/wp-json\/wp\/v2\/blog\/11688\/revisions"}],"wp:featuredmedia":[{"embeddable":true,"href":"https:\/\/auren.com\/co\/wp-json\/wp\/v2\/media\/11689"}],"wp:attachment":[{"href":"https:\/\/auren.com\/co\/wp-json\/wp\/v2\/media?parent=11688"}],"wp:term":[{"taxonomy":"blog-category","embeddable":true,"href":"https:\/\/auren.com\/co\/wp-json\/wp\/v2\/blog-category?post=11688"}],"curies":[{"name":"wp","href":"https:\/\/api.w.org\/{rel}","templated":true}]}}