{"id":11733,"date":"2016-10-04T17:16:45","date_gmt":"2016-10-04T15:16:45","guid":{"rendered":"https:\/\/auren.com\/co\/blog\/la-suscripcion-o-adicion-de-contratos-de-obra-publica-celebrados-con-entidades-de-derecho-publico-genera-contribucion-del-5\/"},"modified":"2016-10-04T17:16:45","modified_gmt":"2016-10-04T15:16:45","slug":"la-suscripcion-o-adicion-de-contratos-de-obra-publica-celebrados-con-entidades-de-derecho-publico-genera-contribucion-del-5","status":"publish","type":"blog","link":"https:\/\/auren.com\/co\/blog\/la-suscripcion-o-adicion-de-contratos-de-obra-publica-celebrados-con-entidades-de-derecho-publico-genera-contribucion-del-5\/","title":{"rendered":"La suscripci\u00f3n o adici\u00f3n de contratos de obra p\u00fablica celebrados con entidades de derecho p\u00fablico genera contribuci\u00f3n del 5%."},"content":{"rendered":"<p style=\"text-align: justify;\">As\u00ed lo record\u00f3 recientemente la Secretar\u00eda de Hacienda de Bogot\u00e1, a trav\u00e9s del concepto 146437 del 26 de septiembre de 2016, en virtud del cual luego de analizar el caso espec\u00edfico de un contrato celebrado entre el Hospital de Meissen y el Consorcio Hospital Meissen Ciudad Bol\u00edvar, concluy\u00f3 que la contribuci\u00f3n de obra p\u00fablica del 5% se genera a cargo de todas las personas naturales o jur\u00eddicas que suscriban contratos de obra p\u00fablica, con entidades de derecho p\u00fablico o celebren contratos de adici\u00f3n al valor de los existentes.<\/p>\n<p style=\"text-align: justify;\">Para estos efectos, reiterando pronunciamientos de la Corte Constitucional, la entidad advirti\u00f3 que la definici\u00f3n del contrato de obra es la contenida en la ley de contrataci\u00f3n p\u00fablica (Ley 80 de 1993), en cuya virtud son contratos de obra los que celebren las entidades estatales para la construcci\u00f3n, mantenimiento, instalaci\u00f3n y en general para la realizaci\u00f3n de cualquier otro trabajo material sobre bienes inmuebles.<\/p>\n<p style=\"text-align: justify;\">El pago de la contribuci\u00f3n, correspondiente al 5% del valor total del contrato o de la respectiva adici\u00f3n, se realizar\u00e1 a favor de la Naci\u00f3n, Departamento o Municipio, seg\u00fan el nivel al cual pertenezca la entidad p\u00fablica contratante.<\/p>\n<p style=\"text-align: justify;\">Importante destacar que si bien esta contribuci\u00f3n fue creada temporalmente en 1992, a partir de all\u00ed se ha prorrogada de manera ininterrumpida, entre otras, por las leyes 418 de 1997, 782 de 2002, 1106 de 2006 y 1738 de 2014.<\/p>\n<p> Por \u00faltimo, se\u00f1al\u00f3 la entidad que la acci\u00f3n de cobro de las obligaciones fiscales, dentro de las cuales se encuentra la contribuci\u00f3n de obra p\u00fablica, prescribe en 5 a\u00f1os a partir de la fecha de ejecutoria del respectivo acto administrativo de determinaci\u00f3n o discusi\u00f3n.<\/p>\n<p><!-- AddThis Advanced Settings generic via filter on the_content --><!-- AddThis Share Buttons generic via filter on the_content --><\/p>\n","protected":false},"excerpt":{"rendered":"<p>As\u00ed lo record\u00f3 recientemente la Secretar\u00eda de Hacienda de Bogot\u00e1, a trav\u00e9s del concepto 146437 del 26 de septiembre de 2016, en virtud del cual luego de analizar el caso espec\u00edfico de un contrato celebrado entre el Hospital de Meissen y el Consorcio Hospital Meissen Ciudad Bol\u00edvar.<\/p>\n","protected":false},"featured_media":11734,"template":"","meta":{"_acf_changed":false,"footnotes":""},"blog-category":[],"class_list":["post-11733","blog","type-blog","status-publish","has-post-thumbnail","hentry"],"acf":[],"yoast_head":"<!-- This site is optimized with the Yoast SEO plugin v27.4 - https:\/\/yoast.com\/product\/yoast-seo-wordpress\/ -->\n<title>La suscripci\u00f3n o adici\u00f3n de contratos de obra p\u00fablica celebrados con entidades de derecho p\u00fablico genera contribuci\u00f3n del 5%. - Auren Colombia<\/title>\n<meta name=\"robots\" content=\"index, follow, max-snippet:-1, max-image-preview:large, max-video-preview:-1\" \/>\n<link rel=\"canonical\" href=\"https:\/\/auren.com\/co\/blog\/la-suscripcion-o-adicion-de-contratos-de-obra-publica-celebrados-con-entidades-de-derecho-publico-genera-contribucion-del-5\/\" \/>\n<meta property=\"og:locale\" content=\"es_ES\" \/>\n<meta property=\"og:type\" content=\"article\" \/>\n<meta property=\"og:title\" content=\"La suscripci\u00f3n o adici\u00f3n de contratos de obra p\u00fablica celebrados con entidades de derecho p\u00fablico genera contribuci\u00f3n del 5%. - Auren Colombia\" \/>\n<meta property=\"og:description\" content=\"As\u00ed lo record\u00f3 recientemente la Secretar\u00eda de Hacienda de Bogot\u00e1, a trav\u00e9s del concepto 146437 del 26 de septiembre de 2016, en virtud del cual luego de analizar el caso espec\u00edfico de un contrato celebrado entre el Hospital de Meissen y el Consorcio Hospital Meissen Ciudad Bol\u00edvar.\" \/>\n<meta property=\"og:url\" content=\"https:\/\/auren.com\/co\/blog\/la-suscripcion-o-adicion-de-contratos-de-obra-publica-celebrados-con-entidades-de-derecho-publico-genera-contribucion-del-5\/\" \/>\n<meta property=\"og:site_name\" content=\"Auren Colombia\" \/>\n<meta property=\"og:image\" content=\"https:\/\/auren.com\/co\/wp-content\/uploads\/2016\/10\/pc-1.jpg\" \/>\n\t<meta property=\"og:image:width\" content=\"1000\" \/>\n\t<meta property=\"og:image:height\" content=\"502\" \/>\n\t<meta property=\"og:image:type\" content=\"image\/jpeg\" \/>\n<meta name=\"twitter:card\" content=\"summary_large_image\" \/>\n<meta name=\"twitter:site\" content=\"@AurenColombia\" \/>\n<meta name=\"twitter:label1\" content=\"Tiempo de lectura\" \/>\n\t<meta name=\"twitter:data1\" content=\"1 minuto\" \/>\n<script type=\"application\/ld+json\" class=\"yoast-schema-graph\">{\"@context\":\"https:\\\/\\\/schema.org\",\"@graph\":[{\"@type\":\"WebPage\",\"@id\":\"https:\\\/\\\/auren.com\\\/co\\\/blog\\\/la-suscripcion-o-adicion-de-contratos-de-obra-publica-celebrados-con-entidades-de-derecho-publico-genera-contribucion-del-5\\\/\",\"url\":\"https:\\\/\\\/auren.com\\\/co\\\/blog\\\/la-suscripcion-o-adicion-de-contratos-de-obra-publica-celebrados-con-entidades-de-derecho-publico-genera-contribucion-del-5\\\/\",\"name\":\"La suscripci\u00f3n o adici\u00f3n de contratos de obra p\u00fablica celebrados con entidades de derecho p\u00fablico genera contribuci\u00f3n del 5%. - Auren Colombia\",\"isPartOf\":{\"@id\":\"https:\\\/\\\/auren.com\\\/co\\\/#website\"},\"primaryImageOfPage\":{\"@id\":\"https:\\\/\\\/auren.com\\\/co\\\/blog\\\/la-suscripcion-o-adicion-de-contratos-de-obra-publica-celebrados-con-entidades-de-derecho-publico-genera-contribucion-del-5\\\/#primaryimage\"},\"image\":{\"@id\":\"https:\\\/\\\/auren.com\\\/co\\\/blog\\\/la-suscripcion-o-adicion-de-contratos-de-obra-publica-celebrados-con-entidades-de-derecho-publico-genera-contribucion-del-5\\\/#primaryimage\"},\"thumbnailUrl\":\"https:\\\/\\\/auren.com\\\/co\\\/wp-content\\\/uploads\\\/2016\\\/10\\\/pc-1.jpg\",\"datePublished\":\"2016-10-04T15:16:45+00:00\",\"breadcrumb\":{\"@id\":\"https:\\\/\\\/auren.com\\\/co\\\/blog\\\/la-suscripcion-o-adicion-de-contratos-de-obra-publica-celebrados-con-entidades-de-derecho-publico-genera-contribucion-del-5\\\/#breadcrumb\"},\"inLanguage\":\"es\",\"potentialAction\":[{\"@type\":\"ReadAction\",\"target\":[\"https:\\\/\\\/auren.com\\\/co\\\/blog\\\/la-suscripcion-o-adicion-de-contratos-de-obra-publica-celebrados-con-entidades-de-derecho-publico-genera-contribucion-del-5\\\/\"]}]},{\"@type\":\"ImageObject\",\"inLanguage\":\"es\",\"@id\":\"https:\\\/\\\/auren.com\\\/co\\\/blog\\\/la-suscripcion-o-adicion-de-contratos-de-obra-publica-celebrados-con-entidades-de-derecho-publico-genera-contribucion-del-5\\\/#primaryimage\",\"url\":\"https:\\\/\\\/auren.com\\\/co\\\/wp-content\\\/uploads\\\/2016\\\/10\\\/pc-1.jpg\",\"contentUrl\":\"https:\\\/\\\/auren.com\\\/co\\\/wp-content\\\/uploads\\\/2016\\\/10\\\/pc-1.jpg\",\"width\":1000,\"height\":502},{\"@type\":\"BreadcrumbList\",\"@id\":\"https:\\\/\\\/auren.com\\\/co\\\/blog\\\/la-suscripcion-o-adicion-de-contratos-de-obra-publica-celebrados-con-entidades-de-derecho-publico-genera-contribucion-del-5\\\/#breadcrumb\",\"itemListElement\":[{\"@type\":\"ListItem\",\"position\":1,\"name\":\"Portada\",\"item\":\"https:\\\/\\\/auren.com\\\/co\\\/\"},{\"@type\":\"ListItem\",\"position\":2,\"name\":\"La suscripci\u00f3n o adici\u00f3n de contratos de obra p\u00fablica celebrados con entidades de derecho p\u00fablico genera contribuci\u00f3n del 5%.\"}]},{\"@type\":\"WebSite\",\"@id\":\"https:\\\/\\\/auren.com\\\/co\\\/#website\",\"url\":\"https:\\\/\\\/auren.com\\\/co\\\/\",\"name\":\"Auren Colombia\",\"description\":\"\",\"publisher\":{\"@id\":\"https:\\\/\\\/auren.com\\\/co\\\/#organization\"},\"potentialAction\":[{\"@type\":\"SearchAction\",\"target\":{\"@type\":\"EntryPoint\",\"urlTemplate\":\"https:\\\/\\\/auren.com\\\/co\\\/?s={search_term_string}\"},\"query-input\":{\"@type\":\"PropertyValueSpecification\",\"valueRequired\":true,\"valueName\":\"search_term_string\"}}],\"inLanguage\":\"es\"},{\"@type\":\"Organization\",\"@id\":\"https:\\\/\\\/auren.com\\\/co\\\/#organization\",\"name\":\"Auren Colombia\",\"url\":\"https:\\\/\\\/auren.com\\\/co\\\/\",\"logo\":{\"@type\":\"ImageObject\",\"inLanguage\":\"es\",\"@id\":\"https:\\\/\\\/auren.com\\\/co\\\/#\\\/schema\\\/logo\\\/image\\\/\",\"url\":\"https:\\\/\\\/auren.com\\\/co\\\/wp-content\\\/uploads\\\/2025\\\/01\\\/cropped-cropped-favicon-Auren.png\",\"contentUrl\":\"https:\\\/\\\/auren.com\\\/co\\\/wp-content\\\/uploads\\\/2025\\\/01\\\/cropped-cropped-favicon-Auren.png\",\"width\":512,\"height\":512,\"caption\":\"Auren Colombia\"},\"image\":{\"@id\":\"https:\\\/\\\/auren.com\\\/co\\\/#\\\/schema\\\/logo\\\/image\\\/\"},\"sameAs\":[\"https:\\\/\\\/x.com\\\/AurenColombia\",\"https:\\\/\\\/www.instagram.com\\\/aurencolombia\\\/\",\"https:\\\/\\\/www.youtube.com\\\/channel\\\/UCRYoGRMR_k4oVWesdErApmA\",\"https:\\\/\\\/www.linkedin.com\\\/company\\\/auren-colombia\"]}]}<\/script>\n<!-- \/ Yoast SEO plugin. -->","yoast_head_json":{"title":"La suscripci\u00f3n o adici\u00f3n de contratos de obra p\u00fablica celebrados con entidades de derecho p\u00fablico genera contribuci\u00f3n del 5%. - Auren Colombia","robots":{"index":"index","follow":"follow","max-snippet":"max-snippet:-1","max-image-preview":"max-image-preview:large","max-video-preview":"max-video-preview:-1"},"canonical":"https:\/\/auren.com\/co\/blog\/la-suscripcion-o-adicion-de-contratos-de-obra-publica-celebrados-con-entidades-de-derecho-publico-genera-contribucion-del-5\/","og_locale":"es_ES","og_type":"article","og_title":"La suscripci\u00f3n o adici\u00f3n de contratos de obra p\u00fablica celebrados con entidades de derecho p\u00fablico genera contribuci\u00f3n del 5%. - Auren Colombia","og_description":"As\u00ed lo record\u00f3 recientemente la Secretar\u00eda de Hacienda de Bogot\u00e1, a trav\u00e9s del concepto 146437 del 26 de septiembre de 2016, en virtud del cual luego de analizar el caso espec\u00edfico de un contrato celebrado entre el Hospital de Meissen y el Consorcio Hospital Meissen Ciudad Bol\u00edvar.","og_url":"https:\/\/auren.com\/co\/blog\/la-suscripcion-o-adicion-de-contratos-de-obra-publica-celebrados-con-entidades-de-derecho-publico-genera-contribucion-del-5\/","og_site_name":"Auren Colombia","og_image":[{"width":1000,"height":502,"url":"https:\/\/auren.com\/co\/wp-content\/uploads\/2016\/10\/pc-1.jpg","type":"image\/jpeg"}],"twitter_card":"summary_large_image","twitter_site":"@AurenColombia","twitter_misc":{"Tiempo de lectura":"1 minuto"},"schema":{"@context":"https:\/\/schema.org","@graph":[{"@type":"WebPage","@id":"https:\/\/auren.com\/co\/blog\/la-suscripcion-o-adicion-de-contratos-de-obra-publica-celebrados-con-entidades-de-derecho-publico-genera-contribucion-del-5\/","url":"https:\/\/auren.com\/co\/blog\/la-suscripcion-o-adicion-de-contratos-de-obra-publica-celebrados-con-entidades-de-derecho-publico-genera-contribucion-del-5\/","name":"La suscripci\u00f3n o adici\u00f3n de contratos de obra p\u00fablica celebrados con entidades de derecho p\u00fablico genera contribuci\u00f3n del 5%. - Auren Colombia","isPartOf":{"@id":"https:\/\/auren.com\/co\/#website"},"primaryImageOfPage":{"@id":"https:\/\/auren.com\/co\/blog\/la-suscripcion-o-adicion-de-contratos-de-obra-publica-celebrados-con-entidades-de-derecho-publico-genera-contribucion-del-5\/#primaryimage"},"image":{"@id":"https:\/\/auren.com\/co\/blog\/la-suscripcion-o-adicion-de-contratos-de-obra-publica-celebrados-con-entidades-de-derecho-publico-genera-contribucion-del-5\/#primaryimage"},"thumbnailUrl":"https:\/\/auren.com\/co\/wp-content\/uploads\/2016\/10\/pc-1.jpg","datePublished":"2016-10-04T15:16:45+00:00","breadcrumb":{"@id":"https:\/\/auren.com\/co\/blog\/la-suscripcion-o-adicion-de-contratos-de-obra-publica-celebrados-con-entidades-de-derecho-publico-genera-contribucion-del-5\/#breadcrumb"},"inLanguage":"es","potentialAction":[{"@type":"ReadAction","target":["https:\/\/auren.com\/co\/blog\/la-suscripcion-o-adicion-de-contratos-de-obra-publica-celebrados-con-entidades-de-derecho-publico-genera-contribucion-del-5\/"]}]},{"@type":"ImageObject","inLanguage":"es","@id":"https:\/\/auren.com\/co\/blog\/la-suscripcion-o-adicion-de-contratos-de-obra-publica-celebrados-con-entidades-de-derecho-publico-genera-contribucion-del-5\/#primaryimage","url":"https:\/\/auren.com\/co\/wp-content\/uploads\/2016\/10\/pc-1.jpg","contentUrl":"https:\/\/auren.com\/co\/wp-content\/uploads\/2016\/10\/pc-1.jpg","width":1000,"height":502},{"@type":"BreadcrumbList","@id":"https:\/\/auren.com\/co\/blog\/la-suscripcion-o-adicion-de-contratos-de-obra-publica-celebrados-con-entidades-de-derecho-publico-genera-contribucion-del-5\/#breadcrumb","itemListElement":[{"@type":"ListItem","position":1,"name":"Portada","item":"https:\/\/auren.com\/co\/"},{"@type":"ListItem","position":2,"name":"La suscripci\u00f3n o adici\u00f3n de contratos de obra p\u00fablica celebrados con entidades de derecho p\u00fablico genera contribuci\u00f3n del 5%."}]},{"@type":"WebSite","@id":"https:\/\/auren.com\/co\/#website","url":"https:\/\/auren.com\/co\/","name":"Auren Colombia","description":"","publisher":{"@id":"https:\/\/auren.com\/co\/#organization"},"potentialAction":[{"@type":"SearchAction","target":{"@type":"EntryPoint","urlTemplate":"https:\/\/auren.com\/co\/?s={search_term_string}"},"query-input":{"@type":"PropertyValueSpecification","valueRequired":true,"valueName":"search_term_string"}}],"inLanguage":"es"},{"@type":"Organization","@id":"https:\/\/auren.com\/co\/#organization","name":"Auren Colombia","url":"https:\/\/auren.com\/co\/","logo":{"@type":"ImageObject","inLanguage":"es","@id":"https:\/\/auren.com\/co\/#\/schema\/logo\/image\/","url":"https:\/\/auren.com\/co\/wp-content\/uploads\/2025\/01\/cropped-cropped-favicon-Auren.png","contentUrl":"https:\/\/auren.com\/co\/wp-content\/uploads\/2025\/01\/cropped-cropped-favicon-Auren.png","width":512,"height":512,"caption":"Auren Colombia"},"image":{"@id":"https:\/\/auren.com\/co\/#\/schema\/logo\/image\/"},"sameAs":["https:\/\/x.com\/AurenColombia","https:\/\/www.instagram.com\/aurencolombia\/","https:\/\/www.youtube.com\/channel\/UCRYoGRMR_k4oVWesdErApmA","https:\/\/www.linkedin.com\/company\/auren-colombia"]}]}},"_links":{"self":[{"href":"https:\/\/auren.com\/co\/wp-json\/wp\/v2\/blog\/11733","targetHints":{"allow":["GET"]}}],"collection":[{"href":"https:\/\/auren.com\/co\/wp-json\/wp\/v2\/blog"}],"about":[{"href":"https:\/\/auren.com\/co\/wp-json\/wp\/v2\/types\/blog"}],"version-history":[{"count":0,"href":"https:\/\/auren.com\/co\/wp-json\/wp\/v2\/blog\/11733\/revisions"}],"wp:featuredmedia":[{"embeddable":true,"href":"https:\/\/auren.com\/co\/wp-json\/wp\/v2\/media\/11734"}],"wp:attachment":[{"href":"https:\/\/auren.com\/co\/wp-json\/wp\/v2\/media?parent=11733"}],"wp:term":[{"taxonomy":"blog-category","embeddable":true,"href":"https:\/\/auren.com\/co\/wp-json\/wp\/v2\/blog-category?post=11733"}],"curies":[{"name":"wp","href":"https:\/\/api.w.org\/{rel}","templated":true}]}}