{"id":11745,"date":"2016-09-26T17:33:08","date_gmt":"2016-09-26T15:33:08","guid":{"rendered":"https:\/\/auren.com\/co\/blog\/retencion-en-la-fuente-no-es-requisito-para-la-deduccion-salvo-que-la-norma-expresamente-asi-lo-exija\/"},"modified":"2016-09-26T17:33:08","modified_gmt":"2016-09-26T15:33:08","slug":"retencion-en-la-fuente-no-es-requisito-para-la-deduccion-salvo-que-la-norma-expresamente-asi-lo-exija","status":"publish","type":"blog","link":"https:\/\/auren.com\/co\/blog\/retencion-en-la-fuente-no-es-requisito-para-la-deduccion-salvo-que-la-norma-expresamente-asi-lo-exija\/","title":{"rendered":"Retenci\u00f3n en la fuente no es requisito para la deducci\u00f3n, salvo que la norma expresamente as\u00ed lo exija."},"content":{"rendered":"<p style=\"text-align: justify;\">\n<p style=\"text-align: justify;\">Si bien el art\u00edculo 771-2 del Estatuto Tributario no consagra de manera expresa la obligaci\u00f3n de practicar la retenci\u00f3n en la fuente como condici\u00f3n para tomar el pago como deducible en el impuesto sobre la renta, la autoridad tributaria reiter\u00f3 que la consecuencia jur\u00eddica por no practicar dicha retenci\u00f3n, cuando sea procedente, es el desconocimiento o rechazo de la deducci\u00f3n.<\/p>\n<p style=\"text-align: justify;\">La DIAN destac\u00f3 que esta consecuencia es aplicable para aquellas situaciones en las cuales de manera expresa las normas establecen la retenci\u00f3n en la fuente como condici\u00f3n de la deducci\u00f3n o proh\u00edben tomar la deducci\u00f3n sin aplicar la retenci\u00f3n, con lo cual aclar\u00f3 su criterio y modific\u00f3 en consecuencia el concepto 17655 del 4 de diciembre de 2000. Ejemplos de estas situaciones se presentan cuando con la falta de retenci\u00f3n en la fuente se proh\u00edbe tomar la deducci\u00f3n por pagos salariales (art\u00edculo 87-1 ET), por pagos en el exterior (art\u00edculo 121 ET) o por pagos a para\u00edsos fiscales (art\u00edculo 124-2 ET).<\/p>\n<p> En los dem\u00e1s casos, podr\u00eda v\u00e1lidamente tomarse la deducci\u00f3n, en la medida en que cumpla los requisitos para la procedencia de las deducciones (art\u00edculos 107 y 771-2 ET), y si bien el contribuyente podr\u00eda ser fiscalizado con el fin de modificar la declaraci\u00f3n de retenci\u00f3n en la fuente, tal situaci\u00f3n no afectar\u00eda la deducibilidad del pago.<\/p>\n<p><!-- AddThis Advanced Settings generic via filter on the_content --><!-- AddThis Share Buttons generic via filter on the_content --><\/p>\n","protected":false},"excerpt":{"rendered":"<p>Si bien el art\u00edculo 771-2 del Estatuto Tributario no consagra de manera expresa la obligaci\u00f3n de practicar la retenci\u00f3n en la fuente como condici\u00f3n para tomar el pago como deducible en el impuesto sobre la renta.<\/p>\n","protected":false},"featured_media":11746,"template":"","meta":{"_acf_changed":false,"footnotes":""},"blog-category":[],"class_list":["post-11745","blog","type-blog","status-publish","has-post-thumbnail","hentry"],"acf":[],"yoast_head":"<!-- This site is optimized with the Yoast SEO plugin v27.4 - https:\/\/yoast.com\/product\/yoast-seo-wordpress\/ -->\n<title>Retenci\u00f3n en la fuente no es requisito para la deducci\u00f3n, salvo que la norma expresamente as\u00ed lo exija. - Auren Colombia<\/title>\n<meta name=\"robots\" content=\"index, follow, max-snippet:-1, max-image-preview:large, max-video-preview:-1\" \/>\n<link rel=\"canonical\" href=\"https:\/\/auren.com\/co\/blog\/retencion-en-la-fuente-no-es-requisito-para-la-deduccion-salvo-que-la-norma-expresamente-asi-lo-exija\/\" \/>\n<meta property=\"og:locale\" content=\"es_ES\" \/>\n<meta property=\"og:type\" content=\"article\" \/>\n<meta property=\"og:title\" content=\"Retenci\u00f3n en la fuente no es requisito para la deducci\u00f3n, salvo que la norma expresamente as\u00ed lo exija. - Auren Colombia\" \/>\n<meta property=\"og:description\" content=\"Si bien el art\u00edculo 771-2 del Estatuto Tributario no consagra de manera expresa la obligaci\u00f3n de practicar la retenci\u00f3n en la fuente como condici\u00f3n para tomar el pago como deducible en el impuesto sobre la renta.\" \/>\n<meta property=\"og:url\" content=\"https:\/\/auren.com\/co\/blog\/retencion-en-la-fuente-no-es-requisito-para-la-deduccion-salvo-que-la-norma-expresamente-asi-lo-exija\/\" \/>\n<meta property=\"og:site_name\" content=\"Auren Colombia\" \/>\n<meta property=\"og:image\" content=\"https:\/\/auren.com\/co\/wp-content\/uploads\/2016\/09\/declaracion-18-1.jpg\" \/>\n\t<meta property=\"og:image:width\" content=\"1000\" \/>\n\t<meta property=\"og:image:height\" content=\"502\" \/>\n\t<meta property=\"og:image:type\" content=\"image\/jpeg\" \/>\n<meta name=\"twitter:card\" content=\"summary_large_image\" \/>\n<meta name=\"twitter:site\" content=\"@AurenColombia\" \/>\n<meta name=\"twitter:label1\" content=\"Tiempo de lectura\" \/>\n\t<meta name=\"twitter:data1\" content=\"1 minuto\" \/>\n<script type=\"application\/ld+json\" class=\"yoast-schema-graph\">{\"@context\":\"https:\\\/\\\/schema.org\",\"@graph\":[{\"@type\":\"WebPage\",\"@id\":\"https:\\\/\\\/auren.com\\\/co\\\/blog\\\/retencion-en-la-fuente-no-es-requisito-para-la-deduccion-salvo-que-la-norma-expresamente-asi-lo-exija\\\/\",\"url\":\"https:\\\/\\\/auren.com\\\/co\\\/blog\\\/retencion-en-la-fuente-no-es-requisito-para-la-deduccion-salvo-que-la-norma-expresamente-asi-lo-exija\\\/\",\"name\":\"Retenci\u00f3n en la fuente no es requisito para la deducci\u00f3n, salvo que la norma expresamente as\u00ed lo exija. - Auren Colombia\",\"isPartOf\":{\"@id\":\"https:\\\/\\\/auren.com\\\/co\\\/#website\"},\"primaryImageOfPage\":{\"@id\":\"https:\\\/\\\/auren.com\\\/co\\\/blog\\\/retencion-en-la-fuente-no-es-requisito-para-la-deduccion-salvo-que-la-norma-expresamente-asi-lo-exija\\\/#primaryimage\"},\"image\":{\"@id\":\"https:\\\/\\\/auren.com\\\/co\\\/blog\\\/retencion-en-la-fuente-no-es-requisito-para-la-deduccion-salvo-que-la-norma-expresamente-asi-lo-exija\\\/#primaryimage\"},\"thumbnailUrl\":\"https:\\\/\\\/auren.com\\\/co\\\/wp-content\\\/uploads\\\/2016\\\/09\\\/declaracion-18-1.jpg\",\"datePublished\":\"2016-09-26T15:33:08+00:00\",\"breadcrumb\":{\"@id\":\"https:\\\/\\\/auren.com\\\/co\\\/blog\\\/retencion-en-la-fuente-no-es-requisito-para-la-deduccion-salvo-que-la-norma-expresamente-asi-lo-exija\\\/#breadcrumb\"},\"inLanguage\":\"es\",\"potentialAction\":[{\"@type\":\"ReadAction\",\"target\":[\"https:\\\/\\\/auren.com\\\/co\\\/blog\\\/retencion-en-la-fuente-no-es-requisito-para-la-deduccion-salvo-que-la-norma-expresamente-asi-lo-exija\\\/\"]}]},{\"@type\":\"ImageObject\",\"inLanguage\":\"es\",\"@id\":\"https:\\\/\\\/auren.com\\\/co\\\/blog\\\/retencion-en-la-fuente-no-es-requisito-para-la-deduccion-salvo-que-la-norma-expresamente-asi-lo-exija\\\/#primaryimage\",\"url\":\"https:\\\/\\\/auren.com\\\/co\\\/wp-content\\\/uploads\\\/2016\\\/09\\\/declaracion-18-1.jpg\",\"contentUrl\":\"https:\\\/\\\/auren.com\\\/co\\\/wp-content\\\/uploads\\\/2016\\\/09\\\/declaracion-18-1.jpg\",\"width\":1000,\"height\":502},{\"@type\":\"BreadcrumbList\",\"@id\":\"https:\\\/\\\/auren.com\\\/co\\\/blog\\\/retencion-en-la-fuente-no-es-requisito-para-la-deduccion-salvo-que-la-norma-expresamente-asi-lo-exija\\\/#breadcrumb\",\"itemListElement\":[{\"@type\":\"ListItem\",\"position\":1,\"name\":\"Portada\",\"item\":\"https:\\\/\\\/auren.com\\\/co\\\/\"},{\"@type\":\"ListItem\",\"position\":2,\"name\":\"Retenci\u00f3n en la fuente no es requisito para la deducci\u00f3n, salvo que la norma expresamente as\u00ed lo exija.\"}]},{\"@type\":\"WebSite\",\"@id\":\"https:\\\/\\\/auren.com\\\/co\\\/#website\",\"url\":\"https:\\\/\\\/auren.com\\\/co\\\/\",\"name\":\"Auren Colombia\",\"description\":\"\",\"publisher\":{\"@id\":\"https:\\\/\\\/auren.com\\\/co\\\/#organization\"},\"potentialAction\":[{\"@type\":\"SearchAction\",\"target\":{\"@type\":\"EntryPoint\",\"urlTemplate\":\"https:\\\/\\\/auren.com\\\/co\\\/?s={search_term_string}\"},\"query-input\":{\"@type\":\"PropertyValueSpecification\",\"valueRequired\":true,\"valueName\":\"search_term_string\"}}],\"inLanguage\":\"es\"},{\"@type\":\"Organization\",\"@id\":\"https:\\\/\\\/auren.com\\\/co\\\/#organization\",\"name\":\"Auren Colombia\",\"url\":\"https:\\\/\\\/auren.com\\\/co\\\/\",\"logo\":{\"@type\":\"ImageObject\",\"inLanguage\":\"es\",\"@id\":\"https:\\\/\\\/auren.com\\\/co\\\/#\\\/schema\\\/logo\\\/image\\\/\",\"url\":\"https:\\\/\\\/auren.com\\\/co\\\/wp-content\\\/uploads\\\/2025\\\/01\\\/cropped-cropped-favicon-Auren.png\",\"contentUrl\":\"https:\\\/\\\/auren.com\\\/co\\\/wp-content\\\/uploads\\\/2025\\\/01\\\/cropped-cropped-favicon-Auren.png\",\"width\":512,\"height\":512,\"caption\":\"Auren Colombia\"},\"image\":{\"@id\":\"https:\\\/\\\/auren.com\\\/co\\\/#\\\/schema\\\/logo\\\/image\\\/\"},\"sameAs\":[\"https:\\\/\\\/x.com\\\/AurenColombia\",\"https:\\\/\\\/www.instagram.com\\\/aurencolombia\\\/\",\"https:\\\/\\\/www.youtube.com\\\/channel\\\/UCRYoGRMR_k4oVWesdErApmA\",\"https:\\\/\\\/www.linkedin.com\\\/company\\\/auren-colombia\"]}]}<\/script>\n<!-- \/ Yoast SEO plugin. -->","yoast_head_json":{"title":"Retenci\u00f3n en la fuente no es requisito para la deducci\u00f3n, salvo que la norma expresamente as\u00ed lo exija. - Auren Colombia","robots":{"index":"index","follow":"follow","max-snippet":"max-snippet:-1","max-image-preview":"max-image-preview:large","max-video-preview":"max-video-preview:-1"},"canonical":"https:\/\/auren.com\/co\/blog\/retencion-en-la-fuente-no-es-requisito-para-la-deduccion-salvo-que-la-norma-expresamente-asi-lo-exija\/","og_locale":"es_ES","og_type":"article","og_title":"Retenci\u00f3n en la fuente no es requisito para la deducci\u00f3n, salvo que la norma expresamente as\u00ed lo exija. - Auren Colombia","og_description":"Si bien el art\u00edculo 771-2 del Estatuto Tributario no consagra de manera expresa la obligaci\u00f3n de practicar la retenci\u00f3n en la fuente como condici\u00f3n para tomar el pago como deducible en el impuesto sobre la renta.","og_url":"https:\/\/auren.com\/co\/blog\/retencion-en-la-fuente-no-es-requisito-para-la-deduccion-salvo-que-la-norma-expresamente-asi-lo-exija\/","og_site_name":"Auren Colombia","og_image":[{"width":1000,"height":502,"url":"https:\/\/auren.com\/co\/wp-content\/uploads\/2016\/09\/declaracion-18-1.jpg","type":"image\/jpeg"}],"twitter_card":"summary_large_image","twitter_site":"@AurenColombia","twitter_misc":{"Tiempo de lectura":"1 minuto"},"schema":{"@context":"https:\/\/schema.org","@graph":[{"@type":"WebPage","@id":"https:\/\/auren.com\/co\/blog\/retencion-en-la-fuente-no-es-requisito-para-la-deduccion-salvo-que-la-norma-expresamente-asi-lo-exija\/","url":"https:\/\/auren.com\/co\/blog\/retencion-en-la-fuente-no-es-requisito-para-la-deduccion-salvo-que-la-norma-expresamente-asi-lo-exija\/","name":"Retenci\u00f3n en la fuente no es requisito para la deducci\u00f3n, salvo que la norma expresamente as\u00ed lo exija. - Auren Colombia","isPartOf":{"@id":"https:\/\/auren.com\/co\/#website"},"primaryImageOfPage":{"@id":"https:\/\/auren.com\/co\/blog\/retencion-en-la-fuente-no-es-requisito-para-la-deduccion-salvo-que-la-norma-expresamente-asi-lo-exija\/#primaryimage"},"image":{"@id":"https:\/\/auren.com\/co\/blog\/retencion-en-la-fuente-no-es-requisito-para-la-deduccion-salvo-que-la-norma-expresamente-asi-lo-exija\/#primaryimage"},"thumbnailUrl":"https:\/\/auren.com\/co\/wp-content\/uploads\/2016\/09\/declaracion-18-1.jpg","datePublished":"2016-09-26T15:33:08+00:00","breadcrumb":{"@id":"https:\/\/auren.com\/co\/blog\/retencion-en-la-fuente-no-es-requisito-para-la-deduccion-salvo-que-la-norma-expresamente-asi-lo-exija\/#breadcrumb"},"inLanguage":"es","potentialAction":[{"@type":"ReadAction","target":["https:\/\/auren.com\/co\/blog\/retencion-en-la-fuente-no-es-requisito-para-la-deduccion-salvo-que-la-norma-expresamente-asi-lo-exija\/"]}]},{"@type":"ImageObject","inLanguage":"es","@id":"https:\/\/auren.com\/co\/blog\/retencion-en-la-fuente-no-es-requisito-para-la-deduccion-salvo-que-la-norma-expresamente-asi-lo-exija\/#primaryimage","url":"https:\/\/auren.com\/co\/wp-content\/uploads\/2016\/09\/declaracion-18-1.jpg","contentUrl":"https:\/\/auren.com\/co\/wp-content\/uploads\/2016\/09\/declaracion-18-1.jpg","width":1000,"height":502},{"@type":"BreadcrumbList","@id":"https:\/\/auren.com\/co\/blog\/retencion-en-la-fuente-no-es-requisito-para-la-deduccion-salvo-que-la-norma-expresamente-asi-lo-exija\/#breadcrumb","itemListElement":[{"@type":"ListItem","position":1,"name":"Portada","item":"https:\/\/auren.com\/co\/"},{"@type":"ListItem","position":2,"name":"Retenci\u00f3n en la fuente no es requisito para la deducci\u00f3n, salvo que la norma expresamente as\u00ed lo exija."}]},{"@type":"WebSite","@id":"https:\/\/auren.com\/co\/#website","url":"https:\/\/auren.com\/co\/","name":"Auren Colombia","description":"","publisher":{"@id":"https:\/\/auren.com\/co\/#organization"},"potentialAction":[{"@type":"SearchAction","target":{"@type":"EntryPoint","urlTemplate":"https:\/\/auren.com\/co\/?s={search_term_string}"},"query-input":{"@type":"PropertyValueSpecification","valueRequired":true,"valueName":"search_term_string"}}],"inLanguage":"es"},{"@type":"Organization","@id":"https:\/\/auren.com\/co\/#organization","name":"Auren Colombia","url":"https:\/\/auren.com\/co\/","logo":{"@type":"ImageObject","inLanguage":"es","@id":"https:\/\/auren.com\/co\/#\/schema\/logo\/image\/","url":"https:\/\/auren.com\/co\/wp-content\/uploads\/2025\/01\/cropped-cropped-favicon-Auren.png","contentUrl":"https:\/\/auren.com\/co\/wp-content\/uploads\/2025\/01\/cropped-cropped-favicon-Auren.png","width":512,"height":512,"caption":"Auren Colombia"},"image":{"@id":"https:\/\/auren.com\/co\/#\/schema\/logo\/image\/"},"sameAs":["https:\/\/x.com\/AurenColombia","https:\/\/www.instagram.com\/aurencolombia\/","https:\/\/www.youtube.com\/channel\/UCRYoGRMR_k4oVWesdErApmA","https:\/\/www.linkedin.com\/company\/auren-colombia"]}]}},"_links":{"self":[{"href":"https:\/\/auren.com\/co\/wp-json\/wp\/v2\/blog\/11745","targetHints":{"allow":["GET"]}}],"collection":[{"href":"https:\/\/auren.com\/co\/wp-json\/wp\/v2\/blog"}],"about":[{"href":"https:\/\/auren.com\/co\/wp-json\/wp\/v2\/types\/blog"}],"version-history":[{"count":0,"href":"https:\/\/auren.com\/co\/wp-json\/wp\/v2\/blog\/11745\/revisions"}],"wp:featuredmedia":[{"embeddable":true,"href":"https:\/\/auren.com\/co\/wp-json\/wp\/v2\/media\/11746"}],"wp:attachment":[{"href":"https:\/\/auren.com\/co\/wp-json\/wp\/v2\/media?parent=11745"}],"wp:term":[{"taxonomy":"blog-category","embeddable":true,"href":"https:\/\/auren.com\/co\/wp-json\/wp\/v2\/blog-category?post=11745"}],"curies":[{"name":"wp","href":"https:\/\/api.w.org\/{rel}","templated":true}]}}