{"id":11748,"date":"2016-09-26T17:31:39","date_gmt":"2016-09-26T15:31:39","guid":{"rendered":"https:\/\/auren.com\/co\/blog\/la-dian-informa-que-a-la-fecha-no-hay-proveedores-autorizados-de-facturas-electronicas\/"},"modified":"2016-09-26T17:31:39","modified_gmt":"2016-09-26T15:31:39","slug":"la-dian-informa-que-a-la-fecha-no-hay-proveedores-autorizados-de-facturas-electronicas","status":"publish","type":"blog","link":"https:\/\/auren.com\/co\/blog\/la-dian-informa-que-a-la-fecha-no-hay-proveedores-autorizados-de-facturas-electronicas\/","title":{"rendered":"La DIAN informa que a la fecha no hay proveedores autorizados de facturas electr\u00f3nicas."},"content":{"rendered":"<p style=\"text-align: justify;\">As\u00ed lo se\u00f1al\u00f3 en comunicado de prensa del 9 de septiembre de 2016 en el cual destac\u00f3 que con ocasi\u00f3n de la ejecuci\u00f3n del plan piloto de factura electr\u00f3nica, a la fecha no ha autorizado a ninguna persona natural o jur\u00eddica como proveedor tecnol\u00f3gico. Los interesados en ello, solo podr\u00e1n prestar estos servicios a partir del momento en que obtengan la autorizaci\u00f3n establecida en el art\u00edculo 12 del Decreto 2242 de 2015.<\/p>\n<p style=\"text-align: justify;\">A su vez, destac\u00f3 la DIAN que a la fecha no ha seleccionado a ninguna persona natural o jur\u00eddica que deba factura electr\u00f3nicamente de manera obligatoria; \u00fanicamente se encuentran las 58 empresas voluntarias interesadas en facturar electr\u00f3nicamente.<\/p>\n<p> Por \u00faltimo, resalt\u00f3 la DIAN que la autorizaci\u00f3n para facturar electr\u00f3nicamente otorgada en los t\u00e9rminos de la Resoluci\u00f3n 14465 de 2007, reglamentaria del Decreto 1929 de 2007, no es aplicable al nuevo modelo de facturaci\u00f3n electr\u00f3nica establecido mediante el Decreto 2242 de 2015.<\/p>\n<p><!-- AddThis Advanced Settings generic via filter on the_content --><!-- AddThis Share Buttons generic via filter on the_content --><\/p>\n","protected":false},"excerpt":{"rendered":"<p>As\u00ed lo se\u00f1al\u00f3 en comunicado de prensa del 9 de septiembre de 2016 en el cual destac\u00f3 que con ocasi\u00f3n de la ejecuci\u00f3n del plan piloto de factura electr\u00f3nica, a [&hellip;]<\/p>\n","protected":false},"featured_media":11749,"template":"","meta":{"_acf_changed":false,"footnotes":""},"blog-category":[],"class_list":["post-11748","blog","type-blog","status-publish","has-post-thumbnail","hentry"],"acf":[],"yoast_head":"<!-- This site is optimized with the Yoast SEO plugin v27.4 - https:\/\/yoast.com\/product\/yoast-seo-wordpress\/ -->\n<title>La DIAN informa que a la fecha no hay proveedores autorizados de facturas electr\u00f3nicas. - Auren Colombia<\/title>\n<meta name=\"robots\" content=\"index, follow, max-snippet:-1, max-image-preview:large, max-video-preview:-1\" \/>\n<link rel=\"canonical\" href=\"https:\/\/auren.com\/co\/blog\/la-dian-informa-que-a-la-fecha-no-hay-proveedores-autorizados-de-facturas-electronicas\/\" \/>\n<meta property=\"og:locale\" content=\"es_ES\" \/>\n<meta property=\"og:type\" content=\"article\" \/>\n<meta property=\"og:title\" content=\"La DIAN informa que a la fecha no hay proveedores autorizados de facturas electr\u00f3nicas. - Auren Colombia\" \/>\n<meta property=\"og:description\" content=\"As\u00ed lo se\u00f1al\u00f3 en comunicado de prensa del 9 de septiembre de 2016 en el cual destac\u00f3 que con ocasi\u00f3n de la ejecuci\u00f3n del plan piloto de factura electr\u00f3nica, a [&hellip;]\" \/>\n<meta property=\"og:url\" content=\"https:\/\/auren.com\/co\/blog\/la-dian-informa-que-a-la-fecha-no-hay-proveedores-autorizados-de-facturas-electronicas\/\" \/>\n<meta property=\"og:site_name\" content=\"Auren Colombia\" \/>\n<meta property=\"og:image\" content=\"https:\/\/auren.com\/co\/wp-content\/uploads\/2016\/09\/factura-electronica-1.jpg\" \/>\n\t<meta property=\"og:image:width\" content=\"1000\" \/>\n\t<meta property=\"og:image:height\" content=\"502\" \/>\n\t<meta property=\"og:image:type\" content=\"image\/jpeg\" \/>\n<meta name=\"twitter:card\" content=\"summary_large_image\" \/>\n<meta name=\"twitter:site\" content=\"@AurenColombia\" \/>\n<meta name=\"twitter:label1\" content=\"Tiempo de lectura\" \/>\n\t<meta name=\"twitter:data1\" content=\"1 minuto\" \/>\n<script type=\"application\/ld+json\" class=\"yoast-schema-graph\">{\"@context\":\"https:\\\/\\\/schema.org\",\"@graph\":[{\"@type\":\"WebPage\",\"@id\":\"https:\\\/\\\/auren.com\\\/co\\\/blog\\\/la-dian-informa-que-a-la-fecha-no-hay-proveedores-autorizados-de-facturas-electronicas\\\/\",\"url\":\"https:\\\/\\\/auren.com\\\/co\\\/blog\\\/la-dian-informa-que-a-la-fecha-no-hay-proveedores-autorizados-de-facturas-electronicas\\\/\",\"name\":\"La DIAN informa que a la fecha no hay proveedores autorizados de facturas electr\u00f3nicas. - Auren Colombia\",\"isPartOf\":{\"@id\":\"https:\\\/\\\/auren.com\\\/co\\\/#website\"},\"primaryImageOfPage\":{\"@id\":\"https:\\\/\\\/auren.com\\\/co\\\/blog\\\/la-dian-informa-que-a-la-fecha-no-hay-proveedores-autorizados-de-facturas-electronicas\\\/#primaryimage\"},\"image\":{\"@id\":\"https:\\\/\\\/auren.com\\\/co\\\/blog\\\/la-dian-informa-que-a-la-fecha-no-hay-proveedores-autorizados-de-facturas-electronicas\\\/#primaryimage\"},\"thumbnailUrl\":\"https:\\\/\\\/auren.com\\\/co\\\/wp-content\\\/uploads\\\/2016\\\/09\\\/factura-electronica-1.jpg\",\"datePublished\":\"2016-09-26T15:31:39+00:00\",\"breadcrumb\":{\"@id\":\"https:\\\/\\\/auren.com\\\/co\\\/blog\\\/la-dian-informa-que-a-la-fecha-no-hay-proveedores-autorizados-de-facturas-electronicas\\\/#breadcrumb\"},\"inLanguage\":\"es\",\"potentialAction\":[{\"@type\":\"ReadAction\",\"target\":[\"https:\\\/\\\/auren.com\\\/co\\\/blog\\\/la-dian-informa-que-a-la-fecha-no-hay-proveedores-autorizados-de-facturas-electronicas\\\/\"]}]},{\"@type\":\"ImageObject\",\"inLanguage\":\"es\",\"@id\":\"https:\\\/\\\/auren.com\\\/co\\\/blog\\\/la-dian-informa-que-a-la-fecha-no-hay-proveedores-autorizados-de-facturas-electronicas\\\/#primaryimage\",\"url\":\"https:\\\/\\\/auren.com\\\/co\\\/wp-content\\\/uploads\\\/2016\\\/09\\\/factura-electronica-1.jpg\",\"contentUrl\":\"https:\\\/\\\/auren.com\\\/co\\\/wp-content\\\/uploads\\\/2016\\\/09\\\/factura-electronica-1.jpg\",\"width\":1000,\"height\":502},{\"@type\":\"BreadcrumbList\",\"@id\":\"https:\\\/\\\/auren.com\\\/co\\\/blog\\\/la-dian-informa-que-a-la-fecha-no-hay-proveedores-autorizados-de-facturas-electronicas\\\/#breadcrumb\",\"itemListElement\":[{\"@type\":\"ListItem\",\"position\":1,\"name\":\"Portada\",\"item\":\"https:\\\/\\\/auren.com\\\/co\\\/\"},{\"@type\":\"ListItem\",\"position\":2,\"name\":\"La DIAN informa que a la fecha no hay proveedores autorizados de facturas electr\u00f3nicas.\"}]},{\"@type\":\"WebSite\",\"@id\":\"https:\\\/\\\/auren.com\\\/co\\\/#website\",\"url\":\"https:\\\/\\\/auren.com\\\/co\\\/\",\"name\":\"Auren Colombia\",\"description\":\"\",\"publisher\":{\"@id\":\"https:\\\/\\\/auren.com\\\/co\\\/#organization\"},\"potentialAction\":[{\"@type\":\"SearchAction\",\"target\":{\"@type\":\"EntryPoint\",\"urlTemplate\":\"https:\\\/\\\/auren.com\\\/co\\\/?s={search_term_string}\"},\"query-input\":{\"@type\":\"PropertyValueSpecification\",\"valueRequired\":true,\"valueName\":\"search_term_string\"}}],\"inLanguage\":\"es\"},{\"@type\":\"Organization\",\"@id\":\"https:\\\/\\\/auren.com\\\/co\\\/#organization\",\"name\":\"Auren Colombia\",\"url\":\"https:\\\/\\\/auren.com\\\/co\\\/\",\"logo\":{\"@type\":\"ImageObject\",\"inLanguage\":\"es\",\"@id\":\"https:\\\/\\\/auren.com\\\/co\\\/#\\\/schema\\\/logo\\\/image\\\/\",\"url\":\"https:\\\/\\\/auren.com\\\/co\\\/wp-content\\\/uploads\\\/2025\\\/01\\\/cropped-cropped-favicon-Auren.png\",\"contentUrl\":\"https:\\\/\\\/auren.com\\\/co\\\/wp-content\\\/uploads\\\/2025\\\/01\\\/cropped-cropped-favicon-Auren.png\",\"width\":512,\"height\":512,\"caption\":\"Auren Colombia\"},\"image\":{\"@id\":\"https:\\\/\\\/auren.com\\\/co\\\/#\\\/schema\\\/logo\\\/image\\\/\"},\"sameAs\":[\"https:\\\/\\\/x.com\\\/AurenColombia\",\"https:\\\/\\\/www.instagram.com\\\/aurencolombia\\\/\",\"https:\\\/\\\/www.youtube.com\\\/channel\\\/UCRYoGRMR_k4oVWesdErApmA\",\"https:\\\/\\\/www.linkedin.com\\\/company\\\/auren-colombia\"]}]}<\/script>\n<!-- \/ Yoast SEO plugin. -->","yoast_head_json":{"title":"La DIAN informa que a la fecha no hay proveedores autorizados de facturas electr\u00f3nicas. - Auren Colombia","robots":{"index":"index","follow":"follow","max-snippet":"max-snippet:-1","max-image-preview":"max-image-preview:large","max-video-preview":"max-video-preview:-1"},"canonical":"https:\/\/auren.com\/co\/blog\/la-dian-informa-que-a-la-fecha-no-hay-proveedores-autorizados-de-facturas-electronicas\/","og_locale":"es_ES","og_type":"article","og_title":"La DIAN informa que a la fecha no hay proveedores autorizados de facturas electr\u00f3nicas. - Auren Colombia","og_description":"As\u00ed lo se\u00f1al\u00f3 en comunicado de prensa del 9 de septiembre de 2016 en el cual destac\u00f3 que con ocasi\u00f3n de la ejecuci\u00f3n del plan piloto de factura electr\u00f3nica, a [&hellip;]","og_url":"https:\/\/auren.com\/co\/blog\/la-dian-informa-que-a-la-fecha-no-hay-proveedores-autorizados-de-facturas-electronicas\/","og_site_name":"Auren Colombia","og_image":[{"width":1000,"height":502,"url":"https:\/\/auren.com\/co\/wp-content\/uploads\/2016\/09\/factura-electronica-1.jpg","type":"image\/jpeg"}],"twitter_card":"summary_large_image","twitter_site":"@AurenColombia","twitter_misc":{"Tiempo de lectura":"1 minuto"},"schema":{"@context":"https:\/\/schema.org","@graph":[{"@type":"WebPage","@id":"https:\/\/auren.com\/co\/blog\/la-dian-informa-que-a-la-fecha-no-hay-proveedores-autorizados-de-facturas-electronicas\/","url":"https:\/\/auren.com\/co\/blog\/la-dian-informa-que-a-la-fecha-no-hay-proveedores-autorizados-de-facturas-electronicas\/","name":"La DIAN informa que a la fecha no hay proveedores autorizados de facturas electr\u00f3nicas. - Auren Colombia","isPartOf":{"@id":"https:\/\/auren.com\/co\/#website"},"primaryImageOfPage":{"@id":"https:\/\/auren.com\/co\/blog\/la-dian-informa-que-a-la-fecha-no-hay-proveedores-autorizados-de-facturas-electronicas\/#primaryimage"},"image":{"@id":"https:\/\/auren.com\/co\/blog\/la-dian-informa-que-a-la-fecha-no-hay-proveedores-autorizados-de-facturas-electronicas\/#primaryimage"},"thumbnailUrl":"https:\/\/auren.com\/co\/wp-content\/uploads\/2016\/09\/factura-electronica-1.jpg","datePublished":"2016-09-26T15:31:39+00:00","breadcrumb":{"@id":"https:\/\/auren.com\/co\/blog\/la-dian-informa-que-a-la-fecha-no-hay-proveedores-autorizados-de-facturas-electronicas\/#breadcrumb"},"inLanguage":"es","potentialAction":[{"@type":"ReadAction","target":["https:\/\/auren.com\/co\/blog\/la-dian-informa-que-a-la-fecha-no-hay-proveedores-autorizados-de-facturas-electronicas\/"]}]},{"@type":"ImageObject","inLanguage":"es","@id":"https:\/\/auren.com\/co\/blog\/la-dian-informa-que-a-la-fecha-no-hay-proveedores-autorizados-de-facturas-electronicas\/#primaryimage","url":"https:\/\/auren.com\/co\/wp-content\/uploads\/2016\/09\/factura-electronica-1.jpg","contentUrl":"https:\/\/auren.com\/co\/wp-content\/uploads\/2016\/09\/factura-electronica-1.jpg","width":1000,"height":502},{"@type":"BreadcrumbList","@id":"https:\/\/auren.com\/co\/blog\/la-dian-informa-que-a-la-fecha-no-hay-proveedores-autorizados-de-facturas-electronicas\/#breadcrumb","itemListElement":[{"@type":"ListItem","position":1,"name":"Portada","item":"https:\/\/auren.com\/co\/"},{"@type":"ListItem","position":2,"name":"La DIAN informa que a la fecha no hay proveedores autorizados de facturas electr\u00f3nicas."}]},{"@type":"WebSite","@id":"https:\/\/auren.com\/co\/#website","url":"https:\/\/auren.com\/co\/","name":"Auren Colombia","description":"","publisher":{"@id":"https:\/\/auren.com\/co\/#organization"},"potentialAction":[{"@type":"SearchAction","target":{"@type":"EntryPoint","urlTemplate":"https:\/\/auren.com\/co\/?s={search_term_string}"},"query-input":{"@type":"PropertyValueSpecification","valueRequired":true,"valueName":"search_term_string"}}],"inLanguage":"es"},{"@type":"Organization","@id":"https:\/\/auren.com\/co\/#organization","name":"Auren Colombia","url":"https:\/\/auren.com\/co\/","logo":{"@type":"ImageObject","inLanguage":"es","@id":"https:\/\/auren.com\/co\/#\/schema\/logo\/image\/","url":"https:\/\/auren.com\/co\/wp-content\/uploads\/2025\/01\/cropped-cropped-favicon-Auren.png","contentUrl":"https:\/\/auren.com\/co\/wp-content\/uploads\/2025\/01\/cropped-cropped-favicon-Auren.png","width":512,"height":512,"caption":"Auren Colombia"},"image":{"@id":"https:\/\/auren.com\/co\/#\/schema\/logo\/image\/"},"sameAs":["https:\/\/x.com\/AurenColombia","https:\/\/www.instagram.com\/aurencolombia\/","https:\/\/www.youtube.com\/channel\/UCRYoGRMR_k4oVWesdErApmA","https:\/\/www.linkedin.com\/company\/auren-colombia"]}]}},"_links":{"self":[{"href":"https:\/\/auren.com\/co\/wp-json\/wp\/v2\/blog\/11748","targetHints":{"allow":["GET"]}}],"collection":[{"href":"https:\/\/auren.com\/co\/wp-json\/wp\/v2\/blog"}],"about":[{"href":"https:\/\/auren.com\/co\/wp-json\/wp\/v2\/types\/blog"}],"version-history":[{"count":0,"href":"https:\/\/auren.com\/co\/wp-json\/wp\/v2\/blog\/11748\/revisions"}],"wp:featuredmedia":[{"embeddable":true,"href":"https:\/\/auren.com\/co\/wp-json\/wp\/v2\/media\/11749"}],"wp:attachment":[{"href":"https:\/\/auren.com\/co\/wp-json\/wp\/v2\/media?parent=11748"}],"wp:term":[{"taxonomy":"blog-category","embeddable":true,"href":"https:\/\/auren.com\/co\/wp-json\/wp\/v2\/blog-category?post=11748"}],"curies":[{"name":"wp","href":"https:\/\/api.w.org\/{rel}","templated":true}]}}