{"id":16590,"date":"2025-08-19T23:55:23","date_gmt":"2025-08-19T21:55:23","guid":{"rendered":"https:\/\/auren.com\/co\/?post_type=blog&#038;p=16590"},"modified":"2025-08-20T19:55:35","modified_gmt":"2025-08-20T17:55:35","slug":"proporcionalidad-en-sanciones-ambientales-un-reto-urgente","status":"publish","type":"blog","link":"https:\/\/auren.com\/co\/blog\/proporcionalidad-en-sanciones-ambientales-un-reto-urgente\/","title":{"rendered":"Proporcionalidad en sanciones ambientales: un reto urgente"},"content":{"rendered":"\n<p>En Colombia, la discusi\u00f3n sobre la proporcionalidad en las sanciones ambientales gana relevancia ante la necesidad de equilibrar la protecci\u00f3n de los ecosistemas con el respeto a los derechos fundamentales. Diversos expertos advierten que la aplicaci\u00f3n estricta de la norma, sin un diagn\u00f3stico previo del contexto socioecon\u00f3mico, puede derivar en decisiones injustas y contraproducentes.<\/p>\n\n\n\n<p>En territorios donde persisten carencias estructurales \u2014falta de agua potable, energ\u00eda o transporte\u2014 exigir el cumplimiento ambiental sin ofrecer condiciones m\u00ednimas para alcanzarlo convierte la norma en una carga inalcanzable. Esto no solo vulnera derechos de personas en situaci\u00f3n de pobreza extrema o de comunidades rurales y \u00e9tnicas, sino que tambi\u00e9n erosiona la legitimidad de la funci\u00f3n ambiental del Estado.<\/p>\n\n\n\n<p>El ordenamiento jur\u00eddico ya contempla alternativas como la restauraci\u00f3n ecol\u00f3gica o el trabajo comunitario, herramientas que pueden ser igual o m\u00e1s eficaces que una multa, siempre que se apliquen con criterios diferenciales. Sin embargo, la voluntad institucional para usarlas de forma proporcional sigue siendo limitada.<\/p>\n\n\n\n<p>Avanzar hacia un modelo de cumplimiento ambiental leg\u00edtimo implica integrar an\u00e1lisis sociojur\u00eddicos, fortalecer capacidades t\u00e9cnicas y, sobre todo, aplicar la ley con inteligencia jur\u00eddica y enfoque humano. Proteger el medioambiente no puede significar excluir o castigar a quienes menos tienen; la sostenibilidad se alcanza cuando la norma se cumple como responsabilidad compartida, no como carga imposible.<\/p>\n","protected":false},"excerpt":{"rendered":"<p>En Colombia, la discusi\u00f3n sobre la proporcionalidad en las sanciones ambientales gana relevancia ante la necesidad de equilibrar la protecci\u00f3n de los ecosistemas con el respeto a los derechos fundamentales. Diversos expertos advierten que la aplicaci\u00f3n estricta de la norma, sin un diagn\u00f3stico previo del contexto socioecon\u00f3mico, puede derivar en decisiones injustas y contraproducentes. En [&hellip;]<\/p>\n","protected":false},"featured_media":16591,"template":"","meta":{"_acf_changed":true,"footnotes":""},"blog-category":[],"class_list":["post-16590","blog","type-blog","status-publish","has-post-thumbnail","hentry"],"acf":[],"yoast_head":"<!-- This site is optimized with the Yoast SEO plugin v27.5 - https:\/\/yoast.com\/product\/yoast-seo-wordpress\/ -->\n<title>Proporcionalidad en sanciones ambientales: un reto urgente<\/title>\n<meta name=\"description\" content=\"En Colombia, la discusi\u00f3n sobre la proporcionalidad en las sanciones ambientales gana relevancia ante la necesidad de equilibrar\" \/>\n<meta name=\"robots\" content=\"index, follow, max-snippet:-1, max-image-preview:large, max-video-preview:-1\" \/>\n<link rel=\"canonical\" href=\"https:\/\/auren.com\/co\/blog\/proporcionalidad-en-sanciones-ambientales-un-reto-urgente\/\" \/>\n<meta property=\"og:locale\" content=\"es_ES\" \/>\n<meta property=\"og:type\" content=\"article\" \/>\n<meta property=\"og:title\" content=\"Proporcionalidad en sanciones ambientales: un reto urgente\" \/>\n<meta property=\"og:description\" content=\"En Colombia, la discusi\u00f3n sobre la proporcionalidad en las sanciones ambientales gana relevancia ante la necesidad de equilibrar\" \/>\n<meta property=\"og:url\" content=\"https:\/\/auren.com\/co\/blog\/proporcionalidad-en-sanciones-ambientales-un-reto-urgente\/\" \/>\n<meta property=\"og:site_name\" content=\"Auren Colombia\" \/>\n<meta property=\"article:modified_time\" content=\"2025-08-20T17:55:35+00:00\" \/>\n<meta property=\"og:image\" content=\"https:\/\/auren.com\/co\/wp-content\/uploads\/2025\/08\/Sanciones-ambientales.jpg\" \/>\n\t<meta property=\"og:image:width\" content=\"1536\" \/>\n\t<meta property=\"og:image:height\" content=\"1024\" \/>\n\t<meta property=\"og:image:type\" content=\"image\/jpeg\" \/>\n<meta name=\"twitter:card\" content=\"summary_large_image\" \/>\n<meta name=\"twitter:site\" content=\"@AurenColombia\" \/>\n<meta name=\"twitter:label1\" content=\"Tiempo de lectura\" \/>\n\t<meta name=\"twitter:data1\" content=\"2 minutos\" \/>\n<script type=\"application\/ld+json\" class=\"yoast-schema-graph\">{\"@context\":\"https:\\\/\\\/schema.org\",\"@graph\":[{\"@type\":\"WebPage\",\"@id\":\"https:\\\/\\\/auren.com\\\/co\\\/blog\\\/proporcionalidad-en-sanciones-ambientales-un-reto-urgente\\\/\",\"url\":\"https:\\\/\\\/auren.com\\\/co\\\/blog\\\/proporcionalidad-en-sanciones-ambientales-un-reto-urgente\\\/\",\"name\":\"Proporcionalidad en sanciones ambientales: un reto urgente\",\"isPartOf\":{\"@id\":\"https:\\\/\\\/auren.com\\\/co\\\/#website\"},\"primaryImageOfPage\":{\"@id\":\"https:\\\/\\\/auren.com\\\/co\\\/blog\\\/proporcionalidad-en-sanciones-ambientales-un-reto-urgente\\\/#primaryimage\"},\"image\":{\"@id\":\"https:\\\/\\\/auren.com\\\/co\\\/blog\\\/proporcionalidad-en-sanciones-ambientales-un-reto-urgente\\\/#primaryimage\"},\"thumbnailUrl\":\"https:\\\/\\\/auren.com\\\/co\\\/wp-content\\\/uploads\\\/2025\\\/08\\\/Sanciones-ambientales.jpg\",\"datePublished\":\"2025-08-19T21:55:23+00:00\",\"dateModified\":\"2025-08-20T17:55:35+00:00\",\"description\":\"En Colombia, la discusi\u00f3n sobre la proporcionalidad en las sanciones ambientales gana relevancia ante la necesidad de equilibrar\",\"breadcrumb\":{\"@id\":\"https:\\\/\\\/auren.com\\\/co\\\/blog\\\/proporcionalidad-en-sanciones-ambientales-un-reto-urgente\\\/#breadcrumb\"},\"inLanguage\":\"es\",\"potentialAction\":[{\"@type\":\"ReadAction\",\"target\":[\"https:\\\/\\\/auren.com\\\/co\\\/blog\\\/proporcionalidad-en-sanciones-ambientales-un-reto-urgente\\\/\"]}]},{\"@type\":\"ImageObject\",\"inLanguage\":\"es\",\"@id\":\"https:\\\/\\\/auren.com\\\/co\\\/blog\\\/proporcionalidad-en-sanciones-ambientales-un-reto-urgente\\\/#primaryimage\",\"url\":\"https:\\\/\\\/auren.com\\\/co\\\/wp-content\\\/uploads\\\/2025\\\/08\\\/Sanciones-ambientales.jpg\",\"contentUrl\":\"https:\\\/\\\/auren.com\\\/co\\\/wp-content\\\/uploads\\\/2025\\\/08\\\/Sanciones-ambientales.jpg\",\"width\":1536,\"height\":1024,\"caption\":\"Proporcionalidad en sanciones ambientales: un reto urgente\"},{\"@type\":\"BreadcrumbList\",\"@id\":\"https:\\\/\\\/auren.com\\\/co\\\/blog\\\/proporcionalidad-en-sanciones-ambientales-un-reto-urgente\\\/#breadcrumb\",\"itemListElement\":[{\"@type\":\"ListItem\",\"position\":1,\"name\":\"Portada\",\"item\":\"https:\\\/\\\/auren.com\\\/co\\\/\"},{\"@type\":\"ListItem\",\"position\":2,\"name\":\"Proporcionalidad en sanciones ambientales: un reto urgente\"}]},{\"@type\":\"WebSite\",\"@id\":\"https:\\\/\\\/auren.com\\\/co\\\/#website\",\"url\":\"https:\\\/\\\/auren.com\\\/co\\\/\",\"name\":\"Auren Colombia\",\"description\":\"\",\"publisher\":{\"@id\":\"https:\\\/\\\/auren.com\\\/co\\\/#organization\"},\"potentialAction\":[{\"@type\":\"SearchAction\",\"target\":{\"@type\":\"EntryPoint\",\"urlTemplate\":\"https:\\\/\\\/auren.com\\\/co\\\/?s={search_term_string}\"},\"query-input\":{\"@type\":\"PropertyValueSpecification\",\"valueRequired\":true,\"valueName\":\"search_term_string\"}}],\"inLanguage\":\"es\"},{\"@type\":\"Organization\",\"@id\":\"https:\\\/\\\/auren.com\\\/co\\\/#organization\",\"name\":\"Auren Colombia\",\"url\":\"https:\\\/\\\/auren.com\\\/co\\\/\",\"logo\":{\"@type\":\"ImageObject\",\"inLanguage\":\"es\",\"@id\":\"https:\\\/\\\/auren.com\\\/co\\\/#\\\/schema\\\/logo\\\/image\\\/\",\"url\":\"https:\\\/\\\/auren.com\\\/co\\\/wp-content\\\/uploads\\\/2025\\\/01\\\/cropped-cropped-favicon-Auren.png\",\"contentUrl\":\"https:\\\/\\\/auren.com\\\/co\\\/wp-content\\\/uploads\\\/2025\\\/01\\\/cropped-cropped-favicon-Auren.png\",\"width\":512,\"height\":512,\"caption\":\"Auren Colombia\"},\"image\":{\"@id\":\"https:\\\/\\\/auren.com\\\/co\\\/#\\\/schema\\\/logo\\\/image\\\/\"},\"sameAs\":[\"https:\\\/\\\/x.com\\\/AurenColombia\",\"https:\\\/\\\/www.instagram.com\\\/aurencolombia\\\/\",\"https:\\\/\\\/www.youtube.com\\\/channel\\\/UCRYoGRMR_k4oVWesdErApmA\",\"https:\\\/\\\/www.linkedin.com\\\/company\\\/auren-colombia\"]}]}<\/script>\n<!-- \/ Yoast SEO plugin. -->","yoast_head_json":{"title":"Proporcionalidad en sanciones ambientales: un reto urgente","description":"En Colombia, la discusi\u00f3n sobre la proporcionalidad en las sanciones ambientales gana relevancia ante la necesidad de equilibrar","robots":{"index":"index","follow":"follow","max-snippet":"max-snippet:-1","max-image-preview":"max-image-preview:large","max-video-preview":"max-video-preview:-1"},"canonical":"https:\/\/auren.com\/co\/blog\/proporcionalidad-en-sanciones-ambientales-un-reto-urgente\/","og_locale":"es_ES","og_type":"article","og_title":"Proporcionalidad en sanciones ambientales: un reto urgente","og_description":"En Colombia, la discusi\u00f3n sobre la proporcionalidad en las sanciones ambientales gana relevancia ante la necesidad de equilibrar","og_url":"https:\/\/auren.com\/co\/blog\/proporcionalidad-en-sanciones-ambientales-un-reto-urgente\/","og_site_name":"Auren Colombia","article_modified_time":"2025-08-20T17:55:35+00:00","og_image":[{"width":1536,"height":1024,"url":"https:\/\/auren.com\/co\/wp-content\/uploads\/2025\/08\/Sanciones-ambientales.jpg","type":"image\/jpeg"}],"twitter_card":"summary_large_image","twitter_site":"@AurenColombia","twitter_misc":{"Tiempo de lectura":"2 minutos"},"schema":{"@context":"https:\/\/schema.org","@graph":[{"@type":"WebPage","@id":"https:\/\/auren.com\/co\/blog\/proporcionalidad-en-sanciones-ambientales-un-reto-urgente\/","url":"https:\/\/auren.com\/co\/blog\/proporcionalidad-en-sanciones-ambientales-un-reto-urgente\/","name":"Proporcionalidad en sanciones ambientales: un reto urgente","isPartOf":{"@id":"https:\/\/auren.com\/co\/#website"},"primaryImageOfPage":{"@id":"https:\/\/auren.com\/co\/blog\/proporcionalidad-en-sanciones-ambientales-un-reto-urgente\/#primaryimage"},"image":{"@id":"https:\/\/auren.com\/co\/blog\/proporcionalidad-en-sanciones-ambientales-un-reto-urgente\/#primaryimage"},"thumbnailUrl":"https:\/\/auren.com\/co\/wp-content\/uploads\/2025\/08\/Sanciones-ambientales.jpg","datePublished":"2025-08-19T21:55:23+00:00","dateModified":"2025-08-20T17:55:35+00:00","description":"En Colombia, la discusi\u00f3n sobre la proporcionalidad en las sanciones ambientales gana relevancia ante la necesidad de equilibrar","breadcrumb":{"@id":"https:\/\/auren.com\/co\/blog\/proporcionalidad-en-sanciones-ambientales-un-reto-urgente\/#breadcrumb"},"inLanguage":"es","potentialAction":[{"@type":"ReadAction","target":["https:\/\/auren.com\/co\/blog\/proporcionalidad-en-sanciones-ambientales-un-reto-urgente\/"]}]},{"@type":"ImageObject","inLanguage":"es","@id":"https:\/\/auren.com\/co\/blog\/proporcionalidad-en-sanciones-ambientales-un-reto-urgente\/#primaryimage","url":"https:\/\/auren.com\/co\/wp-content\/uploads\/2025\/08\/Sanciones-ambientales.jpg","contentUrl":"https:\/\/auren.com\/co\/wp-content\/uploads\/2025\/08\/Sanciones-ambientales.jpg","width":1536,"height":1024,"caption":"Proporcionalidad en sanciones ambientales: un reto urgente"},{"@type":"BreadcrumbList","@id":"https:\/\/auren.com\/co\/blog\/proporcionalidad-en-sanciones-ambientales-un-reto-urgente\/#breadcrumb","itemListElement":[{"@type":"ListItem","position":1,"name":"Portada","item":"https:\/\/auren.com\/co\/"},{"@type":"ListItem","position":2,"name":"Proporcionalidad en sanciones ambientales: un reto urgente"}]},{"@type":"WebSite","@id":"https:\/\/auren.com\/co\/#website","url":"https:\/\/auren.com\/co\/","name":"Auren Colombia","description":"","publisher":{"@id":"https:\/\/auren.com\/co\/#organization"},"potentialAction":[{"@type":"SearchAction","target":{"@type":"EntryPoint","urlTemplate":"https:\/\/auren.com\/co\/?s={search_term_string}"},"query-input":{"@type":"PropertyValueSpecification","valueRequired":true,"valueName":"search_term_string"}}],"inLanguage":"es"},{"@type":"Organization","@id":"https:\/\/auren.com\/co\/#organization","name":"Auren Colombia","url":"https:\/\/auren.com\/co\/","logo":{"@type":"ImageObject","inLanguage":"es","@id":"https:\/\/auren.com\/co\/#\/schema\/logo\/image\/","url":"https:\/\/auren.com\/co\/wp-content\/uploads\/2025\/01\/cropped-cropped-favicon-Auren.png","contentUrl":"https:\/\/auren.com\/co\/wp-content\/uploads\/2025\/01\/cropped-cropped-favicon-Auren.png","width":512,"height":512,"caption":"Auren Colombia"},"image":{"@id":"https:\/\/auren.com\/co\/#\/schema\/logo\/image\/"},"sameAs":["https:\/\/x.com\/AurenColombia","https:\/\/www.instagram.com\/aurencolombia\/","https:\/\/www.youtube.com\/channel\/UCRYoGRMR_k4oVWesdErApmA","https:\/\/www.linkedin.com\/company\/auren-colombia"]}]}},"_links":{"self":[{"href":"https:\/\/auren.com\/co\/wp-json\/wp\/v2\/blog\/16590","targetHints":{"allow":["GET"]}}],"collection":[{"href":"https:\/\/auren.com\/co\/wp-json\/wp\/v2\/blog"}],"about":[{"href":"https:\/\/auren.com\/co\/wp-json\/wp\/v2\/types\/blog"}],"version-history":[{"count":0,"href":"https:\/\/auren.com\/co\/wp-json\/wp\/v2\/blog\/16590\/revisions"}],"wp:featuredmedia":[{"embeddable":true,"href":"https:\/\/auren.com\/co\/wp-json\/wp\/v2\/media\/16591"}],"wp:attachment":[{"href":"https:\/\/auren.com\/co\/wp-json\/wp\/v2\/media?parent=16590"}],"wp:term":[{"taxonomy":"blog-category","embeddable":true,"href":"https:\/\/auren.com\/co\/wp-json\/wp\/v2\/blog-category?post=16590"}],"curies":[{"name":"wp","href":"https:\/\/api.w.org\/{rel}","templated":true}]}}