{"id":16594,"date":"2025-08-20T00:02:35","date_gmt":"2025-08-19T22:02:35","guid":{"rendered":"https:\/\/auren.com\/co\/?post_type=blog&#038;p=16594"},"modified":"2025-08-20T00:02:40","modified_gmt":"2025-08-19T22:02:40","slug":"colombia-enfrenta-presion-fiscal-y-recurre-a-recompra-de-deuda-externa","status":"publish","type":"blog","link":"https:\/\/auren.com\/co\/blog\/colombia-enfrenta-presion-fiscal-y-recurre-a-recompra-de-deuda-externa\/","title":{"rendered":"Colombia enfrenta presi\u00f3n fiscal y recurre a recompra de deuda externa"},"content":{"rendered":"\n<p>El Gobierno colombiano inici\u00f3 este mes una oferta de recompra de deuda externa dirigida a bonos globales con vencimientos entre 2030 y 2061, con precios que oscilan entre 56,75 y 88,625 centavos por d\u00f3lar. El objetivo es aliviar el peso de la deuda p\u00fablica y extender los plazos de pago, en un a\u00f1o marcado por un d\u00e9ficit fiscal proyectado de 7,1 % del PIB, uno de los m\u00e1s altos de Am\u00e9rica Latina, seg\u00fan la Asociaci\u00f3n Nacional de Instituciones Financieras (ANIF).<\/p>\n\n\n\n<p><strong>Reforma tributaria para fortalecer las finanzas p\u00fablicas<\/strong><\/p>\n\n\n\n<p>El Ministerio de Hacienda anunci\u00f3 que trabaja en una reforma tributaria que buscar\u00e1 recaudar 26 billones de pesos (aprox. 6.296 millones de d\u00f3lares), por encima de los 19 billones inicialmente previstos. Este incremento busca financiar proyectos de infraestructura, programas sociales y estabilizar el marco fiscal.<\/p>\n\n\n\n<p><strong>Impacto en el entorno empresarial<\/strong><\/p>\n\n\n\n<p>Analistas advierten que, si bien la recompra de deuda podr\u00eda mejorar la percepci\u00f3n de riesgo pa\u00eds, la alta inflaci\u00f3n, las tasas internacionales elevadas y el crecimiento moderado (2,6 % estimado para 2025) presionan el acceso a financiamiento. Las empresas podr\u00edan enfrentar mayores cargas tributarias y costos financieros m\u00e1s altos, lo que hace indispensable anticipar ajustes y fortalecer la planeaci\u00f3n estrat\u00e9gica.<\/p>\n\n\n\n<p>Fuente: Ministerio de Hacienda, ANIF, Reuters. <\/p>\n","protected":false},"excerpt":{"rendered":"<p>El Gobierno colombiano inici\u00f3 este mes una oferta de recompra de deuda externa dirigida a bonos globales con vencimientos entre 2030 y 2061, con precios que oscilan entre 56,75 y 88,625 centavos por d\u00f3lar. El objetivo es aliviar el peso de la deuda p\u00fablica y extender los plazos de pago, en un a\u00f1o marcado por [&hellip;]<\/p>\n","protected":false},"featured_media":16595,"template":"","meta":{"_acf_changed":true,"footnotes":""},"blog-category":[],"class_list":["post-16594","blog","type-blog","status-publish","has-post-thumbnail","hentry"],"acf":[],"yoast_head":"<!-- This site is optimized with the Yoast SEO plugin v27.5 - https:\/\/yoast.com\/product\/yoast-seo-wordpress\/ -->\n<title>Colombia enfrenta presi\u00f3n fiscal y recurre a recompra de deuda externa<\/title>\n<meta name=\"description\" content=\"El Gobierno colombiano inici\u00f3 este mes una oferta de recompra de deuda externa dirigida a bonos globales con vencimientos entre 2030 y 2061\" \/>\n<meta name=\"robots\" content=\"index, follow, max-snippet:-1, max-image-preview:large, max-video-preview:-1\" \/>\n<link rel=\"canonical\" href=\"https:\/\/auren.com\/co\/blog\/colombia-enfrenta-presion-fiscal-y-recurre-a-recompra-de-deuda-externa\/\" \/>\n<meta property=\"og:locale\" content=\"es_ES\" \/>\n<meta property=\"og:type\" content=\"article\" \/>\n<meta property=\"og:title\" content=\"Colombia enfrenta presi\u00f3n fiscal y recurre a recompra de deuda externa\" \/>\n<meta property=\"og:description\" content=\"El Gobierno colombiano inici\u00f3 este mes una oferta de recompra de deuda externa dirigida a bonos globales con vencimientos entre 2030 y 2061\" \/>\n<meta property=\"og:url\" content=\"https:\/\/auren.com\/co\/blog\/colombia-enfrenta-presion-fiscal-y-recurre-a-recompra-de-deuda-externa\/\" \/>\n<meta property=\"og:site_name\" content=\"Auren Colombia\" \/>\n<meta property=\"article:modified_time\" content=\"2025-08-19T22:02:40+00:00\" \/>\n<meta property=\"og:image\" content=\"https:\/\/auren.com\/co\/wp-content\/uploads\/2025\/08\/Deuda-externa.jpg\" \/>\n\t<meta property=\"og:image:width\" content=\"1536\" \/>\n\t<meta property=\"og:image:height\" content=\"1024\" \/>\n\t<meta property=\"og:image:type\" content=\"image\/jpeg\" \/>\n<meta name=\"twitter:card\" content=\"summary_large_image\" \/>\n<meta name=\"twitter:site\" content=\"@AurenColombia\" \/>\n<meta name=\"twitter:label1\" content=\"Tiempo de lectura\" \/>\n\t<meta name=\"twitter:data1\" content=\"2 minutos\" \/>\n<script type=\"application\/ld+json\" class=\"yoast-schema-graph\">{\"@context\":\"https:\\\/\\\/schema.org\",\"@graph\":[{\"@type\":\"WebPage\",\"@id\":\"https:\\\/\\\/auren.com\\\/co\\\/blog\\\/colombia-enfrenta-presion-fiscal-y-recurre-a-recompra-de-deuda-externa\\\/\",\"url\":\"https:\\\/\\\/auren.com\\\/co\\\/blog\\\/colombia-enfrenta-presion-fiscal-y-recurre-a-recompra-de-deuda-externa\\\/\",\"name\":\"Colombia enfrenta presi\u00f3n fiscal y recurre a recompra de deuda externa\",\"isPartOf\":{\"@id\":\"https:\\\/\\\/auren.com\\\/co\\\/#website\"},\"primaryImageOfPage\":{\"@id\":\"https:\\\/\\\/auren.com\\\/co\\\/blog\\\/colombia-enfrenta-presion-fiscal-y-recurre-a-recompra-de-deuda-externa\\\/#primaryimage\"},\"image\":{\"@id\":\"https:\\\/\\\/auren.com\\\/co\\\/blog\\\/colombia-enfrenta-presion-fiscal-y-recurre-a-recompra-de-deuda-externa\\\/#primaryimage\"},\"thumbnailUrl\":\"https:\\\/\\\/auren.com\\\/co\\\/wp-content\\\/uploads\\\/2025\\\/08\\\/Deuda-externa.jpg\",\"datePublished\":\"2025-08-19T22:02:35+00:00\",\"dateModified\":\"2025-08-19T22:02:40+00:00\",\"description\":\"El Gobierno colombiano inici\u00f3 este mes una oferta de recompra de deuda externa dirigida a bonos globales con vencimientos entre 2030 y 2061\",\"breadcrumb\":{\"@id\":\"https:\\\/\\\/auren.com\\\/co\\\/blog\\\/colombia-enfrenta-presion-fiscal-y-recurre-a-recompra-de-deuda-externa\\\/#breadcrumb\"},\"inLanguage\":\"es\",\"potentialAction\":[{\"@type\":\"ReadAction\",\"target\":[\"https:\\\/\\\/auren.com\\\/co\\\/blog\\\/colombia-enfrenta-presion-fiscal-y-recurre-a-recompra-de-deuda-externa\\\/\"]}]},{\"@type\":\"ImageObject\",\"inLanguage\":\"es\",\"@id\":\"https:\\\/\\\/auren.com\\\/co\\\/blog\\\/colombia-enfrenta-presion-fiscal-y-recurre-a-recompra-de-deuda-externa\\\/#primaryimage\",\"url\":\"https:\\\/\\\/auren.com\\\/co\\\/wp-content\\\/uploads\\\/2025\\\/08\\\/Deuda-externa.jpg\",\"contentUrl\":\"https:\\\/\\\/auren.com\\\/co\\\/wp-content\\\/uploads\\\/2025\\\/08\\\/Deuda-externa.jpg\",\"width\":1536,\"height\":1024,\"caption\":\"Colombia enfrenta presi\u00f3n fiscal y recurre a recompra de deuda externa\"},{\"@type\":\"BreadcrumbList\",\"@id\":\"https:\\\/\\\/auren.com\\\/co\\\/blog\\\/colombia-enfrenta-presion-fiscal-y-recurre-a-recompra-de-deuda-externa\\\/#breadcrumb\",\"itemListElement\":[{\"@type\":\"ListItem\",\"position\":1,\"name\":\"Portada\",\"item\":\"https:\\\/\\\/auren.com\\\/co\\\/\"},{\"@type\":\"ListItem\",\"position\":2,\"name\":\"Colombia enfrenta presi\u00f3n fiscal y recurre a recompra de deuda externa\"}]},{\"@type\":\"WebSite\",\"@id\":\"https:\\\/\\\/auren.com\\\/co\\\/#website\",\"url\":\"https:\\\/\\\/auren.com\\\/co\\\/\",\"name\":\"Auren Colombia\",\"description\":\"\",\"publisher\":{\"@id\":\"https:\\\/\\\/auren.com\\\/co\\\/#organization\"},\"potentialAction\":[{\"@type\":\"SearchAction\",\"target\":{\"@type\":\"EntryPoint\",\"urlTemplate\":\"https:\\\/\\\/auren.com\\\/co\\\/?s={search_term_string}\"},\"query-input\":{\"@type\":\"PropertyValueSpecification\",\"valueRequired\":true,\"valueName\":\"search_term_string\"}}],\"inLanguage\":\"es\"},{\"@type\":\"Organization\",\"@id\":\"https:\\\/\\\/auren.com\\\/co\\\/#organization\",\"name\":\"Auren Colombia\",\"url\":\"https:\\\/\\\/auren.com\\\/co\\\/\",\"logo\":{\"@type\":\"ImageObject\",\"inLanguage\":\"es\",\"@id\":\"https:\\\/\\\/auren.com\\\/co\\\/#\\\/schema\\\/logo\\\/image\\\/\",\"url\":\"https:\\\/\\\/auren.com\\\/co\\\/wp-content\\\/uploads\\\/2025\\\/01\\\/cropped-cropped-favicon-Auren.png\",\"contentUrl\":\"https:\\\/\\\/auren.com\\\/co\\\/wp-content\\\/uploads\\\/2025\\\/01\\\/cropped-cropped-favicon-Auren.png\",\"width\":512,\"height\":512,\"caption\":\"Auren Colombia\"},\"image\":{\"@id\":\"https:\\\/\\\/auren.com\\\/co\\\/#\\\/schema\\\/logo\\\/image\\\/\"},\"sameAs\":[\"https:\\\/\\\/x.com\\\/AurenColombia\",\"https:\\\/\\\/www.instagram.com\\\/aurencolombia\\\/\",\"https:\\\/\\\/www.youtube.com\\\/channel\\\/UCRYoGRMR_k4oVWesdErApmA\",\"https:\\\/\\\/www.linkedin.com\\\/company\\\/auren-colombia\"]}]}<\/script>\n<!-- \/ Yoast SEO plugin. -->","yoast_head_json":{"title":"Colombia enfrenta presi\u00f3n fiscal y recurre a recompra de deuda externa","description":"El Gobierno colombiano inici\u00f3 este mes una oferta de recompra de deuda externa dirigida a bonos globales con vencimientos entre 2030 y 2061","robots":{"index":"index","follow":"follow","max-snippet":"max-snippet:-1","max-image-preview":"max-image-preview:large","max-video-preview":"max-video-preview:-1"},"canonical":"https:\/\/auren.com\/co\/blog\/colombia-enfrenta-presion-fiscal-y-recurre-a-recompra-de-deuda-externa\/","og_locale":"es_ES","og_type":"article","og_title":"Colombia enfrenta presi\u00f3n fiscal y recurre a recompra de deuda externa","og_description":"El Gobierno colombiano inici\u00f3 este mes una oferta de recompra de deuda externa dirigida a bonos globales con vencimientos entre 2030 y 2061","og_url":"https:\/\/auren.com\/co\/blog\/colombia-enfrenta-presion-fiscal-y-recurre-a-recompra-de-deuda-externa\/","og_site_name":"Auren Colombia","article_modified_time":"2025-08-19T22:02:40+00:00","og_image":[{"width":1536,"height":1024,"url":"https:\/\/auren.com\/co\/wp-content\/uploads\/2025\/08\/Deuda-externa.jpg","type":"image\/jpeg"}],"twitter_card":"summary_large_image","twitter_site":"@AurenColombia","twitter_misc":{"Tiempo de lectura":"2 minutos"},"schema":{"@context":"https:\/\/schema.org","@graph":[{"@type":"WebPage","@id":"https:\/\/auren.com\/co\/blog\/colombia-enfrenta-presion-fiscal-y-recurre-a-recompra-de-deuda-externa\/","url":"https:\/\/auren.com\/co\/blog\/colombia-enfrenta-presion-fiscal-y-recurre-a-recompra-de-deuda-externa\/","name":"Colombia enfrenta presi\u00f3n fiscal y recurre a recompra de deuda externa","isPartOf":{"@id":"https:\/\/auren.com\/co\/#website"},"primaryImageOfPage":{"@id":"https:\/\/auren.com\/co\/blog\/colombia-enfrenta-presion-fiscal-y-recurre-a-recompra-de-deuda-externa\/#primaryimage"},"image":{"@id":"https:\/\/auren.com\/co\/blog\/colombia-enfrenta-presion-fiscal-y-recurre-a-recompra-de-deuda-externa\/#primaryimage"},"thumbnailUrl":"https:\/\/auren.com\/co\/wp-content\/uploads\/2025\/08\/Deuda-externa.jpg","datePublished":"2025-08-19T22:02:35+00:00","dateModified":"2025-08-19T22:02:40+00:00","description":"El Gobierno colombiano inici\u00f3 este mes una oferta de recompra de deuda externa dirigida a bonos globales con vencimientos entre 2030 y 2061","breadcrumb":{"@id":"https:\/\/auren.com\/co\/blog\/colombia-enfrenta-presion-fiscal-y-recurre-a-recompra-de-deuda-externa\/#breadcrumb"},"inLanguage":"es","potentialAction":[{"@type":"ReadAction","target":["https:\/\/auren.com\/co\/blog\/colombia-enfrenta-presion-fiscal-y-recurre-a-recompra-de-deuda-externa\/"]}]},{"@type":"ImageObject","inLanguage":"es","@id":"https:\/\/auren.com\/co\/blog\/colombia-enfrenta-presion-fiscal-y-recurre-a-recompra-de-deuda-externa\/#primaryimage","url":"https:\/\/auren.com\/co\/wp-content\/uploads\/2025\/08\/Deuda-externa.jpg","contentUrl":"https:\/\/auren.com\/co\/wp-content\/uploads\/2025\/08\/Deuda-externa.jpg","width":1536,"height":1024,"caption":"Colombia enfrenta presi\u00f3n fiscal y recurre a recompra de deuda externa"},{"@type":"BreadcrumbList","@id":"https:\/\/auren.com\/co\/blog\/colombia-enfrenta-presion-fiscal-y-recurre-a-recompra-de-deuda-externa\/#breadcrumb","itemListElement":[{"@type":"ListItem","position":1,"name":"Portada","item":"https:\/\/auren.com\/co\/"},{"@type":"ListItem","position":2,"name":"Colombia enfrenta presi\u00f3n fiscal y recurre a recompra de deuda externa"}]},{"@type":"WebSite","@id":"https:\/\/auren.com\/co\/#website","url":"https:\/\/auren.com\/co\/","name":"Auren Colombia","description":"","publisher":{"@id":"https:\/\/auren.com\/co\/#organization"},"potentialAction":[{"@type":"SearchAction","target":{"@type":"EntryPoint","urlTemplate":"https:\/\/auren.com\/co\/?s={search_term_string}"},"query-input":{"@type":"PropertyValueSpecification","valueRequired":true,"valueName":"search_term_string"}}],"inLanguage":"es"},{"@type":"Organization","@id":"https:\/\/auren.com\/co\/#organization","name":"Auren Colombia","url":"https:\/\/auren.com\/co\/","logo":{"@type":"ImageObject","inLanguage":"es","@id":"https:\/\/auren.com\/co\/#\/schema\/logo\/image\/","url":"https:\/\/auren.com\/co\/wp-content\/uploads\/2025\/01\/cropped-cropped-favicon-Auren.png","contentUrl":"https:\/\/auren.com\/co\/wp-content\/uploads\/2025\/01\/cropped-cropped-favicon-Auren.png","width":512,"height":512,"caption":"Auren Colombia"},"image":{"@id":"https:\/\/auren.com\/co\/#\/schema\/logo\/image\/"},"sameAs":["https:\/\/x.com\/AurenColombia","https:\/\/www.instagram.com\/aurencolombia\/","https:\/\/www.youtube.com\/channel\/UCRYoGRMR_k4oVWesdErApmA","https:\/\/www.linkedin.com\/company\/auren-colombia"]}]}},"_links":{"self":[{"href":"https:\/\/auren.com\/co\/wp-json\/wp\/v2\/blog\/16594","targetHints":{"allow":["GET"]}}],"collection":[{"href":"https:\/\/auren.com\/co\/wp-json\/wp\/v2\/blog"}],"about":[{"href":"https:\/\/auren.com\/co\/wp-json\/wp\/v2\/types\/blog"}],"version-history":[{"count":0,"href":"https:\/\/auren.com\/co\/wp-json\/wp\/v2\/blog\/16594\/revisions"}],"wp:featuredmedia":[{"embeddable":true,"href":"https:\/\/auren.com\/co\/wp-json\/wp\/v2\/media\/16595"}],"wp:attachment":[{"href":"https:\/\/auren.com\/co\/wp-json\/wp\/v2\/media?parent=16594"}],"wp:term":[{"taxonomy":"blog-category","embeddable":true,"href":"https:\/\/auren.com\/co\/wp-json\/wp\/v2\/blog-category?post=16594"}],"curies":[{"name":"wp","href":"https:\/\/api.w.org\/{rel}","templated":true}]}}