{"id":16598,"date":"2025-08-20T00:57:32","date_gmt":"2025-08-19T22:57:32","guid":{"rendered":"https:\/\/auren.com\/co\/?post_type=blog&#038;p=16598"},"modified":"2025-08-20T00:57:36","modified_gmt":"2025-08-19T22:57:36","slug":"de-la-incertidumbre-a-la-accion-un-enfoque-proactivo-frente-a-una-reforma-tributaria","status":"publish","type":"blog","link":"https:\/\/auren.com\/co\/blog\/de-la-incertidumbre-a-la-accion-un-enfoque-proactivo-frente-a-una-reforma-tributaria\/","title":{"rendered":"De la incertidumbre a la acci\u00f3n: un enfoque proactivo frente a una reforma tributaria"},"content":{"rendered":"\n<p>El anuncio de una nueva reforma tributaria siempre generar\u00e1 preguntas e incertidumbre. Es natural sentir preocupaci\u00f3n, pero en lugar de esperar pasivamente, debemos tomar el control. Aqu\u00ed presentamos 5 medidas que las empresas pueden adoptar desde ya para anticiparse a los posibles cambios y optimizar su carga tributaria.<\/p>\n\n\n\n<ol class=\"wp-block-list\">\n<li><strong>Fortalecimiento de la gesti\u00f3n contable y tecnol\u00f3gica<\/strong>: invertir en la formaci\u00f3n del personal contable sobre el uso de herramientas que permitan generar reportes fiscales de forma r\u00e1pida y precisa.<\/li>\n\n\n\n<li><strong>Capacitaci\u00f3n y actualizaci\u00f3n<\/strong>: crear un comit\u00e9 interno de seguimiento para estar al tanto de las noticias y propuestas del proyecto de ley.<\/li>\n\n\n\n<li><strong>An\u00e1lisis de la estructura societaria y legal<\/strong>: evaluar si la estructura jur\u00eddica de la empresa sigue siendo la m\u00e1s eficiente desde el punto de vista fiscal. Un cambio en las leyes podr\u00eda favorecer o perjudicar a ciertos tipos de sociedades.<\/li>\n\n\n\n<li><strong>Optimizaci\u00f3n de gastos y soportes fiscales<\/strong>: revisar que las facturas de gastos cumplan con los requisitos legales para ser deducibles. Una reforma suele ir de la mano con mayores regulaciones de la DIAN.<\/li>\n\n\n\n<li><strong>Revisi\u00f3n de la planeaci\u00f3n financiera y proyecciones<\/strong>: Antes de cualquier cambio, es vital que la empresa comprenda su situaci\u00f3n actual y los posibles escenarios futuros. Esto implica modelar varios presupuestos: uno conservador y otro con los posibles cambios.<\/li>\n<\/ol>\n\n\n\n<p>La clave para afrontar cualquier cambio normativo no est\u00e1 en reaccionar cuando ya es una realidad, sino en prepararse con antelaci\u00f3n.<\/p>\n","protected":false},"excerpt":{"rendered":"<p>El anuncio de una nueva reforma tributaria siempre generar\u00e1 preguntas e incertidumbre. Es natural sentir preocupaci\u00f3n, pero en lugar de esperar pasivamente, debemos tomar el control. Aqu\u00ed presentamos 5 medidas que las empresas pueden adoptar desde ya para anticiparse a los posibles cambios y optimizar su carga tributaria. La clave para afrontar cualquier cambio normativo [&hellip;]<\/p>\n","protected":false},"featured_media":16599,"template":"","meta":{"_acf_changed":true,"footnotes":""},"blog-category":[],"class_list":["post-16598","blog","type-blog","status-publish","has-post-thumbnail","hentry"],"acf":[],"yoast_head":"<!-- This site is optimized with the Yoast SEO plugin v27.5 - https:\/\/yoast.com\/product\/yoast-seo-wordpress\/ -->\n<title>De la incertidumbre a la acci\u00f3n: un enfoque proactivo frente a una reforma tributaria<\/title>\n<meta name=\"description\" content=\"El anuncio de una nueva reforma tributaria siempre generar\u00e1 preguntas e incertidumbre.\" \/>\n<meta name=\"robots\" content=\"index, follow, max-snippet:-1, max-image-preview:large, max-video-preview:-1\" \/>\n<link rel=\"canonical\" href=\"https:\/\/auren.com\/co\/blog\/de-la-incertidumbre-a-la-accion-un-enfoque-proactivo-frente-a-una-reforma-tributaria\/\" \/>\n<meta property=\"og:locale\" content=\"es_ES\" \/>\n<meta property=\"og:type\" content=\"article\" \/>\n<meta property=\"og:title\" content=\"De la incertidumbre a la acci\u00f3n: un enfoque proactivo frente a una reforma tributaria\" \/>\n<meta property=\"og:description\" content=\"El anuncio de una nueva reforma tributaria siempre generar\u00e1 preguntas e incertidumbre.\" \/>\n<meta property=\"og:url\" content=\"https:\/\/auren.com\/co\/blog\/de-la-incertidumbre-a-la-accion-un-enfoque-proactivo-frente-a-una-reforma-tributaria\/\" \/>\n<meta property=\"og:site_name\" content=\"Auren Colombia\" \/>\n<meta property=\"article:modified_time\" content=\"2025-08-19T22:57:36+00:00\" \/>\n<meta property=\"og:image\" content=\"https:\/\/auren.com\/co\/wp-content\/uploads\/2025\/08\/reforma-tributaria.jpg\" \/>\n\t<meta property=\"og:image:width\" content=\"1536\" \/>\n\t<meta property=\"og:image:height\" content=\"1024\" \/>\n\t<meta property=\"og:image:type\" content=\"image\/jpeg\" \/>\n<meta name=\"twitter:card\" content=\"summary_large_image\" \/>\n<meta name=\"twitter:site\" content=\"@AurenColombia\" \/>\n<meta name=\"twitter:label1\" content=\"Tiempo de lectura\" \/>\n\t<meta name=\"twitter:data1\" content=\"2 minutos\" \/>\n<script type=\"application\/ld+json\" class=\"yoast-schema-graph\">{\"@context\":\"https:\\\/\\\/schema.org\",\"@graph\":[{\"@type\":\"WebPage\",\"@id\":\"https:\\\/\\\/auren.com\\\/co\\\/blog\\\/de-la-incertidumbre-a-la-accion-un-enfoque-proactivo-frente-a-una-reforma-tributaria\\\/\",\"url\":\"https:\\\/\\\/auren.com\\\/co\\\/blog\\\/de-la-incertidumbre-a-la-accion-un-enfoque-proactivo-frente-a-una-reforma-tributaria\\\/\",\"name\":\"De la incertidumbre a la acci\u00f3n: un enfoque proactivo frente a una reforma tributaria\",\"isPartOf\":{\"@id\":\"https:\\\/\\\/auren.com\\\/co\\\/#website\"},\"primaryImageOfPage\":{\"@id\":\"https:\\\/\\\/auren.com\\\/co\\\/blog\\\/de-la-incertidumbre-a-la-accion-un-enfoque-proactivo-frente-a-una-reforma-tributaria\\\/#primaryimage\"},\"image\":{\"@id\":\"https:\\\/\\\/auren.com\\\/co\\\/blog\\\/de-la-incertidumbre-a-la-accion-un-enfoque-proactivo-frente-a-una-reforma-tributaria\\\/#primaryimage\"},\"thumbnailUrl\":\"https:\\\/\\\/auren.com\\\/co\\\/wp-content\\\/uploads\\\/2025\\\/08\\\/reforma-tributaria.jpg\",\"datePublished\":\"2025-08-19T22:57:32+00:00\",\"dateModified\":\"2025-08-19T22:57:36+00:00\",\"description\":\"El anuncio de una nueva reforma tributaria siempre generar\u00e1 preguntas e incertidumbre.\",\"breadcrumb\":{\"@id\":\"https:\\\/\\\/auren.com\\\/co\\\/blog\\\/de-la-incertidumbre-a-la-accion-un-enfoque-proactivo-frente-a-una-reforma-tributaria\\\/#breadcrumb\"},\"inLanguage\":\"es\",\"potentialAction\":[{\"@type\":\"ReadAction\",\"target\":[\"https:\\\/\\\/auren.com\\\/co\\\/blog\\\/de-la-incertidumbre-a-la-accion-un-enfoque-proactivo-frente-a-una-reforma-tributaria\\\/\"]}]},{\"@type\":\"ImageObject\",\"inLanguage\":\"es\",\"@id\":\"https:\\\/\\\/auren.com\\\/co\\\/blog\\\/de-la-incertidumbre-a-la-accion-un-enfoque-proactivo-frente-a-una-reforma-tributaria\\\/#primaryimage\",\"url\":\"https:\\\/\\\/auren.com\\\/co\\\/wp-content\\\/uploads\\\/2025\\\/08\\\/reforma-tributaria.jpg\",\"contentUrl\":\"https:\\\/\\\/auren.com\\\/co\\\/wp-content\\\/uploads\\\/2025\\\/08\\\/reforma-tributaria.jpg\",\"width\":1536,\"height\":1024,\"caption\":\"De la incertidumbre a la acci\u00f3n: un enfoque proactivo frente a una reforma tributaria\"},{\"@type\":\"BreadcrumbList\",\"@id\":\"https:\\\/\\\/auren.com\\\/co\\\/blog\\\/de-la-incertidumbre-a-la-accion-un-enfoque-proactivo-frente-a-una-reforma-tributaria\\\/#breadcrumb\",\"itemListElement\":[{\"@type\":\"ListItem\",\"position\":1,\"name\":\"Portada\",\"item\":\"https:\\\/\\\/auren.com\\\/co\\\/\"},{\"@type\":\"ListItem\",\"position\":2,\"name\":\"De la incertidumbre a la acci\u00f3n: un enfoque proactivo frente a una reforma tributaria\"}]},{\"@type\":\"WebSite\",\"@id\":\"https:\\\/\\\/auren.com\\\/co\\\/#website\",\"url\":\"https:\\\/\\\/auren.com\\\/co\\\/\",\"name\":\"Auren Colombia\",\"description\":\"\",\"publisher\":{\"@id\":\"https:\\\/\\\/auren.com\\\/co\\\/#organization\"},\"potentialAction\":[{\"@type\":\"SearchAction\",\"target\":{\"@type\":\"EntryPoint\",\"urlTemplate\":\"https:\\\/\\\/auren.com\\\/co\\\/?s={search_term_string}\"},\"query-input\":{\"@type\":\"PropertyValueSpecification\",\"valueRequired\":true,\"valueName\":\"search_term_string\"}}],\"inLanguage\":\"es\"},{\"@type\":\"Organization\",\"@id\":\"https:\\\/\\\/auren.com\\\/co\\\/#organization\",\"name\":\"Auren Colombia\",\"url\":\"https:\\\/\\\/auren.com\\\/co\\\/\",\"logo\":{\"@type\":\"ImageObject\",\"inLanguage\":\"es\",\"@id\":\"https:\\\/\\\/auren.com\\\/co\\\/#\\\/schema\\\/logo\\\/image\\\/\",\"url\":\"https:\\\/\\\/auren.com\\\/co\\\/wp-content\\\/uploads\\\/2025\\\/01\\\/cropped-cropped-favicon-Auren.png\",\"contentUrl\":\"https:\\\/\\\/auren.com\\\/co\\\/wp-content\\\/uploads\\\/2025\\\/01\\\/cropped-cropped-favicon-Auren.png\",\"width\":512,\"height\":512,\"caption\":\"Auren Colombia\"},\"image\":{\"@id\":\"https:\\\/\\\/auren.com\\\/co\\\/#\\\/schema\\\/logo\\\/image\\\/\"},\"sameAs\":[\"https:\\\/\\\/x.com\\\/AurenColombia\",\"https:\\\/\\\/www.instagram.com\\\/aurencolombia\\\/\",\"https:\\\/\\\/www.youtube.com\\\/channel\\\/UCRYoGRMR_k4oVWesdErApmA\",\"https:\\\/\\\/www.linkedin.com\\\/company\\\/auren-colombia\"]}]}<\/script>\n<!-- \/ Yoast SEO plugin. -->","yoast_head_json":{"title":"De la incertidumbre a la acci\u00f3n: un enfoque proactivo frente a una reforma tributaria","description":"El anuncio de una nueva reforma tributaria siempre generar\u00e1 preguntas e incertidumbre.","robots":{"index":"index","follow":"follow","max-snippet":"max-snippet:-1","max-image-preview":"max-image-preview:large","max-video-preview":"max-video-preview:-1"},"canonical":"https:\/\/auren.com\/co\/blog\/de-la-incertidumbre-a-la-accion-un-enfoque-proactivo-frente-a-una-reforma-tributaria\/","og_locale":"es_ES","og_type":"article","og_title":"De la incertidumbre a la acci\u00f3n: un enfoque proactivo frente a una reforma tributaria","og_description":"El anuncio de una nueva reforma tributaria siempre generar\u00e1 preguntas e incertidumbre.","og_url":"https:\/\/auren.com\/co\/blog\/de-la-incertidumbre-a-la-accion-un-enfoque-proactivo-frente-a-una-reforma-tributaria\/","og_site_name":"Auren Colombia","article_modified_time":"2025-08-19T22:57:36+00:00","og_image":[{"width":1536,"height":1024,"url":"https:\/\/auren.com\/co\/wp-content\/uploads\/2025\/08\/reforma-tributaria.jpg","type":"image\/jpeg"}],"twitter_card":"summary_large_image","twitter_site":"@AurenColombia","twitter_misc":{"Tiempo de lectura":"2 minutos"},"schema":{"@context":"https:\/\/schema.org","@graph":[{"@type":"WebPage","@id":"https:\/\/auren.com\/co\/blog\/de-la-incertidumbre-a-la-accion-un-enfoque-proactivo-frente-a-una-reforma-tributaria\/","url":"https:\/\/auren.com\/co\/blog\/de-la-incertidumbre-a-la-accion-un-enfoque-proactivo-frente-a-una-reforma-tributaria\/","name":"De la incertidumbre a la acci\u00f3n: un enfoque proactivo frente a una reforma tributaria","isPartOf":{"@id":"https:\/\/auren.com\/co\/#website"},"primaryImageOfPage":{"@id":"https:\/\/auren.com\/co\/blog\/de-la-incertidumbre-a-la-accion-un-enfoque-proactivo-frente-a-una-reforma-tributaria\/#primaryimage"},"image":{"@id":"https:\/\/auren.com\/co\/blog\/de-la-incertidumbre-a-la-accion-un-enfoque-proactivo-frente-a-una-reforma-tributaria\/#primaryimage"},"thumbnailUrl":"https:\/\/auren.com\/co\/wp-content\/uploads\/2025\/08\/reforma-tributaria.jpg","datePublished":"2025-08-19T22:57:32+00:00","dateModified":"2025-08-19T22:57:36+00:00","description":"El anuncio de una nueva reforma tributaria siempre generar\u00e1 preguntas e incertidumbre.","breadcrumb":{"@id":"https:\/\/auren.com\/co\/blog\/de-la-incertidumbre-a-la-accion-un-enfoque-proactivo-frente-a-una-reforma-tributaria\/#breadcrumb"},"inLanguage":"es","potentialAction":[{"@type":"ReadAction","target":["https:\/\/auren.com\/co\/blog\/de-la-incertidumbre-a-la-accion-un-enfoque-proactivo-frente-a-una-reforma-tributaria\/"]}]},{"@type":"ImageObject","inLanguage":"es","@id":"https:\/\/auren.com\/co\/blog\/de-la-incertidumbre-a-la-accion-un-enfoque-proactivo-frente-a-una-reforma-tributaria\/#primaryimage","url":"https:\/\/auren.com\/co\/wp-content\/uploads\/2025\/08\/reforma-tributaria.jpg","contentUrl":"https:\/\/auren.com\/co\/wp-content\/uploads\/2025\/08\/reforma-tributaria.jpg","width":1536,"height":1024,"caption":"De la incertidumbre a la acci\u00f3n: un enfoque proactivo frente a una reforma tributaria"},{"@type":"BreadcrumbList","@id":"https:\/\/auren.com\/co\/blog\/de-la-incertidumbre-a-la-accion-un-enfoque-proactivo-frente-a-una-reforma-tributaria\/#breadcrumb","itemListElement":[{"@type":"ListItem","position":1,"name":"Portada","item":"https:\/\/auren.com\/co\/"},{"@type":"ListItem","position":2,"name":"De la incertidumbre a la acci\u00f3n: un enfoque proactivo frente a una reforma tributaria"}]},{"@type":"WebSite","@id":"https:\/\/auren.com\/co\/#website","url":"https:\/\/auren.com\/co\/","name":"Auren Colombia","description":"","publisher":{"@id":"https:\/\/auren.com\/co\/#organization"},"potentialAction":[{"@type":"SearchAction","target":{"@type":"EntryPoint","urlTemplate":"https:\/\/auren.com\/co\/?s={search_term_string}"},"query-input":{"@type":"PropertyValueSpecification","valueRequired":true,"valueName":"search_term_string"}}],"inLanguage":"es"},{"@type":"Organization","@id":"https:\/\/auren.com\/co\/#organization","name":"Auren Colombia","url":"https:\/\/auren.com\/co\/","logo":{"@type":"ImageObject","inLanguage":"es","@id":"https:\/\/auren.com\/co\/#\/schema\/logo\/image\/","url":"https:\/\/auren.com\/co\/wp-content\/uploads\/2025\/01\/cropped-cropped-favicon-Auren.png","contentUrl":"https:\/\/auren.com\/co\/wp-content\/uploads\/2025\/01\/cropped-cropped-favicon-Auren.png","width":512,"height":512,"caption":"Auren Colombia"},"image":{"@id":"https:\/\/auren.com\/co\/#\/schema\/logo\/image\/"},"sameAs":["https:\/\/x.com\/AurenColombia","https:\/\/www.instagram.com\/aurencolombia\/","https:\/\/www.youtube.com\/channel\/UCRYoGRMR_k4oVWesdErApmA","https:\/\/www.linkedin.com\/company\/auren-colombia"]}]}},"_links":{"self":[{"href":"https:\/\/auren.com\/co\/wp-json\/wp\/v2\/blog\/16598","targetHints":{"allow":["GET"]}}],"collection":[{"href":"https:\/\/auren.com\/co\/wp-json\/wp\/v2\/blog"}],"about":[{"href":"https:\/\/auren.com\/co\/wp-json\/wp\/v2\/types\/blog"}],"version-history":[{"count":0,"href":"https:\/\/auren.com\/co\/wp-json\/wp\/v2\/blog\/16598\/revisions"}],"wp:featuredmedia":[{"embeddable":true,"href":"https:\/\/auren.com\/co\/wp-json\/wp\/v2\/media\/16599"}],"wp:attachment":[{"href":"https:\/\/auren.com\/co\/wp-json\/wp\/v2\/media?parent=16598"}],"wp:term":[{"taxonomy":"blog-category","embeddable":true,"href":"https:\/\/auren.com\/co\/wp-json\/wp\/v2\/blog-category?post=16598"}],"curies":[{"name":"wp","href":"https:\/\/api.w.org\/{rel}","templated":true}]}}