{"id":16604,"date":"2025-08-20T20:20:02","date_gmt":"2025-08-20T18:20:02","guid":{"rendered":"https:\/\/auren.com\/co\/?post_type=blog&#038;p=16604"},"modified":"2025-09-25T18:45:39","modified_gmt":"2025-09-25T16:45:39","slug":"asi-cambio-el-contrato-de-aprendizaje-con-la-nueva-reforma-laboral","status":"publish","type":"blog","link":"https:\/\/auren.com\/co\/blog\/asi-cambio-el-contrato-de-aprendizaje-con-la-nueva-reforma-laboral\/","title":{"rendered":"As\u00ed cambi\u00f3 el contrato de aprendizaje con la nueva reforma laboral"},"content":{"rendered":"\n<p>Con la Reforma Laboral \u2013 Ley 2466 de 2025, el contrato de aprendizaje ahora se considera un <strong>contrato laboral especial<\/strong>, con m\u00e1s beneficios y garant\u00edas para el aprendiz. Este incluye en etapa pr\u00e1ctica, salario, auxilio de transporte, dotaci\u00f3n, aportes a seguridad social, prestaciones sociales (cesant\u00edas, intereses, prima) y vacaciones.<\/p>\n\n\n\n<p>A continuaci\u00f3n, se resumen los cambios en salario y aportes a seguridad social seg\u00fan la etapa del contrato:<\/p>\n\n\n\n<figure class=\"wp-block-table\"><table class=\"has-fixed-layout\"><tbody><tr><td class=\"has-text-align-center\" data-align=\"center\"><strong>ETAPA<\/strong><\/td><td class=\"has-text-align-center\" data-align=\"center\"><strong>SALARIO<\/strong><\/td><td class=\"has-text-align-center\" data-align=\"center\"><strong>APORTES<\/strong><\/td><\/tr><tr><td class=\"has-text-align-center\" data-align=\"center\">Etapa Lectiva<\/td><td class=\"has-text-align-center\" data-align=\"center\">75% de 1 SMLMV<\/td><td class=\"has-text-align-center\" data-align=\"center\">Salud y ARL asumidos 100% por la empresa<\/td><\/tr><tr><td class=\"has-text-align-center\" data-align=\"center\">Etapa Pr\u00e1ctica<\/td><td class=\"has-text-align-center\" data-align=\"center\">100% de 1 SMLMV<\/td><td class=\"has-text-align-center\" data-align=\"center\">Salud, ARL, pensi\u00f3n, caja de compensaci\u00f3n familiar y dem\u00e1s derechos propios de un contrato de trabajo.<\/td><\/tr><\/tbody><\/table><\/figure>\n\n\n\n<p>Desde el <strong>1 de agosto de 2025<\/strong>, las empresas deber\u00e1n implementar los cambios en las planillas de seguridad social, seg\u00fan se trate de etapa pr\u00e1ctica o lectiva.<\/p>\n\n\n\n<p>La duraci\u00f3n m\u00e1xima del contrato ser\u00e1 hasta por <strong>tres a\u00f1os<\/strong> y se mantiene la cuota de monetizaci\u00f3n de <strong>1,5 SMLMV<\/strong> por cada aprendiz no contratado. Se reconoce como <strong>experiencia laboral<\/strong> y otorga derecho de asociaci\u00f3n sindical. Los aprendices en etapa pr\u00e1ctica tambi\u00e9n cuentan en la cuota de empleo para personas con discapacidad y pueden participar en el COPASST y el comit\u00e9 de convivencia laboral.<\/p>\n\n\n\n<p><strong>Importante:<\/strong> los empleadores podr\u00e1n descontar al aprendiz el 8% correspondiente a sus aportes de salud y pensi\u00f3n. Los contratos vigentes al <strong>25 de junio de 2025<\/strong> aplicar\u00e1n la reforma solo en lo que se cause desde esa fecha; los firmados posteriormente, se regir\u00e1n en su totalidad por la nueva ley.<\/p>\n","protected":false},"excerpt":{"rendered":"<p>Con la Reforma Laboral \u2013 Ley 2466 de 2025, el contrato de aprendizaje ahora se considera un contrato laboral especial, con m\u00e1s beneficios y garant\u00edas para el aprendiz. Este incluye en etapa pr\u00e1ctica, salario, auxilio de transporte, dotaci\u00f3n, aportes a seguridad social, prestaciones sociales (cesant\u00edas, intereses, prima) y vacaciones. A continuaci\u00f3n, se resumen los cambios [&hellip;]<\/p>\n","protected":false},"featured_media":16605,"template":"","meta":{"_acf_changed":true,"footnotes":""},"blog-category":[],"class_list":["post-16604","blog","type-blog","status-publish","has-post-thumbnail","hentry"],"acf":[],"yoast_head":"<!-- This site is optimized with the Yoast SEO plugin v27.5 - https:\/\/yoast.com\/product\/yoast-seo-wordpress\/ -->\n<title>As\u00ed cambi\u00f3 el contrato de aprendizaje con la nueva reforma laboral<\/title>\n<meta name=\"description\" content=\"Con la Reforma Laboral \u2013 Ley 2466 de 2025, el contrato de aprendizaje ahora se considera un contrato laboral especial.\" \/>\n<meta name=\"robots\" content=\"index, follow, max-snippet:-1, max-image-preview:large, max-video-preview:-1\" \/>\n<link rel=\"canonical\" href=\"https:\/\/auren.com\/co\/blog\/asi-cambio-el-contrato-de-aprendizaje-con-la-nueva-reforma-laboral\/\" \/>\n<meta property=\"og:locale\" content=\"es_ES\" \/>\n<meta property=\"og:type\" content=\"article\" \/>\n<meta property=\"og:title\" content=\"As\u00ed cambi\u00f3 el contrato de aprendizaje con la nueva reforma laboral\" \/>\n<meta property=\"og:description\" content=\"Con la Reforma Laboral \u2013 Ley 2466 de 2025, el contrato de aprendizaje ahora se considera un contrato laboral especial.\" \/>\n<meta property=\"og:url\" content=\"https:\/\/auren.com\/co\/blog\/asi-cambio-el-contrato-de-aprendizaje-con-la-nueva-reforma-laboral\/\" \/>\n<meta property=\"og:site_name\" content=\"Auren Colombia\" \/>\n<meta property=\"article:modified_time\" content=\"2025-09-25T16:45:39+00:00\" \/>\n<meta property=\"og:image\" content=\"https:\/\/auren.com\/co\/wp-content\/uploads\/2025\/08\/Contrato-de-aprendizaje-con-la-nueva-reforma-laboral.jpg\" \/>\n\t<meta property=\"og:image:width\" content=\"1532\" \/>\n\t<meta property=\"og:image:height\" content=\"1024\" \/>\n\t<meta property=\"og:image:type\" content=\"image\/jpeg\" \/>\n<meta name=\"twitter:card\" content=\"summary_large_image\" \/>\n<meta name=\"twitter:site\" content=\"@AurenColombia\" \/>\n<meta name=\"twitter:label1\" content=\"Tiempo de lectura\" \/>\n\t<meta name=\"twitter:data1\" content=\"2 minutos\" \/>\n<script type=\"application\/ld+json\" class=\"yoast-schema-graph\">{\"@context\":\"https:\\\/\\\/schema.org\",\"@graph\":[{\"@type\":\"WebPage\",\"@id\":\"https:\\\/\\\/auren.com\\\/co\\\/blog\\\/asi-cambio-el-contrato-de-aprendizaje-con-la-nueva-reforma-laboral\\\/\",\"url\":\"https:\\\/\\\/auren.com\\\/co\\\/blog\\\/asi-cambio-el-contrato-de-aprendizaje-con-la-nueva-reforma-laboral\\\/\",\"name\":\"As\u00ed cambi\u00f3 el contrato de aprendizaje con la nueva reforma laboral\",\"isPartOf\":{\"@id\":\"https:\\\/\\\/auren.com\\\/co\\\/#website\"},\"primaryImageOfPage\":{\"@id\":\"https:\\\/\\\/auren.com\\\/co\\\/blog\\\/asi-cambio-el-contrato-de-aprendizaje-con-la-nueva-reforma-laboral\\\/#primaryimage\"},\"image\":{\"@id\":\"https:\\\/\\\/auren.com\\\/co\\\/blog\\\/asi-cambio-el-contrato-de-aprendizaje-con-la-nueva-reforma-laboral\\\/#primaryimage\"},\"thumbnailUrl\":\"https:\\\/\\\/auren.com\\\/co\\\/wp-content\\\/uploads\\\/2025\\\/08\\\/Contrato-de-aprendizaje-con-la-nueva-reforma-laboral.jpg\",\"datePublished\":\"2025-08-20T18:20:02+00:00\",\"dateModified\":\"2025-09-25T16:45:39+00:00\",\"description\":\"Con la Reforma Laboral \u2013 Ley 2466 de 2025, el contrato de aprendizaje ahora se considera un contrato laboral especial.\",\"breadcrumb\":{\"@id\":\"https:\\\/\\\/auren.com\\\/co\\\/blog\\\/asi-cambio-el-contrato-de-aprendizaje-con-la-nueva-reforma-laboral\\\/#breadcrumb\"},\"inLanguage\":\"es\",\"potentialAction\":[{\"@type\":\"ReadAction\",\"target\":[\"https:\\\/\\\/auren.com\\\/co\\\/blog\\\/asi-cambio-el-contrato-de-aprendizaje-con-la-nueva-reforma-laboral\\\/\"]}]},{\"@type\":\"ImageObject\",\"inLanguage\":\"es\",\"@id\":\"https:\\\/\\\/auren.com\\\/co\\\/blog\\\/asi-cambio-el-contrato-de-aprendizaje-con-la-nueva-reforma-laboral\\\/#primaryimage\",\"url\":\"https:\\\/\\\/auren.com\\\/co\\\/wp-content\\\/uploads\\\/2025\\\/08\\\/Contrato-de-aprendizaje-con-la-nueva-reforma-laboral.jpg\",\"contentUrl\":\"https:\\\/\\\/auren.com\\\/co\\\/wp-content\\\/uploads\\\/2025\\\/08\\\/Contrato-de-aprendizaje-con-la-nueva-reforma-laboral.jpg\",\"width\":1532,\"height\":1024,\"caption\":\"Contrato de aprendizaje con la nueva reforma laboral\"},{\"@type\":\"BreadcrumbList\",\"@id\":\"https:\\\/\\\/auren.com\\\/co\\\/blog\\\/asi-cambio-el-contrato-de-aprendizaje-con-la-nueva-reforma-laboral\\\/#breadcrumb\",\"itemListElement\":[{\"@type\":\"ListItem\",\"position\":1,\"name\":\"Portada\",\"item\":\"https:\\\/\\\/auren.com\\\/co\\\/\"},{\"@type\":\"ListItem\",\"position\":2,\"name\":\"As\u00ed cambi\u00f3 el contrato de aprendizaje con la nueva reforma laboral\"}]},{\"@type\":\"WebSite\",\"@id\":\"https:\\\/\\\/auren.com\\\/co\\\/#website\",\"url\":\"https:\\\/\\\/auren.com\\\/co\\\/\",\"name\":\"Auren Colombia\",\"description\":\"\",\"publisher\":{\"@id\":\"https:\\\/\\\/auren.com\\\/co\\\/#organization\"},\"potentialAction\":[{\"@type\":\"SearchAction\",\"target\":{\"@type\":\"EntryPoint\",\"urlTemplate\":\"https:\\\/\\\/auren.com\\\/co\\\/?s={search_term_string}\"},\"query-input\":{\"@type\":\"PropertyValueSpecification\",\"valueRequired\":true,\"valueName\":\"search_term_string\"}}],\"inLanguage\":\"es\"},{\"@type\":\"Organization\",\"@id\":\"https:\\\/\\\/auren.com\\\/co\\\/#organization\",\"name\":\"Auren Colombia\",\"url\":\"https:\\\/\\\/auren.com\\\/co\\\/\",\"logo\":{\"@type\":\"ImageObject\",\"inLanguage\":\"es\",\"@id\":\"https:\\\/\\\/auren.com\\\/co\\\/#\\\/schema\\\/logo\\\/image\\\/\",\"url\":\"https:\\\/\\\/auren.com\\\/co\\\/wp-content\\\/uploads\\\/2025\\\/01\\\/cropped-cropped-favicon-Auren.png\",\"contentUrl\":\"https:\\\/\\\/auren.com\\\/co\\\/wp-content\\\/uploads\\\/2025\\\/01\\\/cropped-cropped-favicon-Auren.png\",\"width\":512,\"height\":512,\"caption\":\"Auren Colombia\"},\"image\":{\"@id\":\"https:\\\/\\\/auren.com\\\/co\\\/#\\\/schema\\\/logo\\\/image\\\/\"},\"sameAs\":[\"https:\\\/\\\/x.com\\\/AurenColombia\",\"https:\\\/\\\/www.instagram.com\\\/aurencolombia\\\/\",\"https:\\\/\\\/www.youtube.com\\\/channel\\\/UCRYoGRMR_k4oVWesdErApmA\",\"https:\\\/\\\/www.linkedin.com\\\/company\\\/auren-colombia\"]}]}<\/script>\n<!-- \/ Yoast SEO plugin. -->","yoast_head_json":{"title":"As\u00ed cambi\u00f3 el contrato de aprendizaje con la nueva reforma laboral","description":"Con la Reforma Laboral \u2013 Ley 2466 de 2025, el contrato de aprendizaje ahora se considera un contrato laboral especial.","robots":{"index":"index","follow":"follow","max-snippet":"max-snippet:-1","max-image-preview":"max-image-preview:large","max-video-preview":"max-video-preview:-1"},"canonical":"https:\/\/auren.com\/co\/blog\/asi-cambio-el-contrato-de-aprendizaje-con-la-nueva-reforma-laboral\/","og_locale":"es_ES","og_type":"article","og_title":"As\u00ed cambi\u00f3 el contrato de aprendizaje con la nueva reforma laboral","og_description":"Con la Reforma Laboral \u2013 Ley 2466 de 2025, el contrato de aprendizaje ahora se considera un contrato laboral especial.","og_url":"https:\/\/auren.com\/co\/blog\/asi-cambio-el-contrato-de-aprendizaje-con-la-nueva-reforma-laboral\/","og_site_name":"Auren Colombia","article_modified_time":"2025-09-25T16:45:39+00:00","og_image":[{"width":1532,"height":1024,"url":"https:\/\/auren.com\/co\/wp-content\/uploads\/2025\/08\/Contrato-de-aprendizaje-con-la-nueva-reforma-laboral.jpg","type":"image\/jpeg"}],"twitter_card":"summary_large_image","twitter_site":"@AurenColombia","twitter_misc":{"Tiempo de lectura":"2 minutos"},"schema":{"@context":"https:\/\/schema.org","@graph":[{"@type":"WebPage","@id":"https:\/\/auren.com\/co\/blog\/asi-cambio-el-contrato-de-aprendizaje-con-la-nueva-reforma-laboral\/","url":"https:\/\/auren.com\/co\/blog\/asi-cambio-el-contrato-de-aprendizaje-con-la-nueva-reforma-laboral\/","name":"As\u00ed cambi\u00f3 el contrato de aprendizaje con la nueva reforma laboral","isPartOf":{"@id":"https:\/\/auren.com\/co\/#website"},"primaryImageOfPage":{"@id":"https:\/\/auren.com\/co\/blog\/asi-cambio-el-contrato-de-aprendizaje-con-la-nueva-reforma-laboral\/#primaryimage"},"image":{"@id":"https:\/\/auren.com\/co\/blog\/asi-cambio-el-contrato-de-aprendizaje-con-la-nueva-reforma-laboral\/#primaryimage"},"thumbnailUrl":"https:\/\/auren.com\/co\/wp-content\/uploads\/2025\/08\/Contrato-de-aprendizaje-con-la-nueva-reforma-laboral.jpg","datePublished":"2025-08-20T18:20:02+00:00","dateModified":"2025-09-25T16:45:39+00:00","description":"Con la Reforma Laboral \u2013 Ley 2466 de 2025, el contrato de aprendizaje ahora se considera un contrato laboral especial.","breadcrumb":{"@id":"https:\/\/auren.com\/co\/blog\/asi-cambio-el-contrato-de-aprendizaje-con-la-nueva-reforma-laboral\/#breadcrumb"},"inLanguage":"es","potentialAction":[{"@type":"ReadAction","target":["https:\/\/auren.com\/co\/blog\/asi-cambio-el-contrato-de-aprendizaje-con-la-nueva-reforma-laboral\/"]}]},{"@type":"ImageObject","inLanguage":"es","@id":"https:\/\/auren.com\/co\/blog\/asi-cambio-el-contrato-de-aprendizaje-con-la-nueva-reforma-laboral\/#primaryimage","url":"https:\/\/auren.com\/co\/wp-content\/uploads\/2025\/08\/Contrato-de-aprendizaje-con-la-nueva-reforma-laboral.jpg","contentUrl":"https:\/\/auren.com\/co\/wp-content\/uploads\/2025\/08\/Contrato-de-aprendizaje-con-la-nueva-reforma-laboral.jpg","width":1532,"height":1024,"caption":"Contrato de aprendizaje con la nueva reforma laboral"},{"@type":"BreadcrumbList","@id":"https:\/\/auren.com\/co\/blog\/asi-cambio-el-contrato-de-aprendizaje-con-la-nueva-reforma-laboral\/#breadcrumb","itemListElement":[{"@type":"ListItem","position":1,"name":"Portada","item":"https:\/\/auren.com\/co\/"},{"@type":"ListItem","position":2,"name":"As\u00ed cambi\u00f3 el contrato de aprendizaje con la nueva reforma laboral"}]},{"@type":"WebSite","@id":"https:\/\/auren.com\/co\/#website","url":"https:\/\/auren.com\/co\/","name":"Auren Colombia","description":"","publisher":{"@id":"https:\/\/auren.com\/co\/#organization"},"potentialAction":[{"@type":"SearchAction","target":{"@type":"EntryPoint","urlTemplate":"https:\/\/auren.com\/co\/?s={search_term_string}"},"query-input":{"@type":"PropertyValueSpecification","valueRequired":true,"valueName":"search_term_string"}}],"inLanguage":"es"},{"@type":"Organization","@id":"https:\/\/auren.com\/co\/#organization","name":"Auren Colombia","url":"https:\/\/auren.com\/co\/","logo":{"@type":"ImageObject","inLanguage":"es","@id":"https:\/\/auren.com\/co\/#\/schema\/logo\/image\/","url":"https:\/\/auren.com\/co\/wp-content\/uploads\/2025\/01\/cropped-cropped-favicon-Auren.png","contentUrl":"https:\/\/auren.com\/co\/wp-content\/uploads\/2025\/01\/cropped-cropped-favicon-Auren.png","width":512,"height":512,"caption":"Auren Colombia"},"image":{"@id":"https:\/\/auren.com\/co\/#\/schema\/logo\/image\/"},"sameAs":["https:\/\/x.com\/AurenColombia","https:\/\/www.instagram.com\/aurencolombia\/","https:\/\/www.youtube.com\/channel\/UCRYoGRMR_k4oVWesdErApmA","https:\/\/www.linkedin.com\/company\/auren-colombia"]}]}},"_links":{"self":[{"href":"https:\/\/auren.com\/co\/wp-json\/wp\/v2\/blog\/16604","targetHints":{"allow":["GET"]}}],"collection":[{"href":"https:\/\/auren.com\/co\/wp-json\/wp\/v2\/blog"}],"about":[{"href":"https:\/\/auren.com\/co\/wp-json\/wp\/v2\/types\/blog"}],"version-history":[{"count":0,"href":"https:\/\/auren.com\/co\/wp-json\/wp\/v2\/blog\/16604\/revisions"}],"wp:featuredmedia":[{"embeddable":true,"href":"https:\/\/auren.com\/co\/wp-json\/wp\/v2\/media\/16605"}],"wp:attachment":[{"href":"https:\/\/auren.com\/co\/wp-json\/wp\/v2\/media?parent=16604"}],"wp:term":[{"taxonomy":"blog-category","embeddable":true,"href":"https:\/\/auren.com\/co\/wp-json\/wp\/v2\/blog-category?post=16604"}],"curies":[{"name":"wp","href":"https:\/\/api.w.org\/{rel}","templated":true}]}}