{"id":8499,"date":"2023-10-31T11:17:04","date_gmt":"2023-10-31T10:17:04","guid":{"rendered":"https:\/\/auren.com\/co\/blog\/reduccion-semanas-de-cotizacion-para-mujeres\/"},"modified":"2025-08-27T00:12:47","modified_gmt":"2025-08-26T22:12:47","slug":"reduccion-semanas-de-cotizacion-para-mujeres","status":"publish","type":"blog","link":"https:\/\/auren.com\/co\/blog\/reduccion-semanas-de-cotizacion-para-mujeres\/","title":{"rendered":"Reducci\u00f3n semanas de cotizaci\u00f3n para mujeres"},"content":{"rendered":"<p>Recientemente la Corte Constitucional public\u00f3 la <a href=\"https:\/\/www.corteconstitucional.gov.co\/Relatoria\/2023\/C-197-23.htm\" target=\"_blank\" rel=\"noreferrer noopener\">Sentencia C-197 de 2023<\/a> que declar\u00f3 inexequible el inciso 2 del numeral 2 del art\u00edculo 9 de la <a href=\"https:\/\/www.funcionpublica.gov.co\/eva\/gestornormativo\/norma.php?i=7223\" target=\"_blank\" rel=\"noreferrer noopener\">Ley 797 de 2003<\/a>, en relaci\u00f3n con la exigencia de 1.300 semanas de cotizaci\u00f3n para que las mujeres obtengan la pensi\u00f3n de vejez en el R\u00e9gimen de Prima Media (RPM).<\/p>\n<p>Dentro de las consideraciones para declarar la inconstitucionalidad de la norma, la Corte resalt\u00f3 que actualmente para que las mujeres puedan acceder a la pensi\u00f3n de vejez deben acreditar la misma densidad de cotizaciones que los hombres (1.300 semanas) en un periodo inferior (hombres a los 62 a\u00f1os y mujeres a los 57), situaci\u00f3n que configura una discriminaci\u00f3n indirecta en contra de las mujeres, sumado a que cada grupo enfrenta condiciones distintas en el \u00e1mbito laboral y de la seguridad social.<\/p>\n<p>As\u00ed las cosas, la Corte dispuso que el n\u00famero de semanas m\u00ednimas de cotizaci\u00f3n que se exigir\u00e1 a las mujeres para obtener la pensi\u00f3n de vejez en el R\u00e9gimen de Prima Media (RPM) se disminuir\u00e1 en 50 semanas para el 1 de enero de 2026 y a partir del 1 de enero de 2027 se disminuir\u00e1 en 25 semanas cada a\u00f1o hasta llegar a&nbsp;1.000&nbsp;semanas.<\/p>\n<p>Fuente: Sentencia C-197 de 2023<\/p>\n<p><!-- AddThis Advanced Settings generic via filter on the_content --><!-- AddThis Share Buttons generic via filter on the_content --><\/p>\n","protected":false},"excerpt":{"rendered":"<p>Recientemente la Corte Constitucional public\u00f3 la Sentencia C-197 de 2023 que declar\u00f3 inexequible el inciso 2 del numeral 2 del art\u00edculo 9 de la Ley 797 de 2003, en relaci\u00f3n [&hellip;]<\/p>\n","protected":false},"featured_media":16678,"template":"","meta":{"_acf_changed":true,"footnotes":""},"blog-category":[],"class_list":["post-8499","blog","type-blog","status-publish","has-post-thumbnail","hentry"],"acf":[],"yoast_head":"<!-- This site is optimized with the Yoast SEO plugin v27.4 - https:\/\/yoast.com\/product\/yoast-seo-wordpress\/ -->\n<title>Reducci\u00f3n semanas de cotizaci\u00f3n para mujeres<\/title>\n<meta name=\"description\" content=\"Recientemente la Corte Constitucional public\u00f3 la Sentencia C-197 de 2023 que declar\u00f3 inexequible el inciso 2 del numeral 2 del art\u00edculo 9...\" \/>\n<meta name=\"robots\" content=\"index, follow, max-snippet:-1, max-image-preview:large, max-video-preview:-1\" \/>\n<link rel=\"canonical\" href=\"https:\/\/auren.com\/co\/blog\/reduccion-semanas-de-cotizacion-para-mujeres\/\" \/>\n<meta property=\"og:locale\" content=\"es_ES\" \/>\n<meta property=\"og:type\" content=\"article\" \/>\n<meta property=\"og:title\" content=\"Reducci\u00f3n semanas de cotizaci\u00f3n para mujeres\" \/>\n<meta property=\"og:description\" content=\"Recientemente la Corte Constitucional public\u00f3 la Sentencia C-197 de 2023 que declar\u00f3 inexequible el inciso 2 del numeral 2 del art\u00edculo 9...\" \/>\n<meta property=\"og:url\" content=\"https:\/\/auren.com\/co\/blog\/reduccion-semanas-de-cotizacion-para-mujeres\/\" \/>\n<meta property=\"og:site_name\" content=\"Auren Colombia\" \/>\n<meta property=\"article:modified_time\" content=\"2025-08-26T22:12:47+00:00\" \/>\n<meta property=\"og:image\" content=\"https:\/\/auren.com\/co\/wp-content\/uploads\/2023\/10\/Reduccion-semanas-de-cotizacion-para-mujeres-1024x874.jpg\" \/>\n\t<meta property=\"og:image:width\" content=\"1024\" \/>\n\t<meta property=\"og:image:height\" content=\"874\" \/>\n\t<meta property=\"og:image:type\" content=\"image\/jpeg\" \/>\n<meta name=\"twitter:card\" content=\"summary_large_image\" \/>\n<meta name=\"twitter:site\" content=\"@AurenColombia\" \/>\n<meta name=\"twitter:label1\" content=\"Tiempo de lectura\" \/>\n\t<meta name=\"twitter:data1\" content=\"2 minutos\" \/>\n<script type=\"application\/ld+json\" class=\"yoast-schema-graph\">{\"@context\":\"https:\\\/\\\/schema.org\",\"@graph\":[{\"@type\":\"WebPage\",\"@id\":\"https:\\\/\\\/auren.com\\\/co\\\/blog\\\/reduccion-semanas-de-cotizacion-para-mujeres\\\/\",\"url\":\"https:\\\/\\\/auren.com\\\/co\\\/blog\\\/reduccion-semanas-de-cotizacion-para-mujeres\\\/\",\"name\":\"Reducci\u00f3n semanas de cotizaci\u00f3n para mujeres\",\"isPartOf\":{\"@id\":\"https:\\\/\\\/auren.com\\\/co\\\/#website\"},\"primaryImageOfPage\":{\"@id\":\"https:\\\/\\\/auren.com\\\/co\\\/blog\\\/reduccion-semanas-de-cotizacion-para-mujeres\\\/#primaryimage\"},\"image\":{\"@id\":\"https:\\\/\\\/auren.com\\\/co\\\/blog\\\/reduccion-semanas-de-cotizacion-para-mujeres\\\/#primaryimage\"},\"thumbnailUrl\":\"https:\\\/\\\/auren.com\\\/co\\\/wp-content\\\/uploads\\\/2023\\\/10\\\/Reduccion-semanas-de-cotizacion-para-mujeres.jpg\",\"datePublished\":\"2023-10-31T10:17:04+00:00\",\"dateModified\":\"2025-08-26T22:12:47+00:00\",\"description\":\"Recientemente la Corte Constitucional public\u00f3 la Sentencia C-197 de 2023 que declar\u00f3 inexequible el inciso 2 del numeral 2 del art\u00edculo 9...\",\"breadcrumb\":{\"@id\":\"https:\\\/\\\/auren.com\\\/co\\\/blog\\\/reduccion-semanas-de-cotizacion-para-mujeres\\\/#breadcrumb\"},\"inLanguage\":\"es\",\"potentialAction\":[{\"@type\":\"ReadAction\",\"target\":[\"https:\\\/\\\/auren.com\\\/co\\\/blog\\\/reduccion-semanas-de-cotizacion-para-mujeres\\\/\"]}]},{\"@type\":\"ImageObject\",\"inLanguage\":\"es\",\"@id\":\"https:\\\/\\\/auren.com\\\/co\\\/blog\\\/reduccion-semanas-de-cotizacion-para-mujeres\\\/#primaryimage\",\"url\":\"https:\\\/\\\/auren.com\\\/co\\\/wp-content\\\/uploads\\\/2023\\\/10\\\/Reduccion-semanas-de-cotizacion-para-mujeres.jpg\",\"contentUrl\":\"https:\\\/\\\/auren.com\\\/co\\\/wp-content\\\/uploads\\\/2023\\\/10\\\/Reduccion-semanas-de-cotizacion-para-mujeres.jpg\",\"width\":1532,\"height\":1307,\"caption\":\"Reducci\u00f3n semanas de cotizaci\u00f3n para mujeres\"},{\"@type\":\"BreadcrumbList\",\"@id\":\"https:\\\/\\\/auren.com\\\/co\\\/blog\\\/reduccion-semanas-de-cotizacion-para-mujeres\\\/#breadcrumb\",\"itemListElement\":[{\"@type\":\"ListItem\",\"position\":1,\"name\":\"Portada\",\"item\":\"https:\\\/\\\/auren.com\\\/co\\\/\"},{\"@type\":\"ListItem\",\"position\":2,\"name\":\"Reducci\u00f3n semanas de cotizaci\u00f3n para mujeres\"}]},{\"@type\":\"WebSite\",\"@id\":\"https:\\\/\\\/auren.com\\\/co\\\/#website\",\"url\":\"https:\\\/\\\/auren.com\\\/co\\\/\",\"name\":\"Auren Colombia\",\"description\":\"\",\"publisher\":{\"@id\":\"https:\\\/\\\/auren.com\\\/co\\\/#organization\"},\"potentialAction\":[{\"@type\":\"SearchAction\",\"target\":{\"@type\":\"EntryPoint\",\"urlTemplate\":\"https:\\\/\\\/auren.com\\\/co\\\/?s={search_term_string}\"},\"query-input\":{\"@type\":\"PropertyValueSpecification\",\"valueRequired\":true,\"valueName\":\"search_term_string\"}}],\"inLanguage\":\"es\"},{\"@type\":\"Organization\",\"@id\":\"https:\\\/\\\/auren.com\\\/co\\\/#organization\",\"name\":\"Auren Colombia\",\"url\":\"https:\\\/\\\/auren.com\\\/co\\\/\",\"logo\":{\"@type\":\"ImageObject\",\"inLanguage\":\"es\",\"@id\":\"https:\\\/\\\/auren.com\\\/co\\\/#\\\/schema\\\/logo\\\/image\\\/\",\"url\":\"https:\\\/\\\/auren.com\\\/co\\\/wp-content\\\/uploads\\\/2025\\\/01\\\/cropped-cropped-favicon-Auren.png\",\"contentUrl\":\"https:\\\/\\\/auren.com\\\/co\\\/wp-content\\\/uploads\\\/2025\\\/01\\\/cropped-cropped-favicon-Auren.png\",\"width\":512,\"height\":512,\"caption\":\"Auren Colombia\"},\"image\":{\"@id\":\"https:\\\/\\\/auren.com\\\/co\\\/#\\\/schema\\\/logo\\\/image\\\/\"},\"sameAs\":[\"https:\\\/\\\/x.com\\\/AurenColombia\",\"https:\\\/\\\/www.instagram.com\\\/aurencolombia\\\/\",\"https:\\\/\\\/www.youtube.com\\\/channel\\\/UCRYoGRMR_k4oVWesdErApmA\",\"https:\\\/\\\/www.linkedin.com\\\/company\\\/auren-colombia\"]}]}<\/script>\n<!-- \/ Yoast SEO plugin. -->","yoast_head_json":{"title":"Reducci\u00f3n semanas de cotizaci\u00f3n para mujeres","description":"Recientemente la Corte Constitucional public\u00f3 la Sentencia C-197 de 2023 que declar\u00f3 inexequible el inciso 2 del numeral 2 del art\u00edculo 9...","robots":{"index":"index","follow":"follow","max-snippet":"max-snippet:-1","max-image-preview":"max-image-preview:large","max-video-preview":"max-video-preview:-1"},"canonical":"https:\/\/auren.com\/co\/blog\/reduccion-semanas-de-cotizacion-para-mujeres\/","og_locale":"es_ES","og_type":"article","og_title":"Reducci\u00f3n semanas de cotizaci\u00f3n para mujeres","og_description":"Recientemente la Corte Constitucional public\u00f3 la Sentencia C-197 de 2023 que declar\u00f3 inexequible el inciso 2 del numeral 2 del art\u00edculo 9...","og_url":"https:\/\/auren.com\/co\/blog\/reduccion-semanas-de-cotizacion-para-mujeres\/","og_site_name":"Auren Colombia","article_modified_time":"2025-08-26T22:12:47+00:00","og_image":[{"width":1024,"height":874,"url":"https:\/\/auren.com\/co\/wp-content\/uploads\/2023\/10\/Reduccion-semanas-de-cotizacion-para-mujeres-1024x874.jpg","type":"image\/jpeg"}],"twitter_card":"summary_large_image","twitter_site":"@AurenColombia","twitter_misc":{"Tiempo de lectura":"2 minutos"},"schema":{"@context":"https:\/\/schema.org","@graph":[{"@type":"WebPage","@id":"https:\/\/auren.com\/co\/blog\/reduccion-semanas-de-cotizacion-para-mujeres\/","url":"https:\/\/auren.com\/co\/blog\/reduccion-semanas-de-cotizacion-para-mujeres\/","name":"Reducci\u00f3n semanas de cotizaci\u00f3n para mujeres","isPartOf":{"@id":"https:\/\/auren.com\/co\/#website"},"primaryImageOfPage":{"@id":"https:\/\/auren.com\/co\/blog\/reduccion-semanas-de-cotizacion-para-mujeres\/#primaryimage"},"image":{"@id":"https:\/\/auren.com\/co\/blog\/reduccion-semanas-de-cotizacion-para-mujeres\/#primaryimage"},"thumbnailUrl":"https:\/\/auren.com\/co\/wp-content\/uploads\/2023\/10\/Reduccion-semanas-de-cotizacion-para-mujeres.jpg","datePublished":"2023-10-31T10:17:04+00:00","dateModified":"2025-08-26T22:12:47+00:00","description":"Recientemente la Corte Constitucional public\u00f3 la Sentencia C-197 de 2023 que declar\u00f3 inexequible el inciso 2 del numeral 2 del art\u00edculo 9...","breadcrumb":{"@id":"https:\/\/auren.com\/co\/blog\/reduccion-semanas-de-cotizacion-para-mujeres\/#breadcrumb"},"inLanguage":"es","potentialAction":[{"@type":"ReadAction","target":["https:\/\/auren.com\/co\/blog\/reduccion-semanas-de-cotizacion-para-mujeres\/"]}]},{"@type":"ImageObject","inLanguage":"es","@id":"https:\/\/auren.com\/co\/blog\/reduccion-semanas-de-cotizacion-para-mujeres\/#primaryimage","url":"https:\/\/auren.com\/co\/wp-content\/uploads\/2023\/10\/Reduccion-semanas-de-cotizacion-para-mujeres.jpg","contentUrl":"https:\/\/auren.com\/co\/wp-content\/uploads\/2023\/10\/Reduccion-semanas-de-cotizacion-para-mujeres.jpg","width":1532,"height":1307,"caption":"Reducci\u00f3n semanas de cotizaci\u00f3n para mujeres"},{"@type":"BreadcrumbList","@id":"https:\/\/auren.com\/co\/blog\/reduccion-semanas-de-cotizacion-para-mujeres\/#breadcrumb","itemListElement":[{"@type":"ListItem","position":1,"name":"Portada","item":"https:\/\/auren.com\/co\/"},{"@type":"ListItem","position":2,"name":"Reducci\u00f3n semanas de cotizaci\u00f3n para mujeres"}]},{"@type":"WebSite","@id":"https:\/\/auren.com\/co\/#website","url":"https:\/\/auren.com\/co\/","name":"Auren Colombia","description":"","publisher":{"@id":"https:\/\/auren.com\/co\/#organization"},"potentialAction":[{"@type":"SearchAction","target":{"@type":"EntryPoint","urlTemplate":"https:\/\/auren.com\/co\/?s={search_term_string}"},"query-input":{"@type":"PropertyValueSpecification","valueRequired":true,"valueName":"search_term_string"}}],"inLanguage":"es"},{"@type":"Organization","@id":"https:\/\/auren.com\/co\/#organization","name":"Auren Colombia","url":"https:\/\/auren.com\/co\/","logo":{"@type":"ImageObject","inLanguage":"es","@id":"https:\/\/auren.com\/co\/#\/schema\/logo\/image\/","url":"https:\/\/auren.com\/co\/wp-content\/uploads\/2025\/01\/cropped-cropped-favicon-Auren.png","contentUrl":"https:\/\/auren.com\/co\/wp-content\/uploads\/2025\/01\/cropped-cropped-favicon-Auren.png","width":512,"height":512,"caption":"Auren Colombia"},"image":{"@id":"https:\/\/auren.com\/co\/#\/schema\/logo\/image\/"},"sameAs":["https:\/\/x.com\/AurenColombia","https:\/\/www.instagram.com\/aurencolombia\/","https:\/\/www.youtube.com\/channel\/UCRYoGRMR_k4oVWesdErApmA","https:\/\/www.linkedin.com\/company\/auren-colombia"]}]}},"_links":{"self":[{"href":"https:\/\/auren.com\/co\/wp-json\/wp\/v2\/blog\/8499","targetHints":{"allow":["GET"]}}],"collection":[{"href":"https:\/\/auren.com\/co\/wp-json\/wp\/v2\/blog"}],"about":[{"href":"https:\/\/auren.com\/co\/wp-json\/wp\/v2\/types\/blog"}],"version-history":[{"count":0,"href":"https:\/\/auren.com\/co\/wp-json\/wp\/v2\/blog\/8499\/revisions"}],"wp:featuredmedia":[{"embeddable":true,"href":"https:\/\/auren.com\/co\/wp-json\/wp\/v2\/media\/16678"}],"wp:attachment":[{"href":"https:\/\/auren.com\/co\/wp-json\/wp\/v2\/media?parent=8499"}],"wp:term":[{"taxonomy":"blog-category","embeddable":true,"href":"https:\/\/auren.com\/co\/wp-json\/wp\/v2\/blog-category?post=8499"}],"curies":[{"name":"wp","href":"https:\/\/api.w.org\/{rel}","templated":true}]}}