{"id":8715,"date":"2021-11-10T08:57:13","date_gmt":"2021-11-10T07:57:13","guid":{"rendered":"https:\/\/auren.com\/co\/blog\/la-direccion-de-impuestos-y-aduanas-nacionales-recuerda-aspectos-importantes-sobre-el-impuesto-sobre-las-ventas\/"},"modified":"2021-11-10T08:57:13","modified_gmt":"2021-11-10T07:57:13","slug":"la-direccion-de-impuestos-y-aduanas-nacionales-recuerda-aspectos-importantes-sobre-el-impuesto-sobre-las-ventas","status":"publish","type":"blog","link":"https:\/\/auren.com\/co\/blog\/la-direccion-de-impuestos-y-aduanas-nacionales-recuerda-aspectos-importantes-sobre-el-impuesto-sobre-las-ventas\/","title":{"rendered":"La Direcci\u00f3n de Impuestos y Aduanas Nacionales recuerda aspectos importantes sobre el impuesto sobre las ventas"},"content":{"rendered":"<p>La Direcci\u00f3n de Impuestos y Aduanas Nacionales, mediante Concepto 1210 (907832) del 5 de noviembre de 2021, record\u00f3 aspectos importantes acerca del impuesto sobre las ventas y su aplicaci\u00f3n a los contribuyentes.<\/p>\n<p>La Entidad comenz\u00f3 recordando qui\u00e9nes son las partes que participan en el pago y recaudo de este impuesto. Al respecto, la entidad se\u00f1al\u00f3 que el impuesto sobre las ventas o IVA es un impuesto indirecto, en el cual el sujeto pasivo (el obligado a pagar dicho impuesto) est\u00e1 compuesto por dos personas. Por un lado, est\u00e1 el sujeto pasivo econ\u00f3mico, es decir, la persona que soporta o asume el impuesto. Por el otro lado, est\u00e1 el sujeto encargado de recaudar el impuesto, quien es el encargado de actuar como recaudador y debe cumplir las obligaciones que le impone el Estado, o de lo contrario, puede ser sujeto de sanci\u00f3n administrativas o penales.<\/p>\n<p>Conforme a lo anterior, la entidad se\u00f1al\u00f3 que el pago del impuesto por parte del sujeto pasivo econ\u00f3mico no supone, en ning\u00fan momento, un ingreso para el sujeto recaudador del que pueda disponer pues <em>\u201cel referido concepto no tiene naturaleza de ingreso ni contable ni tributario\u201d.<\/em><\/p>\n<p>Finalmente, la autoridad administrativa cit\u00f3 el concepto 00001 del 19 de junio de 2003, expedido por esta misma entidad, en el cual se\u00f1al\u00f3 que <em>\u201cEl Estado como acreedor del v\u00ednculo jur\u00eddico queda facultado para exigir unilateral y obligatoriamente el pago del impuesto, cuando se realiza el hecho generador; Para (sic) efectos de la administraci\u00f3n del IVA est\u00e1 representado por la Dian\u201d.<\/em><\/p>\n<p><a href=\"https:\/\/auren.com\/co\/blog\">Blog: Auren Colombia<\/a><\/p>\n<blockquote class=\"wp-block-quote\">\n<p>Fuente<\/p>\n<p><cite><a href=\"https:\/\/www.dian.gov.co\/\">Direcci\u00f3n de Impuestos y Aduanas Nacionales, Concepto 1210 (907832), 5\/10\/2021.<\/a><\/cite><\/p><\/blockquote>\n<p><!-- AddThis Advanced Settings generic via filter on the_content --><!-- AddThis Share Buttons generic via filter on the_content --><\/p>\n","protected":false},"excerpt":{"rendered":"<p>La Direcci\u00f3n de Impuestos y Aduanas Nacionales, mediante Concepto 1210 (907832) del 5 de noviembre de 2021, record\u00f3 aspectos importantes acerca del impuesto sobre las ventas y su aplicaci\u00f3n a [&hellip;]<\/p>\n","protected":false},"featured_media":8716,"template":"","meta":{"_acf_changed":false,"footnotes":""},"blog-category":[],"class_list":["post-8715","blog","type-blog","status-publish","has-post-thumbnail","hentry"],"acf":[],"yoast_head":"<!-- This site is optimized with the Yoast SEO plugin v27.5 - https:\/\/yoast.com\/product\/yoast-seo-wordpress\/ -->\n<title>La Direcci\u00f3n de Impuestos y Aduanas Nacionales recuerda aspectos importantes sobre el impuesto sobre las ventas - Auren Colombia<\/title>\n<meta name=\"description\" content=\"La DIAN, mediante Concepto 1210 (907832) del 5 de noviembre de 2021, record\u00f3 aspectos importantes acerca del impuesto sobre las ventas...\" \/>\n<meta name=\"robots\" content=\"index, follow, max-snippet:-1, max-image-preview:large, max-video-preview:-1\" \/>\n<link rel=\"canonical\" href=\"https:\/\/auren.com\/co\/blog\/la-direccion-de-impuestos-y-aduanas-nacionales-recuerda-aspectos-importantes-sobre-el-impuesto-sobre-las-ventas\/\" \/>\n<meta property=\"og:locale\" content=\"es_ES\" \/>\n<meta property=\"og:type\" content=\"article\" \/>\n<meta property=\"og:title\" content=\"La Direcci\u00f3n de Impuestos y Aduanas Nacionales recuerda aspectos importantes sobre el impuesto sobre las ventas - Auren Colombia\" \/>\n<meta property=\"og:description\" content=\"La DIAN, mediante Concepto 1210 (907832) del 5 de noviembre de 2021, record\u00f3 aspectos importantes acerca del impuesto sobre las ventas...\" \/>\n<meta property=\"og:url\" content=\"https:\/\/auren.com\/co\/blog\/la-direccion-de-impuestos-y-aduanas-nacionales-recuerda-aspectos-importantes-sobre-el-impuesto-sobre-las-ventas\/\" \/>\n<meta property=\"og:site_name\" content=\"Auren Colombia\" \/>\n<meta property=\"og:image\" content=\"https:\/\/auren.com\/co\/wp-content\/uploads\/2021\/11\/impuesto-sobre-las-ventas-scaled-2.jpg\" \/>\n\t<meta property=\"og:image:width\" content=\"2560\" \/>\n\t<meta property=\"og:image:height\" content=\"1771\" \/>\n\t<meta property=\"og:image:type\" content=\"image\/jpeg\" \/>\n<meta name=\"twitter:card\" content=\"summary_large_image\" \/>\n<meta name=\"twitter:site\" content=\"@AurenColombia\" \/>\n<meta name=\"twitter:label1\" content=\"Tiempo de lectura\" \/>\n\t<meta name=\"twitter:data1\" content=\"1 minuto\" \/>\n<script type=\"application\/ld+json\" class=\"yoast-schema-graph\">{\"@context\":\"https:\\\/\\\/schema.org\",\"@graph\":[{\"@type\":\"WebPage\",\"@id\":\"https:\\\/\\\/auren.com\\\/co\\\/blog\\\/la-direccion-de-impuestos-y-aduanas-nacionales-recuerda-aspectos-importantes-sobre-el-impuesto-sobre-las-ventas\\\/\",\"url\":\"https:\\\/\\\/auren.com\\\/co\\\/blog\\\/la-direccion-de-impuestos-y-aduanas-nacionales-recuerda-aspectos-importantes-sobre-el-impuesto-sobre-las-ventas\\\/\",\"name\":\"La Direcci\u00f3n de Impuestos y Aduanas Nacionales recuerda aspectos importantes sobre el impuesto sobre las ventas - Auren Colombia\",\"isPartOf\":{\"@id\":\"https:\\\/\\\/auren.com\\\/co\\\/#website\"},\"primaryImageOfPage\":{\"@id\":\"https:\\\/\\\/auren.com\\\/co\\\/blog\\\/la-direccion-de-impuestos-y-aduanas-nacionales-recuerda-aspectos-importantes-sobre-el-impuesto-sobre-las-ventas\\\/#primaryimage\"},\"image\":{\"@id\":\"https:\\\/\\\/auren.com\\\/co\\\/blog\\\/la-direccion-de-impuestos-y-aduanas-nacionales-recuerda-aspectos-importantes-sobre-el-impuesto-sobre-las-ventas\\\/#primaryimage\"},\"thumbnailUrl\":\"https:\\\/\\\/auren.com\\\/co\\\/wp-content\\\/uploads\\\/2021\\\/11\\\/impuesto-sobre-las-ventas-scaled-2.jpg\",\"datePublished\":\"2021-11-10T07:57:13+00:00\",\"description\":\"La DIAN, mediante Concepto 1210 (907832) del 5 de noviembre de 2021, record\u00f3 aspectos importantes acerca del impuesto sobre las ventas...\",\"breadcrumb\":{\"@id\":\"https:\\\/\\\/auren.com\\\/co\\\/blog\\\/la-direccion-de-impuestos-y-aduanas-nacionales-recuerda-aspectos-importantes-sobre-el-impuesto-sobre-las-ventas\\\/#breadcrumb\"},\"inLanguage\":\"es\",\"potentialAction\":[{\"@type\":\"ReadAction\",\"target\":[\"https:\\\/\\\/auren.com\\\/co\\\/blog\\\/la-direccion-de-impuestos-y-aduanas-nacionales-recuerda-aspectos-importantes-sobre-el-impuesto-sobre-las-ventas\\\/\"]}]},{\"@type\":\"ImageObject\",\"inLanguage\":\"es\",\"@id\":\"https:\\\/\\\/auren.com\\\/co\\\/blog\\\/la-direccion-de-impuestos-y-aduanas-nacionales-recuerda-aspectos-importantes-sobre-el-impuesto-sobre-las-ventas\\\/#primaryimage\",\"url\":\"https:\\\/\\\/auren.com\\\/co\\\/wp-content\\\/uploads\\\/2021\\\/11\\\/impuesto-sobre-las-ventas-scaled-2.jpg\",\"contentUrl\":\"https:\\\/\\\/auren.com\\\/co\\\/wp-content\\\/uploads\\\/2021\\\/11\\\/impuesto-sobre-las-ventas-scaled-2.jpg\",\"width\":2560,\"height\":1771},{\"@type\":\"BreadcrumbList\",\"@id\":\"https:\\\/\\\/auren.com\\\/co\\\/blog\\\/la-direccion-de-impuestos-y-aduanas-nacionales-recuerda-aspectos-importantes-sobre-el-impuesto-sobre-las-ventas\\\/#breadcrumb\",\"itemListElement\":[{\"@type\":\"ListItem\",\"position\":1,\"name\":\"Portada\",\"item\":\"https:\\\/\\\/auren.com\\\/co\\\/\"},{\"@type\":\"ListItem\",\"position\":2,\"name\":\"La Direcci\u00f3n de Impuestos y Aduanas Nacionales recuerda aspectos importantes sobre el impuesto sobre las ventas\"}]},{\"@type\":\"WebSite\",\"@id\":\"https:\\\/\\\/auren.com\\\/co\\\/#website\",\"url\":\"https:\\\/\\\/auren.com\\\/co\\\/\",\"name\":\"Auren Colombia\",\"description\":\"\",\"publisher\":{\"@id\":\"https:\\\/\\\/auren.com\\\/co\\\/#organization\"},\"potentialAction\":[{\"@type\":\"SearchAction\",\"target\":{\"@type\":\"EntryPoint\",\"urlTemplate\":\"https:\\\/\\\/auren.com\\\/co\\\/?s={search_term_string}\"},\"query-input\":{\"@type\":\"PropertyValueSpecification\",\"valueRequired\":true,\"valueName\":\"search_term_string\"}}],\"inLanguage\":\"es\"},{\"@type\":\"Organization\",\"@id\":\"https:\\\/\\\/auren.com\\\/co\\\/#organization\",\"name\":\"Auren Colombia\",\"url\":\"https:\\\/\\\/auren.com\\\/co\\\/\",\"logo\":{\"@type\":\"ImageObject\",\"inLanguage\":\"es\",\"@id\":\"https:\\\/\\\/auren.com\\\/co\\\/#\\\/schema\\\/logo\\\/image\\\/\",\"url\":\"https:\\\/\\\/auren.com\\\/co\\\/wp-content\\\/uploads\\\/2025\\\/01\\\/cropped-cropped-favicon-Auren.png\",\"contentUrl\":\"https:\\\/\\\/auren.com\\\/co\\\/wp-content\\\/uploads\\\/2025\\\/01\\\/cropped-cropped-favicon-Auren.png\",\"width\":512,\"height\":512,\"caption\":\"Auren Colombia\"},\"image\":{\"@id\":\"https:\\\/\\\/auren.com\\\/co\\\/#\\\/schema\\\/logo\\\/image\\\/\"},\"sameAs\":[\"https:\\\/\\\/x.com\\\/AurenColombia\",\"https:\\\/\\\/www.instagram.com\\\/aurencolombia\\\/\",\"https:\\\/\\\/www.youtube.com\\\/channel\\\/UCRYoGRMR_k4oVWesdErApmA\",\"https:\\\/\\\/www.linkedin.com\\\/company\\\/auren-colombia\"]}]}<\/script>\n<!-- \/ Yoast SEO plugin. -->","yoast_head_json":{"title":"La Direcci\u00f3n de Impuestos y Aduanas Nacionales recuerda aspectos importantes sobre el impuesto sobre las ventas - Auren Colombia","description":"La DIAN, mediante Concepto 1210 (907832) del 5 de noviembre de 2021, record\u00f3 aspectos importantes acerca del impuesto sobre las ventas...","robots":{"index":"index","follow":"follow","max-snippet":"max-snippet:-1","max-image-preview":"max-image-preview:large","max-video-preview":"max-video-preview:-1"},"canonical":"https:\/\/auren.com\/co\/blog\/la-direccion-de-impuestos-y-aduanas-nacionales-recuerda-aspectos-importantes-sobre-el-impuesto-sobre-las-ventas\/","og_locale":"es_ES","og_type":"article","og_title":"La Direcci\u00f3n de Impuestos y Aduanas Nacionales recuerda aspectos importantes sobre el impuesto sobre las ventas - Auren Colombia","og_description":"La DIAN, mediante Concepto 1210 (907832) del 5 de noviembre de 2021, record\u00f3 aspectos importantes acerca del impuesto sobre las ventas...","og_url":"https:\/\/auren.com\/co\/blog\/la-direccion-de-impuestos-y-aduanas-nacionales-recuerda-aspectos-importantes-sobre-el-impuesto-sobre-las-ventas\/","og_site_name":"Auren Colombia","og_image":[{"width":2560,"height":1771,"url":"https:\/\/auren.com\/co\/wp-content\/uploads\/2021\/11\/impuesto-sobre-las-ventas-scaled-2.jpg","type":"image\/jpeg"}],"twitter_card":"summary_large_image","twitter_site":"@AurenColombia","twitter_misc":{"Tiempo de lectura":"1 minuto"},"schema":{"@context":"https:\/\/schema.org","@graph":[{"@type":"WebPage","@id":"https:\/\/auren.com\/co\/blog\/la-direccion-de-impuestos-y-aduanas-nacionales-recuerda-aspectos-importantes-sobre-el-impuesto-sobre-las-ventas\/","url":"https:\/\/auren.com\/co\/blog\/la-direccion-de-impuestos-y-aduanas-nacionales-recuerda-aspectos-importantes-sobre-el-impuesto-sobre-las-ventas\/","name":"La Direcci\u00f3n de Impuestos y Aduanas Nacionales recuerda aspectos importantes sobre el impuesto sobre las ventas - Auren Colombia","isPartOf":{"@id":"https:\/\/auren.com\/co\/#website"},"primaryImageOfPage":{"@id":"https:\/\/auren.com\/co\/blog\/la-direccion-de-impuestos-y-aduanas-nacionales-recuerda-aspectos-importantes-sobre-el-impuesto-sobre-las-ventas\/#primaryimage"},"image":{"@id":"https:\/\/auren.com\/co\/blog\/la-direccion-de-impuestos-y-aduanas-nacionales-recuerda-aspectos-importantes-sobre-el-impuesto-sobre-las-ventas\/#primaryimage"},"thumbnailUrl":"https:\/\/auren.com\/co\/wp-content\/uploads\/2021\/11\/impuesto-sobre-las-ventas-scaled-2.jpg","datePublished":"2021-11-10T07:57:13+00:00","description":"La DIAN, mediante Concepto 1210 (907832) del 5 de noviembre de 2021, record\u00f3 aspectos importantes acerca del impuesto sobre las ventas...","breadcrumb":{"@id":"https:\/\/auren.com\/co\/blog\/la-direccion-de-impuestos-y-aduanas-nacionales-recuerda-aspectos-importantes-sobre-el-impuesto-sobre-las-ventas\/#breadcrumb"},"inLanguage":"es","potentialAction":[{"@type":"ReadAction","target":["https:\/\/auren.com\/co\/blog\/la-direccion-de-impuestos-y-aduanas-nacionales-recuerda-aspectos-importantes-sobre-el-impuesto-sobre-las-ventas\/"]}]},{"@type":"ImageObject","inLanguage":"es","@id":"https:\/\/auren.com\/co\/blog\/la-direccion-de-impuestos-y-aduanas-nacionales-recuerda-aspectos-importantes-sobre-el-impuesto-sobre-las-ventas\/#primaryimage","url":"https:\/\/auren.com\/co\/wp-content\/uploads\/2021\/11\/impuesto-sobre-las-ventas-scaled-2.jpg","contentUrl":"https:\/\/auren.com\/co\/wp-content\/uploads\/2021\/11\/impuesto-sobre-las-ventas-scaled-2.jpg","width":2560,"height":1771},{"@type":"BreadcrumbList","@id":"https:\/\/auren.com\/co\/blog\/la-direccion-de-impuestos-y-aduanas-nacionales-recuerda-aspectos-importantes-sobre-el-impuesto-sobre-las-ventas\/#breadcrumb","itemListElement":[{"@type":"ListItem","position":1,"name":"Portada","item":"https:\/\/auren.com\/co\/"},{"@type":"ListItem","position":2,"name":"La Direcci\u00f3n de Impuestos y Aduanas Nacionales recuerda aspectos importantes sobre el impuesto sobre las ventas"}]},{"@type":"WebSite","@id":"https:\/\/auren.com\/co\/#website","url":"https:\/\/auren.com\/co\/","name":"Auren Colombia","description":"","publisher":{"@id":"https:\/\/auren.com\/co\/#organization"},"potentialAction":[{"@type":"SearchAction","target":{"@type":"EntryPoint","urlTemplate":"https:\/\/auren.com\/co\/?s={search_term_string}"},"query-input":{"@type":"PropertyValueSpecification","valueRequired":true,"valueName":"search_term_string"}}],"inLanguage":"es"},{"@type":"Organization","@id":"https:\/\/auren.com\/co\/#organization","name":"Auren Colombia","url":"https:\/\/auren.com\/co\/","logo":{"@type":"ImageObject","inLanguage":"es","@id":"https:\/\/auren.com\/co\/#\/schema\/logo\/image\/","url":"https:\/\/auren.com\/co\/wp-content\/uploads\/2025\/01\/cropped-cropped-favicon-Auren.png","contentUrl":"https:\/\/auren.com\/co\/wp-content\/uploads\/2025\/01\/cropped-cropped-favicon-Auren.png","width":512,"height":512,"caption":"Auren Colombia"},"image":{"@id":"https:\/\/auren.com\/co\/#\/schema\/logo\/image\/"},"sameAs":["https:\/\/x.com\/AurenColombia","https:\/\/www.instagram.com\/aurencolombia\/","https:\/\/www.youtube.com\/channel\/UCRYoGRMR_k4oVWesdErApmA","https:\/\/www.linkedin.com\/company\/auren-colombia"]}]}},"_links":{"self":[{"href":"https:\/\/auren.com\/co\/wp-json\/wp\/v2\/blog\/8715","targetHints":{"allow":["GET"]}}],"collection":[{"href":"https:\/\/auren.com\/co\/wp-json\/wp\/v2\/blog"}],"about":[{"href":"https:\/\/auren.com\/co\/wp-json\/wp\/v2\/types\/blog"}],"version-history":[{"count":0,"href":"https:\/\/auren.com\/co\/wp-json\/wp\/v2\/blog\/8715\/revisions"}],"wp:featuredmedia":[{"embeddable":true,"href":"https:\/\/auren.com\/co\/wp-json\/wp\/v2\/media\/8716"}],"wp:attachment":[{"href":"https:\/\/auren.com\/co\/wp-json\/wp\/v2\/media?parent=8715"}],"wp:term":[{"taxonomy":"blog-category","embeddable":true,"href":"https:\/\/auren.com\/co\/wp-json\/wp\/v2\/blog-category?post=8715"}],"curies":[{"name":"wp","href":"https:\/\/api.w.org\/{rel}","templated":true}]}}