{"id":8997,"date":"2021-08-18T09:21:12","date_gmt":"2021-08-18T07:21:12","guid":{"rendered":"https:\/\/auren.com\/co\/blog\/tarifa-especial-de-retencion-en-la-fuente-a-actividades-de-la-economia-naranja\/"},"modified":"2021-08-18T09:21:12","modified_gmt":"2021-08-18T07:21:12","slug":"tarifa-especial-de-retencion-en-la-fuente-a-actividades-de-la-economia-naranja","status":"publish","type":"blog","link":"https:\/\/auren.com\/co\/blog\/tarifa-especial-de-retencion-en-la-fuente-a-actividades-de-la-economia-naranja\/","title":{"rendered":"Tarifa especial de retenci\u00f3n en la fuente a actividades de la econom\u00eda naranja"},"content":{"rendered":"<p>La Direcci\u00f3n de Impuestos y Aduanas Nacionales, en Concepto 830 (905426) del 4 de junio de 2021, puso de presente una novedad en materia tributaria que trajo consigo la Ley 2070 del 2020 <em>\u201cpor la cual se dictan medidas para la reactivaci\u00f3n y fortalecimiento del sector cultura, se crea el fondo para la promoci\u00f3n del patrimonio, la cultura, las artes y la creatividadfoncultura y se dictan otras disposiciones\u201d<\/em><\/p>\n<p>El art\u00edculo 16 de esta Ley modific\u00f3 el art\u00edculo 392 del Estatuto Tributario (Decreto 624 de 1989) para adicionarle una tarifa de retenci\u00f3n en la fuente a t\u00edtulo de impuesto sobre la renta del 4% <em>\u201csobre los pagos o abonos en cuenta por concepto de honorarios, comisiones y prestaci\u00f3n de servicios\u201d<\/em> a las veintisiete (27) actividades de inclusi\u00f3n total de la Cuenta Sat\u00e9lite de Cultura y Econom\u00eda Naranja del Departamento Administrativo Nacional de Estad\u00edstica -DANE.<\/p>\n<p>Dentro de las actividades que quedaron gravadas con tarifa especial est\u00e1n las relacionadas con la publicidad (7310) que comprenden una gran gama de actividades creativas que hacen parte de la econom\u00eda naranja por la producci\u00f3n creativa que lleva consigo en las cuales los derechos de autor son el eje principal.<\/p>\n<p>Sin embargo, la aplicaci\u00f3n de esta tarifa no se har\u00e1 indistintamente a cualquier actividad que se haga pasar por algunas de las incluidas en el art\u00edculo 16 de la Ley 2070 del 2020, si no que esta depender\u00e1 de la naturaleza de la actividad, el fin u objeto de esta, entre otros factores.<\/p>\n<blockquote class=\"wp-block-quote\">\n<p>Fuente<\/p>\n<p><cite><a href=\"https:\/\/www.dian.gov.co\/fizcalizacioncontrol\/herramienconsulta\/NIIF\/ConceptosDian\/Paginas\/default.aspx\">Direcci\u00f3n de Impuestos y Aduanas Nacionales en Concepto \u2013 DIAN &#8211; 830 (905426) del 4 de junio de 2021.<\/a><\/cite><\/p><\/blockquote>\n<p><!-- AddThis Advanced Settings generic via filter on the_content --><!-- AddThis Share Buttons generic via filter on the_content --><\/p>\n","protected":false},"excerpt":{"rendered":"<p>La Direcci\u00f3n de Impuestos y Aduanas Nacionales, en Concepto 830 (905426) del 4 de junio de 2021, puso de presente una novedad en materia tributaria que trajo consigo la Ley [&hellip;]<\/p>\n","protected":false},"featured_media":8998,"template":"","meta":{"_acf_changed":false,"footnotes":""},"blog-category":[],"class_list":["post-8997","blog","type-blog","status-publish","has-post-thumbnail","hentry"],"acf":[],"yoast_head":"<!-- This site is optimized with the Yoast SEO plugin v27.5 - https:\/\/yoast.com\/product\/yoast-seo-wordpress\/ -->\n<title>Tarifa especial de retenci\u00f3n en la fuente a actividades de la econom\u00eda naranja - Auren Colombia<\/title>\n<meta name=\"description\" content=\"El art\u00edculo 16 de esta Ley modific\u00f3 el art\u00edculo 392 del Estatuto Tributario (Decreto 624 de 1989) para adicionarle una tarifa de retenci\u00f3n en la fuente...\" \/>\n<meta name=\"robots\" content=\"index, follow, max-snippet:-1, max-image-preview:large, max-video-preview:-1\" \/>\n<link rel=\"canonical\" href=\"https:\/\/auren.com\/co\/blog\/tarifa-especial-de-retencion-en-la-fuente-a-actividades-de-la-economia-naranja\/\" \/>\n<meta property=\"og:locale\" content=\"es_ES\" \/>\n<meta property=\"og:type\" content=\"article\" \/>\n<meta property=\"og:title\" content=\"Tarifa especial de retenci\u00f3n en la fuente a actividades de la econom\u00eda naranja - Auren Colombia\" \/>\n<meta property=\"og:description\" content=\"El art\u00edculo 16 de esta Ley modific\u00f3 el art\u00edculo 392 del Estatuto Tributario (Decreto 624 de 1989) para adicionarle una tarifa de retenci\u00f3n en la fuente...\" \/>\n<meta property=\"og:url\" content=\"https:\/\/auren.com\/co\/blog\/tarifa-especial-de-retencion-en-la-fuente-a-actividades-de-la-economia-naranja\/\" \/>\n<meta property=\"og:site_name\" content=\"Auren Colombia\" \/>\n<meta property=\"og:image\" content=\"https:\/\/auren.com\/co\/wp-content\/uploads\/2021\/08\/retencion-en-la-fuente-1.jpg\" \/>\n\t<meta property=\"og:image:width\" content=\"1280\" \/>\n\t<meta property=\"og:image:height\" content=\"853\" \/>\n\t<meta property=\"og:image:type\" content=\"image\/jpeg\" \/>\n<meta name=\"twitter:card\" content=\"summary_large_image\" \/>\n<meta name=\"twitter:site\" content=\"@AurenColombia\" \/>\n<meta name=\"twitter:label1\" content=\"Tiempo de lectura\" \/>\n\t<meta name=\"twitter:data1\" content=\"1 minuto\" \/>\n<script type=\"application\/ld+json\" class=\"yoast-schema-graph\">{\"@context\":\"https:\\\/\\\/schema.org\",\"@graph\":[{\"@type\":\"WebPage\",\"@id\":\"https:\\\/\\\/auren.com\\\/co\\\/blog\\\/tarifa-especial-de-retencion-en-la-fuente-a-actividades-de-la-economia-naranja\\\/\",\"url\":\"https:\\\/\\\/auren.com\\\/co\\\/blog\\\/tarifa-especial-de-retencion-en-la-fuente-a-actividades-de-la-economia-naranja\\\/\",\"name\":\"Tarifa especial de retenci\u00f3n en la fuente a actividades de la econom\u00eda naranja - Auren Colombia\",\"isPartOf\":{\"@id\":\"https:\\\/\\\/auren.com\\\/co\\\/#website\"},\"primaryImageOfPage\":{\"@id\":\"https:\\\/\\\/auren.com\\\/co\\\/blog\\\/tarifa-especial-de-retencion-en-la-fuente-a-actividades-de-la-economia-naranja\\\/#primaryimage\"},\"image\":{\"@id\":\"https:\\\/\\\/auren.com\\\/co\\\/blog\\\/tarifa-especial-de-retencion-en-la-fuente-a-actividades-de-la-economia-naranja\\\/#primaryimage\"},\"thumbnailUrl\":\"https:\\\/\\\/auren.com\\\/co\\\/wp-content\\\/uploads\\\/2021\\\/08\\\/retencion-en-la-fuente-1.jpg\",\"datePublished\":\"2021-08-18T07:21:12+00:00\",\"description\":\"El art\u00edculo 16 de esta Ley modific\u00f3 el art\u00edculo 392 del Estatuto Tributario (Decreto 624 de 1989) para adicionarle una tarifa de retenci\u00f3n en la fuente...\",\"breadcrumb\":{\"@id\":\"https:\\\/\\\/auren.com\\\/co\\\/blog\\\/tarifa-especial-de-retencion-en-la-fuente-a-actividades-de-la-economia-naranja\\\/#breadcrumb\"},\"inLanguage\":\"es\",\"potentialAction\":[{\"@type\":\"ReadAction\",\"target\":[\"https:\\\/\\\/auren.com\\\/co\\\/blog\\\/tarifa-especial-de-retencion-en-la-fuente-a-actividades-de-la-economia-naranja\\\/\"]}]},{\"@type\":\"ImageObject\",\"inLanguage\":\"es\",\"@id\":\"https:\\\/\\\/auren.com\\\/co\\\/blog\\\/tarifa-especial-de-retencion-en-la-fuente-a-actividades-de-la-economia-naranja\\\/#primaryimage\",\"url\":\"https:\\\/\\\/auren.com\\\/co\\\/wp-content\\\/uploads\\\/2021\\\/08\\\/retencion-en-la-fuente-1.jpg\",\"contentUrl\":\"https:\\\/\\\/auren.com\\\/co\\\/wp-content\\\/uploads\\\/2021\\\/08\\\/retencion-en-la-fuente-1.jpg\",\"width\":1280,\"height\":853},{\"@type\":\"BreadcrumbList\",\"@id\":\"https:\\\/\\\/auren.com\\\/co\\\/blog\\\/tarifa-especial-de-retencion-en-la-fuente-a-actividades-de-la-economia-naranja\\\/#breadcrumb\",\"itemListElement\":[{\"@type\":\"ListItem\",\"position\":1,\"name\":\"Portada\",\"item\":\"https:\\\/\\\/auren.com\\\/co\\\/\"},{\"@type\":\"ListItem\",\"position\":2,\"name\":\"Tarifa especial de retenci\u00f3n en la fuente a actividades de la econom\u00eda naranja\"}]},{\"@type\":\"WebSite\",\"@id\":\"https:\\\/\\\/auren.com\\\/co\\\/#website\",\"url\":\"https:\\\/\\\/auren.com\\\/co\\\/\",\"name\":\"Auren Colombia\",\"description\":\"\",\"publisher\":{\"@id\":\"https:\\\/\\\/auren.com\\\/co\\\/#organization\"},\"potentialAction\":[{\"@type\":\"SearchAction\",\"target\":{\"@type\":\"EntryPoint\",\"urlTemplate\":\"https:\\\/\\\/auren.com\\\/co\\\/?s={search_term_string}\"},\"query-input\":{\"@type\":\"PropertyValueSpecification\",\"valueRequired\":true,\"valueName\":\"search_term_string\"}}],\"inLanguage\":\"es\"},{\"@type\":\"Organization\",\"@id\":\"https:\\\/\\\/auren.com\\\/co\\\/#organization\",\"name\":\"Auren Colombia\",\"url\":\"https:\\\/\\\/auren.com\\\/co\\\/\",\"logo\":{\"@type\":\"ImageObject\",\"inLanguage\":\"es\",\"@id\":\"https:\\\/\\\/auren.com\\\/co\\\/#\\\/schema\\\/logo\\\/image\\\/\",\"url\":\"https:\\\/\\\/auren.com\\\/co\\\/wp-content\\\/uploads\\\/2025\\\/01\\\/cropped-cropped-favicon-Auren.png\",\"contentUrl\":\"https:\\\/\\\/auren.com\\\/co\\\/wp-content\\\/uploads\\\/2025\\\/01\\\/cropped-cropped-favicon-Auren.png\",\"width\":512,\"height\":512,\"caption\":\"Auren Colombia\"},\"image\":{\"@id\":\"https:\\\/\\\/auren.com\\\/co\\\/#\\\/schema\\\/logo\\\/image\\\/\"},\"sameAs\":[\"https:\\\/\\\/x.com\\\/AurenColombia\",\"https:\\\/\\\/www.instagram.com\\\/aurencolombia\\\/\",\"https:\\\/\\\/www.youtube.com\\\/channel\\\/UCRYoGRMR_k4oVWesdErApmA\",\"https:\\\/\\\/www.linkedin.com\\\/company\\\/auren-colombia\"]}]}<\/script>\n<!-- \/ Yoast SEO plugin. -->","yoast_head_json":{"title":"Tarifa especial de retenci\u00f3n en la fuente a actividades de la econom\u00eda naranja - Auren Colombia","description":"El art\u00edculo 16 de esta Ley modific\u00f3 el art\u00edculo 392 del Estatuto Tributario (Decreto 624 de 1989) para adicionarle una tarifa de retenci\u00f3n en la fuente...","robots":{"index":"index","follow":"follow","max-snippet":"max-snippet:-1","max-image-preview":"max-image-preview:large","max-video-preview":"max-video-preview:-1"},"canonical":"https:\/\/auren.com\/co\/blog\/tarifa-especial-de-retencion-en-la-fuente-a-actividades-de-la-economia-naranja\/","og_locale":"es_ES","og_type":"article","og_title":"Tarifa especial de retenci\u00f3n en la fuente a actividades de la econom\u00eda naranja - Auren Colombia","og_description":"El art\u00edculo 16 de esta Ley modific\u00f3 el art\u00edculo 392 del Estatuto Tributario (Decreto 624 de 1989) para adicionarle una tarifa de retenci\u00f3n en la fuente...","og_url":"https:\/\/auren.com\/co\/blog\/tarifa-especial-de-retencion-en-la-fuente-a-actividades-de-la-economia-naranja\/","og_site_name":"Auren Colombia","og_image":[{"width":1280,"height":853,"url":"https:\/\/auren.com\/co\/wp-content\/uploads\/2021\/08\/retencion-en-la-fuente-1.jpg","type":"image\/jpeg"}],"twitter_card":"summary_large_image","twitter_site":"@AurenColombia","twitter_misc":{"Tiempo de lectura":"1 minuto"},"schema":{"@context":"https:\/\/schema.org","@graph":[{"@type":"WebPage","@id":"https:\/\/auren.com\/co\/blog\/tarifa-especial-de-retencion-en-la-fuente-a-actividades-de-la-economia-naranja\/","url":"https:\/\/auren.com\/co\/blog\/tarifa-especial-de-retencion-en-la-fuente-a-actividades-de-la-economia-naranja\/","name":"Tarifa especial de retenci\u00f3n en la fuente a actividades de la econom\u00eda naranja - Auren Colombia","isPartOf":{"@id":"https:\/\/auren.com\/co\/#website"},"primaryImageOfPage":{"@id":"https:\/\/auren.com\/co\/blog\/tarifa-especial-de-retencion-en-la-fuente-a-actividades-de-la-economia-naranja\/#primaryimage"},"image":{"@id":"https:\/\/auren.com\/co\/blog\/tarifa-especial-de-retencion-en-la-fuente-a-actividades-de-la-economia-naranja\/#primaryimage"},"thumbnailUrl":"https:\/\/auren.com\/co\/wp-content\/uploads\/2021\/08\/retencion-en-la-fuente-1.jpg","datePublished":"2021-08-18T07:21:12+00:00","description":"El art\u00edculo 16 de esta Ley modific\u00f3 el art\u00edculo 392 del Estatuto Tributario (Decreto 624 de 1989) para adicionarle una tarifa de retenci\u00f3n en la fuente...","breadcrumb":{"@id":"https:\/\/auren.com\/co\/blog\/tarifa-especial-de-retencion-en-la-fuente-a-actividades-de-la-economia-naranja\/#breadcrumb"},"inLanguage":"es","potentialAction":[{"@type":"ReadAction","target":["https:\/\/auren.com\/co\/blog\/tarifa-especial-de-retencion-en-la-fuente-a-actividades-de-la-economia-naranja\/"]}]},{"@type":"ImageObject","inLanguage":"es","@id":"https:\/\/auren.com\/co\/blog\/tarifa-especial-de-retencion-en-la-fuente-a-actividades-de-la-economia-naranja\/#primaryimage","url":"https:\/\/auren.com\/co\/wp-content\/uploads\/2021\/08\/retencion-en-la-fuente-1.jpg","contentUrl":"https:\/\/auren.com\/co\/wp-content\/uploads\/2021\/08\/retencion-en-la-fuente-1.jpg","width":1280,"height":853},{"@type":"BreadcrumbList","@id":"https:\/\/auren.com\/co\/blog\/tarifa-especial-de-retencion-en-la-fuente-a-actividades-de-la-economia-naranja\/#breadcrumb","itemListElement":[{"@type":"ListItem","position":1,"name":"Portada","item":"https:\/\/auren.com\/co\/"},{"@type":"ListItem","position":2,"name":"Tarifa especial de retenci\u00f3n en la fuente a actividades de la econom\u00eda naranja"}]},{"@type":"WebSite","@id":"https:\/\/auren.com\/co\/#website","url":"https:\/\/auren.com\/co\/","name":"Auren Colombia","description":"","publisher":{"@id":"https:\/\/auren.com\/co\/#organization"},"potentialAction":[{"@type":"SearchAction","target":{"@type":"EntryPoint","urlTemplate":"https:\/\/auren.com\/co\/?s={search_term_string}"},"query-input":{"@type":"PropertyValueSpecification","valueRequired":true,"valueName":"search_term_string"}}],"inLanguage":"es"},{"@type":"Organization","@id":"https:\/\/auren.com\/co\/#organization","name":"Auren Colombia","url":"https:\/\/auren.com\/co\/","logo":{"@type":"ImageObject","inLanguage":"es","@id":"https:\/\/auren.com\/co\/#\/schema\/logo\/image\/","url":"https:\/\/auren.com\/co\/wp-content\/uploads\/2025\/01\/cropped-cropped-favicon-Auren.png","contentUrl":"https:\/\/auren.com\/co\/wp-content\/uploads\/2025\/01\/cropped-cropped-favicon-Auren.png","width":512,"height":512,"caption":"Auren Colombia"},"image":{"@id":"https:\/\/auren.com\/co\/#\/schema\/logo\/image\/"},"sameAs":["https:\/\/x.com\/AurenColombia","https:\/\/www.instagram.com\/aurencolombia\/","https:\/\/www.youtube.com\/channel\/UCRYoGRMR_k4oVWesdErApmA","https:\/\/www.linkedin.com\/company\/auren-colombia"]}]}},"_links":{"self":[{"href":"https:\/\/auren.com\/co\/wp-json\/wp\/v2\/blog\/8997","targetHints":{"allow":["GET"]}}],"collection":[{"href":"https:\/\/auren.com\/co\/wp-json\/wp\/v2\/blog"}],"about":[{"href":"https:\/\/auren.com\/co\/wp-json\/wp\/v2\/types\/blog"}],"version-history":[{"count":0,"href":"https:\/\/auren.com\/co\/wp-json\/wp\/v2\/blog\/8997\/revisions"}],"wp:featuredmedia":[{"embeddable":true,"href":"https:\/\/auren.com\/co\/wp-json\/wp\/v2\/media\/8998"}],"wp:attachment":[{"href":"https:\/\/auren.com\/co\/wp-json\/wp\/v2\/media?parent=8997"}],"wp:term":[{"taxonomy":"blog-category","embeddable":true,"href":"https:\/\/auren.com\/co\/wp-json\/wp\/v2\/blog-category?post=8997"}],"curies":[{"name":"wp","href":"https:\/\/api.w.org\/{rel}","templated":true}]}}