{"id":9045,"date":"2021-08-04T09:06:32","date_gmt":"2021-08-04T07:06:32","guid":{"rendered":"https:\/\/auren.com\/co\/blog\/pago-de-iva-en-importacion-y-venta-de-mercancia-mueble-corporal\/"},"modified":"2021-08-04T09:06:32","modified_gmt":"2021-08-04T07:06:32","slug":"pago-de-iva-en-importacion-y-venta-de-mercancia-mueble-corporal","status":"publish","type":"blog","link":"https:\/\/auren.com\/co\/blog\/pago-de-iva-en-importacion-y-venta-de-mercancia-mueble-corporal\/","title":{"rendered":"PAGO DE IVA EN IMPORTACI\u00d3N Y VENTA DE MERCANC\u00cdA MUEBLE CORPORAL"},"content":{"rendered":"<p>El art\u00edculo 420 del Estatuto Tributario (Decreto 624 de 1989) establece los hechos sobre los cuales recae el impuesto sobre las ventas, tambi\u00e9n conocido como IVA, entre los cuales est\u00e1 la venta de bienes corporales muebles, salvo las excepciones de ley, y la importaci\u00f3n de bienes corporales muebles que no hayan sido expresamente excluidos. Dichos eventos son relevantes por las obligaciones tributarias que se generan en torno al IVA, pues, como se va a explicar m\u00e1s adelante, dicho impuesto puede generarse tanto en la importaci\u00f3n como en la nacionalizaci\u00f3n de la mercanc\u00eda, respectivamente, sin que esto suponga pagar dos veces el mismo impuesto.<\/p>\n<p>El caso que se plantea es el siguiente: <em>\u201cuna empresa colombiana compra una mercanc\u00eda a un vendedor en el extranjero para venderlo a su cliente domiciliado en el pa\u00eds y este \u00faltimo es quien nacionaliza la mercanc\u00eda importada\u201d<\/em>. En dicho caso el IVA sigue las siguientes reglas:<\/p>\n<ol type=\"i\">\n<li>Por principio de territorialidad, al momento de la nacionalizaci\u00f3n, el IVA se causar\u00e1 en las ventas que efectu\u00e9 la empresa colombiana a un cliente ubicado en el pa\u00eds siempre que la mercanc\u00eda se encuentre en el territorio nacional al momento de la venta, de manera que, si al momento de la enajenaci\u00f3n de la mercanc\u00eda esta no se encuentra en el pa\u00eds, no se genera el impuesto.<\/li>\n<\/ol>\n<ol type=\"i\">\n<li>Seg\u00fan lo dispuesto en el Decreto 1165 del 2019, al momento de la importaci\u00f3n, el importador pagar\u00e1 el IVA derivado de la importaci\u00f3n de la mercanc\u00eda cuando este, por su calidad de importador, deba presentar la declaraci\u00f3n de importaci\u00f3n y realizar pago de impuestos aduaneros.<\/li>\n<\/ol>\n<p>De tal forma que, en el caso planteado, el impuesto sobre las ventas deber\u00e1 pagarse en dos momentos: el primero es en el momento de la importaci\u00f3n y el segundo es en el momento de la venta. Por lo anterior, se puede afirmar que el IVA no solo se genera en la venta sino tambi\u00e9n en el acto de importaci\u00f3n.<\/p>\n<p>Muchos se han opuesto a esta situaci\u00f3n argumentando que de esta manera se est\u00e1 pagando dos veces el mismo impuesto sobre el mismo hecho, sin embargo, la DIAN con un criterio unificador, ha puesto de presente que la importaci\u00f3n de la mercanc\u00eda mueble corporal y la venta de esta son dos hechos aislados sustancialmente diferentes, sobre los cuales puede recaer el impuesto sobre las ventas sin que esto suponga, en ning\u00fan momento, pagar dos veces el mismo impuesto sobre el mismo hecho.<\/p>\n<blockquote class=\"wp-block-quote\">\n<p>Fuente<\/p>\n<p><cite><a href=\"https:\/\/www.cancilleria.gov.co\/sites\/default\/files\/tramites_servicios\/pasaportes\/archivos\/decreto_624_1989.pdf\">ART\u00cdCULO 420, DECRETO 624 DE 1989 \/ DECRETO 1165 DE 2019<\/a><\/cite><\/p><\/blockquote>\n<p><!-- AddThis Advanced Settings generic via filter on the_content --><!-- AddThis Share Buttons generic via filter on the_content --><\/p>\n","protected":false},"excerpt":{"rendered":"<p>El art\u00edculo 420 del Estatuto Tributario (Decreto 624 de 1989) establece los hechos sobre los cuales recae el impuesto sobre las ventas, tambi\u00e9n conocido como IVA, entre los cuales est\u00e1 [&hellip;]<\/p>\n","protected":false},"featured_media":9046,"template":"","meta":{"_acf_changed":false,"footnotes":""},"blog-category":[],"class_list":["post-9045","blog","type-blog","status-publish","has-post-thumbnail","hentry"],"acf":[],"yoast_head":"<!-- This site is optimized with the Yoast SEO plugin v27.5 - https:\/\/yoast.com\/product\/yoast-seo-wordpress\/ -->\n<title>PAGO DE IVA EN IMPORTACI\u00d3N Y VENTA DE MERCANC\u00cdA MUEBLE CORPORAL - Auren Colombia<\/title>\n<meta name=\"description\" content=\"Pago de IVA en importaci\u00f3n y venta de mercanc\u00eda mueble corporal: El art\u00edculo 420 del Estatuto Tributario (Decreto 624 de 1989) establece...\" \/>\n<meta name=\"robots\" content=\"index, follow, max-snippet:-1, max-image-preview:large, max-video-preview:-1\" \/>\n<link rel=\"canonical\" href=\"https:\/\/auren.com\/co\/blog\/pago-de-iva-en-importacion-y-venta-de-mercancia-mueble-corporal\/\" \/>\n<meta property=\"og:locale\" content=\"es_ES\" \/>\n<meta property=\"og:type\" content=\"article\" \/>\n<meta property=\"og:title\" content=\"PAGO DE IVA EN IMPORTACI\u00d3N Y VENTA DE MERCANC\u00cdA MUEBLE CORPORAL - Auren Colombia\" \/>\n<meta property=\"og:description\" content=\"Pago de IVA en importaci\u00f3n y venta de mercanc\u00eda mueble corporal: El art\u00edculo 420 del Estatuto Tributario (Decreto 624 de 1989) establece...\" \/>\n<meta property=\"og:url\" content=\"https:\/\/auren.com\/co\/blog\/pago-de-iva-en-importacion-y-venta-de-mercancia-mueble-corporal\/\" \/>\n<meta property=\"og:site_name\" content=\"Auren Colombia\" \/>\n<meta property=\"og:image\" content=\"https:\/\/auren.com\/co\/wp-content\/uploads\/2021\/08\/IVA-2-1.jpg\" \/>\n\t<meta property=\"og:image:width\" content=\"1280\" \/>\n\t<meta property=\"og:image:height\" content=\"853\" \/>\n\t<meta property=\"og:image:type\" content=\"image\/jpeg\" \/>\n<meta name=\"twitter:card\" content=\"summary_large_image\" \/>\n<meta name=\"twitter:site\" content=\"@AurenColombia\" \/>\n<meta name=\"twitter:label1\" content=\"Tiempo de lectura\" \/>\n\t<meta name=\"twitter:data1\" content=\"2 minutos\" \/>\n<script type=\"application\/ld+json\" class=\"yoast-schema-graph\">{\"@context\":\"https:\\\/\\\/schema.org\",\"@graph\":[{\"@type\":\"WebPage\",\"@id\":\"https:\\\/\\\/auren.com\\\/co\\\/blog\\\/pago-de-iva-en-importacion-y-venta-de-mercancia-mueble-corporal\\\/\",\"url\":\"https:\\\/\\\/auren.com\\\/co\\\/blog\\\/pago-de-iva-en-importacion-y-venta-de-mercancia-mueble-corporal\\\/\",\"name\":\"PAGO DE IVA EN IMPORTACI\u00d3N Y VENTA DE MERCANC\u00cdA MUEBLE CORPORAL - Auren Colombia\",\"isPartOf\":{\"@id\":\"https:\\\/\\\/auren.com\\\/co\\\/#website\"},\"primaryImageOfPage\":{\"@id\":\"https:\\\/\\\/auren.com\\\/co\\\/blog\\\/pago-de-iva-en-importacion-y-venta-de-mercancia-mueble-corporal\\\/#primaryimage\"},\"image\":{\"@id\":\"https:\\\/\\\/auren.com\\\/co\\\/blog\\\/pago-de-iva-en-importacion-y-venta-de-mercancia-mueble-corporal\\\/#primaryimage\"},\"thumbnailUrl\":\"https:\\\/\\\/auren.com\\\/co\\\/wp-content\\\/uploads\\\/2021\\\/08\\\/IVA-2-1.jpg\",\"datePublished\":\"2021-08-04T07:06:32+00:00\",\"description\":\"Pago de IVA en importaci\u00f3n y venta de mercanc\u00eda mueble corporal: El art\u00edculo 420 del Estatuto Tributario (Decreto 624 de 1989) establece...\",\"breadcrumb\":{\"@id\":\"https:\\\/\\\/auren.com\\\/co\\\/blog\\\/pago-de-iva-en-importacion-y-venta-de-mercancia-mueble-corporal\\\/#breadcrumb\"},\"inLanguage\":\"es\",\"potentialAction\":[{\"@type\":\"ReadAction\",\"target\":[\"https:\\\/\\\/auren.com\\\/co\\\/blog\\\/pago-de-iva-en-importacion-y-venta-de-mercancia-mueble-corporal\\\/\"]}]},{\"@type\":\"ImageObject\",\"inLanguage\":\"es\",\"@id\":\"https:\\\/\\\/auren.com\\\/co\\\/blog\\\/pago-de-iva-en-importacion-y-venta-de-mercancia-mueble-corporal\\\/#primaryimage\",\"url\":\"https:\\\/\\\/auren.com\\\/co\\\/wp-content\\\/uploads\\\/2021\\\/08\\\/IVA-2-1.jpg\",\"contentUrl\":\"https:\\\/\\\/auren.com\\\/co\\\/wp-content\\\/uploads\\\/2021\\\/08\\\/IVA-2-1.jpg\",\"width\":1280,\"height\":853},{\"@type\":\"BreadcrumbList\",\"@id\":\"https:\\\/\\\/auren.com\\\/co\\\/blog\\\/pago-de-iva-en-importacion-y-venta-de-mercancia-mueble-corporal\\\/#breadcrumb\",\"itemListElement\":[{\"@type\":\"ListItem\",\"position\":1,\"name\":\"Portada\",\"item\":\"https:\\\/\\\/auren.com\\\/co\\\/\"},{\"@type\":\"ListItem\",\"position\":2,\"name\":\"PAGO DE IVA EN IMPORTACI\u00d3N Y VENTA DE MERCANC\u00cdA MUEBLE CORPORAL\"}]},{\"@type\":\"WebSite\",\"@id\":\"https:\\\/\\\/auren.com\\\/co\\\/#website\",\"url\":\"https:\\\/\\\/auren.com\\\/co\\\/\",\"name\":\"Auren Colombia\",\"description\":\"\",\"publisher\":{\"@id\":\"https:\\\/\\\/auren.com\\\/co\\\/#organization\"},\"potentialAction\":[{\"@type\":\"SearchAction\",\"target\":{\"@type\":\"EntryPoint\",\"urlTemplate\":\"https:\\\/\\\/auren.com\\\/co\\\/?s={search_term_string}\"},\"query-input\":{\"@type\":\"PropertyValueSpecification\",\"valueRequired\":true,\"valueName\":\"search_term_string\"}}],\"inLanguage\":\"es\"},{\"@type\":\"Organization\",\"@id\":\"https:\\\/\\\/auren.com\\\/co\\\/#organization\",\"name\":\"Auren Colombia\",\"url\":\"https:\\\/\\\/auren.com\\\/co\\\/\",\"logo\":{\"@type\":\"ImageObject\",\"inLanguage\":\"es\",\"@id\":\"https:\\\/\\\/auren.com\\\/co\\\/#\\\/schema\\\/logo\\\/image\\\/\",\"url\":\"https:\\\/\\\/auren.com\\\/co\\\/wp-content\\\/uploads\\\/2025\\\/01\\\/cropped-cropped-favicon-Auren.png\",\"contentUrl\":\"https:\\\/\\\/auren.com\\\/co\\\/wp-content\\\/uploads\\\/2025\\\/01\\\/cropped-cropped-favicon-Auren.png\",\"width\":512,\"height\":512,\"caption\":\"Auren Colombia\"},\"image\":{\"@id\":\"https:\\\/\\\/auren.com\\\/co\\\/#\\\/schema\\\/logo\\\/image\\\/\"},\"sameAs\":[\"https:\\\/\\\/x.com\\\/AurenColombia\",\"https:\\\/\\\/www.instagram.com\\\/aurencolombia\\\/\",\"https:\\\/\\\/www.youtube.com\\\/channel\\\/UCRYoGRMR_k4oVWesdErApmA\",\"https:\\\/\\\/www.linkedin.com\\\/company\\\/auren-colombia\"]}]}<\/script>\n<!-- \/ Yoast SEO plugin. -->","yoast_head_json":{"title":"PAGO DE IVA EN IMPORTACI\u00d3N Y VENTA DE MERCANC\u00cdA MUEBLE CORPORAL - Auren Colombia","description":"Pago de IVA en importaci\u00f3n y venta de mercanc\u00eda mueble corporal: El art\u00edculo 420 del Estatuto Tributario (Decreto 624 de 1989) establece...","robots":{"index":"index","follow":"follow","max-snippet":"max-snippet:-1","max-image-preview":"max-image-preview:large","max-video-preview":"max-video-preview:-1"},"canonical":"https:\/\/auren.com\/co\/blog\/pago-de-iva-en-importacion-y-venta-de-mercancia-mueble-corporal\/","og_locale":"es_ES","og_type":"article","og_title":"PAGO DE IVA EN IMPORTACI\u00d3N Y VENTA DE MERCANC\u00cdA MUEBLE CORPORAL - Auren Colombia","og_description":"Pago de IVA en importaci\u00f3n y venta de mercanc\u00eda mueble corporal: El art\u00edculo 420 del Estatuto Tributario (Decreto 624 de 1989) establece...","og_url":"https:\/\/auren.com\/co\/blog\/pago-de-iva-en-importacion-y-venta-de-mercancia-mueble-corporal\/","og_site_name":"Auren Colombia","og_image":[{"width":1280,"height":853,"url":"https:\/\/auren.com\/co\/wp-content\/uploads\/2021\/08\/IVA-2-1.jpg","type":"image\/jpeg"}],"twitter_card":"summary_large_image","twitter_site":"@AurenColombia","twitter_misc":{"Tiempo de lectura":"2 minutos"},"schema":{"@context":"https:\/\/schema.org","@graph":[{"@type":"WebPage","@id":"https:\/\/auren.com\/co\/blog\/pago-de-iva-en-importacion-y-venta-de-mercancia-mueble-corporal\/","url":"https:\/\/auren.com\/co\/blog\/pago-de-iva-en-importacion-y-venta-de-mercancia-mueble-corporal\/","name":"PAGO DE IVA EN IMPORTACI\u00d3N Y VENTA DE MERCANC\u00cdA MUEBLE CORPORAL - Auren Colombia","isPartOf":{"@id":"https:\/\/auren.com\/co\/#website"},"primaryImageOfPage":{"@id":"https:\/\/auren.com\/co\/blog\/pago-de-iva-en-importacion-y-venta-de-mercancia-mueble-corporal\/#primaryimage"},"image":{"@id":"https:\/\/auren.com\/co\/blog\/pago-de-iva-en-importacion-y-venta-de-mercancia-mueble-corporal\/#primaryimage"},"thumbnailUrl":"https:\/\/auren.com\/co\/wp-content\/uploads\/2021\/08\/IVA-2-1.jpg","datePublished":"2021-08-04T07:06:32+00:00","description":"Pago de IVA en importaci\u00f3n y venta de mercanc\u00eda mueble corporal: El art\u00edculo 420 del Estatuto Tributario (Decreto 624 de 1989) establece...","breadcrumb":{"@id":"https:\/\/auren.com\/co\/blog\/pago-de-iva-en-importacion-y-venta-de-mercancia-mueble-corporal\/#breadcrumb"},"inLanguage":"es","potentialAction":[{"@type":"ReadAction","target":["https:\/\/auren.com\/co\/blog\/pago-de-iva-en-importacion-y-venta-de-mercancia-mueble-corporal\/"]}]},{"@type":"ImageObject","inLanguage":"es","@id":"https:\/\/auren.com\/co\/blog\/pago-de-iva-en-importacion-y-venta-de-mercancia-mueble-corporal\/#primaryimage","url":"https:\/\/auren.com\/co\/wp-content\/uploads\/2021\/08\/IVA-2-1.jpg","contentUrl":"https:\/\/auren.com\/co\/wp-content\/uploads\/2021\/08\/IVA-2-1.jpg","width":1280,"height":853},{"@type":"BreadcrumbList","@id":"https:\/\/auren.com\/co\/blog\/pago-de-iva-en-importacion-y-venta-de-mercancia-mueble-corporal\/#breadcrumb","itemListElement":[{"@type":"ListItem","position":1,"name":"Portada","item":"https:\/\/auren.com\/co\/"},{"@type":"ListItem","position":2,"name":"PAGO DE IVA EN IMPORTACI\u00d3N Y VENTA DE MERCANC\u00cdA MUEBLE CORPORAL"}]},{"@type":"WebSite","@id":"https:\/\/auren.com\/co\/#website","url":"https:\/\/auren.com\/co\/","name":"Auren Colombia","description":"","publisher":{"@id":"https:\/\/auren.com\/co\/#organization"},"potentialAction":[{"@type":"SearchAction","target":{"@type":"EntryPoint","urlTemplate":"https:\/\/auren.com\/co\/?s={search_term_string}"},"query-input":{"@type":"PropertyValueSpecification","valueRequired":true,"valueName":"search_term_string"}}],"inLanguage":"es"},{"@type":"Organization","@id":"https:\/\/auren.com\/co\/#organization","name":"Auren Colombia","url":"https:\/\/auren.com\/co\/","logo":{"@type":"ImageObject","inLanguage":"es","@id":"https:\/\/auren.com\/co\/#\/schema\/logo\/image\/","url":"https:\/\/auren.com\/co\/wp-content\/uploads\/2025\/01\/cropped-cropped-favicon-Auren.png","contentUrl":"https:\/\/auren.com\/co\/wp-content\/uploads\/2025\/01\/cropped-cropped-favicon-Auren.png","width":512,"height":512,"caption":"Auren Colombia"},"image":{"@id":"https:\/\/auren.com\/co\/#\/schema\/logo\/image\/"},"sameAs":["https:\/\/x.com\/AurenColombia","https:\/\/www.instagram.com\/aurencolombia\/","https:\/\/www.youtube.com\/channel\/UCRYoGRMR_k4oVWesdErApmA","https:\/\/www.linkedin.com\/company\/auren-colombia"]}]}},"_links":{"self":[{"href":"https:\/\/auren.com\/co\/wp-json\/wp\/v2\/blog\/9045","targetHints":{"allow":["GET"]}}],"collection":[{"href":"https:\/\/auren.com\/co\/wp-json\/wp\/v2\/blog"}],"about":[{"href":"https:\/\/auren.com\/co\/wp-json\/wp\/v2\/types\/blog"}],"version-history":[{"count":0,"href":"https:\/\/auren.com\/co\/wp-json\/wp\/v2\/blog\/9045\/revisions"}],"wp:featuredmedia":[{"embeddable":true,"href":"https:\/\/auren.com\/co\/wp-json\/wp\/v2\/media\/9046"}],"wp:attachment":[{"href":"https:\/\/auren.com\/co\/wp-json\/wp\/v2\/media?parent=9045"}],"wp:term":[{"taxonomy":"blog-category","embeddable":true,"href":"https:\/\/auren.com\/co\/wp-json\/wp\/v2\/blog-category?post=9045"}],"curies":[{"name":"wp","href":"https:\/\/api.w.org\/{rel}","templated":true}]}}