{"id":9236,"date":"2021-06-16T09:34:35","date_gmt":"2021-06-16T07:34:35","guid":{"rendered":"https:\/\/auren.com\/co\/blog\/eleccion-de-miembros-del-consejo-y-el-revisor-fiscal\/"},"modified":"2021-06-16T09:34:35","modified_gmt":"2021-06-16T07:34:35","slug":"eleccion-de-miembros-del-consejo-y-el-revisor-fiscal","status":"publish","type":"blog","link":"https:\/\/auren.com\/co\/blog\/eleccion-de-miembros-del-consejo-y-el-revisor-fiscal\/","title":{"rendered":"Elecci\u00f3n de miembros del consejo y el Revisor Fiscal"},"content":{"rendered":"<p>Al Consejo T\u00e9cnico de la Contadur\u00eda P\u00fablica llega una cuesti\u00f3n sobe si l revisor fiscal de una copropiedad puede o no intervenir en la elecci\u00f3n de los miembros del consejo, y de ser el caso podr\u00e1 este hacerlo sin dar ning\u00fan sustento jur\u00eddico alguno. Para ello el CTCP se\u00f1ala que las funciones del revisor fiscal contenidas en la Ley 43 de 1990, en la cual se obliga al revisor fiscal cumplir con el c\u00f3digo de \u00e9tica. M\u00e1s a\u00fan, esta ley nos remite al C\u00f3digo de Comercio al momento de enumerar las funciones del revisor fiscal<\/p>\n<figure class=\"wp-block-image size-large is-resized\"><img decoding=\"async\" data-src=\"https:\/\/auren.com\/co\/wp-content\/uploads\/2021\/06\/revisro-fiscal-713x1024.png\" alt=\"\" class=\"wp-image-11072 lazyload\" width=\"680\" height=\"976\" data-srcset=\"https:\/\/auren.com\/co\/wp-content\/uploads\/2021\/06\/revisro-fiscal-713x1024.png 713w, https:\/\/auren.com\/co\/wp-content\/uploads\/2021\/06\/revisro-fiscal-209x300.png 209w, https:\/\/auren.com\/co\/wp-content\/uploads\/2021\/06\/revisro-fiscal-768x1103.png 768w, https:\/\/auren.com\/co\/wp-content\/uploads\/2021\/06\/revisro-fiscal-1069x1536.png 1069w, https:\/\/auren.com\/co\/wp-content\/uploads\/2021\/06\/revisro-fiscal.png 1218w\" data-sizes=\"auto, (max-width: 680px) 100vw, 680px\" src=\"data:image\/svg+xml;base64,PHN2ZyB3aWR0aD0iMSIgaGVpZ2h0PSIxIiB4bWxucz0iaHR0cDovL3d3dy53My5vcmcvMjAwMC9zdmciPjwvc3ZnPg==\" style=\"--smush-placeholder-width: 680px; --smush-placeholder-aspect-ratio: 680\/976;\" \/><\/figure>\n<p>Adem\u00e1s de lo citado anteriormente, el art\u00edculo 214 del C\u00f3digo de Comercio le obliga a guardar completa reserva de todo lo que conozca en ejercicio de su cargo y solamente podr\u00e1\u0301 revelarlo en la forma y casos previstos en la Ley, por ello solo puede exponer aspectos que haya conocido en ejercicio del cargo de la Asamblea General.<\/p>\n<p>Se debe dejar por sentado que si el revisor fiscal incumple cualquier funci\u00f3n, se le puede elevar la queja ante la junta Central de Contadores, \u00f3rgano de control del cumplimiento \u00e9tico de los contadores p\u00fablicos.<\/p>\n<blockquote class=\"wp-block-quote\">\n<p>Fuente<\/p>\n<p><cite><a href=\"https:\/\/www.ctcp.gov.co\/conceptos\/2021\">Consejo T\u00e9cnico de la Contadur\u00eda P\u00fablica, concepto 1-2021-012969.<\/a><\/cite><\/p><\/blockquote>\n<p><!-- AddThis Advanced Settings generic via filter on the_content --><!-- AddThis Share Buttons generic via filter on the_content --><\/p>\n","protected":false},"excerpt":{"rendered":"<p>Al Consejo T\u00e9cnico de la Contadur\u00eda P\u00fablica llega una cuesti\u00f3n sobe si l revisor fiscal de una copropiedad puede o no intervenir en la elecci\u00f3n de los miembros del consejo, [&hellip;]<\/p>\n","protected":false},"featured_media":9237,"template":"","meta":{"_acf_changed":false,"footnotes":""},"blog-category":[],"class_list":["post-9236","blog","type-blog","status-publish","has-post-thumbnail","hentry"],"acf":[],"yoast_head":"<!-- This site is optimized with the Yoast SEO plugin v27.5 - https:\/\/yoast.com\/product\/yoast-seo-wordpress\/ -->\n<title>Elecci\u00f3n de miembros del consejo y el Revisor Fiscal - Auren Colombia<\/title>\n<meta name=\"description\" content=\"Al Consejo T\u00e9cnico de la Contadur\u00eda P\u00fablica llega una cuesti\u00f3n sobe si l revisor fiscal de una copropiedad puede o no intervenir en la....\" \/>\n<meta name=\"robots\" content=\"index, follow, max-snippet:-1, max-image-preview:large, max-video-preview:-1\" \/>\n<link rel=\"canonical\" href=\"https:\/\/auren.com\/co\/blog\/eleccion-de-miembros-del-consejo-y-el-revisor-fiscal\/\" \/>\n<meta property=\"og:locale\" content=\"es_ES\" \/>\n<meta property=\"og:type\" content=\"article\" \/>\n<meta property=\"og:title\" content=\"Elecci\u00f3n de miembros del consejo y el Revisor Fiscal - Auren Colombia\" \/>\n<meta property=\"og:description\" content=\"Al Consejo T\u00e9cnico de la Contadur\u00eda P\u00fablica llega una cuesti\u00f3n sobe si l revisor fiscal de una copropiedad puede o no intervenir en la....\" \/>\n<meta property=\"og:url\" content=\"https:\/\/auren.com\/co\/blog\/eleccion-de-miembros-del-consejo-y-el-revisor-fiscal\/\" \/>\n<meta property=\"og:site_name\" content=\"Auren Colombia\" \/>\n<meta property=\"og:image\" content=\"https:\/\/auren.com\/co\/wp-content\/uploads\/2021\/06\/revisor-fiscal-3-scaled-2.jpg\" \/>\n\t<meta property=\"og:image:width\" content=\"2560\" \/>\n\t<meta property=\"og:image:height\" content=\"1709\" \/>\n\t<meta property=\"og:image:type\" content=\"image\/jpeg\" \/>\n<meta name=\"twitter:card\" content=\"summary_large_image\" \/>\n<meta name=\"twitter:site\" content=\"@AurenColombia\" \/>\n<meta name=\"twitter:label1\" content=\"Tiempo de lectura\" \/>\n\t<meta name=\"twitter:data1\" content=\"1 minuto\" \/>\n<script type=\"application\/ld+json\" class=\"yoast-schema-graph\">{\"@context\":\"https:\\\/\\\/schema.org\",\"@graph\":[{\"@type\":\"WebPage\",\"@id\":\"https:\\\/\\\/auren.com\\\/co\\\/blog\\\/eleccion-de-miembros-del-consejo-y-el-revisor-fiscal\\\/\",\"url\":\"https:\\\/\\\/auren.com\\\/co\\\/blog\\\/eleccion-de-miembros-del-consejo-y-el-revisor-fiscal\\\/\",\"name\":\"Elecci\u00f3n de miembros del consejo y el Revisor Fiscal - Auren Colombia\",\"isPartOf\":{\"@id\":\"https:\\\/\\\/auren.com\\\/co\\\/#website\"},\"primaryImageOfPage\":{\"@id\":\"https:\\\/\\\/auren.com\\\/co\\\/blog\\\/eleccion-de-miembros-del-consejo-y-el-revisor-fiscal\\\/#primaryimage\"},\"image\":{\"@id\":\"https:\\\/\\\/auren.com\\\/co\\\/blog\\\/eleccion-de-miembros-del-consejo-y-el-revisor-fiscal\\\/#primaryimage\"},\"thumbnailUrl\":\"https:\\\/\\\/auren.com\\\/co\\\/wp-content\\\/uploads\\\/2021\\\/06\\\/revisor-fiscal-3-scaled-2.jpg\",\"datePublished\":\"2021-06-16T07:34:35+00:00\",\"description\":\"Al Consejo T\u00e9cnico de la Contadur\u00eda P\u00fablica llega una cuesti\u00f3n sobe si l revisor fiscal de una copropiedad puede o no intervenir en la....\",\"breadcrumb\":{\"@id\":\"https:\\\/\\\/auren.com\\\/co\\\/blog\\\/eleccion-de-miembros-del-consejo-y-el-revisor-fiscal\\\/#breadcrumb\"},\"inLanguage\":\"es\",\"potentialAction\":[{\"@type\":\"ReadAction\",\"target\":[\"https:\\\/\\\/auren.com\\\/co\\\/blog\\\/eleccion-de-miembros-del-consejo-y-el-revisor-fiscal\\\/\"]}]},{\"@type\":\"ImageObject\",\"inLanguage\":\"es\",\"@id\":\"https:\\\/\\\/auren.com\\\/co\\\/blog\\\/eleccion-de-miembros-del-consejo-y-el-revisor-fiscal\\\/#primaryimage\",\"url\":\"https:\\\/\\\/auren.com\\\/co\\\/wp-content\\\/uploads\\\/2021\\\/06\\\/revisor-fiscal-3-scaled-2.jpg\",\"contentUrl\":\"https:\\\/\\\/auren.com\\\/co\\\/wp-content\\\/uploads\\\/2021\\\/06\\\/revisor-fiscal-3-scaled-2.jpg\",\"width\":2560,\"height\":1709},{\"@type\":\"BreadcrumbList\",\"@id\":\"https:\\\/\\\/auren.com\\\/co\\\/blog\\\/eleccion-de-miembros-del-consejo-y-el-revisor-fiscal\\\/#breadcrumb\",\"itemListElement\":[{\"@type\":\"ListItem\",\"position\":1,\"name\":\"Portada\",\"item\":\"https:\\\/\\\/auren.com\\\/co\\\/\"},{\"@type\":\"ListItem\",\"position\":2,\"name\":\"Elecci\u00f3n de miembros del consejo y el Revisor Fiscal\"}]},{\"@type\":\"WebSite\",\"@id\":\"https:\\\/\\\/auren.com\\\/co\\\/#website\",\"url\":\"https:\\\/\\\/auren.com\\\/co\\\/\",\"name\":\"Auren Colombia\",\"description\":\"\",\"publisher\":{\"@id\":\"https:\\\/\\\/auren.com\\\/co\\\/#organization\"},\"potentialAction\":[{\"@type\":\"SearchAction\",\"target\":{\"@type\":\"EntryPoint\",\"urlTemplate\":\"https:\\\/\\\/auren.com\\\/co\\\/?s={search_term_string}\"},\"query-input\":{\"@type\":\"PropertyValueSpecification\",\"valueRequired\":true,\"valueName\":\"search_term_string\"}}],\"inLanguage\":\"es\"},{\"@type\":\"Organization\",\"@id\":\"https:\\\/\\\/auren.com\\\/co\\\/#organization\",\"name\":\"Auren Colombia\",\"url\":\"https:\\\/\\\/auren.com\\\/co\\\/\",\"logo\":{\"@type\":\"ImageObject\",\"inLanguage\":\"es\",\"@id\":\"https:\\\/\\\/auren.com\\\/co\\\/#\\\/schema\\\/logo\\\/image\\\/\",\"url\":\"https:\\\/\\\/auren.com\\\/co\\\/wp-content\\\/uploads\\\/2025\\\/01\\\/cropped-cropped-favicon-Auren.png\",\"contentUrl\":\"https:\\\/\\\/auren.com\\\/co\\\/wp-content\\\/uploads\\\/2025\\\/01\\\/cropped-cropped-favicon-Auren.png\",\"width\":512,\"height\":512,\"caption\":\"Auren Colombia\"},\"image\":{\"@id\":\"https:\\\/\\\/auren.com\\\/co\\\/#\\\/schema\\\/logo\\\/image\\\/\"},\"sameAs\":[\"https:\\\/\\\/x.com\\\/AurenColombia\",\"https:\\\/\\\/www.instagram.com\\\/aurencolombia\\\/\",\"https:\\\/\\\/www.youtube.com\\\/channel\\\/UCRYoGRMR_k4oVWesdErApmA\",\"https:\\\/\\\/www.linkedin.com\\\/company\\\/auren-colombia\"]}]}<\/script>\n<!-- \/ Yoast SEO plugin. -->","yoast_head_json":{"title":"Elecci\u00f3n de miembros del consejo y el Revisor Fiscal - Auren Colombia","description":"Al Consejo T\u00e9cnico de la Contadur\u00eda P\u00fablica llega una cuesti\u00f3n sobe si l revisor fiscal de una copropiedad puede o no intervenir en la....","robots":{"index":"index","follow":"follow","max-snippet":"max-snippet:-1","max-image-preview":"max-image-preview:large","max-video-preview":"max-video-preview:-1"},"canonical":"https:\/\/auren.com\/co\/blog\/eleccion-de-miembros-del-consejo-y-el-revisor-fiscal\/","og_locale":"es_ES","og_type":"article","og_title":"Elecci\u00f3n de miembros del consejo y el Revisor Fiscal - Auren Colombia","og_description":"Al Consejo T\u00e9cnico de la Contadur\u00eda P\u00fablica llega una cuesti\u00f3n sobe si l revisor fiscal de una copropiedad puede o no intervenir en la....","og_url":"https:\/\/auren.com\/co\/blog\/eleccion-de-miembros-del-consejo-y-el-revisor-fiscal\/","og_site_name":"Auren Colombia","og_image":[{"width":2560,"height":1709,"url":"https:\/\/auren.com\/co\/wp-content\/uploads\/2021\/06\/revisor-fiscal-3-scaled-2.jpg","type":"image\/jpeg"}],"twitter_card":"summary_large_image","twitter_site":"@AurenColombia","twitter_misc":{"Tiempo de lectura":"1 minuto"},"schema":{"@context":"https:\/\/schema.org","@graph":[{"@type":"WebPage","@id":"https:\/\/auren.com\/co\/blog\/eleccion-de-miembros-del-consejo-y-el-revisor-fiscal\/","url":"https:\/\/auren.com\/co\/blog\/eleccion-de-miembros-del-consejo-y-el-revisor-fiscal\/","name":"Elecci\u00f3n de miembros del consejo y el Revisor Fiscal - Auren Colombia","isPartOf":{"@id":"https:\/\/auren.com\/co\/#website"},"primaryImageOfPage":{"@id":"https:\/\/auren.com\/co\/blog\/eleccion-de-miembros-del-consejo-y-el-revisor-fiscal\/#primaryimage"},"image":{"@id":"https:\/\/auren.com\/co\/blog\/eleccion-de-miembros-del-consejo-y-el-revisor-fiscal\/#primaryimage"},"thumbnailUrl":"https:\/\/auren.com\/co\/wp-content\/uploads\/2021\/06\/revisor-fiscal-3-scaled-2.jpg","datePublished":"2021-06-16T07:34:35+00:00","description":"Al Consejo T\u00e9cnico de la Contadur\u00eda P\u00fablica llega una cuesti\u00f3n sobe si l revisor fiscal de una copropiedad puede o no intervenir en la....","breadcrumb":{"@id":"https:\/\/auren.com\/co\/blog\/eleccion-de-miembros-del-consejo-y-el-revisor-fiscal\/#breadcrumb"},"inLanguage":"es","potentialAction":[{"@type":"ReadAction","target":["https:\/\/auren.com\/co\/blog\/eleccion-de-miembros-del-consejo-y-el-revisor-fiscal\/"]}]},{"@type":"ImageObject","inLanguage":"es","@id":"https:\/\/auren.com\/co\/blog\/eleccion-de-miembros-del-consejo-y-el-revisor-fiscal\/#primaryimage","url":"https:\/\/auren.com\/co\/wp-content\/uploads\/2021\/06\/revisor-fiscal-3-scaled-2.jpg","contentUrl":"https:\/\/auren.com\/co\/wp-content\/uploads\/2021\/06\/revisor-fiscal-3-scaled-2.jpg","width":2560,"height":1709},{"@type":"BreadcrumbList","@id":"https:\/\/auren.com\/co\/blog\/eleccion-de-miembros-del-consejo-y-el-revisor-fiscal\/#breadcrumb","itemListElement":[{"@type":"ListItem","position":1,"name":"Portada","item":"https:\/\/auren.com\/co\/"},{"@type":"ListItem","position":2,"name":"Elecci\u00f3n de miembros del consejo y el Revisor Fiscal"}]},{"@type":"WebSite","@id":"https:\/\/auren.com\/co\/#website","url":"https:\/\/auren.com\/co\/","name":"Auren Colombia","description":"","publisher":{"@id":"https:\/\/auren.com\/co\/#organization"},"potentialAction":[{"@type":"SearchAction","target":{"@type":"EntryPoint","urlTemplate":"https:\/\/auren.com\/co\/?s={search_term_string}"},"query-input":{"@type":"PropertyValueSpecification","valueRequired":true,"valueName":"search_term_string"}}],"inLanguage":"es"},{"@type":"Organization","@id":"https:\/\/auren.com\/co\/#organization","name":"Auren Colombia","url":"https:\/\/auren.com\/co\/","logo":{"@type":"ImageObject","inLanguage":"es","@id":"https:\/\/auren.com\/co\/#\/schema\/logo\/image\/","url":"https:\/\/auren.com\/co\/wp-content\/uploads\/2025\/01\/cropped-cropped-favicon-Auren.png","contentUrl":"https:\/\/auren.com\/co\/wp-content\/uploads\/2025\/01\/cropped-cropped-favicon-Auren.png","width":512,"height":512,"caption":"Auren Colombia"},"image":{"@id":"https:\/\/auren.com\/co\/#\/schema\/logo\/image\/"},"sameAs":["https:\/\/x.com\/AurenColombia","https:\/\/www.instagram.com\/aurencolombia\/","https:\/\/www.youtube.com\/channel\/UCRYoGRMR_k4oVWesdErApmA","https:\/\/www.linkedin.com\/company\/auren-colombia"]}]}},"_links":{"self":[{"href":"https:\/\/auren.com\/co\/wp-json\/wp\/v2\/blog\/9236","targetHints":{"allow":["GET"]}}],"collection":[{"href":"https:\/\/auren.com\/co\/wp-json\/wp\/v2\/blog"}],"about":[{"href":"https:\/\/auren.com\/co\/wp-json\/wp\/v2\/types\/blog"}],"version-history":[{"count":0,"href":"https:\/\/auren.com\/co\/wp-json\/wp\/v2\/blog\/9236\/revisions"}],"wp:featuredmedia":[{"embeddable":true,"href":"https:\/\/auren.com\/co\/wp-json\/wp\/v2\/media\/9237"}],"wp:attachment":[{"href":"https:\/\/auren.com\/co\/wp-json\/wp\/v2\/media?parent=9236"}],"wp:term":[{"taxonomy":"blog-category","embeddable":true,"href":"https:\/\/auren.com\/co\/wp-json\/wp\/v2\/blog-category?post=9236"}],"curies":[{"name":"wp","href":"https:\/\/api.w.org\/{rel}","templated":true}]}}