{"id":9310,"date":"2021-05-27T09:06:01","date_gmt":"2021-05-27T07:06:01","guid":{"rendered":"https:\/\/auren.com\/co\/blog\/nueva-ampliacion-de-la-suspension-de-terminos-en-procesos-y-actuaciones-en-materias-tributaria-aduanera-cambiaria-y-administrativa\/"},"modified":"2021-05-27T09:06:01","modified_gmt":"2021-05-27T07:06:01","slug":"nueva-ampliacion-de-la-suspension-de-terminos-en-procesos-y-actuaciones-en-materias-tributaria-aduanera-cambiaria-y-administrativa","status":"publish","type":"blog","link":"https:\/\/auren.com\/co\/blog\/nueva-ampliacion-de-la-suspension-de-terminos-en-procesos-y-actuaciones-en-materias-tributaria-aduanera-cambiaria-y-administrativa\/","title":{"rendered":"Nueva ampliaci\u00f3n de la suspensi\u00f3n de t\u00e9rminos en procesos y actuaciones en materias tributaria, aduanera, cambiaria y administrativa."},"content":{"rendered":"<p>El pasado 18 de mayo, la Direcci\u00f3n de Impuestos y Aduanas Nacionales expidi\u00f3 la resoluci\u00f3n 0043, en la cual ampl\u00eda la suspensi\u00f3n de t\u00e9rminos en los procesos y actuaciones en materia tributaria, aduanera, cambiaria y administrativa entre el 19 de mayo y el 8 de junio del 2021. Lo anterior como resultado del Paro Nacional y las obstrucciones en las v\u00edas, lo cual ha afectado a las regiones del pa\u00eds en cuanto al transporte, distribuci\u00f3n de importaci\u00f3n, despacho de exportaciones y la entrega de insumos a la producci\u00f3n nacional, entre otras actividades.<\/p>\n<p>Lo que la DIAN busca con esta resoluci\u00f3n, es mantener la suspensi\u00f3n de t\u00e9rminos en cuanto a la solicitud y ejecuci\u00f3n del r\u00e9gimen de tr\u00e1nsito aduanero en todo el pa\u00eds, adem\u00e1s en lo respectivo al cabotaje a\u00e9reo con operaciones en jurisdicci\u00f3n de las direcciones seccionales de Aduanas de Medell\u00edn y Cali. M\u00e1s a\u00fan, la entidad especific\u00f3 que la suspensi\u00f3n aplica tambi\u00e9n para el t\u00e9rmino de permanencia de las mercanc\u00edas que provengan de la zona franca para el procesamiento parcial, como para reparaci\u00f3n, revisi\u00f3n o mantenimiento de bienes de capital, equipos, herramientas, partes o sus repuestos fuera de la zona franca.<\/p>\n<p>As\u00ed mismo, se mantendr\u00e1 la suspensi\u00f3n de los t\u00e9rminos en el pa\u00eds para la expedici\u00f3n de los actos administrativos que deban ser notificados con intervenci\u00f3n de correo f\u00edsico. Igualmente, esta suspensi\u00f3n aplicar\u00e1 para la radicaci\u00f3n de recursos o actuaciones en los que se necesite alguna presentaci\u00f3n personal o autenticaci\u00f3n.<\/p>\n<blockquote class=\"wp-block-quote\">\n<p>Fuente<\/p>\n<p><cite><a href=\"https:\/\/www.dian.gov.co\/normatividad\/Normatividad\/Resoluci%C3%B3n%20000043%20de%2018-05-2021.pdf\">Resoluci\u00f3n 0043 del 18 de mayo de 20201 \u2013 Direcci\u00f3n de Impuestos y Aduanas Nacionales.<\/a><\/cite><\/p><\/blockquote>\n<p><!-- AddThis Advanced Settings generic via filter on the_content --><!-- AddThis Share Buttons generic via filter on the_content --><\/p>\n","protected":false},"excerpt":{"rendered":"<p>El pasado 18 de mayo, la Direcci\u00f3n de Impuestos y Aduanas Nacionales expidi\u00f3 la resoluci\u00f3n 0043, en la cual ampl\u00eda la suspensi\u00f3n de t\u00e9rminos en los procesos y actuaciones en [&hellip;]<\/p>\n","protected":false},"featured_media":9311,"template":"","meta":{"_acf_changed":false,"footnotes":""},"blog-category":[],"class_list":["post-9310","blog","type-blog","status-publish","has-post-thumbnail","hentry"],"acf":[],"yoast_head":"<!-- This site is optimized with the Yoast SEO plugin v27.4 - https:\/\/yoast.com\/product\/yoast-seo-wordpress\/ -->\n<title>Nueva ampliaci\u00f3n de la suspensi\u00f3n de t\u00e9rminos en procesos y actuaciones en materias tributaria, aduanera, cambiaria y administrativa. - Auren Colombia<\/title>\n<meta name=\"description\" content=\"Nueva ampliaci\u00f3n de la suspensi\u00f3n de t\u00e9rminos en procesos y actuaciones en materias tributaria, aduanera, cambiaria y administrativa\" \/>\n<meta name=\"robots\" content=\"index, follow, max-snippet:-1, max-image-preview:large, max-video-preview:-1\" \/>\n<link rel=\"canonical\" href=\"https:\/\/auren.com\/co\/blog\/nueva-ampliacion-de-la-suspension-de-terminos-en-procesos-y-actuaciones-en-materias-tributaria-aduanera-cambiaria-y-administrativa\/\" \/>\n<meta property=\"og:locale\" content=\"es_ES\" \/>\n<meta property=\"og:type\" content=\"article\" \/>\n<meta property=\"og:title\" content=\"Nueva ampliaci\u00f3n de la suspensi\u00f3n de t\u00e9rminos en procesos y actuaciones en materias tributaria, aduanera, cambiaria y administrativa. - Auren Colombia\" \/>\n<meta property=\"og:description\" content=\"Nueva ampliaci\u00f3n de la suspensi\u00f3n de t\u00e9rminos en procesos y actuaciones en materias tributaria, aduanera, cambiaria y administrativa\" \/>\n<meta property=\"og:url\" content=\"https:\/\/auren.com\/co\/blog\/nueva-ampliacion-de-la-suspension-de-terminos-en-procesos-y-actuaciones-en-materias-tributaria-aduanera-cambiaria-y-administrativa\/\" \/>\n<meta property=\"og:site_name\" content=\"Auren Colombia\" \/>\n<meta property=\"og:image\" content=\"https:\/\/auren.com\/co\/wp-content\/uploads\/2021\/05\/materias-tributaria-scaled-2.jpg\" \/>\n\t<meta property=\"og:image:width\" content=\"2560\" \/>\n\t<meta property=\"og:image:height\" content=\"1696\" \/>\n\t<meta property=\"og:image:type\" content=\"image\/jpeg\" \/>\n<meta name=\"twitter:card\" content=\"summary_large_image\" \/>\n<meta name=\"twitter:site\" content=\"@AurenColombia\" \/>\n<meta name=\"twitter:label1\" content=\"Tiempo de lectura\" \/>\n\t<meta name=\"twitter:data1\" content=\"1 minuto\" \/>\n<script type=\"application\/ld+json\" class=\"yoast-schema-graph\">{\"@context\":\"https:\\\/\\\/schema.org\",\"@graph\":[{\"@type\":\"WebPage\",\"@id\":\"https:\\\/\\\/auren.com\\\/co\\\/blog\\\/nueva-ampliacion-de-la-suspension-de-terminos-en-procesos-y-actuaciones-en-materias-tributaria-aduanera-cambiaria-y-administrativa\\\/\",\"url\":\"https:\\\/\\\/auren.com\\\/co\\\/blog\\\/nueva-ampliacion-de-la-suspension-de-terminos-en-procesos-y-actuaciones-en-materias-tributaria-aduanera-cambiaria-y-administrativa\\\/\",\"name\":\"Nueva ampliaci\u00f3n de la suspensi\u00f3n de t\u00e9rminos en procesos y actuaciones en materias tributaria, aduanera, cambiaria y administrativa. - Auren Colombia\",\"isPartOf\":{\"@id\":\"https:\\\/\\\/auren.com\\\/co\\\/#website\"},\"primaryImageOfPage\":{\"@id\":\"https:\\\/\\\/auren.com\\\/co\\\/blog\\\/nueva-ampliacion-de-la-suspension-de-terminos-en-procesos-y-actuaciones-en-materias-tributaria-aduanera-cambiaria-y-administrativa\\\/#primaryimage\"},\"image\":{\"@id\":\"https:\\\/\\\/auren.com\\\/co\\\/blog\\\/nueva-ampliacion-de-la-suspension-de-terminos-en-procesos-y-actuaciones-en-materias-tributaria-aduanera-cambiaria-y-administrativa\\\/#primaryimage\"},\"thumbnailUrl\":\"https:\\\/\\\/auren.com\\\/co\\\/wp-content\\\/uploads\\\/2021\\\/05\\\/materias-tributaria-scaled-2.jpg\",\"datePublished\":\"2021-05-27T07:06:01+00:00\",\"description\":\"Nueva ampliaci\u00f3n de la suspensi\u00f3n de t\u00e9rminos en procesos y actuaciones en materias tributaria, aduanera, cambiaria y administrativa\",\"breadcrumb\":{\"@id\":\"https:\\\/\\\/auren.com\\\/co\\\/blog\\\/nueva-ampliacion-de-la-suspension-de-terminos-en-procesos-y-actuaciones-en-materias-tributaria-aduanera-cambiaria-y-administrativa\\\/#breadcrumb\"},\"inLanguage\":\"es\",\"potentialAction\":[{\"@type\":\"ReadAction\",\"target\":[\"https:\\\/\\\/auren.com\\\/co\\\/blog\\\/nueva-ampliacion-de-la-suspension-de-terminos-en-procesos-y-actuaciones-en-materias-tributaria-aduanera-cambiaria-y-administrativa\\\/\"]}]},{\"@type\":\"ImageObject\",\"inLanguage\":\"es\",\"@id\":\"https:\\\/\\\/auren.com\\\/co\\\/blog\\\/nueva-ampliacion-de-la-suspension-de-terminos-en-procesos-y-actuaciones-en-materias-tributaria-aduanera-cambiaria-y-administrativa\\\/#primaryimage\",\"url\":\"https:\\\/\\\/auren.com\\\/co\\\/wp-content\\\/uploads\\\/2021\\\/05\\\/materias-tributaria-scaled-2.jpg\",\"contentUrl\":\"https:\\\/\\\/auren.com\\\/co\\\/wp-content\\\/uploads\\\/2021\\\/05\\\/materias-tributaria-scaled-2.jpg\",\"width\":2560,\"height\":1696},{\"@type\":\"BreadcrumbList\",\"@id\":\"https:\\\/\\\/auren.com\\\/co\\\/blog\\\/nueva-ampliacion-de-la-suspension-de-terminos-en-procesos-y-actuaciones-en-materias-tributaria-aduanera-cambiaria-y-administrativa\\\/#breadcrumb\",\"itemListElement\":[{\"@type\":\"ListItem\",\"position\":1,\"name\":\"Portada\",\"item\":\"https:\\\/\\\/auren.com\\\/co\\\/\"},{\"@type\":\"ListItem\",\"position\":2,\"name\":\"Nueva ampliaci\u00f3n de la suspensi\u00f3n de t\u00e9rminos en procesos y actuaciones en materias tributaria, aduanera, cambiaria y administrativa.\"}]},{\"@type\":\"WebSite\",\"@id\":\"https:\\\/\\\/auren.com\\\/co\\\/#website\",\"url\":\"https:\\\/\\\/auren.com\\\/co\\\/\",\"name\":\"Auren Colombia\",\"description\":\"\",\"publisher\":{\"@id\":\"https:\\\/\\\/auren.com\\\/co\\\/#organization\"},\"potentialAction\":[{\"@type\":\"SearchAction\",\"target\":{\"@type\":\"EntryPoint\",\"urlTemplate\":\"https:\\\/\\\/auren.com\\\/co\\\/?s={search_term_string}\"},\"query-input\":{\"@type\":\"PropertyValueSpecification\",\"valueRequired\":true,\"valueName\":\"search_term_string\"}}],\"inLanguage\":\"es\"},{\"@type\":\"Organization\",\"@id\":\"https:\\\/\\\/auren.com\\\/co\\\/#organization\",\"name\":\"Auren Colombia\",\"url\":\"https:\\\/\\\/auren.com\\\/co\\\/\",\"logo\":{\"@type\":\"ImageObject\",\"inLanguage\":\"es\",\"@id\":\"https:\\\/\\\/auren.com\\\/co\\\/#\\\/schema\\\/logo\\\/image\\\/\",\"url\":\"https:\\\/\\\/auren.com\\\/co\\\/wp-content\\\/uploads\\\/2025\\\/01\\\/cropped-cropped-favicon-Auren.png\",\"contentUrl\":\"https:\\\/\\\/auren.com\\\/co\\\/wp-content\\\/uploads\\\/2025\\\/01\\\/cropped-cropped-favicon-Auren.png\",\"width\":512,\"height\":512,\"caption\":\"Auren Colombia\"},\"image\":{\"@id\":\"https:\\\/\\\/auren.com\\\/co\\\/#\\\/schema\\\/logo\\\/image\\\/\"},\"sameAs\":[\"https:\\\/\\\/x.com\\\/AurenColombia\",\"https:\\\/\\\/www.instagram.com\\\/aurencolombia\\\/\",\"https:\\\/\\\/www.youtube.com\\\/channel\\\/UCRYoGRMR_k4oVWesdErApmA\",\"https:\\\/\\\/www.linkedin.com\\\/company\\\/auren-colombia\"]}]}<\/script>\n<!-- \/ Yoast SEO plugin. -->","yoast_head_json":{"title":"Nueva ampliaci\u00f3n de la suspensi\u00f3n de t\u00e9rminos en procesos y actuaciones en materias tributaria, aduanera, cambiaria y administrativa. - Auren Colombia","description":"Nueva ampliaci\u00f3n de la suspensi\u00f3n de t\u00e9rminos en procesos y actuaciones en materias tributaria, aduanera, cambiaria y administrativa","robots":{"index":"index","follow":"follow","max-snippet":"max-snippet:-1","max-image-preview":"max-image-preview:large","max-video-preview":"max-video-preview:-1"},"canonical":"https:\/\/auren.com\/co\/blog\/nueva-ampliacion-de-la-suspension-de-terminos-en-procesos-y-actuaciones-en-materias-tributaria-aduanera-cambiaria-y-administrativa\/","og_locale":"es_ES","og_type":"article","og_title":"Nueva ampliaci\u00f3n de la suspensi\u00f3n de t\u00e9rminos en procesos y actuaciones en materias tributaria, aduanera, cambiaria y administrativa. - Auren Colombia","og_description":"Nueva ampliaci\u00f3n de la suspensi\u00f3n de t\u00e9rminos en procesos y actuaciones en materias tributaria, aduanera, cambiaria y administrativa","og_url":"https:\/\/auren.com\/co\/blog\/nueva-ampliacion-de-la-suspension-de-terminos-en-procesos-y-actuaciones-en-materias-tributaria-aduanera-cambiaria-y-administrativa\/","og_site_name":"Auren Colombia","og_image":[{"width":2560,"height":1696,"url":"https:\/\/auren.com\/co\/wp-content\/uploads\/2021\/05\/materias-tributaria-scaled-2.jpg","type":"image\/jpeg"}],"twitter_card":"summary_large_image","twitter_site":"@AurenColombia","twitter_misc":{"Tiempo de lectura":"1 minuto"},"schema":{"@context":"https:\/\/schema.org","@graph":[{"@type":"WebPage","@id":"https:\/\/auren.com\/co\/blog\/nueva-ampliacion-de-la-suspension-de-terminos-en-procesos-y-actuaciones-en-materias-tributaria-aduanera-cambiaria-y-administrativa\/","url":"https:\/\/auren.com\/co\/blog\/nueva-ampliacion-de-la-suspension-de-terminos-en-procesos-y-actuaciones-en-materias-tributaria-aduanera-cambiaria-y-administrativa\/","name":"Nueva ampliaci\u00f3n de la suspensi\u00f3n de t\u00e9rminos en procesos y actuaciones en materias tributaria, aduanera, cambiaria y administrativa. - Auren Colombia","isPartOf":{"@id":"https:\/\/auren.com\/co\/#website"},"primaryImageOfPage":{"@id":"https:\/\/auren.com\/co\/blog\/nueva-ampliacion-de-la-suspension-de-terminos-en-procesos-y-actuaciones-en-materias-tributaria-aduanera-cambiaria-y-administrativa\/#primaryimage"},"image":{"@id":"https:\/\/auren.com\/co\/blog\/nueva-ampliacion-de-la-suspension-de-terminos-en-procesos-y-actuaciones-en-materias-tributaria-aduanera-cambiaria-y-administrativa\/#primaryimage"},"thumbnailUrl":"https:\/\/auren.com\/co\/wp-content\/uploads\/2021\/05\/materias-tributaria-scaled-2.jpg","datePublished":"2021-05-27T07:06:01+00:00","description":"Nueva ampliaci\u00f3n de la suspensi\u00f3n de t\u00e9rminos en procesos y actuaciones en materias tributaria, aduanera, cambiaria y administrativa","breadcrumb":{"@id":"https:\/\/auren.com\/co\/blog\/nueva-ampliacion-de-la-suspension-de-terminos-en-procesos-y-actuaciones-en-materias-tributaria-aduanera-cambiaria-y-administrativa\/#breadcrumb"},"inLanguage":"es","potentialAction":[{"@type":"ReadAction","target":["https:\/\/auren.com\/co\/blog\/nueva-ampliacion-de-la-suspension-de-terminos-en-procesos-y-actuaciones-en-materias-tributaria-aduanera-cambiaria-y-administrativa\/"]}]},{"@type":"ImageObject","inLanguage":"es","@id":"https:\/\/auren.com\/co\/blog\/nueva-ampliacion-de-la-suspension-de-terminos-en-procesos-y-actuaciones-en-materias-tributaria-aduanera-cambiaria-y-administrativa\/#primaryimage","url":"https:\/\/auren.com\/co\/wp-content\/uploads\/2021\/05\/materias-tributaria-scaled-2.jpg","contentUrl":"https:\/\/auren.com\/co\/wp-content\/uploads\/2021\/05\/materias-tributaria-scaled-2.jpg","width":2560,"height":1696},{"@type":"BreadcrumbList","@id":"https:\/\/auren.com\/co\/blog\/nueva-ampliacion-de-la-suspension-de-terminos-en-procesos-y-actuaciones-en-materias-tributaria-aduanera-cambiaria-y-administrativa\/#breadcrumb","itemListElement":[{"@type":"ListItem","position":1,"name":"Portada","item":"https:\/\/auren.com\/co\/"},{"@type":"ListItem","position":2,"name":"Nueva ampliaci\u00f3n de la suspensi\u00f3n de t\u00e9rminos en procesos y actuaciones en materias tributaria, aduanera, cambiaria y administrativa."}]},{"@type":"WebSite","@id":"https:\/\/auren.com\/co\/#website","url":"https:\/\/auren.com\/co\/","name":"Auren Colombia","description":"","publisher":{"@id":"https:\/\/auren.com\/co\/#organization"},"potentialAction":[{"@type":"SearchAction","target":{"@type":"EntryPoint","urlTemplate":"https:\/\/auren.com\/co\/?s={search_term_string}"},"query-input":{"@type":"PropertyValueSpecification","valueRequired":true,"valueName":"search_term_string"}}],"inLanguage":"es"},{"@type":"Organization","@id":"https:\/\/auren.com\/co\/#organization","name":"Auren Colombia","url":"https:\/\/auren.com\/co\/","logo":{"@type":"ImageObject","inLanguage":"es","@id":"https:\/\/auren.com\/co\/#\/schema\/logo\/image\/","url":"https:\/\/auren.com\/co\/wp-content\/uploads\/2025\/01\/cropped-cropped-favicon-Auren.png","contentUrl":"https:\/\/auren.com\/co\/wp-content\/uploads\/2025\/01\/cropped-cropped-favicon-Auren.png","width":512,"height":512,"caption":"Auren Colombia"},"image":{"@id":"https:\/\/auren.com\/co\/#\/schema\/logo\/image\/"},"sameAs":["https:\/\/x.com\/AurenColombia","https:\/\/www.instagram.com\/aurencolombia\/","https:\/\/www.youtube.com\/channel\/UCRYoGRMR_k4oVWesdErApmA","https:\/\/www.linkedin.com\/company\/auren-colombia"]}]}},"_links":{"self":[{"href":"https:\/\/auren.com\/co\/wp-json\/wp\/v2\/blog\/9310","targetHints":{"allow":["GET"]}}],"collection":[{"href":"https:\/\/auren.com\/co\/wp-json\/wp\/v2\/blog"}],"about":[{"href":"https:\/\/auren.com\/co\/wp-json\/wp\/v2\/types\/blog"}],"version-history":[{"count":0,"href":"https:\/\/auren.com\/co\/wp-json\/wp\/v2\/blog\/9310\/revisions"}],"wp:featuredmedia":[{"embeddable":true,"href":"https:\/\/auren.com\/co\/wp-json\/wp\/v2\/media\/9311"}],"wp:attachment":[{"href":"https:\/\/auren.com\/co\/wp-json\/wp\/v2\/media?parent=9310"}],"wp:term":[{"taxonomy":"blog-category","embeddable":true,"href":"https:\/\/auren.com\/co\/wp-json\/wp\/v2\/blog-category?post=9310"}],"curies":[{"name":"wp","href":"https:\/\/api.w.org\/{rel}","templated":true}]}}