{"id":9369,"date":"2021-05-12T08:09:16","date_gmt":"2021-05-12T06:09:16","guid":{"rendered":"https:\/\/auren.com\/co\/blog\/cambio-en-el-calendario-de-implementacion-del-documento-soporte-de-pago-de-nomina-electronica\/"},"modified":"2021-05-12T08:09:16","modified_gmt":"2021-05-12T06:09:16","slug":"cambio-en-el-calendario-de-implementacion-del-documento-soporte-de-pago-de-nomina-electronica","status":"publish","type":"blog","link":"https:\/\/auren.com\/co\/blog\/cambio-en-el-calendario-de-implementacion-del-documento-soporte-de-pago-de-nomina-electronica\/","title":{"rendered":"Cambio en el calendario de implementaci\u00f3n del documento soporte de pago de n\u00f3mina electr\u00f3nica"},"content":{"rendered":"<p>El director de la DIAN, Lisandro Junco, anunci\u00f3 una modificaci\u00f3n en el calendario para la implementaci\u00f3n del documento soporte de pago de n\u00f3mina electr\u00f3nica en el sector empresarial. Lo anterior dar\u00e1 inicio el 1\u00ba de octubre de 2021 y terminar\u00e1 en diciembre del mismo a\u00f1o. As\u00ed mismo, inform\u00f3 que a partir del 1 de agosto del a\u00f1o en curso, estar\u00e1 disponible el sistema de facturaci\u00f3n electr\u00f3nica para la habilitaci\u00f3n, generaci\u00f3n, transmisi\u00f3n, validaci\u00f3n, expedici\u00f3n, entrega y registro, seg\u00fan corresponda. En esta misma fecha se deber\u00e1 adoptar\u00e1n la modalidades por los sujetos obligados a expedir factura de venta o documento equivalente.<\/p>\n<p>De igual manera, en la resoluci\u00f3n expedida por el funcionario se aport\u00f3 un nuevo calendario de implementaci\u00f3n que, seg\u00fan el numero de empleados de la empresa, var\u00eda la fecha m\u00e1xima para iniciar con la generaci\u00f3n del documento.<\/p>\n<figure class=\"wp-block-image size-large is-resized\"><img decoding=\"async\" data-src=\"https:\/\/auren.com\/co\/wp-content\/uploads\/2021\/05\/CALENDARIO-1024x422.png\" alt=\"\" class=\"wp-image-10861 lazyload\" width=\"747\" height=\"308\" data-srcset=\"https:\/\/auren.com\/co\/wp-content\/uploads\/2021\/05\/CALENDARIO-1024x422.png 1024w, https:\/\/auren.com\/co\/wp-content\/uploads\/2021\/05\/CALENDARIO-300x124.png 300w, https:\/\/auren.com\/co\/wp-content\/uploads\/2021\/05\/CALENDARIO-768x317.png 768w, https:\/\/auren.com\/co\/wp-content\/uploads\/2021\/05\/CALENDARIO-1536x633.png 1536w, https:\/\/auren.com\/co\/wp-content\/uploads\/2021\/05\/CALENDARIO-2048x844.png 2048w\" data-sizes=\"auto, (max-width: 747px) 100vw, 747px\" src=\"data:image\/svg+xml;base64,PHN2ZyB3aWR0aD0iMSIgaGVpZ2h0PSIxIiB4bWxucz0iaHR0cDovL3d3dy53My5vcmcvMjAwMC9zdmciPjwvc3ZnPg==\" style=\"--smush-placeholder-width: 747px; --smush-placeholder-aspect-ratio: 747\/308;\" \/><\/figure>\n<p>Por otro lado, en cuanto al calendario de la implementaci\u00f3n permanente, el funcionario indic\u00f3 que los nuevos sujetos obligados a generar el documento soporte de pago de n\u00f3mina electr\u00f3nica, los cuales se derivan de una vinculaci\u00f3n laboral o legal, cuentan con un plazo de dos meses. De estos \u00faltimos empieza a correr el tiempo desde la realizaci\u00f3n de los pagos o abonos en cuenta.<\/p>\n<blockquote class=\"wp-block-quote\">\n<p>Fuente<\/p>\n<p><cite><a href=\"https:\/\/www.dian.gov.co\/normatividad\/Normatividad\/Resoluci%C3%B3n%20000037%20de%2005-05-2021.pdf\">Resoluci\u00f3n DIAN 0037 del 5 de mayo de 2021.<\/a><\/cite><\/p><\/blockquote>\n<p><!-- AddThis Advanced Settings generic via filter on the_content --><!-- AddThis Share Buttons generic via filter on the_content --><\/p>\n","protected":false},"excerpt":{"rendered":"<p>El director de la DIAN, Lisandro Junco, anunci\u00f3 una modificaci\u00f3n en el calendario para la implementaci\u00f3n del documento soporte de pago de n\u00f3mina electr\u00f3nica en el sector empresarial. Lo anterior [&hellip;]<\/p>\n","protected":false},"featured_media":9370,"template":"","meta":{"_acf_changed":false,"footnotes":""},"blog-category":[],"class_list":["post-9369","blog","type-blog","status-publish","has-post-thumbnail","hentry"],"acf":[],"yoast_head":"<!-- This site is optimized with the Yoast SEO plugin v27.5 - https:\/\/yoast.com\/product\/yoast-seo-wordpress\/ -->\n<title>Cambio en el calendario de implementaci\u00f3n del documento soporte de pago de n\u00f3mina electr\u00f3nica - Auren Colombia<\/title>\n<meta name=\"description\" content=\"Cambio en el calendario de implementaci\u00f3n del documento soporte de pago de n\u00f3mina electr\u00f3nica: El director de la DIAN,....\" \/>\n<meta name=\"robots\" content=\"index, follow, max-snippet:-1, max-image-preview:large, max-video-preview:-1\" \/>\n<link rel=\"canonical\" href=\"https:\/\/auren.com\/co\/blog\/cambio-en-el-calendario-de-implementacion-del-documento-soporte-de-pago-de-nomina-electronica\/\" \/>\n<meta property=\"og:locale\" content=\"es_ES\" \/>\n<meta property=\"og:type\" content=\"article\" \/>\n<meta property=\"og:title\" content=\"Cambio en el calendario de implementaci\u00f3n del documento soporte de pago de n\u00f3mina electr\u00f3nica - Auren Colombia\" \/>\n<meta property=\"og:description\" content=\"Cambio en el calendario de implementaci\u00f3n del documento soporte de pago de n\u00f3mina electr\u00f3nica: El director de la DIAN,....\" \/>\n<meta property=\"og:url\" content=\"https:\/\/auren.com\/co\/blog\/cambio-en-el-calendario-de-implementacion-del-documento-soporte-de-pago-de-nomina-electronica\/\" \/>\n<meta property=\"og:site_name\" content=\"Auren Colombia\" \/>\n<meta property=\"og:image\" content=\"https:\/\/auren.com\/co\/wp-content\/uploads\/2021\/05\/Nomina-electronica-2-scaled-2.jpg\" \/>\n\t<meta property=\"og:image:width\" content=\"2560\" \/>\n\t<meta property=\"og:image:height\" content=\"1706\" \/>\n\t<meta property=\"og:image:type\" content=\"image\/jpeg\" \/>\n<meta name=\"twitter:card\" content=\"summary_large_image\" \/>\n<meta name=\"twitter:site\" content=\"@AurenColombia\" \/>\n<meta name=\"twitter:label1\" content=\"Tiempo de lectura\" \/>\n\t<meta name=\"twitter:data1\" content=\"1 minuto\" \/>\n<script type=\"application\/ld+json\" class=\"yoast-schema-graph\">{\"@context\":\"https:\\\/\\\/schema.org\",\"@graph\":[{\"@type\":\"WebPage\",\"@id\":\"https:\\\/\\\/auren.com\\\/co\\\/blog\\\/cambio-en-el-calendario-de-implementacion-del-documento-soporte-de-pago-de-nomina-electronica\\\/\",\"url\":\"https:\\\/\\\/auren.com\\\/co\\\/blog\\\/cambio-en-el-calendario-de-implementacion-del-documento-soporte-de-pago-de-nomina-electronica\\\/\",\"name\":\"Cambio en el calendario de implementaci\u00f3n del documento soporte de pago de n\u00f3mina electr\u00f3nica - Auren Colombia\",\"isPartOf\":{\"@id\":\"https:\\\/\\\/auren.com\\\/co\\\/#website\"},\"primaryImageOfPage\":{\"@id\":\"https:\\\/\\\/auren.com\\\/co\\\/blog\\\/cambio-en-el-calendario-de-implementacion-del-documento-soporte-de-pago-de-nomina-electronica\\\/#primaryimage\"},\"image\":{\"@id\":\"https:\\\/\\\/auren.com\\\/co\\\/blog\\\/cambio-en-el-calendario-de-implementacion-del-documento-soporte-de-pago-de-nomina-electronica\\\/#primaryimage\"},\"thumbnailUrl\":\"https:\\\/\\\/auren.com\\\/co\\\/wp-content\\\/uploads\\\/2021\\\/05\\\/Nomina-electronica-2-scaled-2.jpg\",\"datePublished\":\"2021-05-12T06:09:16+00:00\",\"description\":\"Cambio en el calendario de implementaci\u00f3n del documento soporte de pago de n\u00f3mina electr\u00f3nica: El director de la DIAN,....\",\"breadcrumb\":{\"@id\":\"https:\\\/\\\/auren.com\\\/co\\\/blog\\\/cambio-en-el-calendario-de-implementacion-del-documento-soporte-de-pago-de-nomina-electronica\\\/#breadcrumb\"},\"inLanguage\":\"es\",\"potentialAction\":[{\"@type\":\"ReadAction\",\"target\":[\"https:\\\/\\\/auren.com\\\/co\\\/blog\\\/cambio-en-el-calendario-de-implementacion-del-documento-soporte-de-pago-de-nomina-electronica\\\/\"]}]},{\"@type\":\"ImageObject\",\"inLanguage\":\"es\",\"@id\":\"https:\\\/\\\/auren.com\\\/co\\\/blog\\\/cambio-en-el-calendario-de-implementacion-del-documento-soporte-de-pago-de-nomina-electronica\\\/#primaryimage\",\"url\":\"https:\\\/\\\/auren.com\\\/co\\\/wp-content\\\/uploads\\\/2021\\\/05\\\/Nomina-electronica-2-scaled-2.jpg\",\"contentUrl\":\"https:\\\/\\\/auren.com\\\/co\\\/wp-content\\\/uploads\\\/2021\\\/05\\\/Nomina-electronica-2-scaled-2.jpg\",\"width\":2560,\"height\":1706},{\"@type\":\"BreadcrumbList\",\"@id\":\"https:\\\/\\\/auren.com\\\/co\\\/blog\\\/cambio-en-el-calendario-de-implementacion-del-documento-soporte-de-pago-de-nomina-electronica\\\/#breadcrumb\",\"itemListElement\":[{\"@type\":\"ListItem\",\"position\":1,\"name\":\"Portada\",\"item\":\"https:\\\/\\\/auren.com\\\/co\\\/\"},{\"@type\":\"ListItem\",\"position\":2,\"name\":\"Cambio en el calendario de implementaci\u00f3n del documento soporte de pago de n\u00f3mina electr\u00f3nica\"}]},{\"@type\":\"WebSite\",\"@id\":\"https:\\\/\\\/auren.com\\\/co\\\/#website\",\"url\":\"https:\\\/\\\/auren.com\\\/co\\\/\",\"name\":\"Auren Colombia\",\"description\":\"\",\"publisher\":{\"@id\":\"https:\\\/\\\/auren.com\\\/co\\\/#organization\"},\"potentialAction\":[{\"@type\":\"SearchAction\",\"target\":{\"@type\":\"EntryPoint\",\"urlTemplate\":\"https:\\\/\\\/auren.com\\\/co\\\/?s={search_term_string}\"},\"query-input\":{\"@type\":\"PropertyValueSpecification\",\"valueRequired\":true,\"valueName\":\"search_term_string\"}}],\"inLanguage\":\"es\"},{\"@type\":\"Organization\",\"@id\":\"https:\\\/\\\/auren.com\\\/co\\\/#organization\",\"name\":\"Auren Colombia\",\"url\":\"https:\\\/\\\/auren.com\\\/co\\\/\",\"logo\":{\"@type\":\"ImageObject\",\"inLanguage\":\"es\",\"@id\":\"https:\\\/\\\/auren.com\\\/co\\\/#\\\/schema\\\/logo\\\/image\\\/\",\"url\":\"https:\\\/\\\/auren.com\\\/co\\\/wp-content\\\/uploads\\\/2025\\\/01\\\/cropped-cropped-favicon-Auren.png\",\"contentUrl\":\"https:\\\/\\\/auren.com\\\/co\\\/wp-content\\\/uploads\\\/2025\\\/01\\\/cropped-cropped-favicon-Auren.png\",\"width\":512,\"height\":512,\"caption\":\"Auren Colombia\"},\"image\":{\"@id\":\"https:\\\/\\\/auren.com\\\/co\\\/#\\\/schema\\\/logo\\\/image\\\/\"},\"sameAs\":[\"https:\\\/\\\/x.com\\\/AurenColombia\",\"https:\\\/\\\/www.instagram.com\\\/aurencolombia\\\/\",\"https:\\\/\\\/www.youtube.com\\\/channel\\\/UCRYoGRMR_k4oVWesdErApmA\",\"https:\\\/\\\/www.linkedin.com\\\/company\\\/auren-colombia\"]}]}<\/script>\n<!-- \/ Yoast SEO plugin. -->","yoast_head_json":{"title":"Cambio en el calendario de implementaci\u00f3n del documento soporte de pago de n\u00f3mina electr\u00f3nica - Auren Colombia","description":"Cambio en el calendario de implementaci\u00f3n del documento soporte de pago de n\u00f3mina electr\u00f3nica: El director de la DIAN,....","robots":{"index":"index","follow":"follow","max-snippet":"max-snippet:-1","max-image-preview":"max-image-preview:large","max-video-preview":"max-video-preview:-1"},"canonical":"https:\/\/auren.com\/co\/blog\/cambio-en-el-calendario-de-implementacion-del-documento-soporte-de-pago-de-nomina-electronica\/","og_locale":"es_ES","og_type":"article","og_title":"Cambio en el calendario de implementaci\u00f3n del documento soporte de pago de n\u00f3mina electr\u00f3nica - Auren Colombia","og_description":"Cambio en el calendario de implementaci\u00f3n del documento soporte de pago de n\u00f3mina electr\u00f3nica: El director de la DIAN,....","og_url":"https:\/\/auren.com\/co\/blog\/cambio-en-el-calendario-de-implementacion-del-documento-soporte-de-pago-de-nomina-electronica\/","og_site_name":"Auren Colombia","og_image":[{"width":2560,"height":1706,"url":"https:\/\/auren.com\/co\/wp-content\/uploads\/2021\/05\/Nomina-electronica-2-scaled-2.jpg","type":"image\/jpeg"}],"twitter_card":"summary_large_image","twitter_site":"@AurenColombia","twitter_misc":{"Tiempo de lectura":"1 minuto"},"schema":{"@context":"https:\/\/schema.org","@graph":[{"@type":"WebPage","@id":"https:\/\/auren.com\/co\/blog\/cambio-en-el-calendario-de-implementacion-del-documento-soporte-de-pago-de-nomina-electronica\/","url":"https:\/\/auren.com\/co\/blog\/cambio-en-el-calendario-de-implementacion-del-documento-soporte-de-pago-de-nomina-electronica\/","name":"Cambio en el calendario de implementaci\u00f3n del documento soporte de pago de n\u00f3mina electr\u00f3nica - Auren Colombia","isPartOf":{"@id":"https:\/\/auren.com\/co\/#website"},"primaryImageOfPage":{"@id":"https:\/\/auren.com\/co\/blog\/cambio-en-el-calendario-de-implementacion-del-documento-soporte-de-pago-de-nomina-electronica\/#primaryimage"},"image":{"@id":"https:\/\/auren.com\/co\/blog\/cambio-en-el-calendario-de-implementacion-del-documento-soporte-de-pago-de-nomina-electronica\/#primaryimage"},"thumbnailUrl":"https:\/\/auren.com\/co\/wp-content\/uploads\/2021\/05\/Nomina-electronica-2-scaled-2.jpg","datePublished":"2021-05-12T06:09:16+00:00","description":"Cambio en el calendario de implementaci\u00f3n del documento soporte de pago de n\u00f3mina electr\u00f3nica: El director de la DIAN,....","breadcrumb":{"@id":"https:\/\/auren.com\/co\/blog\/cambio-en-el-calendario-de-implementacion-del-documento-soporte-de-pago-de-nomina-electronica\/#breadcrumb"},"inLanguage":"es","potentialAction":[{"@type":"ReadAction","target":["https:\/\/auren.com\/co\/blog\/cambio-en-el-calendario-de-implementacion-del-documento-soporte-de-pago-de-nomina-electronica\/"]}]},{"@type":"ImageObject","inLanguage":"es","@id":"https:\/\/auren.com\/co\/blog\/cambio-en-el-calendario-de-implementacion-del-documento-soporte-de-pago-de-nomina-electronica\/#primaryimage","url":"https:\/\/auren.com\/co\/wp-content\/uploads\/2021\/05\/Nomina-electronica-2-scaled-2.jpg","contentUrl":"https:\/\/auren.com\/co\/wp-content\/uploads\/2021\/05\/Nomina-electronica-2-scaled-2.jpg","width":2560,"height":1706},{"@type":"BreadcrumbList","@id":"https:\/\/auren.com\/co\/blog\/cambio-en-el-calendario-de-implementacion-del-documento-soporte-de-pago-de-nomina-electronica\/#breadcrumb","itemListElement":[{"@type":"ListItem","position":1,"name":"Portada","item":"https:\/\/auren.com\/co\/"},{"@type":"ListItem","position":2,"name":"Cambio en el calendario de implementaci\u00f3n del documento soporte de pago de n\u00f3mina electr\u00f3nica"}]},{"@type":"WebSite","@id":"https:\/\/auren.com\/co\/#website","url":"https:\/\/auren.com\/co\/","name":"Auren Colombia","description":"","publisher":{"@id":"https:\/\/auren.com\/co\/#organization"},"potentialAction":[{"@type":"SearchAction","target":{"@type":"EntryPoint","urlTemplate":"https:\/\/auren.com\/co\/?s={search_term_string}"},"query-input":{"@type":"PropertyValueSpecification","valueRequired":true,"valueName":"search_term_string"}}],"inLanguage":"es"},{"@type":"Organization","@id":"https:\/\/auren.com\/co\/#organization","name":"Auren Colombia","url":"https:\/\/auren.com\/co\/","logo":{"@type":"ImageObject","inLanguage":"es","@id":"https:\/\/auren.com\/co\/#\/schema\/logo\/image\/","url":"https:\/\/auren.com\/co\/wp-content\/uploads\/2025\/01\/cropped-cropped-favicon-Auren.png","contentUrl":"https:\/\/auren.com\/co\/wp-content\/uploads\/2025\/01\/cropped-cropped-favicon-Auren.png","width":512,"height":512,"caption":"Auren Colombia"},"image":{"@id":"https:\/\/auren.com\/co\/#\/schema\/logo\/image\/"},"sameAs":["https:\/\/x.com\/AurenColombia","https:\/\/www.instagram.com\/aurencolombia\/","https:\/\/www.youtube.com\/channel\/UCRYoGRMR_k4oVWesdErApmA","https:\/\/www.linkedin.com\/company\/auren-colombia"]}]}},"_links":{"self":[{"href":"https:\/\/auren.com\/co\/wp-json\/wp\/v2\/blog\/9369","targetHints":{"allow":["GET"]}}],"collection":[{"href":"https:\/\/auren.com\/co\/wp-json\/wp\/v2\/blog"}],"about":[{"href":"https:\/\/auren.com\/co\/wp-json\/wp\/v2\/types\/blog"}],"version-history":[{"count":0,"href":"https:\/\/auren.com\/co\/wp-json\/wp\/v2\/blog\/9369\/revisions"}],"wp:featuredmedia":[{"embeddable":true,"href":"https:\/\/auren.com\/co\/wp-json\/wp\/v2\/media\/9370"}],"wp:attachment":[{"href":"https:\/\/auren.com\/co\/wp-json\/wp\/v2\/media?parent=9369"}],"wp:term":[{"taxonomy":"blog-category","embeddable":true,"href":"https:\/\/auren.com\/co\/wp-json\/wp\/v2\/blog-category?post=9369"}],"curies":[{"name":"wp","href":"https:\/\/api.w.org\/{rel}","templated":true}]}}