{"id":4165,"date":"2023-07-31T12:37:00","date_gmt":"2023-07-31T10:37:00","guid":{"rendered":"https:\/\/auren.com\/de\/blog\/das-neue-sv-meldeportal\/"},"modified":"2025-03-19T08:21:32","modified_gmt":"2025-03-19T07:21:32","slug":"das-neue-sv-meldeportal","status":"publish","type":"blog","link":"https:\/\/auren.com\/de\/blog\/das-neue-sv-meldeportal\/","title":{"rendered":"Das neue SV-Meldeportal"},"content":{"rendered":"<p><em><strong><span style=\"text-decoration: underline;\"><a href=\"https:\/\/auren.com\/de\/ueber-auren\/unsere-berater\/\" target=\"_blank\" rel=\"noreferrer noopener\"><mark class=\"has-inline-color has-vivid-red-color\" style=\"background-color: rgba(0, 0, 0, 0);\">Birgit Ennemoser<\/mark><\/a><\/span><\/strong> (<a href=\"mailto:birgit.ennemoser@str-auren.de\"><mark class=\"has-inline-color has-vivid-cyan-blue-color\" style=\"background-color: rgba(0, 0, 0, 0);\">birgit.ennemoser@str-auren.de<\/mark><\/a>), Gesch\u00e4ftsf\u00fchrerin Personal Services<\/em><\/p>\n<p>Das neue SV-Meldeportal steht Arbeitgebern ab Oktober 2023 zur Verf\u00fcgung und l\u00f6st die bekannte Anwendung sv.net ab, die noch bis Ende 2023 weiterl\u00e4uft und ab 2024 nicht mehr verf\u00fcgbar sein soll.<\/p>\n<p><strong>Arbeitgeber sollten den \u00dcbergangszeitraum nutzen und sich bis sp\u00e4testens Ende 2023 f\u00fcr das neue Portal registrieren. <\/strong><\/p>\n<p>Die Anwendung sv.net wird derzeit von ca. 500.000 Arbeitgebern mit 570.000 Nutzern verwendet. Sie k\u00f6nnen damit Meldungen, Beitragsnachweise, Bescheinigungen und Antr\u00e4ge ausf\u00fcllen und abgeben. Das Angebot ersetzt allerdings kein Lohnabrechnungsprogramm, sondern ist eine Ausf\u00fcllhilfe.<\/p>\n<p>Die bisherige Anwendung sv.net wird \u00fcbergangsweise noch bis zum 31. Dezember 2023 in uneingeschr\u00e4nktem Leistungsumfang weiterlaufen. Danach steht sv.net nicht mehr im vollen\u00a0Umfang zur Verf\u00fcgung: Bis zum 29. Februar 2024 k\u00f6nnen Daten zwar grunds\u00e4tzlich noch \u00fcber sv.net \u00fcbermittelt werden, allerdings k\u00f6nnen Sie dort keine R\u00fcckmeldungen mehr abrufen. Diese stehen nur noch im SV-Meldeportal zur Verf\u00fcgung. Ab M\u00e4rz 2024 wird sv.net abgeschaltet.<\/p>\n<p><strong>Ausnahmen<\/strong>: Die\u00a0<strong>A1-Bescheinigung<\/strong>\u00a0und\u00a0<strong>eAU-Bescheinigungen<\/strong>\u00a0k\u00f6nnen vorerst weiterhin \u00fcber sv.net abgerufen werden.<\/p>\n<h2 class=\"wp-block-heading\">Zus\u00e4tzliche Funktionen des neuen SV-Meldeportals:<\/h2>\n<h3 class=\"wp-block-heading\">Online-Datenspeicher<\/h3>\n<p>Der Online-Datenspeicher ist vor allem f\u00fcr kleine Unternehmen gedacht: Mit ihm k\u00f6nnen alle Daten aus Sozialversicherungsmeldungen einschlie\u00dflich der Entgeltdaten zentral und sicher gespeichert werden. Die gespeicherten Daten k\u00f6nnen auch f\u00fcr die elektronische Betriebspr\u00fcfung genutzt werden.<\/p>\n<h3 class=\"wp-block-heading\">Benutzer registrieren<\/h3>\n<p>Im neuen SV-Meldeportal sind die Registrierung und der Login f\u00fcr Arbeitgeber und Selbstst\u00e4ndige nur mit einem ELSTER-Zertifikat m\u00f6glich.<\/p>\n<h3 class=\"wp-block-heading\">Neues Design und neue Benutzeroberfl\u00e4che<\/h3>\n<p>Die Benutzeroberfl\u00e4che des SV-Meldeportals wird f\u00fcr die Mehrsprachigkeit vorbereitet. Man kann das Portal sowohl am station\u00e4ren PC als auch mobil \u00fcber Tablet oder Smartphone benutzen \u2013 das Design passt sich dann automatisch an (responsive Design).<\/p>\n<p>Das neue SV-Meldeportal steht grunds\u00e4tzlich ab dem 4. Oktober 2023 zur Nutzung bereit. Die bisherige Anwendung sv.net wird \u00fcbergangsweise noch bis zum 31. Dezember 2023 in uneingeschr\u00e4nktem Leistungsumfang weiterlaufen. \u00a0F\u00fcr Arbeitgeber soll es detaillierte Unterst\u00fctzungsangebote f\u00fcr den Umstieg geben, beispielsweise in Form von Online-Schulungen f\u00fcr Arbeitgeber und Selbstst\u00e4ndige.<\/p>\n<p>Der vdek hat dazu eine\u00a0<a href=\"https:\/\/www.tk.de\/resource\/blob\/2137806\/2effa88807d3f47bd2bcb58cd5ab0261\/infotext-zum-sv-meldeportal-data.pdf\" target=\"_blank\" rel=\"noreferrer noopener\"><mark class=\"has-inline-color has-vivid-cyan-blue-color\" style=\"background-color: rgba(0, 0, 0, 0);\">Information zum SV-Meldeportal\u00a0(PDF, 8\u00a0kB, nicht barrierefrei)<\/mark><\/a>\u00a0herausgegeben, die das neue SV-Meldeportal ausf\u00fchrlich erkl\u00e4rt. Au\u00dferdem steht schon jetzt die Seite<br \/>\n<a href=\"https:\/\/www.itsg.de\/produkte\/sv-meldeportal\/\" target=\"_blank\" rel=\"noreferrer noopener\"><mark class=\"has-inline-color has-vivid-cyan-blue-color\" style=\"background-color: rgba(0, 0, 0, 0);\">sv-meldeportal.de<\/mark><\/a>\u00a0zur Verf\u00fcgung, die weitere Informationen bereith\u00e4lt.<\/p>\n<p><a class=\"wp-block-button__link has-vivid-red-background-color has-background wp-element-button\" href=\"\/?page_id=2155\" target=\"_blank\" rel=\"noreferrer noopener\">Kontaktieren Sie uns<\/a><\/p>\n<p><!-- AddThis Advanced Settings generic via filter on the_content --><!-- AddThis Share Buttons generic via filter on the_content --><\/p>\n","protected":false},"excerpt":{"rendered":"<p>Das neue SV-Meldeportal steht Arbeitgebern ab Juli 2023 zur Verf\u00fcgung und l\u00f6st die bekannte Anwendung sv.net ab.<\/p>\n","protected":false},"featured_media":4166,"template":"","meta":{"_acf_changed":false,"footnotes":""},"blog-category":[],"class_list":["post-4165","blog","type-blog","status-publish","has-post-thumbnail","hentry"],"acf":[],"yoast_head":"<!-- This site is optimized with the Yoast SEO plugin v27.4 - https:\/\/yoast.com\/product\/yoast-seo-wordpress\/ -->\n<title>Das neue SV-Meldeportal<\/title>\n<meta name=\"description\" content=\"Das neue SV-Meldeportal steht Arbeitgebern ab Oktober 2023 zur Verf\u00fcgung und l\u00f6st die bekannte Anwendung sv.net ab.\" \/>\n<meta name=\"robots\" content=\"index, follow, max-snippet:-1, max-image-preview:large, max-video-preview:-1\" \/>\n<link rel=\"canonical\" href=\"https:\/\/auren.com\/de\/blog\/das-neue-sv-meldeportal\/\" \/>\n<meta property=\"og:locale\" content=\"de_DE\" \/>\n<meta property=\"og:type\" content=\"article\" \/>\n<meta property=\"og:title\" content=\"Das neue SV-Meldeportal\" \/>\n<meta property=\"og:description\" content=\"Das neue SV-Meldeportal steht Arbeitgebern ab Oktober 2023 zur Verf\u00fcgung und l\u00f6st die bekannte Anwendung sv.net ab.\" \/>\n<meta property=\"og:url\" content=\"https:\/\/auren.com\/de\/blog\/das-neue-sv-meldeportal\/\" \/>\n<meta property=\"og:site_name\" content=\"Auren Germany\" \/>\n<meta property=\"article:publisher\" content=\"https:\/\/www.facebook.com\/aurendeutschland\" \/>\n<meta property=\"article:modified_time\" content=\"2025-03-19T07:21:32+00:00\" \/>\n<meta property=\"og:image\" content=\"https:\/\/auren.com\/de\/wp-content\/uploads\/2023\/07\/SV-Meldeportal.png\" \/>\n\t<meta property=\"og:image:width\" content=\"1200\" \/>\n\t<meta property=\"og:image:height\" content=\"1000\" \/>\n\t<meta property=\"og:image:type\" content=\"image\/png\" \/>\n<meta name=\"twitter:card\" content=\"summary_large_image\" \/>\n<meta name=\"twitter:label1\" content=\"Gesch\u00e4tzte Lesezeit\" \/>\n\t<meta name=\"twitter:data1\" content=\"3\u00a0Minuten\" \/>\n<script type=\"application\/ld+json\" class=\"yoast-schema-graph\">{\"@context\":\"https:\\\/\\\/schema.org\",\"@graph\":[{\"@type\":\"WebPage\",\"@id\":\"https:\\\/\\\/auren.com\\\/de\\\/blog\\\/das-neue-sv-meldeportal\\\/\",\"url\":\"https:\\\/\\\/auren.com\\\/de\\\/blog\\\/das-neue-sv-meldeportal\\\/\",\"name\":\"Das neue SV-Meldeportal\",\"isPartOf\":{\"@id\":\"https:\\\/\\\/auren.com\\\/de\\\/#website\"},\"primaryImageOfPage\":{\"@id\":\"https:\\\/\\\/auren.com\\\/de\\\/blog\\\/das-neue-sv-meldeportal\\\/#primaryimage\"},\"image\":{\"@id\":\"https:\\\/\\\/auren.com\\\/de\\\/blog\\\/das-neue-sv-meldeportal\\\/#primaryimage\"},\"thumbnailUrl\":\"https:\\\/\\\/auren.com\\\/de\\\/wp-content\\\/uploads\\\/2023\\\/07\\\/SV-Meldeportal.png\",\"datePublished\":\"2023-07-31T10:37:00+00:00\",\"dateModified\":\"2025-03-19T07:21:32+00:00\",\"description\":\"Das neue SV-Meldeportal steht Arbeitgebern ab Oktober 2023 zur Verf\u00fcgung und l\u00f6st die bekannte Anwendung sv.net ab.\",\"breadcrumb\":{\"@id\":\"https:\\\/\\\/auren.com\\\/de\\\/blog\\\/das-neue-sv-meldeportal\\\/#breadcrumb\"},\"inLanguage\":\"de\",\"potentialAction\":[{\"@type\":\"ReadAction\",\"target\":[\"https:\\\/\\\/auren.com\\\/de\\\/blog\\\/das-neue-sv-meldeportal\\\/\"]}]},{\"@type\":\"ImageObject\",\"inLanguage\":\"de\",\"@id\":\"https:\\\/\\\/auren.com\\\/de\\\/blog\\\/das-neue-sv-meldeportal\\\/#primaryimage\",\"url\":\"https:\\\/\\\/auren.com\\\/de\\\/wp-content\\\/uploads\\\/2023\\\/07\\\/SV-Meldeportal.png\",\"contentUrl\":\"https:\\\/\\\/auren.com\\\/de\\\/wp-content\\\/uploads\\\/2023\\\/07\\\/SV-Meldeportal.png\",\"width\":1200,\"height\":1000},{\"@type\":\"BreadcrumbList\",\"@id\":\"https:\\\/\\\/auren.com\\\/de\\\/blog\\\/das-neue-sv-meldeportal\\\/#breadcrumb\",\"itemListElement\":[{\"@type\":\"ListItem\",\"position\":1,\"name\":\"Home\",\"item\":\"https:\\\/\\\/auren.com\\\/de\\\/\"},{\"@type\":\"ListItem\",\"position\":2,\"name\":\"Das neue SV-Meldeportal\"}]},{\"@type\":\"WebSite\",\"@id\":\"https:\\\/\\\/auren.com\\\/de\\\/#website\",\"url\":\"https:\\\/\\\/auren.com\\\/de\\\/\",\"name\":\"Auren\",\"description\":\"\",\"publisher\":{\"@id\":\"https:\\\/\\\/auren.com\\\/de\\\/#organization\"},\"alternateName\":\"Auren\",\"potentialAction\":[{\"@type\":\"SearchAction\",\"target\":{\"@type\":\"EntryPoint\",\"urlTemplate\":\"https:\\\/\\\/auren.com\\\/de\\\/?s={search_term_string}\"},\"query-input\":{\"@type\":\"PropertyValueSpecification\",\"valueRequired\":true,\"valueName\":\"search_term_string\"}}],\"inLanguage\":\"de\"},{\"@type\":\"Organization\",\"@id\":\"https:\\\/\\\/auren.com\\\/de\\\/#organization\",\"name\":\"Auren Deutschland\",\"url\":\"https:\\\/\\\/auren.com\\\/de\\\/\",\"logo\":{\"@type\":\"ImageObject\",\"inLanguage\":\"de\",\"@id\":\"https:\\\/\\\/auren.com\\\/de\\\/#\\\/schema\\\/logo\\\/image\\\/\",\"url\":\"https:\\\/\\\/auren.com\\\/de\\\/wp-content\\\/uploads\\\/2025\\\/01\\\/cropped-cropped-favicon-Auren.png\",\"contentUrl\":\"https:\\\/\\\/auren.com\\\/de\\\/wp-content\\\/uploads\\\/2025\\\/01\\\/cropped-cropped-favicon-Auren.png\",\"width\":512,\"height\":512,\"caption\":\"Auren Deutschland\"},\"image\":{\"@id\":\"https:\\\/\\\/auren.com\\\/de\\\/#\\\/schema\\\/logo\\\/image\\\/\"},\"sameAs\":[\"https:\\\/\\\/www.facebook.com\\\/aurendeutschland\",\"https:\\\/\\\/de.linkedin.com\\\/organization-guest\\\/company\\\/auren-deutschland\",\"https:\\\/\\\/www.youtube.com\\\/@aurendeutschland\",\"https:\\\/\\\/www.instagram.com\\\/aurendeutschland\\\/\"]}]}<\/script>\n<!-- \/ Yoast SEO plugin. -->","yoast_head_json":{"title":"Das neue SV-Meldeportal","description":"Das neue SV-Meldeportal steht Arbeitgebern ab Oktober 2023 zur Verf\u00fcgung und l\u00f6st die bekannte Anwendung sv.net ab.","robots":{"index":"index","follow":"follow","max-snippet":"max-snippet:-1","max-image-preview":"max-image-preview:large","max-video-preview":"max-video-preview:-1"},"canonical":"https:\/\/auren.com\/de\/blog\/das-neue-sv-meldeportal\/","og_locale":"de_DE","og_type":"article","og_title":"Das neue SV-Meldeportal","og_description":"Das neue SV-Meldeportal steht Arbeitgebern ab Oktober 2023 zur Verf\u00fcgung und l\u00f6st die bekannte Anwendung sv.net ab.","og_url":"https:\/\/auren.com\/de\/blog\/das-neue-sv-meldeportal\/","og_site_name":"Auren Germany","article_publisher":"https:\/\/www.facebook.com\/aurendeutschland","article_modified_time":"2025-03-19T07:21:32+00:00","og_image":[{"width":1200,"height":1000,"url":"https:\/\/auren.com\/de\/wp-content\/uploads\/2023\/07\/SV-Meldeportal.png","type":"image\/png"}],"twitter_card":"summary_large_image","twitter_misc":{"Gesch\u00e4tzte Lesezeit":"3\u00a0Minuten"},"schema":{"@context":"https:\/\/schema.org","@graph":[{"@type":"WebPage","@id":"https:\/\/auren.com\/de\/blog\/das-neue-sv-meldeportal\/","url":"https:\/\/auren.com\/de\/blog\/das-neue-sv-meldeportal\/","name":"Das neue SV-Meldeportal","isPartOf":{"@id":"https:\/\/auren.com\/de\/#website"},"primaryImageOfPage":{"@id":"https:\/\/auren.com\/de\/blog\/das-neue-sv-meldeportal\/#primaryimage"},"image":{"@id":"https:\/\/auren.com\/de\/blog\/das-neue-sv-meldeportal\/#primaryimage"},"thumbnailUrl":"https:\/\/auren.com\/de\/wp-content\/uploads\/2023\/07\/SV-Meldeportal.png","datePublished":"2023-07-31T10:37:00+00:00","dateModified":"2025-03-19T07:21:32+00:00","description":"Das neue SV-Meldeportal steht Arbeitgebern ab Oktober 2023 zur Verf\u00fcgung und l\u00f6st die bekannte Anwendung sv.net ab.","breadcrumb":{"@id":"https:\/\/auren.com\/de\/blog\/das-neue-sv-meldeportal\/#breadcrumb"},"inLanguage":"de","potentialAction":[{"@type":"ReadAction","target":["https:\/\/auren.com\/de\/blog\/das-neue-sv-meldeportal\/"]}]},{"@type":"ImageObject","inLanguage":"de","@id":"https:\/\/auren.com\/de\/blog\/das-neue-sv-meldeportal\/#primaryimage","url":"https:\/\/auren.com\/de\/wp-content\/uploads\/2023\/07\/SV-Meldeportal.png","contentUrl":"https:\/\/auren.com\/de\/wp-content\/uploads\/2023\/07\/SV-Meldeportal.png","width":1200,"height":1000},{"@type":"BreadcrumbList","@id":"https:\/\/auren.com\/de\/blog\/das-neue-sv-meldeportal\/#breadcrumb","itemListElement":[{"@type":"ListItem","position":1,"name":"Home","item":"https:\/\/auren.com\/de\/"},{"@type":"ListItem","position":2,"name":"Das neue SV-Meldeportal"}]},{"@type":"WebSite","@id":"https:\/\/auren.com\/de\/#website","url":"https:\/\/auren.com\/de\/","name":"Auren","description":"","publisher":{"@id":"https:\/\/auren.com\/de\/#organization"},"alternateName":"Auren","potentialAction":[{"@type":"SearchAction","target":{"@type":"EntryPoint","urlTemplate":"https:\/\/auren.com\/de\/?s={search_term_string}"},"query-input":{"@type":"PropertyValueSpecification","valueRequired":true,"valueName":"search_term_string"}}],"inLanguage":"de"},{"@type":"Organization","@id":"https:\/\/auren.com\/de\/#organization","name":"Auren Deutschland","url":"https:\/\/auren.com\/de\/","logo":{"@type":"ImageObject","inLanguage":"de","@id":"https:\/\/auren.com\/de\/#\/schema\/logo\/image\/","url":"https:\/\/auren.com\/de\/wp-content\/uploads\/2025\/01\/cropped-cropped-favicon-Auren.png","contentUrl":"https:\/\/auren.com\/de\/wp-content\/uploads\/2025\/01\/cropped-cropped-favicon-Auren.png","width":512,"height":512,"caption":"Auren Deutschland"},"image":{"@id":"https:\/\/auren.com\/de\/#\/schema\/logo\/image\/"},"sameAs":["https:\/\/www.facebook.com\/aurendeutschland","https:\/\/de.linkedin.com\/organization-guest\/company\/auren-deutschland","https:\/\/www.youtube.com\/@aurendeutschland","https:\/\/www.instagram.com\/aurendeutschland\/"]}]}},"_links":{"self":[{"href":"https:\/\/auren.com\/de\/wp-json\/wp\/v2\/blog\/4165","targetHints":{"allow":["GET"]}}],"collection":[{"href":"https:\/\/auren.com\/de\/wp-json\/wp\/v2\/blog"}],"about":[{"href":"https:\/\/auren.com\/de\/wp-json\/wp\/v2\/types\/blog"}],"version-history":[{"count":2,"href":"https:\/\/auren.com\/de\/wp-json\/wp\/v2\/blog\/4165\/revisions"}],"predecessor-version":[{"id":103731,"href":"https:\/\/auren.com\/de\/wp-json\/wp\/v2\/blog\/4165\/revisions\/103731"}],"wp:featuredmedia":[{"embeddable":true,"href":"https:\/\/auren.com\/de\/wp-json\/wp\/v2\/media\/4166"}],"wp:attachment":[{"href":"https:\/\/auren.com\/de\/wp-json\/wp\/v2\/media?parent=4165"}],"wp:term":[{"taxonomy":"blog-category","embeddable":true,"href":"https:\/\/auren.com\/de\/wp-json\/wp\/v2\/blog-category?post=4165"}],"curies":[{"name":"wp","href":"https:\/\/api.w.org\/{rel}","templated":true}]}}