{"id":4168,"date":"2023-07-12T13:00:00","date_gmt":"2023-07-12T11:00:00","guid":{"rendered":"https:\/\/auren.com\/de\/blog\/zusammenschluss-der-tarifparteien-zu-gvp\/"},"modified":"2025-03-19T08:21:46","modified_gmt":"2025-03-19T07:21:46","slug":"zusammenschluss-der-tarifparteien-zu-gvp","status":"publish","type":"blog","link":"https:\/\/auren.com\/de\/blog\/zusammenschluss-der-tarifparteien-zu-gvp\/","title":{"rendered":"Zusammenschluss der Tarifparteien zu GVP"},"content":{"rendered":"<p><em><strong><span style=\"text-decoration: underline;\"><a href=\"https:\/\/auren.com\/de\/ueber-auren\/unsere-berater\/\" target=\"_blank\" rel=\"noreferrer noopener\"><mark class=\"has-inline-color has-vivid-red-color\" style=\"background-color: rgba(0, 0, 0, 0);\">Birgit Ennemoser<\/mark><\/a><\/span><\/strong> (<a href=\"mailto:birgit.ennemoser@str-auren.de\"><mark class=\"has-inline-color has-vivid-cyan-blue-color\" style=\"background-color: rgba(0, 0, 0, 0);\">birgit.ennemoser@str-auren.de<\/mark><\/a>), Gesch\u00e4ftsf\u00fchrerin Personal Services<\/em><\/p>\n<p>Im Rahmen der Personaldienstleistungsbranche steht eine gro\u00dfe Ver\u00e4nderung an: Die Mitglieder von BAP und iGZ haben nahezu einstimmig f\u00fcr die Verschmelzung der beiden Verb\u00e4nde auf den neuen \u201eGesamtverband der Personaldienstleister e.V.\u201c \u2013 kurz GVP \u2013 votiert. Damit werden die Interessen der Branche k\u00fcnftig von einer starken Stimme vertreten.<\/p>\n<h2 class=\"wp-block-heading\">Aufbau des GVP<\/h2>\n<p>Jetzt beginnt der Aufbau des neuen Verbandes. Innerhalb der n\u00e4chsten Wochen und Monate wird mit Hochdruck an der Struktur, der Integration und dem Au\u00dfenauftritt des GVP arbeiten.<\/p>\n<p>Wann der GVP als Rechtstr\u00e4ger und damit auch \u00f6ffentlich in Erscheinung tritt, h\u00e4ngt vom Zeitpunkt der offiziellen Eintragung im Vereinsregister ab. Diese wird beim Vereinsregistergericht Berlin-Charlottenburg umgehend eingeleitet, sobald auch der GVP auf seiner Mitgliederversammlung der Verschmelzung zugestimmt hat und die vierw\u00f6chige Einspruchsfrist abgelaufen ist. Aktuell wird von einer Eintragung im 4. Quartal 2023 ausgegangen.<\/p>\n<p>Bis zur offiziellen Eintragung des GVP werden BAP und iGZ weiterhin eigenst\u00e4ndig fungieren und bestehen. Mit der Eintragung der Verschmelzung auf den GVP erl\u00f6schen der BAP und der iGZ als Verb\u00e4nde. Die bestehenden Mitgliedschaft werden im Anschluss automatisch auf den GVP \u00fcbergehen. Ein neuer Mitgliedsantrag ist also nicht notwendig.<\/p>\n<p>Die<mark class=\"has-inline-color has-vivid-cyan-blue-color\" style=\"background-color: rgba(0, 0, 0, 0);\"> <a href=\"https:\/\/www.personaldienstleister.de\/fileadmin\/user_upload\/06_BAP\/Verbandsneugruendung\/GVP-Beitragsordnung.pdf\" target=\"_blank\" rel=\"noreferrer noopener\">Beitragsordnung<\/a><\/mark> f\u00fcr den GVP wird zum Januar 2024 umgestellt. Bis dahin gelten weiterhin die Beitragsordnungen von <a href=\"https:\/\/www.personaldienstleister.de\/fileadmin\/user_upload\/11_Publikationen\/BAP-Beitragsordnung.pdf\" target=\"_blank\" rel=\"noreferrer noopener\"><mark class=\"has-inline-color has-vivid-cyan-blue-color\" style=\"background-color: rgba(0, 0, 0, 0);\">BAP<\/mark><\/a> und <a href=\"https:\/\/ig-zeitarbeit.de\/igz\/mitglied-werden\/\" target=\"_blank\" rel=\"noreferrer noopener\"><mark class=\"has-inline-color has-vivid-cyan-blue-color\" style=\"background-color: rgba(0, 0, 0, 0);\">iGZ<\/mark><\/a>, auch nach Eintragung der Verschmelzung. F\u00fcr Neumitglieder, die nach Eintragung der Verschmelzung in den GVP eintreten, gilt bis zum Ende 2023 die iGZ-Beitragsordnung (siehe auch <a href=\"https:\/\/www.personaldienstleister.de\/fileadmin\/user_upload\/06_BAP\/Verbandsneugruendung\/GVP-Uebergangsregelung-zur-Beitragsordnung-2023.pdf\" target=\"_blank\" rel=\"noreferrer noopener\"><mark class=\"has-inline-color has-vivid-cyan-blue-color\" style=\"background-color: rgba(0, 0, 0, 0);\">\u00dcbergangsregelung<\/mark><\/a>).<\/p>\n<p><strong>Wichtig:<\/strong> Bis zur Eintragung der Verschmelzung von BAP und iGZ auf den GVP \u00e4ndert sich f\u00fcr Mitgliedsunternehmen erst einmal nichts. Es bleibt bei den gewohnten Ansprechpartnern und den gewohnten Informationswegen. Auch an den Mitgliedsbeitr\u00e4gen \u00e4ndert sich bis zum 31. Dezember 2023 nichts, weil die Beitragsordnung des GVP erst ab dem 1. Januar 2024 g\u00fcltig sein wird.<\/p>\n<p><strong>Derzeit hat die Verschmelzung beider Verb\u00e4nde auf das Tarifwerk von BAP\/iGZ und DGB keine Folgen:<\/strong> die verschiedenen Tarifwerke gelten weiter fort. Selbstverst\u00e4ndlich wird ein gemeinsames Tarifwerk des GVP mit den Gewerkschaften angestrebt.<\/p>\n<p>\u00a0<\/p>\n<div class=\"wp-block-buttons is-layout-flex\">\n<div class=\"wp-block-button\"><a class=\"wp-block-button__link has-vivid-red-background-color has-background wp-element-button\" href=\"\/?page_id=2155\" target=\"_blank\" rel=\"noreferrer noopener\">Kontaktieren Sie uns<\/a><\/div>\n<\/div>\n<p>\u00a0<\/p>\n<p><!-- AddThis Advanced Settings generic via filter on the_content --><!-- AddThis Share Buttons generic via filter on the_content --><\/p>\n\n\n<p><\/p>\n","protected":false},"excerpt":{"rendered":"<p>Die Mitglieder von BAP und iGZ haben nahezu einstimmig f\u00fcr die Verschmelzung der beiden Verb\u00e4nde auf den neuen GVP \u2013 votiert. Lesen Sie mehr!<\/p>\n","protected":false},"featured_media":4169,"template":"","meta":{"_acf_changed":false,"footnotes":""},"blog-category":[],"class_list":["post-4168","blog","type-blog","status-publish","has-post-thumbnail","hentry"],"acf":[],"yoast_head":"<!-- This site is optimized with the Yoast SEO plugin v27.4 - https:\/\/yoast.com\/product\/yoast-seo-wordpress\/ -->\n<title>Zusammenschluss der Tarifparteien zu GVP<\/title>\n<meta name=\"description\" content=\"Die Mitglieder von BAP und iGZ haben nahezu einstimmig f\u00fcr die Verschmelzung der beiden Verb\u00e4nde auf den neuen GVP \u2013 votiert. Lesen Sie mehr!\" \/>\n<meta name=\"robots\" content=\"index, follow, max-snippet:-1, max-image-preview:large, max-video-preview:-1\" \/>\n<link rel=\"canonical\" href=\"https:\/\/auren.com\/de\/blog\/zusammenschluss-der-tarifparteien-zu-gvp\/\" \/>\n<meta property=\"og:locale\" content=\"de_DE\" \/>\n<meta property=\"og:type\" content=\"article\" \/>\n<meta property=\"og:title\" content=\"Zusammenschluss der Tarifparteien zu GVP\" \/>\n<meta property=\"og:description\" content=\"Die Mitglieder von BAP und iGZ haben nahezu einstimmig f\u00fcr die Verschmelzung der beiden Verb\u00e4nde auf den neuen GVP \u2013 votiert. Lesen Sie mehr!\" \/>\n<meta property=\"og:url\" content=\"https:\/\/auren.com\/de\/blog\/zusammenschluss-der-tarifparteien-zu-gvp\/\" \/>\n<meta property=\"og:site_name\" content=\"Auren Germany\" \/>\n<meta property=\"article:publisher\" content=\"https:\/\/www.facebook.com\/aurendeutschland\" \/>\n<meta property=\"article:modified_time\" content=\"2025-03-19T07:21:46+00:00\" \/>\n<meta property=\"og:image\" content=\"https:\/\/auren.com\/de\/wp-content\/uploads\/2023\/07\/Blog-Bilder-2023-31.jpg\" \/>\n\t<meta property=\"og:image:width\" content=\"1200\" \/>\n\t<meta property=\"og:image:height\" content=\"1000\" \/>\n\t<meta property=\"og:image:type\" content=\"image\/jpeg\" \/>\n<meta name=\"twitter:card\" content=\"summary_large_image\" \/>\n<meta name=\"twitter:label1\" content=\"Gesch\u00e4tzte Lesezeit\" \/>\n\t<meta name=\"twitter:data1\" content=\"3\u00a0Minuten\" \/>\n<script type=\"application\/ld+json\" class=\"yoast-schema-graph\">{\"@context\":\"https:\\\/\\\/schema.org\",\"@graph\":[{\"@type\":\"WebPage\",\"@id\":\"https:\\\/\\\/auren.com\\\/de\\\/blog\\\/zusammenschluss-der-tarifparteien-zu-gvp\\\/\",\"url\":\"https:\\\/\\\/auren.com\\\/de\\\/blog\\\/zusammenschluss-der-tarifparteien-zu-gvp\\\/\",\"name\":\"Zusammenschluss der Tarifparteien zu GVP\",\"isPartOf\":{\"@id\":\"https:\\\/\\\/auren.com\\\/de\\\/#website\"},\"primaryImageOfPage\":{\"@id\":\"https:\\\/\\\/auren.com\\\/de\\\/blog\\\/zusammenschluss-der-tarifparteien-zu-gvp\\\/#primaryimage\"},\"image\":{\"@id\":\"https:\\\/\\\/auren.com\\\/de\\\/blog\\\/zusammenschluss-der-tarifparteien-zu-gvp\\\/#primaryimage\"},\"thumbnailUrl\":\"https:\\\/\\\/auren.com\\\/de\\\/wp-content\\\/uploads\\\/2023\\\/07\\\/Blog-Bilder-2023-31.jpg\",\"datePublished\":\"2023-07-12T11:00:00+00:00\",\"dateModified\":\"2025-03-19T07:21:46+00:00\",\"description\":\"Die Mitglieder von BAP und iGZ haben nahezu einstimmig f\u00fcr die Verschmelzung der beiden Verb\u00e4nde auf den neuen GVP \u2013 votiert. Lesen Sie mehr!\",\"breadcrumb\":{\"@id\":\"https:\\\/\\\/auren.com\\\/de\\\/blog\\\/zusammenschluss-der-tarifparteien-zu-gvp\\\/#breadcrumb\"},\"inLanguage\":\"de\",\"potentialAction\":[{\"@type\":\"ReadAction\",\"target\":[\"https:\\\/\\\/auren.com\\\/de\\\/blog\\\/zusammenschluss-der-tarifparteien-zu-gvp\\\/\"]}]},{\"@type\":\"ImageObject\",\"inLanguage\":\"de\",\"@id\":\"https:\\\/\\\/auren.com\\\/de\\\/blog\\\/zusammenschluss-der-tarifparteien-zu-gvp\\\/#primaryimage\",\"url\":\"https:\\\/\\\/auren.com\\\/de\\\/wp-content\\\/uploads\\\/2023\\\/07\\\/Blog-Bilder-2023-31.jpg\",\"contentUrl\":\"https:\\\/\\\/auren.com\\\/de\\\/wp-content\\\/uploads\\\/2023\\\/07\\\/Blog-Bilder-2023-31.jpg\",\"width\":1200,\"height\":1000},{\"@type\":\"BreadcrumbList\",\"@id\":\"https:\\\/\\\/auren.com\\\/de\\\/blog\\\/zusammenschluss-der-tarifparteien-zu-gvp\\\/#breadcrumb\",\"itemListElement\":[{\"@type\":\"ListItem\",\"position\":1,\"name\":\"Home\",\"item\":\"https:\\\/\\\/auren.com\\\/de\\\/\"},{\"@type\":\"ListItem\",\"position\":2,\"name\":\"Zusammenschluss der Tarifparteien zu GVP\"}]},{\"@type\":\"WebSite\",\"@id\":\"https:\\\/\\\/auren.com\\\/de\\\/#website\",\"url\":\"https:\\\/\\\/auren.com\\\/de\\\/\",\"name\":\"Auren\",\"description\":\"\",\"publisher\":{\"@id\":\"https:\\\/\\\/auren.com\\\/de\\\/#organization\"},\"alternateName\":\"Auren\",\"potentialAction\":[{\"@type\":\"SearchAction\",\"target\":{\"@type\":\"EntryPoint\",\"urlTemplate\":\"https:\\\/\\\/auren.com\\\/de\\\/?s={search_term_string}\"},\"query-input\":{\"@type\":\"PropertyValueSpecification\",\"valueRequired\":true,\"valueName\":\"search_term_string\"}}],\"inLanguage\":\"de\"},{\"@type\":\"Organization\",\"@id\":\"https:\\\/\\\/auren.com\\\/de\\\/#organization\",\"name\":\"Auren Deutschland\",\"url\":\"https:\\\/\\\/auren.com\\\/de\\\/\",\"logo\":{\"@type\":\"ImageObject\",\"inLanguage\":\"de\",\"@id\":\"https:\\\/\\\/auren.com\\\/de\\\/#\\\/schema\\\/logo\\\/image\\\/\",\"url\":\"https:\\\/\\\/auren.com\\\/de\\\/wp-content\\\/uploads\\\/2025\\\/01\\\/cropped-cropped-favicon-Auren.png\",\"contentUrl\":\"https:\\\/\\\/auren.com\\\/de\\\/wp-content\\\/uploads\\\/2025\\\/01\\\/cropped-cropped-favicon-Auren.png\",\"width\":512,\"height\":512,\"caption\":\"Auren Deutschland\"},\"image\":{\"@id\":\"https:\\\/\\\/auren.com\\\/de\\\/#\\\/schema\\\/logo\\\/image\\\/\"},\"sameAs\":[\"https:\\\/\\\/www.facebook.com\\\/aurendeutschland\",\"https:\\\/\\\/de.linkedin.com\\\/organization-guest\\\/company\\\/auren-deutschland\",\"https:\\\/\\\/www.youtube.com\\\/@aurendeutschland\",\"https:\\\/\\\/www.instagram.com\\\/aurendeutschland\\\/\"]}]}<\/script>\n<!-- \/ Yoast SEO plugin. -->","yoast_head_json":{"title":"Zusammenschluss der Tarifparteien zu GVP","description":"Die Mitglieder von BAP und iGZ haben nahezu einstimmig f\u00fcr die Verschmelzung der beiden Verb\u00e4nde auf den neuen GVP \u2013 votiert. Lesen Sie mehr!","robots":{"index":"index","follow":"follow","max-snippet":"max-snippet:-1","max-image-preview":"max-image-preview:large","max-video-preview":"max-video-preview:-1"},"canonical":"https:\/\/auren.com\/de\/blog\/zusammenschluss-der-tarifparteien-zu-gvp\/","og_locale":"de_DE","og_type":"article","og_title":"Zusammenschluss der Tarifparteien zu GVP","og_description":"Die Mitglieder von BAP und iGZ haben nahezu einstimmig f\u00fcr die Verschmelzung der beiden Verb\u00e4nde auf den neuen GVP \u2013 votiert. Lesen Sie mehr!","og_url":"https:\/\/auren.com\/de\/blog\/zusammenschluss-der-tarifparteien-zu-gvp\/","og_site_name":"Auren Germany","article_publisher":"https:\/\/www.facebook.com\/aurendeutschland","article_modified_time":"2025-03-19T07:21:46+00:00","og_image":[{"width":1200,"height":1000,"url":"https:\/\/auren.com\/de\/wp-content\/uploads\/2023\/07\/Blog-Bilder-2023-31.jpg","type":"image\/jpeg"}],"twitter_card":"summary_large_image","twitter_misc":{"Gesch\u00e4tzte Lesezeit":"3\u00a0Minuten"},"schema":{"@context":"https:\/\/schema.org","@graph":[{"@type":"WebPage","@id":"https:\/\/auren.com\/de\/blog\/zusammenschluss-der-tarifparteien-zu-gvp\/","url":"https:\/\/auren.com\/de\/blog\/zusammenschluss-der-tarifparteien-zu-gvp\/","name":"Zusammenschluss der Tarifparteien zu GVP","isPartOf":{"@id":"https:\/\/auren.com\/de\/#website"},"primaryImageOfPage":{"@id":"https:\/\/auren.com\/de\/blog\/zusammenschluss-der-tarifparteien-zu-gvp\/#primaryimage"},"image":{"@id":"https:\/\/auren.com\/de\/blog\/zusammenschluss-der-tarifparteien-zu-gvp\/#primaryimage"},"thumbnailUrl":"https:\/\/auren.com\/de\/wp-content\/uploads\/2023\/07\/Blog-Bilder-2023-31.jpg","datePublished":"2023-07-12T11:00:00+00:00","dateModified":"2025-03-19T07:21:46+00:00","description":"Die Mitglieder von BAP und iGZ haben nahezu einstimmig f\u00fcr die Verschmelzung der beiden Verb\u00e4nde auf den neuen GVP \u2013 votiert. Lesen Sie mehr!","breadcrumb":{"@id":"https:\/\/auren.com\/de\/blog\/zusammenschluss-der-tarifparteien-zu-gvp\/#breadcrumb"},"inLanguage":"de","potentialAction":[{"@type":"ReadAction","target":["https:\/\/auren.com\/de\/blog\/zusammenschluss-der-tarifparteien-zu-gvp\/"]}]},{"@type":"ImageObject","inLanguage":"de","@id":"https:\/\/auren.com\/de\/blog\/zusammenschluss-der-tarifparteien-zu-gvp\/#primaryimage","url":"https:\/\/auren.com\/de\/wp-content\/uploads\/2023\/07\/Blog-Bilder-2023-31.jpg","contentUrl":"https:\/\/auren.com\/de\/wp-content\/uploads\/2023\/07\/Blog-Bilder-2023-31.jpg","width":1200,"height":1000},{"@type":"BreadcrumbList","@id":"https:\/\/auren.com\/de\/blog\/zusammenschluss-der-tarifparteien-zu-gvp\/#breadcrumb","itemListElement":[{"@type":"ListItem","position":1,"name":"Home","item":"https:\/\/auren.com\/de\/"},{"@type":"ListItem","position":2,"name":"Zusammenschluss der Tarifparteien zu GVP"}]},{"@type":"WebSite","@id":"https:\/\/auren.com\/de\/#website","url":"https:\/\/auren.com\/de\/","name":"Auren","description":"","publisher":{"@id":"https:\/\/auren.com\/de\/#organization"},"alternateName":"Auren","potentialAction":[{"@type":"SearchAction","target":{"@type":"EntryPoint","urlTemplate":"https:\/\/auren.com\/de\/?s={search_term_string}"},"query-input":{"@type":"PropertyValueSpecification","valueRequired":true,"valueName":"search_term_string"}}],"inLanguage":"de"},{"@type":"Organization","@id":"https:\/\/auren.com\/de\/#organization","name":"Auren Deutschland","url":"https:\/\/auren.com\/de\/","logo":{"@type":"ImageObject","inLanguage":"de","@id":"https:\/\/auren.com\/de\/#\/schema\/logo\/image\/","url":"https:\/\/auren.com\/de\/wp-content\/uploads\/2025\/01\/cropped-cropped-favicon-Auren.png","contentUrl":"https:\/\/auren.com\/de\/wp-content\/uploads\/2025\/01\/cropped-cropped-favicon-Auren.png","width":512,"height":512,"caption":"Auren Deutschland"},"image":{"@id":"https:\/\/auren.com\/de\/#\/schema\/logo\/image\/"},"sameAs":["https:\/\/www.facebook.com\/aurendeutschland","https:\/\/de.linkedin.com\/organization-guest\/company\/auren-deutschland","https:\/\/www.youtube.com\/@aurendeutschland","https:\/\/www.instagram.com\/aurendeutschland\/"]}]}},"_links":{"self":[{"href":"https:\/\/auren.com\/de\/wp-json\/wp\/v2\/blog\/4168","targetHints":{"allow":["GET"]}}],"collection":[{"href":"https:\/\/auren.com\/de\/wp-json\/wp\/v2\/blog"}],"about":[{"href":"https:\/\/auren.com\/de\/wp-json\/wp\/v2\/types\/blog"}],"version-history":[{"count":4,"href":"https:\/\/auren.com\/de\/wp-json\/wp\/v2\/blog\/4168\/revisions"}],"predecessor-version":[{"id":103733,"href":"https:\/\/auren.com\/de\/wp-json\/wp\/v2\/blog\/4168\/revisions\/103733"}],"wp:featuredmedia":[{"embeddable":true,"href":"https:\/\/auren.com\/de\/wp-json\/wp\/v2\/media\/4169"}],"wp:attachment":[{"href":"https:\/\/auren.com\/de\/wp-json\/wp\/v2\/media?parent=4168"}],"wp:term":[{"taxonomy":"blog-category","embeddable":true,"href":"https:\/\/auren.com\/de\/wp-json\/wp\/v2\/blog-category?post=4168"}],"curies":[{"name":"wp","href":"https:\/\/api.w.org\/{rel}","templated":true}]}}