{"id":4198,"date":"2023-02-07T11:00:00","date_gmt":"2023-02-07T10:00:00","guid":{"rendered":"https:\/\/auren.com\/de\/blog\/die-inflationsausgleichpraemie-im-verein\/"},"modified":"2025-03-19T08:20:16","modified_gmt":"2025-03-19T07:20:16","slug":"die-inflationsausgleichpraemie-im-verein","status":"publish","type":"blog","link":"https:\/\/auren.com\/de\/blog\/die-inflationsausgleichpraemie-im-verein\/","title":{"rendered":"Die Inflationsausgleichpr\u00e4mie im Verein"},"content":{"rendered":"<h2 class=\"wp-block-heading\">Wer sie wann und wie bekommen kann<\/h2>\n<p>Bis Ende 2024 d\u00fcrfen Arbeitgeber ihren Mitarbeitern einen lohnsteuer- und sozialversicherungs-freien Aufschlag von insgesamt maximal 3.000 Euro zahlen. Die sog. Inflationsausgleichspr\u00e4mie (IAP) ist Teil des dritten Entlastungspakets des Bundes. Geregelt ist sie in \u00a7 3 Nr. 11c EStG. Sie soll einen Anreiz f\u00fcr Arbeitgeber setzen, um Mitarbeitern die gestiegenen Preise abzufedern. Das kann auch im gemeinn\u00fctzigen Sektor eine interessante Option sein. Erfahren Sie, wann und wie die IAP im Verein gezahlt werden kann.<\/p>\n<p><strong>Die Details zur IAP in \u00a7 3 Nr. 11c EStG<\/strong><br \/>\nBei der IAP handelt es sich um einen Freibetrag. Die Kosten tr\u00e4gt also in vollem Umfang der Arbeitgeber. Allerdings sind Zahlungen in diesem Rahmen lohnsteuer- und sozialversicherungsfrei. Es besteht kein Zahlungsanspruch auf Seiten der Mitarbeiter.<\/p>\n<h2 class=\"wp-block-heading\">Wer ist beg\u00fcnstigt?<\/h2>\n<p>Die IAP gilt nur f\u00fcr abh\u00e4ngig Besch\u00e4ftigte. Selbstst\u00e4ndig T\u00e4tige (wie z. B. Lehrkr\u00e4fte, Honorartrainer etc.) sind also nicht beg\u00fcnstigt.<\/p>\n<p><strong>Wichtig:<\/strong> Bei Mitarbeitern, die im Rahmen der \u00dcbungsleiterpauschale verg\u00fctet werden, ist oft der<br \/>\nArbeitnehmerstatus unklar, weil die Verg\u00fctung ohnehin steuer- und sozialversicherungsfrei bleibt. Hier sollten die vertraglichen Vereinbarungen und die tats\u00e4chlichen Verh\u00e4ltnisse der T\u00e4tigkeit gepr\u00fcft werden.<\/p>\n<p><strong>Erhalten k\u00f6nnen die IAP<\/strong><\/p>\n<ul>\n<li>in Teilzeit und kurzfristig Besch\u00e4ftigte,<\/li>\n<li>Minijobber,<\/li>\n<li>Azubis und Praktikanten (soweit sie eine Praktikumsverg\u00fctung erhalten),<\/li>\n<li>Arbeitnehmer in Kurzarbeit, Elternzeit und mit Bezug von Krankengeld,<\/li>\n<li>in Freiwilligendiensten T\u00e4tige,<\/li>\n<li>Menschen mit Behinderungen, die in einer Werkstatt f\u00fcr behinderte Menschen t\u00e4tig sind,<\/li>\n<li>ehrenamtlich T\u00e4tige, wenn der steuerliche Arbeitnehmerbegriff erf\u00fcllt ist.<\/li>\n<\/ul>\n<p><strong>Wichtig: <\/strong>Die steuerliche Arbeitnehmereigenschaft nach \u00a7 1 LStDV ist nicht an eine Steuerpflicht gekn\u00fcpft. Auch Besch\u00e4ftigte, die nur im Rahmen der Ehrenamts- und \u00dcbungsleiterpauschale verg\u00fctet werden, sind also beg\u00fcnstigt. Die Zahlungen m\u00fcssen aber \u00fcber einen blo\u00dfen Aufwandsersatz hinausgehen.<\/p>\n<p><strong>H\u00f6chstbetrag gilt f\u00fcr jedes Dienstverh\u00e4ltnis<\/strong><br \/>\nDie IAP gilt f\u00fcr jedes Dienstverh\u00e4ltnis, also auch f\u00fcr aufeinander folgende oder nebeneinander bestehende Dienstverh\u00e4ltnisse.<\/p>\n<p><strong>Wichtig:<\/strong> Der Verein muss also nicht pr\u00fcfen, ob der Arbeitnehmer eine Pr\u00e4mie bereits aus einem anderen Dienstverh\u00e4ltnis mit einem anderen Arbeitgeber erhalten hat. Das ist insbesondere f\u00fcr Nebent\u00e4tigkeiten auf Minijobbasis oder Verg\u00fctungen im Rahmen des Ehrenamts-und \u00dcbungsleiterfreibetrags von Vorteil.<\/p>\n<h2 class=\"wp-block-heading\">Die Auszahlung<\/h2>\n<p>Die Beg\u00fcnstigung gilt vom 26.10.2022 bis zum 31.12.2024. Die IAP muss in diesem Zeitraum tats\u00e4chlich zuflie\u00dfen. Sie kann sowohl in monatlichen Betr\u00e4gen, aber auch als Einzelsumme gezahlt werden. Dabei kann eine zun\u00e4chst bezahlte Summe, die die 3.000-Euro-Grenze nicht voll aussch\u00f6pft, sp\u00e4ter durch weitere Zahlungen erg\u00e4nzt werden.<\/p>\n<p>Die IAP kann auch in Form einer Sachleistung gew\u00e4hrt werden (z. B. Gutscheine oder EDV-Ger\u00e4te). Nicht eingerechnet werden m\u00fcssen dabei Sachbez\u00fcge nach \u00a7 8 Abs. 2 S. 11 EStG (bis zu 50 Euro monatlich).<\/p>\n<p><strong>Das Kriterium \u201ezus\u00e4tzlich zum Arbeitslohn\u201c<\/strong><br \/>\nDie IAP muss zus\u00e4tzlich zum laufenden Arbeitslohn gezahlt werden. Dabei gilt, dass<\/p>\n<ul>\n<li>sie nicht auf vereinbarte Verg\u00fctungsanteile angerechnet werden kann, auch nicht auf Sonderzahlungen wie Urlaubs- oder Weihnachtgeld, wenn darauf ein vertraglicher Anspruch besteht oder diese Zahlungen bisher regelm\u00e4\u00dfig geleistet wurden;<\/li>\n<li>der Arbeitslohn nicht zugunsten der Leistung herabgesetzt werden darf;<\/li>\n<li>bei Wegfall der Leistung der Arbeitslohn nicht erh\u00f6ht werden darf.<\/li>\n<\/ul>\n<p><strong>Bezug zur Preisentwicklung muss bestehen<\/strong><br \/>\nDie IAP muss zum Ausgleich der gestiegenen Verbraucherpreise gew\u00e4hrt werden. Eine Vereinbarung zwischen Arbeitgeber und Arbeitnehmer, aus der das ausdr\u00fccklich hervorgeht, ist nicht erforderlich. Es gen\u00fcgt, dass die IAP in einem sachlichen Zusammenhang mit der Preisentwicklung steht. Dazu sollte die Zahlung auf der Gehaltsabrechnung oder der Bank\u00fcberweisung entsprechend benannt werden \u2013 eben als \u201eInflationsausgleichspr\u00e4mie\u201c. Der Arbeitgeber muss nicht pr\u00fcfen, ob die Arbeitnehmer von der Inflation tats\u00e4chlich betroffen sind. Er muss auch nicht nachweisen, dass die Zahlung in Bezug auf die Preisentwicklung angemessen ist.<\/p>\n<p><strong>Die Lohnabrechnung<\/strong><br \/>\nDie Auszahlung der IAP muss im Lohnkonto des Arbeitnehmers aufgezeichnet werden; sie muss als solche erkennbar sein. In der Lohnsteuerbescheinigung muss der Arbeitgeber die IAP nicht ausweisen. Der Arbeitnehmer muss sie nicht in der Einkommensteuererkl\u00e4rung angeben.<\/p>\n<h2 class=\"wp-block-heading\">Beschr\u00e4nkungen bei Vereinen?<\/h2>\n<p>Grunds\u00e4tzlich gibt es auch bei Vereinen keine Bedenken gegen die Zahlung der IAP. Der BFH hat klargestellt, dass bei Verg\u00fctungen keine Besonderheiten f\u00fcr gemeinn\u00fctzige Organisationen gelten. Vergleichsma\u00dfstab ist die gewerbliche Wirtschaft allgemein, nicht der gemeinn\u00fctzige Sektor. Der BFH begr\u00fcndet das damit, dass es keinen speziellen Arbeitsmarkt f\u00fcr Besch\u00e4ftigte bei gemeinn\u00fctzigen Organisationen gibt und diese deswegen auf dem allgemeinen Arbeitsmarkt mit gewerblichen Unternehmen um geeignete Mitarbeiter konkurrieren (BFH, Urteil vom 12.03.2020, Az. V R 5\/17).<\/p>\n<p><strong>Unverh\u00e4ltnism\u00e4\u00dfiger Anstieg der Verg\u00fctung<\/strong><br \/>\nBei Gemeinn\u00fctzigen gilt als besondere Anforderung an die H\u00f6he von Verg\u00fctungen, dass sie \u201eangemessen\u201c sein muss. Die IAP darf also nicht zu einem unverh\u00e4ltnism\u00e4\u00dfigen Anstieg der Verg\u00fctung f\u00fchren. Das w\u00e4re z. B. der Fall, wenn ein Minijobber statt bisher 150 Euro dann \u00fcber einen l\u00e4ngeren Zeitraum 300 Euro erh\u00e4lt. Keine Bedenken kann es geben, wenn sich die Pr\u00e4mie im Bereich der gestiegenen Energiekosten und der allgemeinen Preissteigerungen bewegt. Ein Zuschlag von zehn bis 20 Prozent (auf das Gehalt des Zeitraums vom 26.10.2022 bis zum 31.12.2024) ist also unbedenklich.<\/p>\n<p><strong>Vorsicht bei Gestaltungsmissbrauch<\/strong><br \/>\nVorsicht ist geboten, wenn ein erkennbarer Missbrauch beim Einsatz der IAP erkennbar ist. Das<br \/>\nw\u00e4re etwa der Fall, wenn ein Minijobber nur f\u00fcr zwei Jahre angestellt wird und die Pr\u00e4mie einen erheblichen Teil der Gesamtverg\u00fctung ausmacht. Das gilt insbesondere, wenn die IAP an (Vorstands-)Mitglieder gezahlt wird. Hier gilt der Grundsatz des Fremdvergleichs: Es darf also gezahlt werden, wenn die Gew\u00e4hrung einer IAP auch unter Nichtmitgliedern \u00fcblich w\u00e4re.<\/p>\n<p>Wird nur pro forma ein Vertrag abgeschlossen, um die steuerfreie Pr\u00e4mie zu erhalten (Gef\u00e4lligkeitsverh\u00e4ltnis), besteht kein steuerlich anzuerkennendes Arbeitsverh\u00e4ltnis. Das BMF weist hier auf m\u00f6gliche straf- oder bu\u00dfgeldrechtliche Konsequenzen hin. Bei gemeinn\u00fctzigen Vereinen l\u00e4ge zudem ein Versto\u00df gegen das Selbstlosigkeitsgebot vor. Eine un\u00fcbliche oder unangemessen hohe Zahlung wird als verdeckte Gewinnaussch\u00fcttung gewertet und gef\u00e4hrdet die Gemeinn\u00fctzigkeit.<\/p>\n<h2 class=\"wp-block-heading\">Vereinsrechtliche Voraussetzungen<\/h2>\n<p>Auch wenn es gemeinn\u00fctzigkeitsrechtlich keine Bedenken gegen die Auszahlung der IAP gibt, muss der Vorstand die \u00fcblichen vereinsrechtlichen Vorgaben beachten. Das bedeutet, dass er regelm\u00e4\u00dfig nicht allein \u00fcber die Gew\u00e4hrung entscheiden kann.<\/p>\n<p>Wenn die Satzung keine Vorgaben macht, richtet sich die Zust\u00e4ndigkeit nach dem bisher \u00fcblichen Verfahren. Hatte der Vorstand schon bisher \u00fcber eventuelle Gehaltserh\u00f6hungen entschieden, darf er das auch bei der IAP, wenn die Pr\u00e4mie im Bereich \u00fcblicher Lohnerh\u00f6hungen bleibt. Andernfalls ist die Zustimmung der Mitgliederversammlung erforderlich.<\/p>\n<p><strong>Wichtig:<\/strong> Weil Gehaltsfragen ein sensibles Thema sind, sollte im Zweifel die Zustimmung der Mitgliederversammlung eingeholt werden. In jedem Fall ist die Zustimmung der Mitgliederversammlung erforderlich, wenn Vorstandsmitglieder die IAP erhalten sollten.<\/p>\n<p><strong>Zuletzt:<\/strong> Auch arbeitsrechtlich gilt der Gleichbehandlungsgrundsatz. Erhalten Besch\u00e4ftigte die IAP in unterschiedlicher H\u00f6he, muss es daf\u00fcr einen sachlichen Grund geben.<\/p>\n<p><em>Quelle: <a href=\"https:\/\/www.iww.de\/\" target=\"_blank\" rel=\"noreferrer noopener\"><mark class=\"has-inline-color has-vivid-cyan-blue-color\" style=\"background-color: rgba(0, 0, 0, 0);\">IWW Verlag<\/mark><\/a><\/em><\/p>\n<div class=\"wp-block-buttons is-layout-flex\">\n<div class=\"wp-block-button\"><a class=\"wp-block-button__link has-vivid-red-background-color has-background\" href=\"\/?page_id=2155\">Kontaktieren Sie uns<\/a><\/div>\n<\/div>\n<p><!-- AddThis Advanced Settings generic via filter on the_content --><!-- AddThis Share Buttons generic via filter on the_content --><\/p>\n","protected":false},"excerpt":{"rendered":"<p>Wer kann wann und wie im Verein die Inflationspr\u00e4mie \u00fcber 3.000 Euro erhalten? Was sind die Voraussetzungen? Gibt es Beschr\u00e4nkungen?<\/p>\n","protected":false},"featured_media":4199,"template":"","meta":{"_acf_changed":false,"footnotes":""},"blog-category":[],"class_list":["post-4198","blog","type-blog","status-publish","has-post-thumbnail","hentry"],"acf":[],"yoast_head":"<!-- This site is optimized with the Yoast SEO plugin v27.4 - https:\/\/yoast.com\/product\/yoast-seo-wordpress\/ -->\n<title>Die Inflationsausgleichpr\u00e4mie im Verein<\/title>\n<meta name=\"description\" content=\"Wer kann wann und wie im Verein die Inflationspr\u00e4mie \u00fcber 3.000 Euro erhalten? Was sind die Voraussetzungen? Gibt es Beschr\u00e4nkungen?\" \/>\n<meta name=\"robots\" content=\"index, follow, max-snippet:-1, max-image-preview:large, max-video-preview:-1\" \/>\n<link rel=\"canonical\" href=\"https:\/\/auren.com\/de\/blog\/die-inflationsausgleichpraemie-im-verein\/\" \/>\n<meta property=\"og:locale\" content=\"de_DE\" \/>\n<meta property=\"og:type\" content=\"article\" \/>\n<meta property=\"og:title\" content=\"Die Inflationsausgleichpr\u00e4mie im Verein\" \/>\n<meta property=\"og:description\" content=\"Wer kann wann und wie im Verein die Inflationspr\u00e4mie \u00fcber 3.000 Euro erhalten? Was sind die Voraussetzungen? Gibt es Beschr\u00e4nkungen?\" \/>\n<meta property=\"og:url\" content=\"https:\/\/auren.com\/de\/blog\/die-inflationsausgleichpraemie-im-verein\/\" \/>\n<meta property=\"og:site_name\" content=\"Auren Germany\" \/>\n<meta property=\"article:publisher\" content=\"https:\/\/www.facebook.com\/aurendeutschland\" \/>\n<meta property=\"article:modified_time\" content=\"2025-03-19T07:20:16+00:00\" \/>\n<meta property=\"og:image\" content=\"https:\/\/auren.com\/de\/wp-content\/uploads\/2023\/02\/Blog-Bilder-2023-7.png\" \/>\n\t<meta property=\"og:image:width\" content=\"1200\" \/>\n\t<meta property=\"og:image:height\" content=\"1000\" \/>\n\t<meta property=\"og:image:type\" content=\"image\/png\" \/>\n<meta name=\"twitter:card\" content=\"summary_large_image\" \/>\n<meta name=\"twitter:label1\" content=\"Gesch\u00e4tzte Lesezeit\" \/>\n\t<meta name=\"twitter:data1\" content=\"6\u00a0Minuten\" \/>\n<script type=\"application\/ld+json\" class=\"yoast-schema-graph\">{\"@context\":\"https:\\\/\\\/schema.org\",\"@graph\":[{\"@type\":\"WebPage\",\"@id\":\"https:\\\/\\\/auren.com\\\/de\\\/blog\\\/die-inflationsausgleichpraemie-im-verein\\\/\",\"url\":\"https:\\\/\\\/auren.com\\\/de\\\/blog\\\/die-inflationsausgleichpraemie-im-verein\\\/\",\"name\":\"Die Inflationsausgleichpr\u00e4mie im Verein\",\"isPartOf\":{\"@id\":\"https:\\\/\\\/auren.com\\\/de\\\/#website\"},\"primaryImageOfPage\":{\"@id\":\"https:\\\/\\\/auren.com\\\/de\\\/blog\\\/die-inflationsausgleichpraemie-im-verein\\\/#primaryimage\"},\"image\":{\"@id\":\"https:\\\/\\\/auren.com\\\/de\\\/blog\\\/die-inflationsausgleichpraemie-im-verein\\\/#primaryimage\"},\"thumbnailUrl\":\"https:\\\/\\\/auren.com\\\/de\\\/wp-content\\\/uploads\\\/2023\\\/02\\\/Blog-Bilder-2023-7.png\",\"datePublished\":\"2023-02-07T10:00:00+00:00\",\"dateModified\":\"2025-03-19T07:20:16+00:00\",\"description\":\"Wer kann wann und wie im Verein die Inflationspr\u00e4mie \u00fcber 3.000 Euro erhalten? Was sind die Voraussetzungen? Gibt es Beschr\u00e4nkungen?\",\"breadcrumb\":{\"@id\":\"https:\\\/\\\/auren.com\\\/de\\\/blog\\\/die-inflationsausgleichpraemie-im-verein\\\/#breadcrumb\"},\"inLanguage\":\"de\",\"potentialAction\":[{\"@type\":\"ReadAction\",\"target\":[\"https:\\\/\\\/auren.com\\\/de\\\/blog\\\/die-inflationsausgleichpraemie-im-verein\\\/\"]}]},{\"@type\":\"ImageObject\",\"inLanguage\":\"de\",\"@id\":\"https:\\\/\\\/auren.com\\\/de\\\/blog\\\/die-inflationsausgleichpraemie-im-verein\\\/#primaryimage\",\"url\":\"https:\\\/\\\/auren.com\\\/de\\\/wp-content\\\/uploads\\\/2023\\\/02\\\/Blog-Bilder-2023-7.png\",\"contentUrl\":\"https:\\\/\\\/auren.com\\\/de\\\/wp-content\\\/uploads\\\/2023\\\/02\\\/Blog-Bilder-2023-7.png\",\"width\":1200,\"height\":1000},{\"@type\":\"BreadcrumbList\",\"@id\":\"https:\\\/\\\/auren.com\\\/de\\\/blog\\\/die-inflationsausgleichpraemie-im-verein\\\/#breadcrumb\",\"itemListElement\":[{\"@type\":\"ListItem\",\"position\":1,\"name\":\"Home\",\"item\":\"https:\\\/\\\/auren.com\\\/de\\\/\"},{\"@type\":\"ListItem\",\"position\":2,\"name\":\"Die Inflationsausgleichpr\u00e4mie im Verein\"}]},{\"@type\":\"WebSite\",\"@id\":\"https:\\\/\\\/auren.com\\\/de\\\/#website\",\"url\":\"https:\\\/\\\/auren.com\\\/de\\\/\",\"name\":\"Auren\",\"description\":\"\",\"publisher\":{\"@id\":\"https:\\\/\\\/auren.com\\\/de\\\/#organization\"},\"alternateName\":\"Auren\",\"potentialAction\":[{\"@type\":\"SearchAction\",\"target\":{\"@type\":\"EntryPoint\",\"urlTemplate\":\"https:\\\/\\\/auren.com\\\/de\\\/?s={search_term_string}\"},\"query-input\":{\"@type\":\"PropertyValueSpecification\",\"valueRequired\":true,\"valueName\":\"search_term_string\"}}],\"inLanguage\":\"de\"},{\"@type\":\"Organization\",\"@id\":\"https:\\\/\\\/auren.com\\\/de\\\/#organization\",\"name\":\"Auren Deutschland\",\"url\":\"https:\\\/\\\/auren.com\\\/de\\\/\",\"logo\":{\"@type\":\"ImageObject\",\"inLanguage\":\"de\",\"@id\":\"https:\\\/\\\/auren.com\\\/de\\\/#\\\/schema\\\/logo\\\/image\\\/\",\"url\":\"https:\\\/\\\/auren.com\\\/de\\\/wp-content\\\/uploads\\\/2025\\\/01\\\/cropped-cropped-favicon-Auren.png\",\"contentUrl\":\"https:\\\/\\\/auren.com\\\/de\\\/wp-content\\\/uploads\\\/2025\\\/01\\\/cropped-cropped-favicon-Auren.png\",\"width\":512,\"height\":512,\"caption\":\"Auren Deutschland\"},\"image\":{\"@id\":\"https:\\\/\\\/auren.com\\\/de\\\/#\\\/schema\\\/logo\\\/image\\\/\"},\"sameAs\":[\"https:\\\/\\\/www.facebook.com\\\/aurendeutschland\",\"https:\\\/\\\/de.linkedin.com\\\/organization-guest\\\/company\\\/auren-deutschland\",\"https:\\\/\\\/www.youtube.com\\\/@aurendeutschland\",\"https:\\\/\\\/www.instagram.com\\\/aurendeutschland\\\/\"]}]}<\/script>\n<!-- \/ Yoast SEO plugin. -->","yoast_head_json":{"title":"Die Inflationsausgleichpr\u00e4mie im Verein","description":"Wer kann wann und wie im Verein die Inflationspr\u00e4mie \u00fcber 3.000 Euro erhalten? Was sind die Voraussetzungen? Gibt es Beschr\u00e4nkungen?","robots":{"index":"index","follow":"follow","max-snippet":"max-snippet:-1","max-image-preview":"max-image-preview:large","max-video-preview":"max-video-preview:-1"},"canonical":"https:\/\/auren.com\/de\/blog\/die-inflationsausgleichpraemie-im-verein\/","og_locale":"de_DE","og_type":"article","og_title":"Die Inflationsausgleichpr\u00e4mie im Verein","og_description":"Wer kann wann und wie im Verein die Inflationspr\u00e4mie \u00fcber 3.000 Euro erhalten? Was sind die Voraussetzungen? Gibt es Beschr\u00e4nkungen?","og_url":"https:\/\/auren.com\/de\/blog\/die-inflationsausgleichpraemie-im-verein\/","og_site_name":"Auren Germany","article_publisher":"https:\/\/www.facebook.com\/aurendeutschland","article_modified_time":"2025-03-19T07:20:16+00:00","og_image":[{"width":1200,"height":1000,"url":"https:\/\/auren.com\/de\/wp-content\/uploads\/2023\/02\/Blog-Bilder-2023-7.png","type":"image\/png"}],"twitter_card":"summary_large_image","twitter_misc":{"Gesch\u00e4tzte Lesezeit":"6\u00a0Minuten"},"schema":{"@context":"https:\/\/schema.org","@graph":[{"@type":"WebPage","@id":"https:\/\/auren.com\/de\/blog\/die-inflationsausgleichpraemie-im-verein\/","url":"https:\/\/auren.com\/de\/blog\/die-inflationsausgleichpraemie-im-verein\/","name":"Die Inflationsausgleichpr\u00e4mie im Verein","isPartOf":{"@id":"https:\/\/auren.com\/de\/#website"},"primaryImageOfPage":{"@id":"https:\/\/auren.com\/de\/blog\/die-inflationsausgleichpraemie-im-verein\/#primaryimage"},"image":{"@id":"https:\/\/auren.com\/de\/blog\/die-inflationsausgleichpraemie-im-verein\/#primaryimage"},"thumbnailUrl":"https:\/\/auren.com\/de\/wp-content\/uploads\/2023\/02\/Blog-Bilder-2023-7.png","datePublished":"2023-02-07T10:00:00+00:00","dateModified":"2025-03-19T07:20:16+00:00","description":"Wer kann wann und wie im Verein die Inflationspr\u00e4mie \u00fcber 3.000 Euro erhalten? Was sind die Voraussetzungen? Gibt es Beschr\u00e4nkungen?","breadcrumb":{"@id":"https:\/\/auren.com\/de\/blog\/die-inflationsausgleichpraemie-im-verein\/#breadcrumb"},"inLanguage":"de","potentialAction":[{"@type":"ReadAction","target":["https:\/\/auren.com\/de\/blog\/die-inflationsausgleichpraemie-im-verein\/"]}]},{"@type":"ImageObject","inLanguage":"de","@id":"https:\/\/auren.com\/de\/blog\/die-inflationsausgleichpraemie-im-verein\/#primaryimage","url":"https:\/\/auren.com\/de\/wp-content\/uploads\/2023\/02\/Blog-Bilder-2023-7.png","contentUrl":"https:\/\/auren.com\/de\/wp-content\/uploads\/2023\/02\/Blog-Bilder-2023-7.png","width":1200,"height":1000},{"@type":"BreadcrumbList","@id":"https:\/\/auren.com\/de\/blog\/die-inflationsausgleichpraemie-im-verein\/#breadcrumb","itemListElement":[{"@type":"ListItem","position":1,"name":"Home","item":"https:\/\/auren.com\/de\/"},{"@type":"ListItem","position":2,"name":"Die Inflationsausgleichpr\u00e4mie im Verein"}]},{"@type":"WebSite","@id":"https:\/\/auren.com\/de\/#website","url":"https:\/\/auren.com\/de\/","name":"Auren","description":"","publisher":{"@id":"https:\/\/auren.com\/de\/#organization"},"alternateName":"Auren","potentialAction":[{"@type":"SearchAction","target":{"@type":"EntryPoint","urlTemplate":"https:\/\/auren.com\/de\/?s={search_term_string}"},"query-input":{"@type":"PropertyValueSpecification","valueRequired":true,"valueName":"search_term_string"}}],"inLanguage":"de"},{"@type":"Organization","@id":"https:\/\/auren.com\/de\/#organization","name":"Auren Deutschland","url":"https:\/\/auren.com\/de\/","logo":{"@type":"ImageObject","inLanguage":"de","@id":"https:\/\/auren.com\/de\/#\/schema\/logo\/image\/","url":"https:\/\/auren.com\/de\/wp-content\/uploads\/2025\/01\/cropped-cropped-favicon-Auren.png","contentUrl":"https:\/\/auren.com\/de\/wp-content\/uploads\/2025\/01\/cropped-cropped-favicon-Auren.png","width":512,"height":512,"caption":"Auren Deutschland"},"image":{"@id":"https:\/\/auren.com\/de\/#\/schema\/logo\/image\/"},"sameAs":["https:\/\/www.facebook.com\/aurendeutschland","https:\/\/de.linkedin.com\/organization-guest\/company\/auren-deutschland","https:\/\/www.youtube.com\/@aurendeutschland","https:\/\/www.instagram.com\/aurendeutschland\/"]}]}},"_links":{"self":[{"href":"https:\/\/auren.com\/de\/wp-json\/wp\/v2\/blog\/4198","targetHints":{"allow":["GET"]}}],"collection":[{"href":"https:\/\/auren.com\/de\/wp-json\/wp\/v2\/blog"}],"about":[{"href":"https:\/\/auren.com\/de\/wp-json\/wp\/v2\/types\/blog"}],"version-history":[{"count":2,"href":"https:\/\/auren.com\/de\/wp-json\/wp\/v2\/blog\/4198\/revisions"}],"predecessor-version":[{"id":103723,"href":"https:\/\/auren.com\/de\/wp-json\/wp\/v2\/blog\/4198\/revisions\/103723"}],"wp:featuredmedia":[{"embeddable":true,"href":"https:\/\/auren.com\/de\/wp-json\/wp\/v2\/media\/4199"}],"wp:attachment":[{"href":"https:\/\/auren.com\/de\/wp-json\/wp\/v2\/media?parent=4198"}],"wp:term":[{"taxonomy":"blog-category","embeddable":true,"href":"https:\/\/auren.com\/de\/wp-json\/wp\/v2\/blog-category?post=4198"}],"curies":[{"name":"wp","href":"https:\/\/api.w.org\/{rel}","templated":true}]}}