{"id":4214,"date":"2022-11-22T11:00:00","date_gmt":"2022-11-22T10:00:00","guid":{"rendered":"https:\/\/auren.com\/de\/blog\/bag-zur-arbeitszeiterfassung-im-verein\/"},"modified":"2022-11-22T11:00:00","modified_gmt":"2022-11-22T10:00:00","slug":"bag-zur-arbeitszeiterfassung-im-verein","status":"publish","type":"blog","link":"https:\/\/auren.com\/de\/blog\/bag-zur-arbeitszeiterfassung-im-verein\/","title":{"rendered":"BAG zur Arbeitszeiterfassung im Verein"},"content":{"rendered":"<p>Besch\u00e4ftigen Vereine Arbeitnehmer, werden diesen Arbeitszeiten vorgegeben. Eine Erfassung der Arbeitszeit war bislang nicht zwingend erforderlich. Das \u00e4ndert sich. Das Bundesarbeitsgericht (BAG) hat entschieden, dass <strong>alle Arbeitgeber verpflichtet sind, die Arbeitszeit ihrer Arbeitnehmer zu erfassen.<\/strong> Erfahren Sie nachfolgend, welche Auswirkungen diese Entscheidung hat.<\/p>\n<h2 class=\"wp-block-heading\">Um diesen Fall ging es beim BAG<\/h2>\n<p>In dem Verfahren ging es eigentlich um einen Streit zwischen einem Betriebsrat und dem Arbeitgeber,<br \/>der eine vollstation\u00e4re Wohneinrichtung betrieb. Strittig war die Frage, ob der Betriebsrat die Einf\u00fchrung einer elektronischen Zeiterfassung verlangen k\u00f6nne.<\/p>\n<h2 class=\"wp-block-heading\">Die Entscheidung des BAG<\/h2>\n<p>Den Anspruch des Betriebsrats verneinte das BAG, da ein solches Recht dem Betriebsrat nur zust\u00fcnde,<br \/>soweit keine gesetzliche Regelung besteht. Bei unionsrechtskonformer Auslegung gebe es aber eine<br \/>solche gesetzliche Regelung &#8211; und zwar in \u00a7 3 Abs. 2 Nr. 1 Arbeitsschutzgesetz (ArbSchG). Die verpflichte Arbeitgeber, die Arbeitszeiten der Arbeitnehmer zu erfassen (BAG, Beschluss vom 13.09.2022, Az. 1 ABR 22\/21). Nach \u00a7 3 ArbSchG geh\u00f6rt es zu den Grundpflichten des Arbeitgebers, die erforderlichen Ma\u00dfnahmen des Arbeitsschutzes unter Ber\u00fccksichtigung der Umst\u00e4nde zu treffen, die Sicherheit und Gesundheit der Besch\u00e4ftigten bei der Arbeit beeinflussen. Weiter muss er f\u00fcr eine geeignete Organisation sorgen und die erforderlichen Mittel bereitstellen. Daraus leitet das BAG nun die Verpflichtung des Arbeitgebers her, ein System einzuf\u00fchren, mit dem die von den Arbeitnehmern geleistete Arbeitszeit erfasst werden kann. <\/p>\n<p><strong>Denn:<\/strong> Eine objektive und verl\u00e4ssliche Bestimmung der t\u00e4glichen und w\u00f6chentlichen Arbeitszeit ist f\u00fcr die Feststellung, ob die w\u00f6chentliche H\u00f6chstarbeitszeit einschlie\u00dflich der \u00dcberstunden sowie der Ruhezeiten eingehalten worden ist, unerl\u00e4sslich.<\/p>\n<p><strong>Praxistipp:<\/strong> <strong>Nach dem derzeitigem deutschen Arbeitszeitrecht m\u00fcssen Sie nach \u00a7 16 Abs. 2 ArbZG<br \/>nur die \u00dcberstunden erfassen.<\/strong><\/p>\n<p>Auch im Bereich der ehrenamtlich T\u00e4tigen m\u00fcssen Sie die \u201eArbeitszeit&#8220; nachhalten, da die \u00dcbungsleiter- und Ehrenamtspauschale (\u00a7 3 Nr. 26, 26a EStG) nur gew\u00e4hrt werden kann, wenn es sich um eine \u201enebenberufliche&#8220; T\u00e4tigkeit handelt. Die Finanzverwaltung (OFD Frankfurt\/Main, Verf\u00fcgung<br \/>vom 02.09.2019, Az. S 2245 A &#8211; 002 &#8211; St 29) interpretiert dies dahingehend, dass durchschnittlich<br \/>14 Stunden\/Woche geleistet werden d\u00fcrfen.<\/p>\n<h2 class=\"wp-block-heading\">Die Folgen f\u00fcr die Vereinspraxis<\/h2>\n<p>Bereits nach dem Urteil des EuGHs war erwartet worden, dass der deutsche Gesetzgeber das Arbeitszeitgesetz anpasst. Dies ist bislang nicht erfolgt. Sp\u00e4testens jetzt wird er t\u00e4tig werden m\u00fcssen.<br \/>Da das BAG aber die Ansicht vertritt, dass der Arbeitgeber gesetzlich verpflichtet ist, die Arbeitszeiten der Arbeitnehmer zu erfassen, sollten Sie schon jetzt die Arbeitszeiten Ihrer Mitarbeiter erfassen.<\/p>\n<p><strong>Wichtig: <\/strong>Das Arbeitsschutzgesetz sieht <strong>keine Ausnahmen f\u00fcr \u201ekleine&#8220; Betriebe<\/strong> vor. Es wird selbst<br \/>dann angewendet, wenn Sie nur einen Arbeitnehmer haben. Wie und in welcher Form Sie die Arbeitszeit erfassen, steht bislang nicht fest. Sie k\u00f6nnen dies entweder elektronisch oder h\u00e4ndisch tun.<br \/>Problematisch kann es werden, wenn Sie mit Ihrem Arbeitnehmer eine Vertrauensarbeitszeitregelung<br \/>getroffen haben. Danach ist der Arbeitnehmer f\u00fcr die Einhaltung der vereinbarten Arbeitszeit zust\u00e4ndig. Hier werden Sie kontrollieren m\u00fcssen, wie die Zeiten erfasst werden. Auch bei Home-Office-Vereinbarungen werden Sie Regelungen treffen m\u00fcssen, wie die Arbeitszeit erfasst wird.<\/p>\n<p><em>Quelle: <a href=\"https:\/\/www.iww.de\/\" target=\"_blank\" rel=\"noreferrer noopener\"><mark style=\"background-color:rgba(0, 0, 0, 0)\" class=\"has-inline-color has-vivid-cyan-blue-color\">IWW Verlag<\/mark><\/a><\/em><\/p>\n<p><strong>Wenn Sie dieser Beitrag interessiert<\/strong>, lesen Sie auch<br \/><strong><mark style=\"background-color:rgba(0, 0, 0, 0)\" class=\"has-inline-color has-vivid-cyan-blue-color\"><a href=\"https:\/\/auren.com\/de\/blog\/ukraine-hilfe-weitergabe-von-vereinsmitteln\/\">Ukraine-Hilfe: Weitergabe von Vereinsmitteln<\/a><\/mark><\/strong><br \/><strong><mark style=\"background-color:rgba(0, 0, 0, 0)\" class=\"has-inline-color has-vivid-cyan-blue-color\"><a href=\"https:\/\/auren.com\/de\/blog\/mindestlohn-im-verein-das-gilt\/\" target=\"_blank\" rel=\"noreferrer noopener\">Mindestlohn im Verein: Das gilt<\/a><\/mark><\/strong><br \/><strong><mark style=\"background-color:rgba(0, 0, 0, 0)\" class=\"has-inline-color has-vivid-cyan-blue-color\"><a href=\"https:\/\/auren.com\/de\/blog\/gewinnerzielungsabsicht-bei-kleinen-photovoltaikanlagen-bzw-blockheizkraftwerken\/\" target=\"_blank\" rel=\"noreferrer noopener\">Gewinnerzielungsabsicht bei Photovoltaikanlagen<\/a><\/mark><\/strong><\/p>\n<p id=\"block-267a8d01-1809-4d36-87e1-2f02dff77c5c\">Sie ben\u00f6tigen Unterst\u00fctzung? Erfahren Sie mehr zu unseren&nbsp;<a href=\"https:\/\/auren.com\/de\/leistungen\/steuerberatung\/\" target=\"_blank\" rel=\"noreferrer noopener\"><strong><mark style=\"background-color:rgba(0, 0, 0, 0)\" class=\"has-inline-color has-vivid-red-color\">Leistungen in der Steuerberatung<\/mark><\/strong><\/a>.<\/p>\n<p>Bei Fragen sind unsere&nbsp;<strong><a href=\"https:\/\/auren.com\/de\/ueber-auren\/unsere-berater\/\" target=\"_blank\" rel=\"noreferrer noopener\"><mark style=\"background-color:rgba(0, 0, 0, 0)\" class=\"has-inline-color has-vivid-red-color\">Beraterinnen und Berater<\/mark><\/a><\/strong>&nbsp;gerne f\u00fcr Sie da.<\/p>\n<p><!-- AddThis Advanced Settings generic via filter on the_content --><!-- AddThis Share Buttons generic via filter on the_content --><\/p>\n","protected":false},"excerpt":{"rendered":"<p>Das Bundesarbeitsgericht (BAG) hat entschieden, dass alle Arbeitgeber verpflichtet sind, die Arbeitszeit ihrer Arbeitnehmer zu erfassen.<\/p>\n","protected":false},"featured_media":4215,"template":"","meta":{"_acf_changed":false,"footnotes":""},"blog-category":[],"class_list":["post-4214","blog","type-blog","status-publish","has-post-thumbnail","hentry"],"acf":[],"yoast_head":"<!-- This site is optimized with the Yoast SEO plugin v27.4 - https:\/\/yoast.com\/product\/yoast-seo-wordpress\/ -->\n<title>BAG zur Arbeitszeiterfassung im Verein<\/title>\n<meta name=\"description\" content=\"Das Bundesarbeitsgericht (BAG) hat entschieden, dass alle Arbeitgeber verpflichtet sind, die Arbeitszeit ihrer Arbeitnehmer zu erfassen.\" \/>\n<meta name=\"robots\" content=\"index, follow, max-snippet:-1, max-image-preview:large, max-video-preview:-1\" \/>\n<link rel=\"canonical\" href=\"https:\/\/auren.com\/de\/blog\/bag-zur-arbeitszeiterfassung-im-verein\/\" \/>\n<meta property=\"og:locale\" content=\"de_DE\" \/>\n<meta property=\"og:type\" content=\"article\" \/>\n<meta property=\"og:title\" content=\"BAG zur Arbeitszeiterfassung im Verein\" \/>\n<meta property=\"og:description\" content=\"Das Bundesarbeitsgericht (BAG) hat entschieden, dass alle Arbeitgeber verpflichtet sind, die Arbeitszeit ihrer Arbeitnehmer zu erfassen.\" \/>\n<meta property=\"og:url\" content=\"https:\/\/auren.com\/de\/blog\/bag-zur-arbeitszeiterfassung-im-verein\/\" \/>\n<meta property=\"og:site_name\" content=\"Auren Germany\" \/>\n<meta property=\"article:publisher\" content=\"https:\/\/www.facebook.com\/aurendeutschland\" \/>\n<meta property=\"og:image\" content=\"https:\/\/auren.com\/de\/wp-content\/uploads\/2022\/11\/Blog-Bilder-16-1024x853.png\" \/>\n\t<meta property=\"og:image:width\" content=\"1024\" \/>\n\t<meta property=\"og:image:height\" content=\"853\" \/>\n\t<meta property=\"og:image:type\" content=\"image\/png\" \/>\n<meta name=\"twitter:card\" content=\"summary_large_image\" \/>\n<meta name=\"twitter:label1\" content=\"Gesch\u00e4tzte Lesezeit\" \/>\n\t<meta name=\"twitter:data1\" content=\"3\u00a0Minuten\" \/>\n<script type=\"application\/ld+json\" class=\"yoast-schema-graph\">{\"@context\":\"https:\\\/\\\/schema.org\",\"@graph\":[{\"@type\":\"WebPage\",\"@id\":\"https:\\\/\\\/auren.com\\\/de\\\/blog\\\/bag-zur-arbeitszeiterfassung-im-verein\\\/\",\"url\":\"https:\\\/\\\/auren.com\\\/de\\\/blog\\\/bag-zur-arbeitszeiterfassung-im-verein\\\/\",\"name\":\"BAG zur Arbeitszeiterfassung im Verein\",\"isPartOf\":{\"@id\":\"https:\\\/\\\/auren.com\\\/de\\\/#website\"},\"primaryImageOfPage\":{\"@id\":\"https:\\\/\\\/auren.com\\\/de\\\/blog\\\/bag-zur-arbeitszeiterfassung-im-verein\\\/#primaryimage\"},\"image\":{\"@id\":\"https:\\\/\\\/auren.com\\\/de\\\/blog\\\/bag-zur-arbeitszeiterfassung-im-verein\\\/#primaryimage\"},\"thumbnailUrl\":\"https:\\\/\\\/auren.com\\\/de\\\/wp-content\\\/uploads\\\/2022\\\/11\\\/Blog-Bilder-16.png\",\"datePublished\":\"2022-11-22T10:00:00+00:00\",\"description\":\"Das Bundesarbeitsgericht (BAG) hat entschieden, dass alle Arbeitgeber verpflichtet sind, die Arbeitszeit ihrer Arbeitnehmer zu erfassen.\",\"breadcrumb\":{\"@id\":\"https:\\\/\\\/auren.com\\\/de\\\/blog\\\/bag-zur-arbeitszeiterfassung-im-verein\\\/#breadcrumb\"},\"inLanguage\":\"de\",\"potentialAction\":[{\"@type\":\"ReadAction\",\"target\":[\"https:\\\/\\\/auren.com\\\/de\\\/blog\\\/bag-zur-arbeitszeiterfassung-im-verein\\\/\"]}]},{\"@type\":\"ImageObject\",\"inLanguage\":\"de\",\"@id\":\"https:\\\/\\\/auren.com\\\/de\\\/blog\\\/bag-zur-arbeitszeiterfassung-im-verein\\\/#primaryimage\",\"url\":\"https:\\\/\\\/auren.com\\\/de\\\/wp-content\\\/uploads\\\/2022\\\/11\\\/Blog-Bilder-16.png\",\"contentUrl\":\"https:\\\/\\\/auren.com\\\/de\\\/wp-content\\\/uploads\\\/2022\\\/11\\\/Blog-Bilder-16.png\",\"width\":1200,\"height\":1000},{\"@type\":\"BreadcrumbList\",\"@id\":\"https:\\\/\\\/auren.com\\\/de\\\/blog\\\/bag-zur-arbeitszeiterfassung-im-verein\\\/#breadcrumb\",\"itemListElement\":[{\"@type\":\"ListItem\",\"position\":1,\"name\":\"Home\",\"item\":\"https:\\\/\\\/auren.com\\\/de\\\/\"},{\"@type\":\"ListItem\",\"position\":2,\"name\":\"BAG zur Arbeitszeiterfassung im Verein\"}]},{\"@type\":\"WebSite\",\"@id\":\"https:\\\/\\\/auren.com\\\/de\\\/#website\",\"url\":\"https:\\\/\\\/auren.com\\\/de\\\/\",\"name\":\"Auren\",\"description\":\"\",\"publisher\":{\"@id\":\"https:\\\/\\\/auren.com\\\/de\\\/#organization\"},\"alternateName\":\"Auren\",\"potentialAction\":[{\"@type\":\"SearchAction\",\"target\":{\"@type\":\"EntryPoint\",\"urlTemplate\":\"https:\\\/\\\/auren.com\\\/de\\\/?s={search_term_string}\"},\"query-input\":{\"@type\":\"PropertyValueSpecification\",\"valueRequired\":true,\"valueName\":\"search_term_string\"}}],\"inLanguage\":\"de\"},{\"@type\":\"Organization\",\"@id\":\"https:\\\/\\\/auren.com\\\/de\\\/#organization\",\"name\":\"Auren Deutschland\",\"url\":\"https:\\\/\\\/auren.com\\\/de\\\/\",\"logo\":{\"@type\":\"ImageObject\",\"inLanguage\":\"de\",\"@id\":\"https:\\\/\\\/auren.com\\\/de\\\/#\\\/schema\\\/logo\\\/image\\\/\",\"url\":\"https:\\\/\\\/auren.com\\\/de\\\/wp-content\\\/uploads\\\/2025\\\/01\\\/cropped-cropped-favicon-Auren.png\",\"contentUrl\":\"https:\\\/\\\/auren.com\\\/de\\\/wp-content\\\/uploads\\\/2025\\\/01\\\/cropped-cropped-favicon-Auren.png\",\"width\":512,\"height\":512,\"caption\":\"Auren Deutschland\"},\"image\":{\"@id\":\"https:\\\/\\\/auren.com\\\/de\\\/#\\\/schema\\\/logo\\\/image\\\/\"},\"sameAs\":[\"https:\\\/\\\/www.facebook.com\\\/aurendeutschland\",\"https:\\\/\\\/de.linkedin.com\\\/organization-guest\\\/company\\\/auren-deutschland\",\"https:\\\/\\\/www.youtube.com\\\/@aurendeutschland\",\"https:\\\/\\\/www.instagram.com\\\/aurendeutschland\\\/\"]}]}<\/script>\n<!-- \/ Yoast SEO plugin. -->","yoast_head_json":{"title":"BAG zur Arbeitszeiterfassung im Verein","description":"Das Bundesarbeitsgericht (BAG) hat entschieden, dass alle Arbeitgeber verpflichtet sind, die Arbeitszeit ihrer Arbeitnehmer zu erfassen.","robots":{"index":"index","follow":"follow","max-snippet":"max-snippet:-1","max-image-preview":"max-image-preview:large","max-video-preview":"max-video-preview:-1"},"canonical":"https:\/\/auren.com\/de\/blog\/bag-zur-arbeitszeiterfassung-im-verein\/","og_locale":"de_DE","og_type":"article","og_title":"BAG zur Arbeitszeiterfassung im Verein","og_description":"Das Bundesarbeitsgericht (BAG) hat entschieden, dass alle Arbeitgeber verpflichtet sind, die Arbeitszeit ihrer Arbeitnehmer zu erfassen.","og_url":"https:\/\/auren.com\/de\/blog\/bag-zur-arbeitszeiterfassung-im-verein\/","og_site_name":"Auren Germany","article_publisher":"https:\/\/www.facebook.com\/aurendeutschland","og_image":[{"width":1024,"height":853,"url":"https:\/\/auren.com\/de\/wp-content\/uploads\/2022\/11\/Blog-Bilder-16-1024x853.png","type":"image\/png"}],"twitter_card":"summary_large_image","twitter_misc":{"Gesch\u00e4tzte Lesezeit":"3\u00a0Minuten"},"schema":{"@context":"https:\/\/schema.org","@graph":[{"@type":"WebPage","@id":"https:\/\/auren.com\/de\/blog\/bag-zur-arbeitszeiterfassung-im-verein\/","url":"https:\/\/auren.com\/de\/blog\/bag-zur-arbeitszeiterfassung-im-verein\/","name":"BAG zur Arbeitszeiterfassung im Verein","isPartOf":{"@id":"https:\/\/auren.com\/de\/#website"},"primaryImageOfPage":{"@id":"https:\/\/auren.com\/de\/blog\/bag-zur-arbeitszeiterfassung-im-verein\/#primaryimage"},"image":{"@id":"https:\/\/auren.com\/de\/blog\/bag-zur-arbeitszeiterfassung-im-verein\/#primaryimage"},"thumbnailUrl":"https:\/\/auren.com\/de\/wp-content\/uploads\/2022\/11\/Blog-Bilder-16.png","datePublished":"2022-11-22T10:00:00+00:00","description":"Das Bundesarbeitsgericht (BAG) hat entschieden, dass alle Arbeitgeber verpflichtet sind, die Arbeitszeit ihrer Arbeitnehmer zu erfassen.","breadcrumb":{"@id":"https:\/\/auren.com\/de\/blog\/bag-zur-arbeitszeiterfassung-im-verein\/#breadcrumb"},"inLanguage":"de","potentialAction":[{"@type":"ReadAction","target":["https:\/\/auren.com\/de\/blog\/bag-zur-arbeitszeiterfassung-im-verein\/"]}]},{"@type":"ImageObject","inLanguage":"de","@id":"https:\/\/auren.com\/de\/blog\/bag-zur-arbeitszeiterfassung-im-verein\/#primaryimage","url":"https:\/\/auren.com\/de\/wp-content\/uploads\/2022\/11\/Blog-Bilder-16.png","contentUrl":"https:\/\/auren.com\/de\/wp-content\/uploads\/2022\/11\/Blog-Bilder-16.png","width":1200,"height":1000},{"@type":"BreadcrumbList","@id":"https:\/\/auren.com\/de\/blog\/bag-zur-arbeitszeiterfassung-im-verein\/#breadcrumb","itemListElement":[{"@type":"ListItem","position":1,"name":"Home","item":"https:\/\/auren.com\/de\/"},{"@type":"ListItem","position":2,"name":"BAG zur Arbeitszeiterfassung im Verein"}]},{"@type":"WebSite","@id":"https:\/\/auren.com\/de\/#website","url":"https:\/\/auren.com\/de\/","name":"Auren","description":"","publisher":{"@id":"https:\/\/auren.com\/de\/#organization"},"alternateName":"Auren","potentialAction":[{"@type":"SearchAction","target":{"@type":"EntryPoint","urlTemplate":"https:\/\/auren.com\/de\/?s={search_term_string}"},"query-input":{"@type":"PropertyValueSpecification","valueRequired":true,"valueName":"search_term_string"}}],"inLanguage":"de"},{"@type":"Organization","@id":"https:\/\/auren.com\/de\/#organization","name":"Auren Deutschland","url":"https:\/\/auren.com\/de\/","logo":{"@type":"ImageObject","inLanguage":"de","@id":"https:\/\/auren.com\/de\/#\/schema\/logo\/image\/","url":"https:\/\/auren.com\/de\/wp-content\/uploads\/2025\/01\/cropped-cropped-favicon-Auren.png","contentUrl":"https:\/\/auren.com\/de\/wp-content\/uploads\/2025\/01\/cropped-cropped-favicon-Auren.png","width":512,"height":512,"caption":"Auren Deutschland"},"image":{"@id":"https:\/\/auren.com\/de\/#\/schema\/logo\/image\/"},"sameAs":["https:\/\/www.facebook.com\/aurendeutschland","https:\/\/de.linkedin.com\/organization-guest\/company\/auren-deutschland","https:\/\/www.youtube.com\/@aurendeutschland","https:\/\/www.instagram.com\/aurendeutschland\/"]}]}},"_links":{"self":[{"href":"https:\/\/auren.com\/de\/wp-json\/wp\/v2\/blog\/4214","targetHints":{"allow":["GET"]}}],"collection":[{"href":"https:\/\/auren.com\/de\/wp-json\/wp\/v2\/blog"}],"about":[{"href":"https:\/\/auren.com\/de\/wp-json\/wp\/v2\/types\/blog"}],"version-history":[{"count":0,"href":"https:\/\/auren.com\/de\/wp-json\/wp\/v2\/blog\/4214\/revisions"}],"wp:featuredmedia":[{"embeddable":true,"href":"https:\/\/auren.com\/de\/wp-json\/wp\/v2\/media\/4215"}],"wp:attachment":[{"href":"https:\/\/auren.com\/de\/wp-json\/wp\/v2\/media?parent=4214"}],"wp:term":[{"taxonomy":"blog-category","embeddable":true,"href":"https:\/\/auren.com\/de\/wp-json\/wp\/v2\/blog-category?post=4214"}],"curies":[{"name":"wp","href":"https:\/\/api.w.org\/{rel}","templated":true}]}}