{"id":4217,"date":"2022-11-18T09:36:33","date_gmt":"2022-11-18T08:36:33","guid":{"rendered":"https:\/\/auren.com\/de\/blog\/mindestlohn-im-verein-das-gilt\/"},"modified":"2022-11-18T09:36:33","modified_gmt":"2022-11-18T08:36:33","slug":"mindestlohn-im-verein-das-gilt","status":"publish","type":"blog","link":"https:\/\/auren.com\/de\/blog\/mindestlohn-im-verein-das-gilt\/","title":{"rendered":"Mindestlohn im Verein: Das gilt"},"content":{"rendered":"<h2 class=\"wp-block-heading\">Mindestlohn von zw\u00f6lf Euro pro Stunde: Das m\u00fcssen gemeinn\u00fctzige Vereine jetzt beachten<\/h2>\n<p>Das Thema \u201eMindestlohn im Verein&#8220; war zuletzt etwas in der Versenkung verschwunden. Zu Unrecht, denn die Haftungsrisiken f\u00fcr Verein und Vorstand sind durchaus gegeben. Nehmen Sie die Erh\u00f6hung des Mindestlohns auf <strong>zw\u00f6lf Euro pro Stunde zum 01.10.2022<\/strong> zum Anlass, bei Ihrem Verein zu recherchieren, inwieweit Sie Ma\u00dfnahmen ergreifen m\u00fcssen.<\/p>\n<h2 class=\"wp-block-heading\">Kein Mindestlohn bei Ehrenamt<\/h2>\n<p>Verg\u00fctungen f\u00fcr ehrenamtliche T\u00e4tigkeiten sind ausdr\u00fccklich von der Anwendung des Mindestlohngesetzes (MiLoG) ausgenommen. In \u00a7 22 Abs. 3 MiLoG hei\u00dft es: \u201eVon diesem Gesetz nicht geregelt wird die Verg\u00fctung von ehrenamtlich T\u00e4tigen&#8220;. Ehrenamtlich und unentgeltlich im Sinne des MiLoG sind z. B. Leistungen, die \u00fcber den \u00dcbungsleiter bzw. den Ehrenamtsfreibetrag verg\u00fctet werden. Mindestlohnrelevant sind dagegen Verg\u00fctungen f\u00fcr \u00dcbungsleiter oder Ehren\u00e4mtler, die die Freibetr\u00e4ge des \u00a7 3 Nr. 26 EStG bzw. \u00a7 3 Nr. 26a EStG \u00fcbersteigen.<\/p>\n<h2 class=\"wp-block-heading\">Besch\u00e4ftigungsverh\u00e4ltnis versus selbstst\u00e4ndige T\u00e4tigkeiten<\/h2>\n<p>Dann liegt n\u00e4mlich ein Besch\u00e4ftigungsverh\u00e4ltnis vor. Es ist gegeben, wenn der Arbeitnehmer vom Arbeitgeber pers\u00f6nlich abh\u00e4ngig ist. Das ist der Fall, wenn der Besch\u00e4ftigte in die Organisation eingegliedert ist und dabei einem Zeit, Dauer, Ort und Art der Ausf\u00fchrung umfassenden Weisungsrecht des Arbeitgebers unterliegt.<br \/>Im Gegensatz dazu sind Verg\u00fctungen f\u00fcr eine selbstst\u00e4ndige T\u00e4tigkeit nicht vom Mindestlohn erfasst. Selbstst\u00e4ndigkeit ist gekennzeichnet durch das eigene Unternehmerrisiko, das Vorhandensein einer eigenen Betriebsst\u00e4tte, die Verf\u00fcgungsm\u00f6glichkeit \u00fcber die eigene Arbeitskraft und die im Wesentlichen frei gestaltete T\u00e4tigkeit und Arbeitszeit.<\/p>\n<h2 class=\"wp-block-heading\">Sonstige Eink\u00fcnfte von Vereinsmitgliedern<\/h2>\n<p>Sehr geringe Eink\u00fcnfte f\u00fchren regelm\u00e4\u00dfig zu keinem Arbeitsverh\u00e4ltnis. Bestimmte Grenzen hat die Rechtsprechung hier nicht gezogen. Bei gemeinn\u00fctzigen Vereinen bewegt sich das aber regelm\u00e4\u00dfig innerhalb des Ehrenamtsfreibetrags. Bei Sportlern, f\u00fcr die der Freibetrag nicht gilt, bedeutet das, dass Zahlungen, die nicht wesentlich \u00fcber einen Aufwandsersatz hinausgehen, ohne Bedeutung ist.<\/p>\n<p><strong>Wichtig:<\/strong> Hier ist anhand der tats\u00e4chlichen Verh\u00e4ltnisse zu pr\u00fcfen, ob eine abh\u00e4ngige Besch\u00e4ftigung vorliegt. Nach dem MiLoG ist diese Pr\u00fcfung bei einem K\u00fcnstler erforderlich, wenn die Verg\u00fctung mehr als 3.000 Euro im Jahr (Freibetrag nach \u00a7 3 Nr. 26 EStG) betr\u00e4gt. Dem Sportler steht kein Freibetrag zu. Bei ihm ist also jede Art von Verg\u00fctung, die \u00fcber Aufwendungsersatz hinausgeht, mindestlohnrelevant.<\/p>\n<p><strong>Beispiele<\/strong><\/p>\n<p>Ein Amateursportler \u00fcbt den Sport nicht aus wirtschaftlichem Interesse, sondern zum Ausgleich<br \/>vom Berufsleben oder zur Erholung aus. Nach den Festlegungen der Tr\u00e4ger der gesetzlichen Sozialversicherung wird bei gelegentlichen Geld- und Sachzuwendungen oder regelm\u00e4\u00dfigen Verg\u00fctungen zur pauschalen Abgeltung von Aufwendungen des Sportlers bis zu einer H\u00f6he von 250 Euro monatlich keine sozialversicherungsrechtliche Besch\u00e4ftigung ausge\u00fcbt.<br \/>Eine andere Beurteilung ist beim \u201eVertragsamateur&#8220; geboten. Kennzeichnend f\u00fcr dessen T\u00e4tigkeit ist neben der Vereinsmitgliedschaft die zus\u00e4tzliche vertragliche Vereinbarung \u00fcber die Erbringung von sportlichen Leistungen gegen Entgelt. Hier liegt regelm\u00e4\u00dfig eine Besch\u00e4ftigung im Sinne der Sozialversicherung vor. Er hat Anspruch auf den Mindestlohn von zw\u00f6lf Euro pro Stunde.<\/p>\n<h2 class=\"wp-block-heading\">Vorstandst\u00e4tigkeit<\/h2>\n<p>Ein bezahltes Vorstandsmitglied ist regelm\u00e4\u00dfig sozialversicherungspflichtig, sofern die Verg\u00fctung den Freibetrag nach \u00a7 3 Nr. 26a EStG von 840 Euro im Jahr \u00fcbersteigt. Bei ihm ist dann das MiLoG anzuwenden.<\/p>\n<h2 class=\"wp-block-heading\">Prinzipielle Anwendung des MiLoG im Ehrenamtsbereich<\/h2>\n<p>Ein Arbeitsverh\u00e4ltnis ist unteilbar. Ehrenamtlichkeit im Sinne des MiLoG liegt deshalb \u2013 wie erw\u00e4hnt \u2013 nicht mehr vor, wenn der ehrenamtlich T\u00e4tige Bez\u00fcge oberhalb der Steuerfreibetr\u00e4ge (\u00dcbungsleiter oder Ehrenamtsfreibetrag) erh\u00e4lt. Dann unterliegt die gesamte T\u00e4tigkeit dem MiLoG, wenn insgesamt ein Arbeitsverh\u00e4ltnis besteht. Soweit die Voraussetzungen der Steuerbefreiungen gegeben sind, kann von dem Verdienst, der mindestens zw\u00f6lf Euro pro Stunde betragen muss, die Steuerbefreiung in Anspruch genommen werden.<\/p>\n<p><strong>Beispiel:<\/strong><\/p>\n<figure class=\"wp-block-image size-full\"><img decoding=\"async\" width=\"305\" height=\"205\" data-src=\"https:\/\/auren.com\/de\/wp-content\/uploads\/migration\/2022\/11\/image.png\" alt=\"\" class=\"wp-image-31582 lazyload\" data-srcset=\"https:\/\/auren.com\/de\/wp-content\/uploads\/migration\/2022\/11\/image.png 305w, https:\/\/auren.com\/de\/wp-content\/uploads\/migration\/2022\/11\/image-300x202.png 300w\" data-sizes=\"auto, (max-width: 305px) 100vw, 305px\" src=\"data:image\/svg+xml;base64,PHN2ZyB3aWR0aD0iMSIgaGVpZ2h0PSIxIiB4bWxucz0iaHR0cDovL3d3dy53My5vcmcvMjAwMC9zdmciPjwvc3ZnPg==\" style=\"--smush-placeholder-width: 305px; --smush-placeholder-aspect-ratio: 305\/205;\" \/><\/figure>\n<h2 class=\"wp-block-heading\">Regelungen des MiLoG im Einzelnen<\/h2>\n<p>Dem MiLoG liegt der allgemeine schuldrechtliche Arbeitnehmerbegriff zugrunde (\u00a7\u00a7 611 ff BGB). Der Mindestlohn gilt auch f\u00fcr Teilzeit- und geringf\u00fcgig Besch\u00e4ftigte (Mini-Job). Jeder Arbeitnehmer hat ab dem 01.10.2022 Anspruch auf Zahlung eines Entgelts, das mindestens zw\u00f6lf Euro je Stunde betr\u00e4gt (\u00a7 1 MiLoG).<\/p>\n<h2 class=\"wp-block-heading\">Wie kommen Verst\u00f6\u00dfe ans Licht?<\/h2>\n<p>Verst\u00f6\u00dfe gegen die Zahlung des Mindestlohns k\u00f6nnen aufgedeckt werden<\/p>\n<ul>\n<li> von der Zollverwaltung (sie pr\u00fcft, ob der Mindestlohn eingehalten wird),<\/li>\n<li> vom Mitarbeiter (er kann jederzeit eine Lohnzahlung von mindestens zw\u00f6lf Euro pro Stunde einfordern oder Verst\u00f6\u00dfe anzeigen).<\/li>\n<\/ul>\n<h2 class=\"wp-block-heading\">Aufzeichnungspflichten zum MiLoG im Verein<\/h2>\n<p>Ihr Verein ist verpflichtet, Beginn, Ende und Dauer der t\u00e4glichen Arbeitszeit innerhalb einer Woche aufzuzeichnen und mindestens zwei Jahre aufzubewahren (\u00a7 17 MiLoG). Sie m\u00fcssen also die Vertr\u00e4ge bzw. die Zeiten der Besch\u00e4ftigungen gesondert erfassen, soweit deren Verg\u00fctung \u00fcber den Freibetr\u00e4gen nach \u00a7 3 Nr. 26 und 26a EStG liegen. Monats- oder andere Pauschalen m\u00fcssen Sie auf einen Stundensatz umrechnen. Dieser darf im Ergebnis nicht weniger als zw\u00f6lf Euro pro Stunde betragen.<\/p>\n<h3 class=\"wp-block-heading\"><strong>Beispiel 1<\/strong><\/h3>\n<p>Eine Mitarbeiterin arbeitet zwei Tage in der Woche f\u00fcr je vier Stunden in der Gesch\u00e4ftsstelle des Vereins. Zus\u00e4tzlich erledigt sie zuhause die Buchf\u00fchrung des Vereins. Im Durchschnitt ben\u00f6tigt sie daf\u00fcr f\u00fcnf Stunden im Monat. Ihre pauschale Monatsverg\u00fctung betr\u00e4gt 350 Euro. Der Stundenlohn berechnet sich wie folgt:<\/p>\n<figure class=\"wp-block-image size-full\"><img decoding=\"async\" width=\"304\" height=\"205\" data-src=\"https:\/\/auren.com\/de\/wp-content\/uploads\/migration\/2022\/11\/image-1.png\" alt=\"\" class=\"wp-image-31585 lazyload\" data-srcset=\"https:\/\/auren.com\/de\/wp-content\/uploads\/migration\/2022\/11\/image-1.png 304w, https:\/\/auren.com\/de\/wp-content\/uploads\/migration\/2022\/11\/image-1-300x202.png 300w\" data-sizes=\"auto, (max-width: 304px) 100vw, 304px\" src=\"data:image\/svg+xml;base64,PHN2ZyB3aWR0aD0iMSIgaGVpZ2h0PSIxIiB4bWxucz0iaHR0cDovL3d3dy53My5vcmcvMjAwMC9zdmciPjwvc3ZnPg==\" style=\"--smush-placeholder-width: 304px; --smush-placeholder-aspect-ratio: 304\/205;\" \/><\/figure>\n<p>Die Mitarbeiterin verdient 8,75 Euro je Stunde. Der Verein erf\u00fcllt das Mindestlohnerfordernis nicht.<\/p>\n<h3 class=\"wp-block-heading\"><strong>Beispiel 2<\/strong><\/h3>\n<p>Ein Trainer hat laut Vertrag eine w\u00f6chentliche Arbeitszeit von acht Stunden. Er erh\u00e4lt neben einer Verg\u00fctung von 254 Euro weitere als Auslagen bezeichnete Betr\u00e4ge: 103,50 Euro Entfernungspauschale f\u00fcr Fahrten zu Training und Heimspielen, 22,50 Euro Reisekostenersatz f\u00fcr Fahrten zu Ausw\u00e4rtsspielen, 20 Euro Auslagenersatz f\u00fcr Telefonkosten, insgesamt 400 Euro.<\/p>\n<p>Folge: Der Mindestlohn wird nach arbeitsrechtlichen Grunds\u00e4tzen berechnet. Entfernungspauschale, Reise- und Telefonkosten sind vertraglich vereinbarter Aufwendungsersatz. Sie werden nicht auf den Mindestlohn angerechnet. Mindestlohnrelevant ist nur die Verg\u00fctung f\u00fcr das Training in H\u00f6he von 254 Euro. Der Stundenlohn berechnet sich wie folgt:<\/p>\n<figure class=\"wp-block-image size-full\"><img decoding=\"async\" width=\"307\" height=\"87\" data-src=\"https:\/\/auren.com\/de\/wp-content\/uploads\/migration\/2022\/11\/image-2.png\" alt=\"\" class=\"wp-image-31588 lazyload\" data-srcset=\"https:\/\/auren.com\/de\/wp-content\/uploads\/migration\/2022\/11\/image-2.png 307w, https:\/\/auren.com\/de\/wp-content\/uploads\/migration\/2022\/11\/image-2-300x85.png 300w\" data-sizes=\"auto, (max-width: 307px) 100vw, 307px\" src=\"data:image\/svg+xml;base64,PHN2ZyB3aWR0aD0iMSIgaGVpZ2h0PSIxIiB4bWxucz0iaHR0cDovL3d3dy53My5vcmcvMjAwMC9zdmciPjwvc3ZnPg==\" style=\"--smush-placeholder-width: 307px; --smush-placeholder-aspect-ratio: 307\/87;\" \/><\/figure>\n<p>Folge: Da die Verg\u00fctung nur 254,00 Euro betr\u00e4gt, muss sie ab 01.10.2022 um 166,00 Euro monatlich erh\u00f6ht werden, um das MiLoG zu erf\u00fcllen.<\/p>\n<p><em>Quelle: <a href=\"https:\/\/www.iww.de\/\" target=\"_blank\" rel=\"noreferrer noopener\"><mark style=\"background-color:rgba(0, 0, 0, 0)\" class=\"has-inline-color has-vivid-cyan-blue-color\">IWW Verlag<\/mark><\/a><\/em><\/p>\n<p><strong>Wenn Sie dieser Beitrag interessiert<\/strong>, lesen Sie auch<br \/><strong><mark style=\"background-color:rgba(0, 0, 0, 0)\" class=\"has-inline-color has-vivid-cyan-blue-color\"><a href=\"https:\/\/auren.com\/de\/blog\/gewinnerzielungsabsicht-bei-kleinen-photovoltaikanlagen-bzw-blockheizkraftwerken\/\" target=\"_blank\" rel=\"noreferrer noopener\">Gewinnerzielungsabsicht bei Photovoltaikanlagen<\/a><\/mark><\/strong><br \/><strong><mark style=\"background-color:rgba(0, 0, 0, 0)\" class=\"has-inline-color has-vivid-cyan-blue-color\"><a href=\"https:\/\/auren.com\/de\/blog\/ausgaben-und-einnahmen-steuerwirksam-zeitlich-verlagern\/\" target=\"_blank\" rel=\"noreferrer noopener\">Ausgaben und Einnahmen steuerwirksam zeitlich verlagern<\/a><\/mark><\/strong><br \/><strong><mark style=\"background-color:rgba(0, 0, 0, 0)\" class=\"has-inline-color has-vivid-cyan-blue-color\"><a href=\"https:\/\/auren.com\/de\/blog\/gewerbesteuerliche-hinzurechnung-von-mieten-an-messestaenden\/\" target=\"_blank\" rel=\"noreferrer noopener\">Gewerbesteuerliche Hinzurechnung von Mieten an Messest\u00e4nden<\/a><\/mark><\/strong><\/p>\n<p id=\"block-267a8d01-1809-4d36-87e1-2f02dff77c5c\">Sie ben\u00f6tigen Unterst\u00fctzung? Erfahren Sie mehr zu unseren&nbsp;<a href=\"https:\/\/auren.com\/de\/leistungen\/steuerberatung\/\" target=\"_blank\" rel=\"noreferrer noopener\"><strong><mark style=\"background-color:rgba(0, 0, 0, 0)\" class=\"has-inline-color has-vivid-red-color\">Leistungen in der Steuerberatung<\/mark><\/strong><\/a>.<\/p>\n<p>Bei Fragen sind unsere&nbsp;<strong><a href=\"https:\/\/auren.com\/de\/ueber-auren\/unsere-berater\/\" target=\"_blank\" rel=\"noreferrer noopener\"><mark style=\"background-color:rgba(0, 0, 0, 0)\" class=\"has-inline-color has-vivid-red-color\">Beraterinnen und Berater<\/mark><\/a><\/strong>&nbsp;gerne f\u00fcr Sie da.<\/p>\n<h2 class=\"wp-block-heading\"><\/h2>\n<p><!-- AddThis Advanced Settings generic via filter on the_content --><!-- AddThis Share Buttons generic via filter on the_content --><\/p>\n","protected":false},"excerpt":{"rendered":"<p>Erh\u00f6hung des Mindestlohns auf zw\u00f6lf Euro pro Stunde. Erfahren Sie hier, inwieweit Sie in Ihrem Verein Ma\u00dfnahmen ergreifen m\u00fcssen.<\/p>\n","protected":false},"featured_media":4218,"template":"","meta":{"_acf_changed":false,"footnotes":""},"blog-category":[],"class_list":["post-4217","blog","type-blog","status-publish","has-post-thumbnail","hentry"],"acf":[],"yoast_head":"<!-- This site is optimized with the Yoast SEO plugin v27.4 - https:\/\/yoast.com\/product\/yoast-seo-wordpress\/ -->\n<title>Mindestlohn im Verein: Das gilt<\/title>\n<meta name=\"description\" content=\"Erh\u00f6hung des Mindestlohns auf zw\u00f6lf Euro pro Stunde. Erfahren Sie hier, inwieweit Sie in Ihrem Verein Ma\u00dfnahmen ergreifen m\u00fcssen.\" \/>\n<meta name=\"robots\" content=\"index, follow, max-snippet:-1, max-image-preview:large, max-video-preview:-1\" \/>\n<link rel=\"canonical\" href=\"https:\/\/auren.com\/de\/blog\/mindestlohn-im-verein-das-gilt\/\" \/>\n<meta property=\"og:locale\" content=\"de_DE\" \/>\n<meta property=\"og:type\" content=\"article\" \/>\n<meta property=\"og:title\" content=\"Mindestlohn im Verein: Das gilt\" \/>\n<meta property=\"og:description\" content=\"Erh\u00f6hung des Mindestlohns auf zw\u00f6lf Euro pro Stunde. Erfahren Sie hier, inwieweit Sie in Ihrem Verein Ma\u00dfnahmen ergreifen m\u00fcssen.\" \/>\n<meta property=\"og:url\" content=\"https:\/\/auren.com\/de\/blog\/mindestlohn-im-verein-das-gilt\/\" \/>\n<meta property=\"og:site_name\" content=\"Auren Germany\" \/>\n<meta property=\"article:publisher\" content=\"https:\/\/www.facebook.com\/aurendeutschland\" \/>\n<meta property=\"og:image\" content=\"https:\/\/auren.com\/de\/wp-content\/uploads\/2022\/11\/Blog-Bilder-14.png\" \/>\n\t<meta property=\"og:image:width\" content=\"1200\" \/>\n\t<meta property=\"og:image:height\" content=\"1000\" \/>\n\t<meta property=\"og:image:type\" content=\"image\/png\" \/>\n<meta name=\"twitter:card\" content=\"summary_large_image\" \/>\n<meta name=\"twitter:label1\" content=\"Gesch\u00e4tzte Lesezeit\" \/>\n\t<meta name=\"twitter:data1\" content=\"5\u00a0Minuten\" \/>\n<script type=\"application\/ld+json\" class=\"yoast-schema-graph\">{\"@context\":\"https:\\\/\\\/schema.org\",\"@graph\":[{\"@type\":\"WebPage\",\"@id\":\"https:\\\/\\\/auren.com\\\/de\\\/blog\\\/mindestlohn-im-verein-das-gilt\\\/\",\"url\":\"https:\\\/\\\/auren.com\\\/de\\\/blog\\\/mindestlohn-im-verein-das-gilt\\\/\",\"name\":\"Mindestlohn im Verein: Das gilt\",\"isPartOf\":{\"@id\":\"https:\\\/\\\/auren.com\\\/de\\\/#website\"},\"primaryImageOfPage\":{\"@id\":\"https:\\\/\\\/auren.com\\\/de\\\/blog\\\/mindestlohn-im-verein-das-gilt\\\/#primaryimage\"},\"image\":{\"@id\":\"https:\\\/\\\/auren.com\\\/de\\\/blog\\\/mindestlohn-im-verein-das-gilt\\\/#primaryimage\"},\"thumbnailUrl\":\"https:\\\/\\\/auren.com\\\/de\\\/wp-content\\\/uploads\\\/2022\\\/11\\\/Blog-Bilder-14.png\",\"datePublished\":\"2022-11-18T08:36:33+00:00\",\"description\":\"Erh\u00f6hung des Mindestlohns auf zw\u00f6lf Euro pro Stunde. Erfahren Sie hier, inwieweit Sie in Ihrem Verein Ma\u00dfnahmen ergreifen m\u00fcssen.\",\"breadcrumb\":{\"@id\":\"https:\\\/\\\/auren.com\\\/de\\\/blog\\\/mindestlohn-im-verein-das-gilt\\\/#breadcrumb\"},\"inLanguage\":\"de\",\"potentialAction\":[{\"@type\":\"ReadAction\",\"target\":[\"https:\\\/\\\/auren.com\\\/de\\\/blog\\\/mindestlohn-im-verein-das-gilt\\\/\"]}]},{\"@type\":\"ImageObject\",\"inLanguage\":\"de\",\"@id\":\"https:\\\/\\\/auren.com\\\/de\\\/blog\\\/mindestlohn-im-verein-das-gilt\\\/#primaryimage\",\"url\":\"https:\\\/\\\/auren.com\\\/de\\\/wp-content\\\/uploads\\\/2022\\\/11\\\/Blog-Bilder-14.png\",\"contentUrl\":\"https:\\\/\\\/auren.com\\\/de\\\/wp-content\\\/uploads\\\/2022\\\/11\\\/Blog-Bilder-14.png\",\"width\":1200,\"height\":1000},{\"@type\":\"BreadcrumbList\",\"@id\":\"https:\\\/\\\/auren.com\\\/de\\\/blog\\\/mindestlohn-im-verein-das-gilt\\\/#breadcrumb\",\"itemListElement\":[{\"@type\":\"ListItem\",\"position\":1,\"name\":\"Home\",\"item\":\"https:\\\/\\\/auren.com\\\/de\\\/\"},{\"@type\":\"ListItem\",\"position\":2,\"name\":\"Mindestlohn im Verein: Das gilt\"}]},{\"@type\":\"WebSite\",\"@id\":\"https:\\\/\\\/auren.com\\\/de\\\/#website\",\"url\":\"https:\\\/\\\/auren.com\\\/de\\\/\",\"name\":\"Auren\",\"description\":\"\",\"publisher\":{\"@id\":\"https:\\\/\\\/auren.com\\\/de\\\/#organization\"},\"alternateName\":\"Auren\",\"potentialAction\":[{\"@type\":\"SearchAction\",\"target\":{\"@type\":\"EntryPoint\",\"urlTemplate\":\"https:\\\/\\\/auren.com\\\/de\\\/?s={search_term_string}\"},\"query-input\":{\"@type\":\"PropertyValueSpecification\",\"valueRequired\":true,\"valueName\":\"search_term_string\"}}],\"inLanguage\":\"de\"},{\"@type\":\"Organization\",\"@id\":\"https:\\\/\\\/auren.com\\\/de\\\/#organization\",\"name\":\"Auren Deutschland\",\"url\":\"https:\\\/\\\/auren.com\\\/de\\\/\",\"logo\":{\"@type\":\"ImageObject\",\"inLanguage\":\"de\",\"@id\":\"https:\\\/\\\/auren.com\\\/de\\\/#\\\/schema\\\/logo\\\/image\\\/\",\"url\":\"https:\\\/\\\/auren.com\\\/de\\\/wp-content\\\/uploads\\\/2025\\\/01\\\/cropped-cropped-favicon-Auren.png\",\"contentUrl\":\"https:\\\/\\\/auren.com\\\/de\\\/wp-content\\\/uploads\\\/2025\\\/01\\\/cropped-cropped-favicon-Auren.png\",\"width\":512,\"height\":512,\"caption\":\"Auren Deutschland\"},\"image\":{\"@id\":\"https:\\\/\\\/auren.com\\\/de\\\/#\\\/schema\\\/logo\\\/image\\\/\"},\"sameAs\":[\"https:\\\/\\\/www.facebook.com\\\/aurendeutschland\",\"https:\\\/\\\/de.linkedin.com\\\/organization-guest\\\/company\\\/auren-deutschland\",\"https:\\\/\\\/www.youtube.com\\\/@aurendeutschland\",\"https:\\\/\\\/www.instagram.com\\\/aurendeutschland\\\/\"]}]}<\/script>\n<!-- \/ Yoast SEO plugin. -->","yoast_head_json":{"title":"Mindestlohn im Verein: Das gilt","description":"Erh\u00f6hung des Mindestlohns auf zw\u00f6lf Euro pro Stunde. Erfahren Sie hier, inwieweit Sie in Ihrem Verein Ma\u00dfnahmen ergreifen m\u00fcssen.","robots":{"index":"index","follow":"follow","max-snippet":"max-snippet:-1","max-image-preview":"max-image-preview:large","max-video-preview":"max-video-preview:-1"},"canonical":"https:\/\/auren.com\/de\/blog\/mindestlohn-im-verein-das-gilt\/","og_locale":"de_DE","og_type":"article","og_title":"Mindestlohn im Verein: Das gilt","og_description":"Erh\u00f6hung des Mindestlohns auf zw\u00f6lf Euro pro Stunde. Erfahren Sie hier, inwieweit Sie in Ihrem Verein Ma\u00dfnahmen ergreifen m\u00fcssen.","og_url":"https:\/\/auren.com\/de\/blog\/mindestlohn-im-verein-das-gilt\/","og_site_name":"Auren Germany","article_publisher":"https:\/\/www.facebook.com\/aurendeutschland","og_image":[{"width":1200,"height":1000,"url":"https:\/\/auren.com\/de\/wp-content\/uploads\/2022\/11\/Blog-Bilder-14.png","type":"image\/png"}],"twitter_card":"summary_large_image","twitter_misc":{"Gesch\u00e4tzte Lesezeit":"5\u00a0Minuten"},"schema":{"@context":"https:\/\/schema.org","@graph":[{"@type":"WebPage","@id":"https:\/\/auren.com\/de\/blog\/mindestlohn-im-verein-das-gilt\/","url":"https:\/\/auren.com\/de\/blog\/mindestlohn-im-verein-das-gilt\/","name":"Mindestlohn im Verein: Das gilt","isPartOf":{"@id":"https:\/\/auren.com\/de\/#website"},"primaryImageOfPage":{"@id":"https:\/\/auren.com\/de\/blog\/mindestlohn-im-verein-das-gilt\/#primaryimage"},"image":{"@id":"https:\/\/auren.com\/de\/blog\/mindestlohn-im-verein-das-gilt\/#primaryimage"},"thumbnailUrl":"https:\/\/auren.com\/de\/wp-content\/uploads\/2022\/11\/Blog-Bilder-14.png","datePublished":"2022-11-18T08:36:33+00:00","description":"Erh\u00f6hung des Mindestlohns auf zw\u00f6lf Euro pro Stunde. Erfahren Sie hier, inwieweit Sie in Ihrem Verein Ma\u00dfnahmen ergreifen m\u00fcssen.","breadcrumb":{"@id":"https:\/\/auren.com\/de\/blog\/mindestlohn-im-verein-das-gilt\/#breadcrumb"},"inLanguage":"de","potentialAction":[{"@type":"ReadAction","target":["https:\/\/auren.com\/de\/blog\/mindestlohn-im-verein-das-gilt\/"]}]},{"@type":"ImageObject","inLanguage":"de","@id":"https:\/\/auren.com\/de\/blog\/mindestlohn-im-verein-das-gilt\/#primaryimage","url":"https:\/\/auren.com\/de\/wp-content\/uploads\/2022\/11\/Blog-Bilder-14.png","contentUrl":"https:\/\/auren.com\/de\/wp-content\/uploads\/2022\/11\/Blog-Bilder-14.png","width":1200,"height":1000},{"@type":"BreadcrumbList","@id":"https:\/\/auren.com\/de\/blog\/mindestlohn-im-verein-das-gilt\/#breadcrumb","itemListElement":[{"@type":"ListItem","position":1,"name":"Home","item":"https:\/\/auren.com\/de\/"},{"@type":"ListItem","position":2,"name":"Mindestlohn im Verein: Das gilt"}]},{"@type":"WebSite","@id":"https:\/\/auren.com\/de\/#website","url":"https:\/\/auren.com\/de\/","name":"Auren","description":"","publisher":{"@id":"https:\/\/auren.com\/de\/#organization"},"alternateName":"Auren","potentialAction":[{"@type":"SearchAction","target":{"@type":"EntryPoint","urlTemplate":"https:\/\/auren.com\/de\/?s={search_term_string}"},"query-input":{"@type":"PropertyValueSpecification","valueRequired":true,"valueName":"search_term_string"}}],"inLanguage":"de"},{"@type":"Organization","@id":"https:\/\/auren.com\/de\/#organization","name":"Auren Deutschland","url":"https:\/\/auren.com\/de\/","logo":{"@type":"ImageObject","inLanguage":"de","@id":"https:\/\/auren.com\/de\/#\/schema\/logo\/image\/","url":"https:\/\/auren.com\/de\/wp-content\/uploads\/2025\/01\/cropped-cropped-favicon-Auren.png","contentUrl":"https:\/\/auren.com\/de\/wp-content\/uploads\/2025\/01\/cropped-cropped-favicon-Auren.png","width":512,"height":512,"caption":"Auren Deutschland"},"image":{"@id":"https:\/\/auren.com\/de\/#\/schema\/logo\/image\/"},"sameAs":["https:\/\/www.facebook.com\/aurendeutschland","https:\/\/de.linkedin.com\/organization-guest\/company\/auren-deutschland","https:\/\/www.youtube.com\/@aurendeutschland","https:\/\/www.instagram.com\/aurendeutschland\/"]}]}},"_links":{"self":[{"href":"https:\/\/auren.com\/de\/wp-json\/wp\/v2\/blog\/4217","targetHints":{"allow":["GET"]}}],"collection":[{"href":"https:\/\/auren.com\/de\/wp-json\/wp\/v2\/blog"}],"about":[{"href":"https:\/\/auren.com\/de\/wp-json\/wp\/v2\/types\/blog"}],"version-history":[{"count":0,"href":"https:\/\/auren.com\/de\/wp-json\/wp\/v2\/blog\/4217\/revisions"}],"wp:featuredmedia":[{"embeddable":true,"href":"https:\/\/auren.com\/de\/wp-json\/wp\/v2\/media\/4218"}],"wp:attachment":[{"href":"https:\/\/auren.com\/de\/wp-json\/wp\/v2\/media?parent=4217"}],"wp:term":[{"taxonomy":"blog-category","embeddable":true,"href":"https:\/\/auren.com\/de\/wp-json\/wp\/v2\/blog-category?post=4217"}],"curies":[{"name":"wp","href":"https:\/\/api.w.org\/{rel}","templated":true}]}}