{"id":4229,"date":"2022-10-28T11:00:00","date_gmt":"2022-10-28T09:00:00","guid":{"rendered":"https:\/\/auren.com\/de\/blog\/jahresarbeitsentgeltgrenze-variable-entgeltbestandteile\/"},"modified":"2022-10-28T11:00:00","modified_gmt":"2022-10-28T09:00:00","slug":"jahresarbeitsentgeltgrenze-variable-entgeltbestandteile","status":"publish","type":"blog","link":"https:\/\/auren.com\/de\/blog\/jahresarbeitsentgeltgrenze-variable-entgeltbestandteile\/","title":{"rendered":"Jahresarbeitsentgeltgrenze: Variable Entgeltbestandteile"},"content":{"rendered":"<p><em><strong><span style=\"text-decoration: underline;\"><a href=\"https:\/\/auren.com\/de\/ueber-auren\/unsere-berater\/\" target=\"_blank\" rel=\"noreferrer noopener\"><mark style=\"background-color:rgba(0, 0, 0, 0)\" class=\"has-inline-color has-vivid-red-color\">Birgit Ennemoser<\/mark><\/a><\/span><\/strong> (<a href=\"mailto:birgit.ennemoser@str-auren.de\"><mark style=\"background-color:rgba(0, 0, 0, 0)\" class=\"has-inline-color has-vivid-cyan-blue-color\">birgit.ennemoser@str-auren.de<\/mark><\/a>), Gesch\u00e4ftsf\u00fchrerin Personal Services<\/em><\/p>\n<h2 class=\"wp-block-heading\">Was ist die Jahresarbeitsentgeltgrenze (JAEG)?<\/h2>\n<p>Die Jahresarbeitsentgeltgrenze bestimmt, ab wann Arbeitnehmer versicherungsfrei in der gesetzlichen Krankenversicherung sind. In der Praxis stellt sich immer wieder die Frage, ob einmaliger Lohn und variable Lohn- und Gehaltsbestandteile zu ber\u00fccksichtigen sind. Aktuell gab es wieder neue Entscheidungen, die aufgrund des anstehenden Jahreswechsels in die Betrachtung mit einbezogen werden sollten.<\/p>\n<p><strong>Grunds\u00e4tzlich gilt:<\/strong>&nbsp;Arbeitnehmer, die eine Besch\u00e4ftigung mit einem gesch\u00e4tzten regelm\u00e4\u00dfigen Jahresarbeitsentgelt \u00fcber der JAEG aufnehmen, sind versicherungsfrei in der gesetzlichen Krankenversicherung. Wird die JAEG im Laufe des Besch\u00e4ftigungsverh\u00e4ltnisses \u00fcberschritten, endet die Versicherungspflicht erst zum Jahresende. Dies allerdings nur, wenn \u2012 bei vorausschauender Betrachtung \u2012 das regelm\u00e4\u00dfige Jahresarbeitsentgelt auch die vom Beginn des n\u00e4chsten Kalenderjahres an geltende JAEG \u00fcbersteigt. Die Versicherungsfreiheit endet unmittelbar, sobald das regelm\u00e4\u00dfige Jahresarbeitsentgelt die JAEG nicht mehr \u00fcbersteigt.<\/p>\n<h2 class=\"wp-block-heading\">Berechnung des Jahresarbeitsentgelts<\/h2>\n<p>F\u00fcr die Berechnung des Jahresarbeitsentgelts ist das vereinbarte monatliche Bruttoarbeitsentgelt mit zw\u00f6lf zu multiplizieren. Mit dem Begriff \u201eregelm\u00e4\u00dfig\u201c wird ein mit hinreichender Sicherheit zu erwartendes Arbeitsentgelt abgegrenzt. Einmaliger Lohn ist immer zu ber\u00fccksichtigen, wenn dieser mit hinreichender Sicherheit mindestens einmal im Jahr zuflie\u00dft. &nbsp;Variable Lohn- und Gehaltsbestandteile werden nur ber\u00fccksichtigt, wenn aufgrund einer Prognose feststeht, dass sie mit hinreichender Sicherheit auch gezahlt werden. Zum einmalig gezahlten Gehalt geh\u00f6ren also fest vereinbarte Weihnachts- und Urlaubsgelder. Zu ber\u00fccksichtigen sind hier auch Zahlungen f\u00fcr Mehrarbeit, wenn \u00dcberstunden pauschal verg\u00fctet werden.<\/p>\n<p>Leistungen, die aufgrund des Familienstands gew\u00e4hrt werden, werden bei der Pr\u00fcfung nicht ber\u00fccksichtigt, z. B. Heirats- oder Kinderzuschlag (\u00a7 6&nbsp;Abs. 1 S. 1 SGB V).<\/p>\n<p>Eine <strong>konzernerfolgsabh\u00e4ngige Sonderzahlung<\/strong> aufgrund einer Vereinbarung bleibt nach Ansicht des LSG Baden-W\u00fcrttemberg bei der Ermittlung der JAEG au\u00dfen vor, da sie bei vorausschauender Betrachtung zum Jahreswechsel nicht mit hinreichender Sicherheit auch im Folgejahr zu erwarten ist. Die Entstehung und die H\u00f6he des Anspruchs auf eine Sonderzahlung ist von einer Vielzahl von Bedingungen abh\u00e4ngig, in erster Linie von der Unternehmensleitung sowie den wirtschaftlichen Rahmenbedingungen gepr\u00e4gt und im Hinblick auf Krisen nicht hinreichend sicher.<\/p>\n<\/p>\n<h2 class=\"wp-block-heading\"><strong>\u00dcbersicht: Variable Entgeltbestandteile und JAEG<\/strong><\/h2>\n<figure class=\"wp-block-table\">\n<table>\n<tbody>\n<tr>\n<td><strong>Entgeltart<\/strong><\/td>\n<td><strong>Anrechnung auf das regelm\u00e4\u00dfige Jahresarbeitsentgelt?<\/strong><\/td>\n<\/tr>\n<tr>\n<td>&nbsp;<\/td>\n<td>ja<\/td>\n<td>nein<\/td>\n<\/tr>\n<tr>\n<td>Abschlussgratifikation<\/td>\n<td>&nbsp;<\/td>\n<td>X<\/td>\n<\/tr>\n<tr>\n<td>Bereitschaftsdienstverg\u00fctungen (pauschaliert stets\/\u00fcberwiegend in monatlich gleichbleibender H\u00f6he)<\/td>\n<td>X<\/td>\n<td>&nbsp;<\/td>\n<\/tr>\n<tr>\n<td>Bereitschaftsdienstverg\u00fctungen (nicht pauschaliert)<\/td>\n<td>&nbsp;<\/td>\n<td>X<\/td>\n<\/tr>\n<tr>\n<td>Bruttoentgelt ohne Familienzuschl\u00e4ge<\/td>\n<td>X<\/td>\n<td>&nbsp;<\/td>\n<\/tr>\n<tr>\n<td>Dreizehntes Monatsgehalt<\/td>\n<td>X<\/td>\n<td>&nbsp;<\/td>\n<\/tr>\n<tr>\n<td>Entgelt (Lohn oder Gehalt)<\/td>\n<td>X<\/td>\n<td>&nbsp;<\/td>\n<\/tr>\n<tr>\n<td>Entgelt aus geringf\u00fcgig entlohnter Besch\u00e4ftigung<\/td>\n<td>&nbsp;<\/td>\n<td>X<\/td>\n<\/tr>\n<tr>\n<td>Entgelt aus Mehrfachbesch\u00e4ftigung<\/td>\n<td>X<\/td>\n<td>&nbsp;<\/td>\n<\/tr>\n<tr>\n<td>Erholungsbeihilfen<\/td>\n<td>&nbsp;<\/td>\n<td>X<\/td>\n<\/tr>\n<tr>\n<td>Erschwerniszuschl\u00e4ge (regelm\u00e4\u00dfig anfallend bei monatlich schwankender H\u00f6he)<\/td>\n<td>&nbsp;<\/td>\n<td>X<\/td>\n<\/tr>\n<tr>\n<td>Fahrgeldpauschale<\/td>\n<td>X<\/td>\n<td>&nbsp;<\/td>\n<\/tr>\n<tr>\n<td>Fahrtkostenersatz Fahrten Wohnung und T\u00e4tigkeitsst\u00e4tte (pauschal versteuert)<\/td>\n<td>&nbsp;<\/td>\n<td>X<\/td>\n<\/tr>\n<tr>\n<td>Familienzuschl\u00e4ge<\/td>\n<td>&nbsp;<\/td>\n<td>X<\/td>\n<\/tr>\n<tr>\n<td>Freibetr\u00e4ge f\u00fcr Werbungskosten<\/td>\n<td>&nbsp;<\/td>\n<td>X<\/td>\n<\/tr>\n<tr>\n<td>Hinzurechnungsbetr\u00e4ge aus Sachbezug, regelm\u00e4\u00dfig in gleicher H\u00f6he anfallend<\/td>\n<td>X<\/td>\n<td>&nbsp;<\/td>\n<\/tr>\n<tr>\n<td>Jahrespr\u00e4mie (j\u00e4hrlich sich wiederholende freiwillige Einmalzahlung, H\u00f6he im Voraus bestimmt)<\/td>\n<td>X<\/td>\n<td>&nbsp;<\/td>\n<\/tr>\n<tr>\n<td>Jubil\u00e4umspr\u00e4mien<\/td>\n<td>&nbsp;<\/td>\n<td>X<\/td>\n<\/tr>\n<tr>\n<td>Kinderzulagen<\/td>\n<td>&nbsp;<\/td>\n<td>X<\/td>\n<\/tr>\n<tr>\n<td>Kraftfahrzeug\u00fcberlassung<\/td>\n<td>X<\/td>\n<td>&nbsp;<\/td>\n<\/tr>\n<tr>\n<td>Provisionen\/Tantiemen als einmalig gezahltes Arbeitsentgelt (sowohl individuell-leistungsbezogen als auch unternehmenserfolgsbezogen)<\/td>\n<td>&nbsp;<\/td>\n<td>X<\/td>\n<\/tr>\n<tr>\n<td>Provisionen\/Tantiemen, die laufendes monatliches Arbeitsentgelt mitpr\u00e4gen (nur individuell-leistungsbezogen)<\/td>\n<td>X<\/td>\n<td>&nbsp;<\/td>\n<\/tr>\n<tr>\n<td>Ortszuschlag bei Ledigen<\/td>\n<td>X<\/td>\n<td>&nbsp;<\/td>\n<\/tr>\n<tr>\n<td>Pr\u00e4mien f\u00fcr betriebliche Verbesserungsvorschl\u00e4ge<\/td>\n<td>&nbsp;<\/td>\n<td>X<\/td>\n<\/tr>\n<tr>\n<td>Schichtzulagen<\/td>\n<td>X<\/td>\n<td>&nbsp;<\/td>\n<\/tr>\n<tr>\n<td>\u00dcberstundenverg\u00fctung (pauschaliert in gleichbleibender monatlicher H\u00f6he)<\/td>\n<td>X<\/td>\n<td>&nbsp;<\/td>\n<\/tr>\n<tr>\n<td>\u00dcberstundenverg\u00fctung (regelm\u00e4\u00dfig anfallend, aber in schwankender H\u00f6he)<\/td>\n<td>&nbsp;<\/td>\n<td>X<\/td>\n<\/tr>\n<tr>\n<td>\u00dcberstundenverg\u00fctung (unregelm\u00e4\u00dfig)<\/td>\n<td>&nbsp;<\/td>\n<td>X<\/td>\n<\/tr>\n<tr>\n<td>Urlaubsabgeltungen<\/td>\n<td>&nbsp;<\/td>\n<td>X<\/td>\n<\/tr>\n<tr>\n<td>Urlaubsgeld (tariflich oder vertraglich im Voraus bestimmt)<\/td>\n<td>X<\/td>\n<td>&nbsp;<\/td>\n<\/tr>\n<tr>\n<td>Verm\u00f6genswirksame Leistungen<\/td>\n<td>X<\/td>\n<td>&nbsp;<\/td>\n<\/tr>\n<tr>\n<td>Zukunftssicherungsleistungen (pauschal versteuert) &nbsp;&nbsp;&nbsp;&nbsp;&nbsp;&nbsp;<\/td>\n<td>&nbsp;<\/td>\n<td>X<\/td>\n<\/tr>\n<tr>\n<td>Zulagen f\u00fcr vor\u00fcbergehende h\u00f6herwertige T\u00e4tigkeiten<\/td>\n<td>&nbsp;<\/td>\n<td>X<\/td>\n<\/tr>\n<tr>\n<td>Zusagen auf k\u00fcnftige Gehaltserh\u00f6hungen<\/td>\n<td>&nbsp;<\/td>\n<td>X<\/td>\n<\/tr>\n<\/tbody>\n<\/table>\n<\/figure>\n<p>F\u00e4llt man unter die Jahresarbeitsentgeltgrenze und war bisher privat versichert, muss man sich neu gesetzlich versichern. War man bisher gesetzlich versichert, kann man die weitere freiwillige Versicherung in der bisherigen Krankenversicherung vorsetzen oder in eine andere Krankenkasse \u2013 auch eine private Kasse \u2013 wechseln.<\/p>\n<\/p>\n<p><strong>Praxistipp: <\/strong>diese Thematik sollte nicht leichtfertig abgehandelt werden.<\/p>\n<p>Ein Mitarbeiter, der f\u00e4lschlich in der privaten Versicherung verbleibt, wird im Rahmen einer Sozialversicherungspr\u00fcfung umgestellt in eine gesetzliche Versicherung. F\u00fcr diese sind die Beitr\u00e4ge nachzuzahlen, zudem aber ist ja die private Versicherung weiter vorhanden gewesen und kann in der Regel rechtlich nicht r\u00fcckabgewickelt werden, weil die Versicherung meist in Anspruch genommen wurde \u2013 es gab ja meist Arztbesuche in der betrieblichen T\u00e4tigkeit etc. <br \/>Die Zusch\u00fcsse f\u00fcr die private Krankenversicherung k\u00f6nnen also nicht einfach r\u00fcckabgewickelt werden, diese bleiben bestehen und verlieren aber den Anspruch, steuerfrei zur Auszahlung gebracht zu werden. Damit ist hier eine Nettohochrechnung n\u00f6tig, die vom Arbeitgeber nachgezahlt werden muss. Dies ist meist eine recht teure Angelegenheit.<\/p>\n<p><strong>Wenn Sie dieser Beitrag interessiert<\/strong>, lesen Sie auch<\/p>\n<p><a href=\"https:\/\/auren.com\/de\/blog\/einfuehrung-betrieblicher-arbeitszeiterfassung-ist-pflicht\/\" target=\"_blank\" rel=\"noreferrer noopener\"><strong><mark style=\"background-color:rgba(0, 0, 0, 0)\" class=\"has-inline-color has-vivid-cyan-blue-color\">Einf\u00fchrung betrieblicher Arbeitszeiterfassung ist Pflicht<\/mark><\/strong><\/a> <br \/><strong><mark style=\"background-color:rgba(0, 0, 0, 0)\" class=\"has-inline-color has-vivid-cyan-blue-color\"><a href=\"https:\/\/auren.com\/de\/?post_type=blog&amp;p=31386\" target=\"_blank\" rel=\"noreferrer noopener\">Hinzuverdienstgrenze bei vorgezogenen Altersrenten<\/a><\/mark><\/strong><br \/><a href=\"https:\/\/auren.com\/de\/blog\/scheinselbststaendigkeit-und-freie-mitarbeit\/\" target=\"_blank\" rel=\"noreferrer noopener\"><strong><mark style=\"background-color:rgba(0, 0, 0, 0)\" class=\"has-inline-color has-vivid-cyan-blue-color\">Scheinselbstst\u00e4ndigkeit und freie Mitarbeit<\/mark><\/strong><\/a><\/p>\n<p>Sie ben\u00f6tigen Unterst\u00fctzung? Erfahren Sie mehr zu unseren <a href=\"https:\/\/auren.com\/de\/leistungen\/consulting\/personal-services\/\" target=\"_blank\" rel=\"noreferrer noopener\"><strong><mark style=\"background-color:rgba(0, 0, 0, 0)\" class=\"has-inline-color has-vivid-red-color\">Leistungen im Personalwesen sowie im HR- und Lohnbereich<\/mark><\/strong><\/a>.<\/p>\n<p><!-- AddThis Advanced Settings generic via filter on the_content --><!-- AddThis Share Buttons generic via filter on the_content --><\/p>\n","protected":false},"excerpt":{"rendered":"<p>Die Jahresarbeitsentgeltgrenze (JAEG) bestimmt, ab wann Arbeitnehmer versicherungsfrei in der gesetzlichen Krankenversicherung sind.<\/p>\n","protected":false},"featured_media":4230,"template":"","meta":{"_acf_changed":false,"footnotes":""},"blog-category":[],"class_list":["post-4229","blog","type-blog","status-publish","has-post-thumbnail","hentry"],"acf":[],"yoast_head":"<!-- This site is optimized with the Yoast SEO plugin v27.4 - https:\/\/yoast.com\/product\/yoast-seo-wordpress\/ -->\n<title>Jahresarbeitsentgeltgrenze: Variable Entgeltbestandteile<\/title>\n<meta name=\"description\" content=\"Die JAEG bestimmt, ab wann Arbeitnehmer versicherungsfrei in der gesetzlichen Krankenversicherung sind. Alle Infos finden Sie hier.\" \/>\n<meta name=\"robots\" content=\"index, follow, max-snippet:-1, max-image-preview:large, max-video-preview:-1\" \/>\n<link rel=\"canonical\" href=\"https:\/\/auren.com\/de\/blog\/jahresarbeitsentgeltgrenze-variable-entgeltbestandteile\/\" \/>\n<meta property=\"og:locale\" content=\"de_DE\" \/>\n<meta property=\"og:type\" content=\"article\" \/>\n<meta property=\"og:title\" content=\"Jahresarbeitsentgeltgrenze: Variable Entgeltbestandteile\" \/>\n<meta property=\"og:description\" content=\"Die JAEG bestimmt, ab wann Arbeitnehmer versicherungsfrei in der gesetzlichen Krankenversicherung sind. Alle Infos finden Sie hier.\" \/>\n<meta property=\"og:url\" content=\"https:\/\/auren.com\/de\/blog\/jahresarbeitsentgeltgrenze-variable-entgeltbestandteile\/\" \/>\n<meta property=\"og:site_name\" content=\"Auren Germany\" \/>\n<meta property=\"article:publisher\" content=\"https:\/\/www.facebook.com\/aurendeutschland\" \/>\n<meta property=\"og:image\" content=\"https:\/\/auren.com\/de\/wp-content\/uploads\/2022\/10\/Blog-Bilder-7.png\" \/>\n\t<meta property=\"og:image:width\" content=\"1200\" \/>\n\t<meta property=\"og:image:height\" content=\"1000\" \/>\n\t<meta property=\"og:image:type\" content=\"image\/png\" \/>\n<meta name=\"twitter:card\" content=\"summary_large_image\" \/>\n<meta name=\"twitter:label1\" content=\"Gesch\u00e4tzte Lesezeit\" \/>\n\t<meta name=\"twitter:data1\" content=\"4\u00a0Minuten\" \/>\n<script type=\"application\/ld+json\" class=\"yoast-schema-graph\">{\"@context\":\"https:\\\/\\\/schema.org\",\"@graph\":[{\"@type\":\"WebPage\",\"@id\":\"https:\\\/\\\/auren.com\\\/de\\\/blog\\\/jahresarbeitsentgeltgrenze-variable-entgeltbestandteile\\\/\",\"url\":\"https:\\\/\\\/auren.com\\\/de\\\/blog\\\/jahresarbeitsentgeltgrenze-variable-entgeltbestandteile\\\/\",\"name\":\"Jahresarbeitsentgeltgrenze: Variable Entgeltbestandteile\",\"isPartOf\":{\"@id\":\"https:\\\/\\\/auren.com\\\/de\\\/#website\"},\"primaryImageOfPage\":{\"@id\":\"https:\\\/\\\/auren.com\\\/de\\\/blog\\\/jahresarbeitsentgeltgrenze-variable-entgeltbestandteile\\\/#primaryimage\"},\"image\":{\"@id\":\"https:\\\/\\\/auren.com\\\/de\\\/blog\\\/jahresarbeitsentgeltgrenze-variable-entgeltbestandteile\\\/#primaryimage\"},\"thumbnailUrl\":\"https:\\\/\\\/auren.com\\\/de\\\/wp-content\\\/uploads\\\/2022\\\/10\\\/Blog-Bilder-7.png\",\"datePublished\":\"2022-10-28T09:00:00+00:00\",\"description\":\"Die JAEG bestimmt, ab wann Arbeitnehmer versicherungsfrei in der gesetzlichen Krankenversicherung sind. Alle Infos finden Sie hier.\",\"breadcrumb\":{\"@id\":\"https:\\\/\\\/auren.com\\\/de\\\/blog\\\/jahresarbeitsentgeltgrenze-variable-entgeltbestandteile\\\/#breadcrumb\"},\"inLanguage\":\"de\",\"potentialAction\":[{\"@type\":\"ReadAction\",\"target\":[\"https:\\\/\\\/auren.com\\\/de\\\/blog\\\/jahresarbeitsentgeltgrenze-variable-entgeltbestandteile\\\/\"]}]},{\"@type\":\"ImageObject\",\"inLanguage\":\"de\",\"@id\":\"https:\\\/\\\/auren.com\\\/de\\\/blog\\\/jahresarbeitsentgeltgrenze-variable-entgeltbestandteile\\\/#primaryimage\",\"url\":\"https:\\\/\\\/auren.com\\\/de\\\/wp-content\\\/uploads\\\/2022\\\/10\\\/Blog-Bilder-7.png\",\"contentUrl\":\"https:\\\/\\\/auren.com\\\/de\\\/wp-content\\\/uploads\\\/2022\\\/10\\\/Blog-Bilder-7.png\",\"width\":1200,\"height\":1000},{\"@type\":\"BreadcrumbList\",\"@id\":\"https:\\\/\\\/auren.com\\\/de\\\/blog\\\/jahresarbeitsentgeltgrenze-variable-entgeltbestandteile\\\/#breadcrumb\",\"itemListElement\":[{\"@type\":\"ListItem\",\"position\":1,\"name\":\"Home\",\"item\":\"https:\\\/\\\/auren.com\\\/de\\\/\"},{\"@type\":\"ListItem\",\"position\":2,\"name\":\"Jahresarbeitsentgeltgrenze: Variable Entgeltbestandteile\"}]},{\"@type\":\"WebSite\",\"@id\":\"https:\\\/\\\/auren.com\\\/de\\\/#website\",\"url\":\"https:\\\/\\\/auren.com\\\/de\\\/\",\"name\":\"Auren\",\"description\":\"\",\"publisher\":{\"@id\":\"https:\\\/\\\/auren.com\\\/de\\\/#organization\"},\"alternateName\":\"Auren\",\"potentialAction\":[{\"@type\":\"SearchAction\",\"target\":{\"@type\":\"EntryPoint\",\"urlTemplate\":\"https:\\\/\\\/auren.com\\\/de\\\/?s={search_term_string}\"},\"query-input\":{\"@type\":\"PropertyValueSpecification\",\"valueRequired\":true,\"valueName\":\"search_term_string\"}}],\"inLanguage\":\"de\"},{\"@type\":\"Organization\",\"@id\":\"https:\\\/\\\/auren.com\\\/de\\\/#organization\",\"name\":\"Auren Deutschland\",\"url\":\"https:\\\/\\\/auren.com\\\/de\\\/\",\"logo\":{\"@type\":\"ImageObject\",\"inLanguage\":\"de\",\"@id\":\"https:\\\/\\\/auren.com\\\/de\\\/#\\\/schema\\\/logo\\\/image\\\/\",\"url\":\"https:\\\/\\\/auren.com\\\/de\\\/wp-content\\\/uploads\\\/2025\\\/01\\\/cropped-cropped-favicon-Auren.png\",\"contentUrl\":\"https:\\\/\\\/auren.com\\\/de\\\/wp-content\\\/uploads\\\/2025\\\/01\\\/cropped-cropped-favicon-Auren.png\",\"width\":512,\"height\":512,\"caption\":\"Auren Deutschland\"},\"image\":{\"@id\":\"https:\\\/\\\/auren.com\\\/de\\\/#\\\/schema\\\/logo\\\/image\\\/\"},\"sameAs\":[\"https:\\\/\\\/www.facebook.com\\\/aurendeutschland\",\"https:\\\/\\\/de.linkedin.com\\\/organization-guest\\\/company\\\/auren-deutschland\",\"https:\\\/\\\/www.youtube.com\\\/@aurendeutschland\",\"https:\\\/\\\/www.instagram.com\\\/aurendeutschland\\\/\"]}]}<\/script>\n<!-- \/ Yoast SEO plugin. -->","yoast_head_json":{"title":"Jahresarbeitsentgeltgrenze: Variable Entgeltbestandteile","description":"Die JAEG bestimmt, ab wann Arbeitnehmer versicherungsfrei in der gesetzlichen Krankenversicherung sind. Alle Infos finden Sie hier.","robots":{"index":"index","follow":"follow","max-snippet":"max-snippet:-1","max-image-preview":"max-image-preview:large","max-video-preview":"max-video-preview:-1"},"canonical":"https:\/\/auren.com\/de\/blog\/jahresarbeitsentgeltgrenze-variable-entgeltbestandteile\/","og_locale":"de_DE","og_type":"article","og_title":"Jahresarbeitsentgeltgrenze: Variable Entgeltbestandteile","og_description":"Die JAEG bestimmt, ab wann Arbeitnehmer versicherungsfrei in der gesetzlichen Krankenversicherung sind. Alle Infos finden Sie hier.","og_url":"https:\/\/auren.com\/de\/blog\/jahresarbeitsentgeltgrenze-variable-entgeltbestandteile\/","og_site_name":"Auren Germany","article_publisher":"https:\/\/www.facebook.com\/aurendeutschland","og_image":[{"width":1200,"height":1000,"url":"https:\/\/auren.com\/de\/wp-content\/uploads\/2022\/10\/Blog-Bilder-7.png","type":"image\/png"}],"twitter_card":"summary_large_image","twitter_misc":{"Gesch\u00e4tzte Lesezeit":"4\u00a0Minuten"},"schema":{"@context":"https:\/\/schema.org","@graph":[{"@type":"WebPage","@id":"https:\/\/auren.com\/de\/blog\/jahresarbeitsentgeltgrenze-variable-entgeltbestandteile\/","url":"https:\/\/auren.com\/de\/blog\/jahresarbeitsentgeltgrenze-variable-entgeltbestandteile\/","name":"Jahresarbeitsentgeltgrenze: Variable Entgeltbestandteile","isPartOf":{"@id":"https:\/\/auren.com\/de\/#website"},"primaryImageOfPage":{"@id":"https:\/\/auren.com\/de\/blog\/jahresarbeitsentgeltgrenze-variable-entgeltbestandteile\/#primaryimage"},"image":{"@id":"https:\/\/auren.com\/de\/blog\/jahresarbeitsentgeltgrenze-variable-entgeltbestandteile\/#primaryimage"},"thumbnailUrl":"https:\/\/auren.com\/de\/wp-content\/uploads\/2022\/10\/Blog-Bilder-7.png","datePublished":"2022-10-28T09:00:00+00:00","description":"Die JAEG bestimmt, ab wann Arbeitnehmer versicherungsfrei in der gesetzlichen Krankenversicherung sind. Alle Infos finden Sie hier.","breadcrumb":{"@id":"https:\/\/auren.com\/de\/blog\/jahresarbeitsentgeltgrenze-variable-entgeltbestandteile\/#breadcrumb"},"inLanguage":"de","potentialAction":[{"@type":"ReadAction","target":["https:\/\/auren.com\/de\/blog\/jahresarbeitsentgeltgrenze-variable-entgeltbestandteile\/"]}]},{"@type":"ImageObject","inLanguage":"de","@id":"https:\/\/auren.com\/de\/blog\/jahresarbeitsentgeltgrenze-variable-entgeltbestandteile\/#primaryimage","url":"https:\/\/auren.com\/de\/wp-content\/uploads\/2022\/10\/Blog-Bilder-7.png","contentUrl":"https:\/\/auren.com\/de\/wp-content\/uploads\/2022\/10\/Blog-Bilder-7.png","width":1200,"height":1000},{"@type":"BreadcrumbList","@id":"https:\/\/auren.com\/de\/blog\/jahresarbeitsentgeltgrenze-variable-entgeltbestandteile\/#breadcrumb","itemListElement":[{"@type":"ListItem","position":1,"name":"Home","item":"https:\/\/auren.com\/de\/"},{"@type":"ListItem","position":2,"name":"Jahresarbeitsentgeltgrenze: Variable Entgeltbestandteile"}]},{"@type":"WebSite","@id":"https:\/\/auren.com\/de\/#website","url":"https:\/\/auren.com\/de\/","name":"Auren","description":"","publisher":{"@id":"https:\/\/auren.com\/de\/#organization"},"alternateName":"Auren","potentialAction":[{"@type":"SearchAction","target":{"@type":"EntryPoint","urlTemplate":"https:\/\/auren.com\/de\/?s={search_term_string}"},"query-input":{"@type":"PropertyValueSpecification","valueRequired":true,"valueName":"search_term_string"}}],"inLanguage":"de"},{"@type":"Organization","@id":"https:\/\/auren.com\/de\/#organization","name":"Auren Deutschland","url":"https:\/\/auren.com\/de\/","logo":{"@type":"ImageObject","inLanguage":"de","@id":"https:\/\/auren.com\/de\/#\/schema\/logo\/image\/","url":"https:\/\/auren.com\/de\/wp-content\/uploads\/2025\/01\/cropped-cropped-favicon-Auren.png","contentUrl":"https:\/\/auren.com\/de\/wp-content\/uploads\/2025\/01\/cropped-cropped-favicon-Auren.png","width":512,"height":512,"caption":"Auren Deutschland"},"image":{"@id":"https:\/\/auren.com\/de\/#\/schema\/logo\/image\/"},"sameAs":["https:\/\/www.facebook.com\/aurendeutschland","https:\/\/de.linkedin.com\/organization-guest\/company\/auren-deutschland","https:\/\/www.youtube.com\/@aurendeutschland","https:\/\/www.instagram.com\/aurendeutschland\/"]}]}},"_links":{"self":[{"href":"https:\/\/auren.com\/de\/wp-json\/wp\/v2\/blog\/4229","targetHints":{"allow":["GET"]}}],"collection":[{"href":"https:\/\/auren.com\/de\/wp-json\/wp\/v2\/blog"}],"about":[{"href":"https:\/\/auren.com\/de\/wp-json\/wp\/v2\/types\/blog"}],"version-history":[{"count":0,"href":"https:\/\/auren.com\/de\/wp-json\/wp\/v2\/blog\/4229\/revisions"}],"wp:featuredmedia":[{"embeddable":true,"href":"https:\/\/auren.com\/de\/wp-json\/wp\/v2\/media\/4230"}],"wp:attachment":[{"href":"https:\/\/auren.com\/de\/wp-json\/wp\/v2\/media?parent=4229"}],"wp:term":[{"taxonomy":"blog-category","embeddable":true,"href":"https:\/\/auren.com\/de\/wp-json\/wp\/v2\/blog-category?post=4229"}],"curies":[{"name":"wp","href":"https:\/\/api.w.org\/{rel}","templated":true}]}}