{"id":4232,"date":"2022-07-06T11:54:18","date_gmt":"2022-07-06T09:54:18","guid":{"rendered":"https:\/\/auren.com\/de\/blog\/grundsteuerreform-besonderheiten-fuer-gemeinnuetzige-organisationen\/"},"modified":"2022-07-06T11:54:18","modified_gmt":"2022-07-06T09:54:18","slug":"grundsteuerreform-besonderheiten-fuer-gemeinnuetzige-organisationen","status":"publish","type":"blog","link":"https:\/\/auren.com\/de\/blog\/grundsteuerreform-besonderheiten-fuer-gemeinnuetzige-organisationen\/","title":{"rendered":"Grundsteuerreform: Besonderheiten f\u00fcr gemeinn\u00fctzige Organisationen"},"content":{"rendered":"<p><em>Philipp Link (<a href=\"mailto:Philipp.Link@rtg-auren.de\"><mark style=\"background-color:rgba(0, 0, 0, 0)\" class=\"has-inline-color has-vivid-cyan-blue-color\">Philipp.Link@rtg-auren.de<\/mark><\/a>), Bachelor of Law<\/em><\/p>\n<p>Zwischen dem 01.07. und 31.10.2022 m\u00fcssen alle Eigent\u00fcmer von Grundbesitz im Zuge der Grundsteuerreform elektronische Feststellungserkl\u00e4rungen abgeben, sodass die rund 36 Millionen Grundst\u00fccke in Deutschland neu bewertet werden k\u00f6nnen. Auch gemeinn\u00fctzige Organisationen wie Vereine, Stiftungen oder gGmbHs sind hiervon betroffen, f\u00fcr die es jedoch hinsichtlich der Grundsteuerbefreiungen einige Besonderheiten zu beachten gilt.<\/p>\n<h2 class=\"wp-block-heading\">Voraussetzungen f\u00fcr die Steuerbefreiung<\/h2>\n<p>F\u00fcr gemeinn\u00fctzige und mildt\u00e4tige Organisationen kommt grunds\u00e4tzlich eine Steuerbefreiung in Betracht, \u00fcber die das Lagefinanzamt entscheidet, bei dem die Feststellungserkl\u00e4rung einzureichen ist. Voraussetzung f\u00fcr die Steuerbefreiung ist, dass einerseits der rechtliche bzw. wirtschaftliche Eigent\u00fcmer des Grundst\u00fccks als gemeinn\u00fctzig oder mildt\u00e4tig anerkannt wurde (subjektive Voraussetzung) und dass andererseits das Grundst\u00fcck auch f\u00fcr gemeinn\u00fctzige oder mildt\u00e4tige Zwecke (\u201esteuerbeg\u00fcnstigte Zwecke\u201c) verwendet wird (objektive Voraussetzung). Eine Befreiung ist daher nur f\u00fcr Grundst\u00fccksnutzungen im Rahmen des ideellen Bereichs und des Zweckbetriebs m\u00f6glich, nicht jedoch f\u00fcr eine Nutzung im Rahmen der Verm\u00f6gensverwaltung oder eines wirtschaftlichen Gesch\u00e4ftsbetriebs.<\/p>\n<h2 class=\"wp-block-heading\">Die Nutzung der R\u00e4ume ist entscheidend<\/h2>\n<p>In der Praxis liegt jedoch h\u00e4ufig der Fall vor, dass beispielsweise ein Vereinsheim f\u00fcr den ideellen Bereich, den Zweckbetrieb und einen wirtschaftlichen Gesch\u00e4ftsbetrieb genutzt wird. Damit liegt eine gemischte Nutzung vor. Hierf\u00fcr sieht das Gesetz eine anteilige Steuerbefreiung f\u00fcr die steuerbeg\u00fcnstigt verwendeten R\u00e4ume vor. Daf\u00fcr ist das Geb\u00e4ude oder Grundst\u00fcck bis zur kleinsten abtrennbaren Raumeinheit aufzuteilen und der jeweiligen Nutzungsart direkt zuzuordnen. Dies kann gegen\u00fcber dem Finanzamt unter anderem durch einen Grundriss oder Raumplan des Geb\u00e4udes und der Markierung der jeweiligen Nutzungsart darin nachgewiesen werden.<\/p>\n<p>Falls ein Grundst\u00fcck oder einzelne R\u00e4ume gemischt genutzt werden und eine direkte Aufteilung daher nicht m\u00f6glich ist, kann ein prozentualer Aufteilungsschl\u00fcssel f\u00fcr das Verh\u00e4ltnis der Nutzungen festgelegt werden. Da es keine gesetzliche Regelung f\u00fcr den Aufteilungsschl\u00fcssel gibt, k\u00f6nnen als Ma\u00dfstab die erzielten Ums\u00e4tze, die Anzahl der Nutzer oder die zeitliche Benutzung gew\u00e4hlt werden. Die Steuerbefreiung wird bei der prozentualen Aufteilung aber nur dann gew\u00e4hrt, wenn die gemeinn\u00fctzige Nutzung \u00fcberwiegt, also mehr als 50 % betr\u00e4gt. Sollten sich die Verh\u00e4ltnisse der Nutzung nach Abgabe der Feststellungserkl\u00e4rung \u00e4ndern, ist dies dem Finanzamt innerhalb von drei Monaten anzuzeigen.<\/p>\n<p>Sofern ein Grundst\u00fcck von einer gemeinn\u00fctzigen Organisation an einen Dritten vermietet oder unentgeltlich \u00fcberlassen wird, ist die Nutzung dem Bereich der Verm\u00f6gensverwaltung zuzuordnen, sodass die Steuerbefreiung ausgeschlossen ist. Eine Ausnahme gilt, wenn der Dritte ebenfalls die Voraussetzungen der Steuerbefreiung erf\u00fcllt (gemeinn\u00fctzige Anerkennung und Nutzung f\u00fcr gemeinn\u00fctzige Zwecke).<\/p>\n<p>Bei der Nutzung von Wohnungen ist eine Steuerbefreiung normalerweise ausgeschlossen, selbst wenn diese f\u00fcr gemeinn\u00fctzige Zwecke verwendet wird. Nur in wenigen Ausnahmef\u00e4llen (z. B. Wohnr\u00e4ume in Sch\u00fclerheimen) wird eine Steuerbefreiung gew\u00e4hrt.<\/p>\n<h2 class=\"wp-block-heading\">Fazit <\/h2>\n<p>Die Steuerbefreiungen haben sich durch die Grundsteuerreform nicht ver\u00e4ndert. In der Vergangenheit haben viele Organisationen mangels Kenntnis eine Grundsteuerbefreiung nicht in Anspruch genommen. Da sich gemeinn\u00fctzige Organisationen mit Grundbesitz jedoch im Zuge der Feststellungserkl\u00e4rung mit dieser Thematik auseinandersetzen m\u00fcssen, lohnt sich ein Blick auf die M\u00f6glichkeiten der Steuerbefreiung, um eventuell k\u00fcnftig Grundsteuer zu sparen.<\/p>\n<\/p>\n<p id=\"block-2069cd15-8682-4410-af2c-0c9daf674776\"><strong>Wenn Sie dieser Beitrag interessiert<\/strong>, lesen Sie auch<\/p>\n<p id=\"block-9b32dac3-d632-4a52-a2ce-eb16e7275a84\"><a href=\"https:\/\/auren.com\/de\/blog\/minijobs-in-gemeinnuetzigen-einrichtungen-gkv-spitzenverband-aktualisiert-anwendungsregeln\/\"><strong><mark style=\"background-color:rgba(0, 0, 0, 0)\" class=\"has-inline-color has-vivid-cyan-blue-color\">Minijobs in gemeinn\u00fctzigen Einrichtungen: GKV-Spitzenverband aktualisiert Anwendungsregeln<\/mark><\/strong><\/a><br \/><a href=\"https:\/\/auren.com\/de\/?post_type=blog&amp;p=29765\"><strong><mark style=\"background-color:rgba(0, 0, 0, 0)\" class=\"has-inline-color has-vivid-cyan-blue-color\">Als Sachspende ausgewiesene Geldspende kann abzugsf\u00e4hig sein<\/mark><\/strong><\/a><br \/><a href=\"https:\/\/auren.com\/de\/?post_type=blog&amp;p=29763\"><strong><mark style=\"background-color:rgba(0, 0, 0, 0)\" class=\"has-inline-color has-vivid-cyan-blue-color\">Mitgliedsbeitra\u0308ge: Regierung will Absetzbarkeit nicht verbessern<\/mark><\/strong><\/a><\/p>\n<p id=\"block-267a8d01-1809-4d36-87e1-2f02dff77c5c\">Sie ben\u00f6tigen Unterst\u00fctzung? Erfahren Sie mehr zu unseren\u00a0<strong><a href=\"https:\/\/auren.com\/de\/leistungen\/steuerberatung\/gemeinnuetzigkeitsrecht\/\" target=\"_blank\" rel=\"noreferrer noopener\"><mark style=\"background-color:rgba(0, 0, 0, 0)\" class=\"has-inline-color has-vivid-red-color\">Leistungen zu\u00a0Steuerberatung \u2013 Gemeinn\u00fctzigkeitsrecht<\/mark><\/a><\/strong>.<\/p>\n<p><!-- AddThis Advanced Settings generic via filter on the_content --><!-- AddThis Share Buttons generic via filter on the_content --><\/p>\n","protected":false},"excerpt":{"rendered":"<p>Alles zu den Besonderheiten bei der Grundsteuerbefreiung f\u00fcr gemeinn\u00fctzige Organisationen wie Vereine, Stiftungen und gGmbHs.<\/p>\n","protected":false},"featured_media":4233,"template":"","meta":{"_acf_changed":false,"footnotes":""},"blog-category":[],"class_list":["post-4232","blog","type-blog","status-publish","has-post-thumbnail","hentry"],"acf":[],"yoast_head":"<!-- This site is optimized with the Yoast SEO plugin v27.4 - https:\/\/yoast.com\/product\/yoast-seo-wordpress\/ -->\n<title>Grundsteuerreform: Besonderheiten f\u00fcr gemeinn\u00fctzige Organisationen - Auren Deutschland<\/title>\n<meta name=\"description\" content=\"Alles zu den Besonderheiten bei der Grundsteuerbefreiung f\u00fcr gemeinn\u00fctzige Organisationen wie Vereine, Stiftungen und gGmbHs.\" \/>\n<meta name=\"robots\" content=\"index, follow, max-snippet:-1, max-image-preview:large, max-video-preview:-1\" \/>\n<link rel=\"canonical\" href=\"https:\/\/auren.com\/de\/blog\/grundsteuerreform-besonderheiten-fuer-gemeinnuetzige-organisationen\/\" \/>\n<meta property=\"og:locale\" content=\"de_DE\" \/>\n<meta property=\"og:type\" content=\"article\" \/>\n<meta property=\"og:title\" content=\"Grundsteuerreform: Besonderheiten f\u00fcr gemeinn\u00fctzige Organisationen - Auren Deutschland\" \/>\n<meta property=\"og:description\" content=\"Alles zu den Besonderheiten bei der Grundsteuerbefreiung f\u00fcr gemeinn\u00fctzige Organisationen wie Vereine, Stiftungen und gGmbHs.\" \/>\n<meta property=\"og:url\" content=\"https:\/\/auren.com\/de\/blog\/grundsteuerreform-besonderheiten-fuer-gemeinnuetzige-organisationen\/\" \/>\n<meta property=\"og:site_name\" content=\"Auren Germany\" \/>\n<meta property=\"article:publisher\" content=\"https:\/\/www.facebook.com\/aurendeutschland\" \/>\n<meta property=\"og:image\" content=\"https:\/\/auren.com\/de\/wp-content\/uploads\/2022\/07\/Grundsteuer-NPO.png\" \/>\n\t<meta property=\"og:image:width\" content=\"800\" \/>\n\t<meta property=\"og:image:height\" content=\"600\" \/>\n\t<meta property=\"og:image:type\" content=\"image\/png\" \/>\n<meta name=\"twitter:card\" content=\"summary_large_image\" \/>\n<meta name=\"twitter:label1\" content=\"Gesch\u00e4tzte Lesezeit\" \/>\n\t<meta name=\"twitter:data1\" content=\"3\u00a0Minuten\" \/>\n<script type=\"application\/ld+json\" class=\"yoast-schema-graph\">{\"@context\":\"https:\\\/\\\/schema.org\",\"@graph\":[{\"@type\":\"WebPage\",\"@id\":\"https:\\\/\\\/auren.com\\\/de\\\/blog\\\/grundsteuerreform-besonderheiten-fuer-gemeinnuetzige-organisationen\\\/\",\"url\":\"https:\\\/\\\/auren.com\\\/de\\\/blog\\\/grundsteuerreform-besonderheiten-fuer-gemeinnuetzige-organisationen\\\/\",\"name\":\"Grundsteuerreform: Besonderheiten f\u00fcr gemeinn\u00fctzige Organisationen - Auren Deutschland\",\"isPartOf\":{\"@id\":\"https:\\\/\\\/auren.com\\\/de\\\/#website\"},\"primaryImageOfPage\":{\"@id\":\"https:\\\/\\\/auren.com\\\/de\\\/blog\\\/grundsteuerreform-besonderheiten-fuer-gemeinnuetzige-organisationen\\\/#primaryimage\"},\"image\":{\"@id\":\"https:\\\/\\\/auren.com\\\/de\\\/blog\\\/grundsteuerreform-besonderheiten-fuer-gemeinnuetzige-organisationen\\\/#primaryimage\"},\"thumbnailUrl\":\"https:\\\/\\\/auren.com\\\/de\\\/wp-content\\\/uploads\\\/2022\\\/07\\\/Grundsteuer-NPO.png\",\"datePublished\":\"2022-07-06T09:54:18+00:00\",\"description\":\"Alles zu den Besonderheiten bei der Grundsteuerbefreiung f\u00fcr gemeinn\u00fctzige Organisationen wie Vereine, Stiftungen und gGmbHs.\",\"breadcrumb\":{\"@id\":\"https:\\\/\\\/auren.com\\\/de\\\/blog\\\/grundsteuerreform-besonderheiten-fuer-gemeinnuetzige-organisationen\\\/#breadcrumb\"},\"inLanguage\":\"de\",\"potentialAction\":[{\"@type\":\"ReadAction\",\"target\":[\"https:\\\/\\\/auren.com\\\/de\\\/blog\\\/grundsteuerreform-besonderheiten-fuer-gemeinnuetzige-organisationen\\\/\"]}]},{\"@type\":\"ImageObject\",\"inLanguage\":\"de\",\"@id\":\"https:\\\/\\\/auren.com\\\/de\\\/blog\\\/grundsteuerreform-besonderheiten-fuer-gemeinnuetzige-organisationen\\\/#primaryimage\",\"url\":\"https:\\\/\\\/auren.com\\\/de\\\/wp-content\\\/uploads\\\/2022\\\/07\\\/Grundsteuer-NPO.png\",\"contentUrl\":\"https:\\\/\\\/auren.com\\\/de\\\/wp-content\\\/uploads\\\/2022\\\/07\\\/Grundsteuer-NPO.png\",\"width\":800,\"height\":600},{\"@type\":\"BreadcrumbList\",\"@id\":\"https:\\\/\\\/auren.com\\\/de\\\/blog\\\/grundsteuerreform-besonderheiten-fuer-gemeinnuetzige-organisationen\\\/#breadcrumb\",\"itemListElement\":[{\"@type\":\"ListItem\",\"position\":1,\"name\":\"Home\",\"item\":\"https:\\\/\\\/auren.com\\\/de\\\/\"},{\"@type\":\"ListItem\",\"position\":2,\"name\":\"Grundsteuerreform: Besonderheiten f\u00fcr gemeinn\u00fctzige Organisationen\"}]},{\"@type\":\"WebSite\",\"@id\":\"https:\\\/\\\/auren.com\\\/de\\\/#website\",\"url\":\"https:\\\/\\\/auren.com\\\/de\\\/\",\"name\":\"Auren\",\"description\":\"\",\"publisher\":{\"@id\":\"https:\\\/\\\/auren.com\\\/de\\\/#organization\"},\"alternateName\":\"Auren\",\"potentialAction\":[{\"@type\":\"SearchAction\",\"target\":{\"@type\":\"EntryPoint\",\"urlTemplate\":\"https:\\\/\\\/auren.com\\\/de\\\/?s={search_term_string}\"},\"query-input\":{\"@type\":\"PropertyValueSpecification\",\"valueRequired\":true,\"valueName\":\"search_term_string\"}}],\"inLanguage\":\"de\"},{\"@type\":\"Organization\",\"@id\":\"https:\\\/\\\/auren.com\\\/de\\\/#organization\",\"name\":\"Auren Deutschland\",\"url\":\"https:\\\/\\\/auren.com\\\/de\\\/\",\"logo\":{\"@type\":\"ImageObject\",\"inLanguage\":\"de\",\"@id\":\"https:\\\/\\\/auren.com\\\/de\\\/#\\\/schema\\\/logo\\\/image\\\/\",\"url\":\"https:\\\/\\\/auren.com\\\/de\\\/wp-content\\\/uploads\\\/2025\\\/01\\\/cropped-cropped-favicon-Auren.png\",\"contentUrl\":\"https:\\\/\\\/auren.com\\\/de\\\/wp-content\\\/uploads\\\/2025\\\/01\\\/cropped-cropped-favicon-Auren.png\",\"width\":512,\"height\":512,\"caption\":\"Auren Deutschland\"},\"image\":{\"@id\":\"https:\\\/\\\/auren.com\\\/de\\\/#\\\/schema\\\/logo\\\/image\\\/\"},\"sameAs\":[\"https:\\\/\\\/www.facebook.com\\\/aurendeutschland\",\"https:\\\/\\\/de.linkedin.com\\\/organization-guest\\\/company\\\/auren-deutschland\",\"https:\\\/\\\/www.youtube.com\\\/@aurendeutschland\",\"https:\\\/\\\/www.instagram.com\\\/aurendeutschland\\\/\"]}]}<\/script>\n<!-- \/ Yoast SEO plugin. -->","yoast_head_json":{"title":"Grundsteuerreform: Besonderheiten f\u00fcr gemeinn\u00fctzige Organisationen - Auren Deutschland","description":"Alles zu den Besonderheiten bei der Grundsteuerbefreiung f\u00fcr gemeinn\u00fctzige Organisationen wie Vereine, Stiftungen und gGmbHs.","robots":{"index":"index","follow":"follow","max-snippet":"max-snippet:-1","max-image-preview":"max-image-preview:large","max-video-preview":"max-video-preview:-1"},"canonical":"https:\/\/auren.com\/de\/blog\/grundsteuerreform-besonderheiten-fuer-gemeinnuetzige-organisationen\/","og_locale":"de_DE","og_type":"article","og_title":"Grundsteuerreform: Besonderheiten f\u00fcr gemeinn\u00fctzige Organisationen - Auren Deutschland","og_description":"Alles zu den Besonderheiten bei der Grundsteuerbefreiung f\u00fcr gemeinn\u00fctzige Organisationen wie Vereine, Stiftungen und gGmbHs.","og_url":"https:\/\/auren.com\/de\/blog\/grundsteuerreform-besonderheiten-fuer-gemeinnuetzige-organisationen\/","og_site_name":"Auren Germany","article_publisher":"https:\/\/www.facebook.com\/aurendeutschland","og_image":[{"width":800,"height":600,"url":"https:\/\/auren.com\/de\/wp-content\/uploads\/2022\/07\/Grundsteuer-NPO.png","type":"image\/png"}],"twitter_card":"summary_large_image","twitter_misc":{"Gesch\u00e4tzte Lesezeit":"3\u00a0Minuten"},"schema":{"@context":"https:\/\/schema.org","@graph":[{"@type":"WebPage","@id":"https:\/\/auren.com\/de\/blog\/grundsteuerreform-besonderheiten-fuer-gemeinnuetzige-organisationen\/","url":"https:\/\/auren.com\/de\/blog\/grundsteuerreform-besonderheiten-fuer-gemeinnuetzige-organisationen\/","name":"Grundsteuerreform: Besonderheiten f\u00fcr gemeinn\u00fctzige Organisationen - Auren Deutschland","isPartOf":{"@id":"https:\/\/auren.com\/de\/#website"},"primaryImageOfPage":{"@id":"https:\/\/auren.com\/de\/blog\/grundsteuerreform-besonderheiten-fuer-gemeinnuetzige-organisationen\/#primaryimage"},"image":{"@id":"https:\/\/auren.com\/de\/blog\/grundsteuerreform-besonderheiten-fuer-gemeinnuetzige-organisationen\/#primaryimage"},"thumbnailUrl":"https:\/\/auren.com\/de\/wp-content\/uploads\/2022\/07\/Grundsteuer-NPO.png","datePublished":"2022-07-06T09:54:18+00:00","description":"Alles zu den Besonderheiten bei der Grundsteuerbefreiung f\u00fcr gemeinn\u00fctzige Organisationen wie Vereine, Stiftungen und gGmbHs.","breadcrumb":{"@id":"https:\/\/auren.com\/de\/blog\/grundsteuerreform-besonderheiten-fuer-gemeinnuetzige-organisationen\/#breadcrumb"},"inLanguage":"de","potentialAction":[{"@type":"ReadAction","target":["https:\/\/auren.com\/de\/blog\/grundsteuerreform-besonderheiten-fuer-gemeinnuetzige-organisationen\/"]}]},{"@type":"ImageObject","inLanguage":"de","@id":"https:\/\/auren.com\/de\/blog\/grundsteuerreform-besonderheiten-fuer-gemeinnuetzige-organisationen\/#primaryimage","url":"https:\/\/auren.com\/de\/wp-content\/uploads\/2022\/07\/Grundsteuer-NPO.png","contentUrl":"https:\/\/auren.com\/de\/wp-content\/uploads\/2022\/07\/Grundsteuer-NPO.png","width":800,"height":600},{"@type":"BreadcrumbList","@id":"https:\/\/auren.com\/de\/blog\/grundsteuerreform-besonderheiten-fuer-gemeinnuetzige-organisationen\/#breadcrumb","itemListElement":[{"@type":"ListItem","position":1,"name":"Home","item":"https:\/\/auren.com\/de\/"},{"@type":"ListItem","position":2,"name":"Grundsteuerreform: Besonderheiten f\u00fcr gemeinn\u00fctzige Organisationen"}]},{"@type":"WebSite","@id":"https:\/\/auren.com\/de\/#website","url":"https:\/\/auren.com\/de\/","name":"Auren","description":"","publisher":{"@id":"https:\/\/auren.com\/de\/#organization"},"alternateName":"Auren","potentialAction":[{"@type":"SearchAction","target":{"@type":"EntryPoint","urlTemplate":"https:\/\/auren.com\/de\/?s={search_term_string}"},"query-input":{"@type":"PropertyValueSpecification","valueRequired":true,"valueName":"search_term_string"}}],"inLanguage":"de"},{"@type":"Organization","@id":"https:\/\/auren.com\/de\/#organization","name":"Auren Deutschland","url":"https:\/\/auren.com\/de\/","logo":{"@type":"ImageObject","inLanguage":"de","@id":"https:\/\/auren.com\/de\/#\/schema\/logo\/image\/","url":"https:\/\/auren.com\/de\/wp-content\/uploads\/2025\/01\/cropped-cropped-favicon-Auren.png","contentUrl":"https:\/\/auren.com\/de\/wp-content\/uploads\/2025\/01\/cropped-cropped-favicon-Auren.png","width":512,"height":512,"caption":"Auren Deutschland"},"image":{"@id":"https:\/\/auren.com\/de\/#\/schema\/logo\/image\/"},"sameAs":["https:\/\/www.facebook.com\/aurendeutschland","https:\/\/de.linkedin.com\/organization-guest\/company\/auren-deutschland","https:\/\/www.youtube.com\/@aurendeutschland","https:\/\/www.instagram.com\/aurendeutschland\/"]}]}},"_links":{"self":[{"href":"https:\/\/auren.com\/de\/wp-json\/wp\/v2\/blog\/4232","targetHints":{"allow":["GET"]}}],"collection":[{"href":"https:\/\/auren.com\/de\/wp-json\/wp\/v2\/blog"}],"about":[{"href":"https:\/\/auren.com\/de\/wp-json\/wp\/v2\/types\/blog"}],"version-history":[{"count":0,"href":"https:\/\/auren.com\/de\/wp-json\/wp\/v2\/blog\/4232\/revisions"}],"wp:featuredmedia":[{"embeddable":true,"href":"https:\/\/auren.com\/de\/wp-json\/wp\/v2\/media\/4233"}],"wp:attachment":[{"href":"https:\/\/auren.com\/de\/wp-json\/wp\/v2\/media?parent=4232"}],"wp:term":[{"taxonomy":"blog-category","embeddable":true,"href":"https:\/\/auren.com\/de\/wp-json\/wp\/v2\/blog-category?post=4232"}],"curies":[{"name":"wp","href":"https:\/\/api.w.org\/{rel}","templated":true}]}}