{"id":4235,"date":"2022-06-21T12:00:00","date_gmt":"2022-06-21T10:00:00","guid":{"rendered":"https:\/\/auren.com\/de\/blog\/rueckforderung-von-sozialleistungen-vom-erben\/"},"modified":"2022-06-21T12:00:00","modified_gmt":"2022-06-21T10:00:00","slug":"rueckforderung-von-sozialleistungen-vom-erben","status":"publish","type":"blog","link":"https:\/\/auren.com\/de\/blog\/rueckforderung-von-sozialleistungen-vom-erben\/","title":{"rendered":"R\u00fcckforderung von Sozialleistungen vom Erben"},"content":{"rendered":"<p>Grunds\u00e4tzlich erbringen Sozialleistungstr\u00e4ger jedem Hilfsbed\u00fcrftigen Sozialleistungen. Allerdings k\u00f6nnen sie sich das Geld auch zur\u00fcckholen, wenn der Hilfsbed\u00fcrftige noch Anspr\u00fcche gegen Dritte hat. Die Sozialleistungstr\u00e4ger k\u00f6nnen diese Anspr\u00fcche auf sich \u00fcberleiten und dann selbst gegen die Dritten geltend machen. Zu solchen Anspr\u00fcchen gegen\u00fcber Dritten k\u00f6nnen auch erbrechtliche Anspr\u00fcche geh\u00f6ren. Wird also jemand, dem der Staat Sozialleistungen gew\u00e4hrt hat, Erbe, kann er diesen Anspruch auf sich \u00fcberleiten und ihn gegen\u00fcber den anderen Erben geltend machen.<\/p>\n<p>Zu dieser Problematik hatte das Oberlandesgericht Oldenburg \u00fcber folgenden Sachverhalt zu entscheiden: Eine Stadt hatte f\u00fcr einen Mann \u00fcber Jahre ca. 19.000 \u20ac Sozialleistungen erbracht. Als seine Mutter im Jahr 2015 verstarb, setzte diese den Sohn des Mannes, also ihren Enkel, als Alleinerben ein. Der Mann selbst wurde nicht Erbe und hatte somit nur einen Pflichtteilsanspruch. Er selbst verstarb im Jahr 2020. Die Stadt hatte den Pflichtteilsanspruch des Mannes gegen\u00fcber seiner verstorbenen Mutter in H\u00f6he der erbrachten Sozialleistungen auf sich \u00fcbergeleitet. Sie wandte sich nach dessen Tod dann an den Enkelsohn als Pflichtteilsschuldner und verlangte Zahlung. Mit Erfolg, wie die Richter entschieden.<\/p>\n<\/p>\n<p id=\"block-2069cd15-8682-4410-af2c-0c9daf674776\"><strong>Wenn Sie dieser Beitrag interessiert<\/strong>, lesen Sie auch<\/p>\n<p><a href=\"https:\/\/auren.com\/de\/?post_type=blog&amp;p=30434\"><strong><mark style=\"background-color:rgba(0, 0, 0, 0)\" class=\"has-inline-color has-vivid-cyan-blue-color\">Ausgleichsleistungsanspruch f\u00fcr Flugversp\u00e4tung gegen Nicht-EU-Luftfahrtunternehmen<\/mark><\/strong><\/a><br \/><a href=\"https:\/\/auren.com\/de\/blog\/arbeitsunfaehigkeit-an-tariflichen-freistellungstagen\/\"><strong><mark style=\"background-color:rgba(0, 0, 0, 0)\" class=\"has-inline-color has-vivid-cyan-blue-color\">Arbeitsunf\u00e4higkeit an tariflichen Freistellungstagen<\/mark><\/strong><\/a><br \/><a href=\"https:\/\/auren.com\/de\/?post_type=blog&amp;p=30412\"><strong><mark style=\"background-color:rgba(0, 0, 0, 0)\" class=\"has-inline-color has-vivid-cyan-blue-color\">\u00dcbertragung einer Immobilie mit Pflegevereinbarung<\/mark><\/strong><\/a><\/p>\n<p id=\"block-267a8d01-1809-4d36-87e1-2f02dff77c5c\">Sie ben\u00f6tigen Unterst\u00fctzung? Erfahren Sie mehr zu unseren&nbsp;<strong><a href=\"https:\/\/auren.com\/de\/leistungen\/rechtsberatung\/\" target=\"_blank\" rel=\"noreferrer noopener\"><mark style=\"background-color:rgba(0, 0, 0, 0)\" class=\"has-inline-color has-vivid-red-color\">Leistungen in der&nbsp;Rechtsberatung<\/mark><\/a><\/strong>.<\/p>\n<p>Bei Fragen sind unsere&nbsp;<strong><a href=\"https:\/\/auren.com\/de\/ueber-auren\/unsere-berater\/\" target=\"_blank\" rel=\"noreferrer noopener\"><mark style=\"background-color:rgba(0, 0, 0, 0)\" class=\"has-inline-color has-vivid-red-color\">Beraterinnen und Berater<\/mark><\/a><\/strong>&nbsp;gerne f\u00fcr Sie da.<\/p>\n<p><!-- AddThis Advanced Settings generic via filter on the_content --><!-- AddThis Share Buttons generic via filter on the_content --><\/p>\n","protected":false},"excerpt":{"rendered":"<p>Sozialleistungstr\u00e4ger k\u00f6nnen sich das Geld der Sozialleistungen zur\u00fcckholen, wenn der Hilfsbed\u00fcrftige noch Anspr\u00fcche gegen Dritte hat. <\/p>\n","protected":false},"featured_media":0,"template":"","meta":{"_acf_changed":false,"footnotes":""},"blog-category":[],"class_list":["post-4235","blog","type-blog","status-publish","hentry"],"acf":[],"yoast_head":"<!-- This site is optimized with the Yoast SEO plugin v27.4 - https:\/\/yoast.com\/product\/yoast-seo-wordpress\/ -->\n<title>R\u00fcckforderung von Sozialleistungen vom Erben - Auren Deutschland<\/title>\n<meta name=\"description\" content=\"Sozialleistungstr\u00e4ger k\u00f6nnen sich das Geld der Sozialleistungen zur\u00fcckholen, wenn der Hilfsbed\u00fcrftige noch Anspr\u00fcche gegen Dritte hat.\" \/>\n<meta name=\"robots\" content=\"index, follow, max-snippet:-1, max-image-preview:large, max-video-preview:-1\" \/>\n<link rel=\"canonical\" href=\"https:\/\/auren.com\/de\/blog\/rueckforderung-von-sozialleistungen-vom-erben\/\" \/>\n<meta property=\"og:locale\" content=\"de_DE\" \/>\n<meta property=\"og:type\" content=\"article\" \/>\n<meta property=\"og:title\" content=\"R\u00fcckforderung von Sozialleistungen vom Erben - Auren Deutschland\" \/>\n<meta property=\"og:description\" content=\"Sozialleistungstr\u00e4ger k\u00f6nnen sich das Geld der Sozialleistungen zur\u00fcckholen, wenn der Hilfsbed\u00fcrftige noch Anspr\u00fcche gegen Dritte hat.\" \/>\n<meta property=\"og:url\" content=\"https:\/\/auren.com\/de\/blog\/rueckforderung-von-sozialleistungen-vom-erben\/\" \/>\n<meta property=\"og:site_name\" content=\"Auren Germany\" \/>\n<meta property=\"article:publisher\" content=\"https:\/\/www.facebook.com\/aurendeutschland\" \/>\n<meta name=\"twitter:card\" content=\"summary_large_image\" \/>\n<meta name=\"twitter:label1\" content=\"Gesch\u00e4tzte Lesezeit\" \/>\n\t<meta name=\"twitter:data1\" content=\"1\u00a0Minute\" \/>\n<script type=\"application\/ld+json\" class=\"yoast-schema-graph\">{\"@context\":\"https:\\\/\\\/schema.org\",\"@graph\":[{\"@type\":\"WebPage\",\"@id\":\"https:\\\/\\\/auren.com\\\/de\\\/blog\\\/rueckforderung-von-sozialleistungen-vom-erben\\\/\",\"url\":\"https:\\\/\\\/auren.com\\\/de\\\/blog\\\/rueckforderung-von-sozialleistungen-vom-erben\\\/\",\"name\":\"R\u00fcckforderung von Sozialleistungen vom Erben - Auren Deutschland\",\"isPartOf\":{\"@id\":\"https:\\\/\\\/auren.com\\\/de\\\/#website\"},\"datePublished\":\"2022-06-21T10:00:00+00:00\",\"description\":\"Sozialleistungstr\u00e4ger k\u00f6nnen sich das Geld der Sozialleistungen zur\u00fcckholen, wenn der Hilfsbed\u00fcrftige noch Anspr\u00fcche gegen Dritte hat.\",\"breadcrumb\":{\"@id\":\"https:\\\/\\\/auren.com\\\/de\\\/blog\\\/rueckforderung-von-sozialleistungen-vom-erben\\\/#breadcrumb\"},\"inLanguage\":\"de\",\"potentialAction\":[{\"@type\":\"ReadAction\",\"target\":[\"https:\\\/\\\/auren.com\\\/de\\\/blog\\\/rueckforderung-von-sozialleistungen-vom-erben\\\/\"]}]},{\"@type\":\"BreadcrumbList\",\"@id\":\"https:\\\/\\\/auren.com\\\/de\\\/blog\\\/rueckforderung-von-sozialleistungen-vom-erben\\\/#breadcrumb\",\"itemListElement\":[{\"@type\":\"ListItem\",\"position\":1,\"name\":\"Home\",\"item\":\"https:\\\/\\\/auren.com\\\/de\\\/\"},{\"@type\":\"ListItem\",\"position\":2,\"name\":\"R\u00fcckforderung von Sozialleistungen vom Erben\"}]},{\"@type\":\"WebSite\",\"@id\":\"https:\\\/\\\/auren.com\\\/de\\\/#website\",\"url\":\"https:\\\/\\\/auren.com\\\/de\\\/\",\"name\":\"Auren\",\"description\":\"\",\"publisher\":{\"@id\":\"https:\\\/\\\/auren.com\\\/de\\\/#organization\"},\"alternateName\":\"Auren\",\"potentialAction\":[{\"@type\":\"SearchAction\",\"target\":{\"@type\":\"EntryPoint\",\"urlTemplate\":\"https:\\\/\\\/auren.com\\\/de\\\/?s={search_term_string}\"},\"query-input\":{\"@type\":\"PropertyValueSpecification\",\"valueRequired\":true,\"valueName\":\"search_term_string\"}}],\"inLanguage\":\"de\"},{\"@type\":\"Organization\",\"@id\":\"https:\\\/\\\/auren.com\\\/de\\\/#organization\",\"name\":\"Auren Deutschland\",\"url\":\"https:\\\/\\\/auren.com\\\/de\\\/\",\"logo\":{\"@type\":\"ImageObject\",\"inLanguage\":\"de\",\"@id\":\"https:\\\/\\\/auren.com\\\/de\\\/#\\\/schema\\\/logo\\\/image\\\/\",\"url\":\"https:\\\/\\\/auren.com\\\/de\\\/wp-content\\\/uploads\\\/2025\\\/01\\\/cropped-cropped-favicon-Auren.png\",\"contentUrl\":\"https:\\\/\\\/auren.com\\\/de\\\/wp-content\\\/uploads\\\/2025\\\/01\\\/cropped-cropped-favicon-Auren.png\",\"width\":512,\"height\":512,\"caption\":\"Auren Deutschland\"},\"image\":{\"@id\":\"https:\\\/\\\/auren.com\\\/de\\\/#\\\/schema\\\/logo\\\/image\\\/\"},\"sameAs\":[\"https:\\\/\\\/www.facebook.com\\\/aurendeutschland\",\"https:\\\/\\\/de.linkedin.com\\\/organization-guest\\\/company\\\/auren-deutschland\",\"https:\\\/\\\/www.youtube.com\\\/@aurendeutschland\",\"https:\\\/\\\/www.instagram.com\\\/aurendeutschland\\\/\"]}]}<\/script>\n<!-- \/ Yoast SEO plugin. -->","yoast_head_json":{"title":"R\u00fcckforderung von Sozialleistungen vom Erben - Auren Deutschland","description":"Sozialleistungstr\u00e4ger k\u00f6nnen sich das Geld der Sozialleistungen zur\u00fcckholen, wenn der Hilfsbed\u00fcrftige noch Anspr\u00fcche gegen Dritte hat.","robots":{"index":"index","follow":"follow","max-snippet":"max-snippet:-1","max-image-preview":"max-image-preview:large","max-video-preview":"max-video-preview:-1"},"canonical":"https:\/\/auren.com\/de\/blog\/rueckforderung-von-sozialleistungen-vom-erben\/","og_locale":"de_DE","og_type":"article","og_title":"R\u00fcckforderung von Sozialleistungen vom Erben - Auren Deutschland","og_description":"Sozialleistungstr\u00e4ger k\u00f6nnen sich das Geld der Sozialleistungen zur\u00fcckholen, wenn der Hilfsbed\u00fcrftige noch Anspr\u00fcche gegen Dritte hat.","og_url":"https:\/\/auren.com\/de\/blog\/rueckforderung-von-sozialleistungen-vom-erben\/","og_site_name":"Auren Germany","article_publisher":"https:\/\/www.facebook.com\/aurendeutschland","twitter_card":"summary_large_image","twitter_misc":{"Gesch\u00e4tzte Lesezeit":"1\u00a0Minute"},"schema":{"@context":"https:\/\/schema.org","@graph":[{"@type":"WebPage","@id":"https:\/\/auren.com\/de\/blog\/rueckforderung-von-sozialleistungen-vom-erben\/","url":"https:\/\/auren.com\/de\/blog\/rueckforderung-von-sozialleistungen-vom-erben\/","name":"R\u00fcckforderung von Sozialleistungen vom Erben - Auren Deutschland","isPartOf":{"@id":"https:\/\/auren.com\/de\/#website"},"datePublished":"2022-06-21T10:00:00+00:00","description":"Sozialleistungstr\u00e4ger k\u00f6nnen sich das Geld der Sozialleistungen zur\u00fcckholen, wenn der Hilfsbed\u00fcrftige noch Anspr\u00fcche gegen Dritte hat.","breadcrumb":{"@id":"https:\/\/auren.com\/de\/blog\/rueckforderung-von-sozialleistungen-vom-erben\/#breadcrumb"},"inLanguage":"de","potentialAction":[{"@type":"ReadAction","target":["https:\/\/auren.com\/de\/blog\/rueckforderung-von-sozialleistungen-vom-erben\/"]}]},{"@type":"BreadcrumbList","@id":"https:\/\/auren.com\/de\/blog\/rueckforderung-von-sozialleistungen-vom-erben\/#breadcrumb","itemListElement":[{"@type":"ListItem","position":1,"name":"Home","item":"https:\/\/auren.com\/de\/"},{"@type":"ListItem","position":2,"name":"R\u00fcckforderung von Sozialleistungen vom Erben"}]},{"@type":"WebSite","@id":"https:\/\/auren.com\/de\/#website","url":"https:\/\/auren.com\/de\/","name":"Auren","description":"","publisher":{"@id":"https:\/\/auren.com\/de\/#organization"},"alternateName":"Auren","potentialAction":[{"@type":"SearchAction","target":{"@type":"EntryPoint","urlTemplate":"https:\/\/auren.com\/de\/?s={search_term_string}"},"query-input":{"@type":"PropertyValueSpecification","valueRequired":true,"valueName":"search_term_string"}}],"inLanguage":"de"},{"@type":"Organization","@id":"https:\/\/auren.com\/de\/#organization","name":"Auren Deutschland","url":"https:\/\/auren.com\/de\/","logo":{"@type":"ImageObject","inLanguage":"de","@id":"https:\/\/auren.com\/de\/#\/schema\/logo\/image\/","url":"https:\/\/auren.com\/de\/wp-content\/uploads\/2025\/01\/cropped-cropped-favicon-Auren.png","contentUrl":"https:\/\/auren.com\/de\/wp-content\/uploads\/2025\/01\/cropped-cropped-favicon-Auren.png","width":512,"height":512,"caption":"Auren Deutschland"},"image":{"@id":"https:\/\/auren.com\/de\/#\/schema\/logo\/image\/"},"sameAs":["https:\/\/www.facebook.com\/aurendeutschland","https:\/\/de.linkedin.com\/organization-guest\/company\/auren-deutschland","https:\/\/www.youtube.com\/@aurendeutschland","https:\/\/www.instagram.com\/aurendeutschland\/"]}]}},"_links":{"self":[{"href":"https:\/\/auren.com\/de\/wp-json\/wp\/v2\/blog\/4235","targetHints":{"allow":["GET"]}}],"collection":[{"href":"https:\/\/auren.com\/de\/wp-json\/wp\/v2\/blog"}],"about":[{"href":"https:\/\/auren.com\/de\/wp-json\/wp\/v2\/types\/blog"}],"version-history":[{"count":0,"href":"https:\/\/auren.com\/de\/wp-json\/wp\/v2\/blog\/4235\/revisions"}],"wp:attachment":[{"href":"https:\/\/auren.com\/de\/wp-json\/wp\/v2\/media?parent=4235"}],"wp:term":[{"taxonomy":"blog-category","embeddable":true,"href":"https:\/\/auren.com\/de\/wp-json\/wp\/v2\/blog-category?post=4235"}],"curies":[{"name":"wp","href":"https:\/\/api.w.org\/{rel}","templated":true}]}}