{"id":4253,"date":"2021-03-17T08:20:00","date_gmt":"2021-03-17T07:20:00","guid":{"rendered":"https:\/\/auren.com\/de\/blog\/sonderregelung-bei-abschreibung-auf-warenwerte\/"},"modified":"2021-03-17T08:20:00","modified_gmt":"2021-03-17T07:20:00","slug":"sonderregelung-bei-abschreibung-auf-warenwerte","status":"publish","type":"blog","link":"https:\/\/auren.com\/de\/blog\/sonderregelung-bei-abschreibung-auf-warenwerte\/","title":{"rendered":"Sonderregelung bei Abschreibung auf Warenwerte"},"content":{"rendered":"<p><strong>Update 15. M\u00e4rz 2021 von Blog-Beitrag 11. Februar 2021<\/strong><\/p>\n<p>Einzelh\u00e4ndler, die aufgrund der Corona-bedingten Schlie\u00dfungen Wertverluste in ihrem Warenbestand erlitten haben, k\u00f6nnen Warenwertabschreibungen als f\u00f6rderf\u00e4hige Ma\u00dfnahmen bei einem Antrag auf \u00dcberbr\u00fcckungshilfe III geltend machen. Diese Voraussetzungen m\u00fcssen vorliegen.<\/p>\n<p><strong>Antragsberechtigte Unternehmen<\/strong><\/p>\n<ul>\n<li>Einzelh\u00e4ndler <\/li>\n<li>Kooperationen von Einzelh\u00e4ndlern <\/li>\n<li>Hersteller und Gro\u00dfh\u00e4ndler von verderblichen Waren f\u00fcr die Gastronomie und den Garten- und Gem\u00fcsebau (Zierpflanzenerzeuger)<\/li>\n<\/ul>\n<p>Eine Abschreibung derselben Ware bei verschiedenen Unternehmen ist nicht gestattet.<\/p>\n<p>Unternehmen, die im Vergleichsmonat in 2019 mindestens 70 % ihres Umsatzes mit station\u00e4rem Handel erzielten, gelten f\u00fcr Zwecke dieser Regelung als antragsberechtigt.<\/p>\n<p><strong>Betroffene Waren<\/strong> <\/p>\n<ul>\n<li>Wintersaisonwaren 2020\/2021, die vor dem 1. Januar 2021 eingekauft und bis 28. Februar 2021 ausgeliefert wurden (keine saison\u00fcbergreifend im Sortiment vorhandene Ware oder regelm\u00e4\u00dfig ein- und verkaufte Ware)<\/li>\n<li>Wertverluste aus verderblicher Ware &#8211; der (bevorstehende) Ablauf des Mindesthaltbarkeitsdatums ist ein Indikator f\u00fcr verderbliche Ware. Schnittblumen und (Topf-)Pflanzen im Garten- und Gem\u00fcsebau gelten auch als verderbliche Waren im Sinne dieser Regelung.<\/li>\n<\/ul>\n<p><strong>Berechnung der Warenwertabschreibung<\/strong><\/p>\n<p>Die Warenwertabschreibung berechnet sich aus der Differenz der kumulierten Einkaufspreise und der kumulierten Abgabepreise f\u00fcr die gesamte betrachtete Ware. Die gesamte betrachtete Ware bezieht sich hierbei auf f\u00f6rderf\u00e4hige Ware im Sinne dieser Sonderregelung (d. h. verderbliche Ware oder sonst einer dauerhaften Wertminderung unterliegende Ware). Sonstiger Aufwand, insbesondere Einkaufs- und Verkaufsaufwand, bleibt dabei unber\u00fccksichtigt.<\/p>\n<p>Eine Vernichtung von einer dauerhaften Wertminderung unterliegenden Ware ist zu vermeiden. Deshalb sind f\u00fcr die Ermittlung des f\u00f6rderf\u00e4higen Betrags die kumulierten Abgabepreise mit wenigstens 10 % der kumulierten Einkaufspreise anzusetzen. Wird unverk\u00e4ufliche Ware f\u00fcr wohlt\u00e4tige Zwecke gespendet, kann ein Abgabepreis von Null angesetzt werden.<\/p>\n<p>Von den so nach handelsrechtlichen Grunds\u00e4tzen berechneten Warenabschreibungen k\u00f6nnen im Rahmen eines Antrags auf \u00dcberbr\u00fcckungshilfe III 100 % als Fixkosten angesetzt werden. Zur Vereinfachung k\u00f6nnen bei Antragstellung f\u00fcr die Wertberichtigung pauschalierte Werte angesetzt werden.<\/p>\n<p>Dabei ist der H\u00e4ndler frei, den Wertverlust in einem Monat im F\u00f6rderzeitraum geltend zu machen oder auf mehrere Monate zu verteilen. Es ist nicht notwendig, dass die Erstattung in einem Monat geltend gemacht wird, an dem die Ware vollst\u00e4ndig geliefert wurde.<\/p>\n<p><strong>Nachweis- und Dokumentationspflichten<\/strong><\/p>\n<p>Dabei zu beachten sind jedoch umfassende Dokumentations- und Nachweispflichten.<\/p>\n<ul>\n<li>Der Verbleib und die Wertentwicklung jeder Ware ist aufzuzeichnen.<\/li>\n<li>Dazu geh\u00f6ren vor allem die jeweiligen Anschaffungskosten und der jeweilige Verkaufspreis (Abgabepreis).<\/li>\n<li>Insbesondere m\u00fcssen f\u00fcr die Schlussabrechnung der Corona-\u00dcberbr\u00fcckungshilfe Inventurbewertungen oder andere stichhaltige Belege f\u00fcr den Warenbestand und seine Ver\u00e4nderungen einschlie\u00dflich der Bewertung vorgelegt werden. Bei der Schlussrechnung ist eine Einzelbewertung der Best\u00e4nde vorzunehmen. Stichtag f\u00fcr diese Bewertung ist der 30. Juni 2021. <\/li>\n<li>Eine eidesstattliche Versicherung des Antragstellers und eine Best\u00e4tigung durch den pr\u00fcfenden Dritten zur Wahrhaftigkeit und Vollst\u00e4ndigkeit der Angaben ist abzugeben.<\/li>\n<\/ul>\n<p>\u00dcber die regul\u00e4ren Stichproben im Rahmen der \u00dcberbr\u00fcckungshilfe III hinaus sind bei allen Antr\u00e4gen mit Teilwertabschreibungen \u00fcber 1.000.000 EUR Kontrollen durch die Bewilligungsstellen der L\u00e4nder zwingend vorgeschrieben.<\/p>\n<p>Zur Berechnung der Warenwertabschreibungen empfiehlt es sich, Vorkehrungen zur treffen, um f\u00fcr jede Ware sowohl Anschaffungskosten als auch Verkaufspreis und Verbleib zu dokumentieren.<\/p>\n<p>Wir halten Sie mit erg\u00e4nzenden Hinweisen zur Berechnung der Warenwertabschreibung auf dem Laufenden.<\/p>\n<p><strong>Stand: 15. M\u00e4rz 2021 <\/strong><\/p>\n<p>Autor: <strong><span class=\"has-inline-color has-vivid-red-color\"><a href=\"https:\/\/auren.com\/de\/ueber-auren\/unsere-berater\/\" target=\"_blank\" rel=\"noreferrer noopener\">Marcus Kogel<\/a><\/span><\/strong>, Steuerberater, Auren Stuttgart <\/p>\n<p>Fragen hierzu beantworten Ihnen gerne&nbsp;unsere&nbsp;<strong><span class=\"has-inline-color has-vivid-red-color\"><a href=\"https:\/\/auren.com\/de\/ueber-auren\/unsere-berater\/\" target=\"_blank\" rel=\"noreferrer noopener\">Beraterinnen und Berater<\/a><\/span><\/strong><br \/>Cornelia Barnbrook, Auren Berlin;&nbsp;Michael B\u00f6ttinger, Auren Frankfurt;&nbsp;Alexander Hradecky, Auren M\u00fcnchen;&nbsp;Marion Trie\u00df,&nbsp;Marcus Kogel, Auren Stuttgart;&nbsp;Patrick R\u00fcde, Thomas Geiler, Auren Waldshut-Tiengen<\/p>\n<p><strong>Wenn Sie dieser Beitrag interessiert<\/strong>, lesen Sie auch<br \/><strong><span class=\"has-inline-color has-vivid-red-color\"><a href=\"https:\/\/auren.com\/de\/blog\/neustart-fuer-soloselbstaendige\/\" target=\"_blank\" rel=\"noreferrer noopener\">Neustart f\u00fcr Soloselbst\u00e4ndige<\/a><\/span><\/strong> <br \/><strong><span class=\"has-inline-color has-vivid-red-color\"><a href=\"https:\/\/auren.com\/de\/blog\/novemberhilfe-plus-und-dezemberhilfe-plus\/\" target=\"_blank\" rel=\"noreferrer noopener\">Novemberhilfe Plus und Dezemberhilfe Plus<\/a><\/span><\/strong> <br \/><span class=\"has-inline-color has-vivid-red-color\"><strong><a href=\"https:\/\/auren.com\/de\/blog\/so-sieht-novemberhilfe-fuer-corona-betroffene-aus\/\" target=\"_blank\" rel=\"noreferrer noopener\">So sieht Novemberhilfe f\u00fcr Corona-Betroffene aus<\/a><br \/><a href=\"https:\/\/auren.com\/de\/blog\/auch-in-2021-befreiung-von-der-umsatzsteuer-sondervorauszahlung\/\" target=\"_blank\" rel=\"noreferrer noopener\">Auch in 2021: Befreiung von der Umsatzsteuer-Sondervorauszahlung<\/a><br \/><a href=\"https:\/\/auren.com\/de\/blog\/hard-und-software-voll-abschreiben\/\" target=\"_blank\" rel=\"noreferrer noopener\">Hard- und Software voll abschreiben<\/a><\/strong><br \/><\/span><strong><span class=\"has-inline-color has-vivid-red-color\"><\/span><\/strong><a href=\"https:\/\/auren.com\/de\/blog\/brexit-verkuerzte-antragsfrist-fuer-vorsteuerverguetung\/\" target=\"_blank\" rel=\"noreferrer noopener\"><strong><span class=\"has-inline-color has-vivid-red-color\">Brexit: Verk\u00fcrzte Antragsfrist f\u00fcr Vorsteuerverg\u00fctung<\/span><\/strong> <\/a><\/p>\n<p>Foto: Adobe Stock, joda <\/p>\n<p><!-- AddThis Advanced Settings generic via filter on the_content --><!-- AddThis Share Buttons generic via filter on the_content --><\/p>\n","protected":false},"excerpt":{"rendered":"<p>Einzelh\u00e4ndler, die aufgrund der Corona-bedingten Schlie\u00dfungen Wertverluste in ihrem Warenbestand erlitten haben, k\u00f6nnen Warenwertabschreibungen als f\u00f6rderf\u00e4hige Ma\u00dfnahmen bei einem Antrag auf \u00dcberbr\u00fcckungshilfe III geltend machen. Diese Voraussetzungen m\u00fcssen vorliegen.<\/p>\n","protected":false},"featured_media":0,"template":"","meta":{"_acf_changed":false,"footnotes":""},"blog-category":[],"class_list":["post-4253","blog","type-blog","status-publish","hentry"],"acf":[],"yoast_head":"<!-- This site is optimized with the Yoast SEO plugin v27.4 - https:\/\/yoast.com\/product\/yoast-seo-wordpress\/ -->\n<title>Sonderregelung bei Abschreibung auf Warenwerte - Auren Deutschland<\/title>\n<meta name=\"description\" content=\"Corona-bedingte Warenwertabschreibungen k\u00f6nnen als f\u00f6rderf\u00e4hige Ma\u00dfnahmen bei einem Antrag auf \u00dcberbr\u00fcckungshilfe III gelten.\" \/>\n<meta name=\"robots\" content=\"index, follow, max-snippet:-1, max-image-preview:large, max-video-preview:-1\" \/>\n<link rel=\"canonical\" href=\"https:\/\/auren.com\/de\/blog\/sonderregelung-bei-abschreibung-auf-warenwerte\/\" \/>\n<meta property=\"og:locale\" content=\"de_DE\" \/>\n<meta property=\"og:type\" content=\"article\" \/>\n<meta property=\"og:title\" content=\"Sonderregelung bei Abschreibung auf Warenwerte - Auren Deutschland\" \/>\n<meta property=\"og:description\" content=\"Corona-bedingte Warenwertabschreibungen k\u00f6nnen als f\u00f6rderf\u00e4hige Ma\u00dfnahmen bei einem Antrag auf \u00dcberbr\u00fcckungshilfe III gelten.\" \/>\n<meta property=\"og:url\" content=\"https:\/\/auren.com\/de\/blog\/sonderregelung-bei-abschreibung-auf-warenwerte\/\" \/>\n<meta property=\"og:site_name\" content=\"Auren Germany\" \/>\n<meta property=\"article:publisher\" content=\"https:\/\/www.facebook.com\/aurendeutschland\" \/>\n<meta name=\"twitter:card\" content=\"summary_large_image\" \/>\n<meta name=\"twitter:label1\" content=\"Gesch\u00e4tzte Lesezeit\" \/>\n\t<meta name=\"twitter:data1\" content=\"3\u00a0Minuten\" \/>\n<script type=\"application\/ld+json\" class=\"yoast-schema-graph\">{\"@context\":\"https:\\\/\\\/schema.org\",\"@graph\":[{\"@type\":\"WebPage\",\"@id\":\"https:\\\/\\\/auren.com\\\/de\\\/blog\\\/sonderregelung-bei-abschreibung-auf-warenwerte\\\/\",\"url\":\"https:\\\/\\\/auren.com\\\/de\\\/blog\\\/sonderregelung-bei-abschreibung-auf-warenwerte\\\/\",\"name\":\"Sonderregelung bei Abschreibung auf Warenwerte - Auren Deutschland\",\"isPartOf\":{\"@id\":\"https:\\\/\\\/auren.com\\\/de\\\/#website\"},\"datePublished\":\"2021-03-17T07:20:00+00:00\",\"description\":\"Corona-bedingte Warenwertabschreibungen k\u00f6nnen als f\u00f6rderf\u00e4hige Ma\u00dfnahmen bei einem Antrag auf \u00dcberbr\u00fcckungshilfe III gelten.\",\"breadcrumb\":{\"@id\":\"https:\\\/\\\/auren.com\\\/de\\\/blog\\\/sonderregelung-bei-abschreibung-auf-warenwerte\\\/#breadcrumb\"},\"inLanguage\":\"de\",\"potentialAction\":[{\"@type\":\"ReadAction\",\"target\":[\"https:\\\/\\\/auren.com\\\/de\\\/blog\\\/sonderregelung-bei-abschreibung-auf-warenwerte\\\/\"]}]},{\"@type\":\"BreadcrumbList\",\"@id\":\"https:\\\/\\\/auren.com\\\/de\\\/blog\\\/sonderregelung-bei-abschreibung-auf-warenwerte\\\/#breadcrumb\",\"itemListElement\":[{\"@type\":\"ListItem\",\"position\":1,\"name\":\"Home\",\"item\":\"https:\\\/\\\/auren.com\\\/de\\\/\"},{\"@type\":\"ListItem\",\"position\":2,\"name\":\"Sonderregelung bei Abschreibung auf Warenwerte\"}]},{\"@type\":\"WebSite\",\"@id\":\"https:\\\/\\\/auren.com\\\/de\\\/#website\",\"url\":\"https:\\\/\\\/auren.com\\\/de\\\/\",\"name\":\"Auren\",\"description\":\"\",\"publisher\":{\"@id\":\"https:\\\/\\\/auren.com\\\/de\\\/#organization\"},\"alternateName\":\"Auren\",\"potentialAction\":[{\"@type\":\"SearchAction\",\"target\":{\"@type\":\"EntryPoint\",\"urlTemplate\":\"https:\\\/\\\/auren.com\\\/de\\\/?s={search_term_string}\"},\"query-input\":{\"@type\":\"PropertyValueSpecification\",\"valueRequired\":true,\"valueName\":\"search_term_string\"}}],\"inLanguage\":\"de\"},{\"@type\":\"Organization\",\"@id\":\"https:\\\/\\\/auren.com\\\/de\\\/#organization\",\"name\":\"Auren Deutschland\",\"url\":\"https:\\\/\\\/auren.com\\\/de\\\/\",\"logo\":{\"@type\":\"ImageObject\",\"inLanguage\":\"de\",\"@id\":\"https:\\\/\\\/auren.com\\\/de\\\/#\\\/schema\\\/logo\\\/image\\\/\",\"url\":\"https:\\\/\\\/auren.com\\\/de\\\/wp-content\\\/uploads\\\/2025\\\/01\\\/cropped-cropped-favicon-Auren.png\",\"contentUrl\":\"https:\\\/\\\/auren.com\\\/de\\\/wp-content\\\/uploads\\\/2025\\\/01\\\/cropped-cropped-favicon-Auren.png\",\"width\":512,\"height\":512,\"caption\":\"Auren Deutschland\"},\"image\":{\"@id\":\"https:\\\/\\\/auren.com\\\/de\\\/#\\\/schema\\\/logo\\\/image\\\/\"},\"sameAs\":[\"https:\\\/\\\/www.facebook.com\\\/aurendeutschland\",\"https:\\\/\\\/de.linkedin.com\\\/organization-guest\\\/company\\\/auren-deutschland\",\"https:\\\/\\\/www.youtube.com\\\/@aurendeutschland\",\"https:\\\/\\\/www.instagram.com\\\/aurendeutschland\\\/\"]}]}<\/script>\n<!-- \/ Yoast SEO plugin. -->","yoast_head_json":{"title":"Sonderregelung bei Abschreibung auf Warenwerte - Auren Deutschland","description":"Corona-bedingte Warenwertabschreibungen k\u00f6nnen als f\u00f6rderf\u00e4hige Ma\u00dfnahmen bei einem Antrag auf \u00dcberbr\u00fcckungshilfe III gelten.","robots":{"index":"index","follow":"follow","max-snippet":"max-snippet:-1","max-image-preview":"max-image-preview:large","max-video-preview":"max-video-preview:-1"},"canonical":"https:\/\/auren.com\/de\/blog\/sonderregelung-bei-abschreibung-auf-warenwerte\/","og_locale":"de_DE","og_type":"article","og_title":"Sonderregelung bei Abschreibung auf Warenwerte - Auren Deutschland","og_description":"Corona-bedingte Warenwertabschreibungen k\u00f6nnen als f\u00f6rderf\u00e4hige Ma\u00dfnahmen bei einem Antrag auf \u00dcberbr\u00fcckungshilfe III gelten.","og_url":"https:\/\/auren.com\/de\/blog\/sonderregelung-bei-abschreibung-auf-warenwerte\/","og_site_name":"Auren Germany","article_publisher":"https:\/\/www.facebook.com\/aurendeutschland","twitter_card":"summary_large_image","twitter_misc":{"Gesch\u00e4tzte Lesezeit":"3\u00a0Minuten"},"schema":{"@context":"https:\/\/schema.org","@graph":[{"@type":"WebPage","@id":"https:\/\/auren.com\/de\/blog\/sonderregelung-bei-abschreibung-auf-warenwerte\/","url":"https:\/\/auren.com\/de\/blog\/sonderregelung-bei-abschreibung-auf-warenwerte\/","name":"Sonderregelung bei Abschreibung auf Warenwerte - Auren Deutschland","isPartOf":{"@id":"https:\/\/auren.com\/de\/#website"},"datePublished":"2021-03-17T07:20:00+00:00","description":"Corona-bedingte Warenwertabschreibungen k\u00f6nnen als f\u00f6rderf\u00e4hige Ma\u00dfnahmen bei einem Antrag auf \u00dcberbr\u00fcckungshilfe III gelten.","breadcrumb":{"@id":"https:\/\/auren.com\/de\/blog\/sonderregelung-bei-abschreibung-auf-warenwerte\/#breadcrumb"},"inLanguage":"de","potentialAction":[{"@type":"ReadAction","target":["https:\/\/auren.com\/de\/blog\/sonderregelung-bei-abschreibung-auf-warenwerte\/"]}]},{"@type":"BreadcrumbList","@id":"https:\/\/auren.com\/de\/blog\/sonderregelung-bei-abschreibung-auf-warenwerte\/#breadcrumb","itemListElement":[{"@type":"ListItem","position":1,"name":"Home","item":"https:\/\/auren.com\/de\/"},{"@type":"ListItem","position":2,"name":"Sonderregelung bei Abschreibung auf Warenwerte"}]},{"@type":"WebSite","@id":"https:\/\/auren.com\/de\/#website","url":"https:\/\/auren.com\/de\/","name":"Auren","description":"","publisher":{"@id":"https:\/\/auren.com\/de\/#organization"},"alternateName":"Auren","potentialAction":[{"@type":"SearchAction","target":{"@type":"EntryPoint","urlTemplate":"https:\/\/auren.com\/de\/?s={search_term_string}"},"query-input":{"@type":"PropertyValueSpecification","valueRequired":true,"valueName":"search_term_string"}}],"inLanguage":"de"},{"@type":"Organization","@id":"https:\/\/auren.com\/de\/#organization","name":"Auren Deutschland","url":"https:\/\/auren.com\/de\/","logo":{"@type":"ImageObject","inLanguage":"de","@id":"https:\/\/auren.com\/de\/#\/schema\/logo\/image\/","url":"https:\/\/auren.com\/de\/wp-content\/uploads\/2025\/01\/cropped-cropped-favicon-Auren.png","contentUrl":"https:\/\/auren.com\/de\/wp-content\/uploads\/2025\/01\/cropped-cropped-favicon-Auren.png","width":512,"height":512,"caption":"Auren Deutschland"},"image":{"@id":"https:\/\/auren.com\/de\/#\/schema\/logo\/image\/"},"sameAs":["https:\/\/www.facebook.com\/aurendeutschland","https:\/\/de.linkedin.com\/organization-guest\/company\/auren-deutschland","https:\/\/www.youtube.com\/@aurendeutschland","https:\/\/www.instagram.com\/aurendeutschland\/"]}]}},"_links":{"self":[{"href":"https:\/\/auren.com\/de\/wp-json\/wp\/v2\/blog\/4253","targetHints":{"allow":["GET"]}}],"collection":[{"href":"https:\/\/auren.com\/de\/wp-json\/wp\/v2\/blog"}],"about":[{"href":"https:\/\/auren.com\/de\/wp-json\/wp\/v2\/types\/blog"}],"version-history":[{"count":0,"href":"https:\/\/auren.com\/de\/wp-json\/wp\/v2\/blog\/4253\/revisions"}],"wp:attachment":[{"href":"https:\/\/auren.com\/de\/wp-json\/wp\/v2\/media?parent=4253"}],"wp:term":[{"taxonomy":"blog-category","embeddable":true,"href":"https:\/\/auren.com\/de\/wp-json\/wp\/v2\/blog-category?post=4253"}],"curies":[{"name":"wp","href":"https:\/\/api.w.org\/{rel}","templated":true}]}}