{"id":8955,"date":"2024-12-23T10:27:00","date_gmt":"2024-12-23T09:27:00","guid":{"rendered":"https:\/\/auren.com\/de\/?post_type=blog&#038;p=8955"},"modified":"2025-03-28T11:07:34","modified_gmt":"2025-03-28T10:07:34","slug":"ertragssteuerfreie-vermoegensverwaltung-im-verein","status":"publish","type":"blog","link":"https:\/\/auren.com\/de\/blog\/ertragssteuerfreie-vermoegensverwaltung-im-verein\/","title":{"rendered":"Ertragssteuerfreie Verm\u00f6gensverwaltung im Verein"},"content":{"rendered":"\n<p>Die Verm\u00f6gensverwaltung stellt bei gemeinn\u00fctzigen K\u00f6rperschaften einen Sonderfall dar. Sie bleibt ertragsteuerfrei, geh\u00f6rt aber nicht zu den satzungsm\u00e4\u00dfigen steuerbeg\u00fcnstigten T\u00e4tigkeiten. Deswegen ist es wichtig, die Verm\u00f6gensverwaltung von nicht beg\u00fcnstigten wirtschaftlichen T\u00e4tigkeiten abzugrenzen. Das ist im Einzelfall aber schwierig.<\/p>\n\n\n\n<h2 class=\"wp-block-heading\">Wie Verm\u00f6gensverwaltung und Gemeinn\u00fctzigkeit zusammenh\u00e4ngen<\/h2>\n\n\n\n<p>Die Verm\u00f6gensverwaltung selbst ist kein gemeinn\u00fctziger Zweck. Sie darf deswegen nicht Satzungszweck sein. Nach Auffassung der Finanzverwaltung ist es aber unsch\u00e4dlich, wenn die Satzung eine Regelung enth\u00e4lt, die dem Verein die Verm\u00f6gensverwaltung erlaubt. Erforderlich w\u00e4re eine solche Regelung aber nur als vereinsinterne Erlaubnis, die eine entsprechende Beschlussfassung der Mitgliederversammlung verzichtbar macht.<\/p>\n\n\n\n<h3 class=\"wp-block-heading\">Verm\u00f6gensverwaltung darf nicht dominieren<\/h3>\n\n\n\n<p>Zu beachten ist aber, dass die Verm\u00f6gensverwaltung nicht zur Hauptt\u00e4tigkeit des Vereins werden darf. Dieser Fall k\u00f6nnte eintreten, wenn die Vermietungst\u00e4tigkeit einen gro\u00dfen Umfang einnimmt und die sonstigen T\u00e4tigkeiten des Vereins entsprechend nachrangig sind.<\/p>\n\n\n\n<h3 class=\"wp-block-heading\">Definition Verm\u00f6gensverwaltung<\/h3>\n\n\n\n<p>Die allgemeine steuerrechtliche Definition des Begriffs findet sich in \u00a7 14 AO. Demnach liegt eine Verm\u00f6gensverwaltung \u201ein der Regel vor, wenn Verm\u00f6gen genutzt, zum Beispiel Kapitalverm\u00f6gen verzinslich angelegt oder unbewegliches Verm\u00f6gen vermietet oder verpachtet wird.\u201c Diese Definition ist schon dem Wortlaut nach nur beispielhaft. Sie stellt aber klar, das typischerweise Kapitalertr\u00e4ge und die Vermietung und Verpachtung von Immobilien in die Verm\u00f6gensverwaltung fallen. Rechtsprechung und Finanzverwaltung beziehen sich aber bei der Begriffsdefinition vorwiegend auf eine Abgrenzung zu gewerblichen T\u00e4tigkeiten.<\/p>\n\n\n\n<h3 class=\"wp-block-heading\">Die Abgrenzung zu gewerblichen Eink\u00fcnften<\/h3>\n\n\n\n<p>Steuerrechtlich spezifiziert wird der Begriff im Einkommensteuerrecht bez\u00fcglich der Abgrenzung zum Gewerbebetrieb.<\/p>\n\n\n\n<p>\u00a7 2 Abs. 1 EStG nennt zwar sieben Einkunftsarten \u2013 und diese Unterscheidung gilt auch f\u00fcr die K\u00f6rperschaftsteuer, weil nach \u00a7 8 Abs. 1 S. 1 KStG die einkommensteuerrechtlichen Gewinnermittlungsvorschriften auch f\u00fcr K\u00f6rperschaften gelten.<br>Da Eink\u00fcnfte aus selbstst\u00e4ndiger und nicht-selbstst\u00e4ndiger Arbeit f\u00fcr K\u00f6rperschaften nicht in Frage kommen, bleiben f\u00fcr gemeinn\u00fctzige Einrichtungen nur f\u00fcnf Einkunftsarten \u00fcbrig:<\/p>\n\n\n\n<ul class=\"wp-block-list\">\n<li>Eink\u00fcnfte aus Land- und Forstwirtschaft,<\/li>\n\n\n\n<li>Eink\u00fcnfte aus Gewerbebetrieb,<\/li>\n\n\n\n<li>Eink\u00fcnfte aus Kapitalverm\u00f6gen,<\/li>\n\n\n\n<li>Eink\u00fcnfte aus Vermietung und Verpachtung und<\/li>\n\n\n\n<li>sonstige Eink\u00fcnfte i. S. v. \u00a7 22 EStG.<\/li>\n<\/ul>\n\n\n\n<p>Davon fallen grunds\u00e4tzlich nur Eink\u00fcnfte aus Kapitalverm\u00f6gen und Eink\u00fcnfte aus Vermietung und Verpachtung in die Verm\u00f6gensverwaltung.<\/p>\n\n\n\n<p><strong>Wichtig:<\/strong> Diese Ver\u00e4u\u00dferungsgesch\u00e4fte k\u00f6n\u00adnen aber den Umfang einer gewerblichen T\u00e4tigkeit annehmen. Deswegen f\u00e4llt z. B. der Handel mit Wertpapieren nicht mehr unter die Verm\u00f6\u00adgensverwaltung.<\/p>\n\n\n\n<p>Von den sonstigen Eink\u00fcnften des \u00a7 22 EStG sind f\u00fcr K\u00f6rperschaften nur die \u201eprivaten Ver\u00e4u\u00dferungsgesch\u00e4fte\u201c von Bedeutung, sprich die Ver\u00e4u\u00dferung von Verm\u00f6gensgegenst\u00e4nden au\u00dferhalb des wirtschaftlichen Gesch\u00e4ftsbe\u00adtriebs. Da Land- und Forstwirtschaft bei ge\u00admeinn\u00fctzigen Einrichtungen kaum eine Rolle spielen, steht im Zentrum immer die Abgren\u00adzung der verm\u00f6gensverwaltenden Sph\u00e4ren von den gewerblichen Eink\u00fcnften. In jedem Fall liegt ein wirtschaftlicher Gesch\u00e4ftsbetrieb vor, wenn ein Verein Eink\u00fcnfte aus Gewerbebetrieb bezieht (BFH, Urteil vom 27.03.2001, Az.&nbsp;<mark style=\"background-color:rgba(0, 0, 0, 0)\" class=\"has-inline-color has-vivid-cyan-blue-color\"> <a href=\"https:\/\/www.iww.de\/vb\/quellenmaterial\/id\/1398\">I<\/a><a href=\"https:\/\/www.iww.de\/vb\/quellenmaterial\/id\/1398\" target=\"_blank\" rel=\"noreferrer noopener\"> R 78\/99<\/a><\/mark>).<\/p>\n\n\n\n<h3 class=\"wp-block-heading\">Verm\u00f6gensverwaltung als Fruchtziehung<\/h3>\n\n\n\n<p>Die Abgrenzung der Einkunftsarten nach \u00a7 2 Abs. 1 EStG deckt sich aber nicht mit dem Begriff der Verm\u00f6gensverwaltung. Insbesondere die Vermietung und Verpachtung kann \u00fcber eine blo\u00dfe Verm\u00f6gensverwaltung hinausgehen, wenn sie f\u00fcr kurze Zeit und an wechselnde Mieter\/P\u00e4chter erfolgt. In diesen Sinn definiert die Finanzverwaltung Verm\u00f6gensverwaltung als \u201eNutzung von Verm\u00f6gen im Sinne einer Fruchtziehung aus zu erhaltenden Substanzwerten\u201c (R 15.7 Abs. 1 S. 2 EStR). <strong>Die blo\u00dfe Verwaltung eigenen Verm\u00f6gens ist demnach regelm\u00e4\u00dfig keine gewerbliche T\u00e4tigkeit.<\/strong><\/p>\n\n\n\n<h3 class=\"wp-block-heading\">Wann Verm\u00f6gensverwaltung zum Gewerbe wird<\/h3>\n\n\n\n<p>Deswegen ist die Grenze der privaten Verm\u00f6\u00adgensverwaltung zum Gewerbebetrieb regelm\u00e4\u00ad\u00dfig \u00fcberschritten, wenn die Erzielung von Er\u00adtr\u00e4gen durch Umschichtung in den Vordergrund tritt und demgegen\u00fcber Verm\u00f6gensertr\u00e4ge (z. B. durch Zinsen, Dividenden, Mieten oder Pach\u00adten) aus den Substanzwerten nachrangig wer\u00adden. Gegenstand der Verm\u00f6gensverwaltung ist dabei nur Anlageverm\u00f6gen, nicht Umlaufver\u00adm\u00f6gen (FG Hessen, Beschluss vom 17.08.2018, Az. <a href=\"https:\/\/www.iww.de\/vb\/quellenmaterial\/id\/204501\" target=\"_blank\" rel=\"noreferrer noopener\"><mark style=\"background-color:rgba(0, 0, 0, 0)\" class=\"has-inline-color has-vivid-cyan-blue-color\">4 V 1131\/17<\/mark><\/a>).<\/p>\n\n\n\n<p>Dagegen ist die gewerbliche T\u00e4tigkeit durch eine Beteiligung am allgemeinen wirtschaftlichen Verkehr, d. h. durch einen unternehmerischen Charakter gekennzeichnet. Deswegen kann auch die Vermietung und Verpachtung \u00fcber eine Verm\u00f6gensverwaltung hinausgehen, wenn die Teilnahme am wirtschaftlichen Verkehr dabei gegen\u00fcber dem blo\u00dfen \u201eVerm\u00f6gensausfluss\u201c in den Vordergrund tritt. Das gilt insbesondere f\u00fcr eine kurzfristige Vermietung und Verpachtung an wechselnde Mieter bzw. P\u00e4chter.<\/p>\n\n\n\n<p>Das gleiche gilt f\u00fcr Kapitalbeteiligungen und f\u00fcr den Fall der Betriebsaufspaltung. Hier kann die Mitunternehmerschaft pr\u00e4gend werden. Des\u00adwegen gilt eine beherrschende Beteiligung nicht mehr als Verm\u00f6gensverwaltung.<\/p>\n\n\n\n<h2 class=\"wp-block-heading\">Was geh\u00f6rt zum Verm\u00f6gen und zur Verm\u00f6gensverwaltung?<\/h2>\n\n\n\n<p>Zur Verm\u00f6gensverwaltung geh\u00f6rt alles, was re\u00adgelm\u00e4\u00dfig durch den Einsatz eigenen Verm\u00f6gens erfolgt (FG Hessen, Beschluss vom 17.08.2018, Az. <a href=\"https:\/\/www.iww.de\/vb\/quellenmaterial\/id\/204501\" target=\"_blank\" rel=\"noreferrer noopener\"><mark style=\"background-color:rgba(0, 0, 0, 0)\" class=\"has-inline-color has-vivid-cyan-blue-color\">4 V 1131\/17<\/mark><\/a>). Das kann in verschiedener Form vorliegen.<\/p>\n\n\n\n<h3 class=\"wp-block-heading\">Wann eine Verm\u00f6gensverwaltung vorliegt<\/h3>\n\n\n\n<p>Entsprechend bewerten Rechtsprechung bzw. Finanzverwaltung F\u00e4lle \u2013 mit entsprechenden Ausnahmen \u2013 als Verm\u00f6gensverwaltung:<\/p>\n\n\n\n<ul class=\"wp-block-list\">\n<li>Geldverm\u00f6gen<\/li>\n\n\n\n<li>Finanzanlagen (Wertpapiere)<\/li>\n\n\n\n<li>Immobilien, aber nur bei langfristiger Vermietung\/Verpachtung<\/li>\n\n\n\n<li>Beteiligungen an Kapitalgesellschaften, wenn weder eine beherrschende Stellung vorliegt noch eine Betriebsaufspaltung.<\/li>\n\n\n\n<li>Gewinne aus der Umschichtung (Verkauf) von Verm\u00f6gen, das nicht im steuerpflichtigen wirtschaftlichen Gesch\u00e4ftsbetrieb genutzt wird.<\/li>\n\n\n\n<li>Die passive \u00dcberlassung von Rechten (z. B. am Namen und Logo).<\/li>\n\n\n\n<li>Die Verpachtung ganzer Betriebe (z. B. Gast\u00adst\u00e4tten oder Werbegesch\u00e4ft).<\/li>\n\n\n\n<li>Sponsoring, wenn die wirtschaftliche Eigen\u00adaktivit\u00e4t nachrangig ist.<\/li>\n<\/ul>\n\n\n\n<h3 class=\"wp-block-heading\">Wann keine Verm\u00f6gensverwaltung vorliegt<\/h3>\n\n\n\n<p>Nicht zur Verm\u00f6gensverwaltung geh\u00f6ren:<\/p>\n\n\n\n<ul class=\"wp-block-list\">\n<li>die kurzfristige Vermietung und Verpachtung,<\/li>\n\n\n\n<li>die Vermietung von Mobiliar,<\/li>\n\n\n\n<li>die Beteiligung an Personengesellschaften und<\/li>\n\n\n\n<li>der gewerbliche Grundst\u00fccks- und Wertpa\u00adpierhandel.<\/li>\n<\/ul>\n\n\n\n<p><strong>Wichtig: <\/strong>Nur gelegentliche Verk\u00e4ufe gelten nicht als gewerblicher Handel. Hier gelten auch f\u00fcr gemeinn\u00fctzige K\u00f6rperschaften die Abgren\u00adzungskriterien von Rechtsprechung und Finanzverwaltung f\u00fcr andere Wirtschaftsteilnehmer.<\/p>\n\n\n\n<h2 class=\"wp-block-heading\">Spezialfall: Vermietung und Verpachtung von Immobilien<\/h2>\n\n\n\n<p>Eine Zuordnung der Einnahmen zur Verm\u00f6\u00adgensverwaltung ist nur bei der langfristigen Verpachtung von Immobilien (z. B. Wohn- und Gewerber\u00e4umen, Geb\u00e4uden, Grundst\u00fccken, Sportanlagen) m\u00f6glich. Dabei spielt die Gr\u00f6\u00dfe des Grundbesitzes keine Rolle. Beg\u00fcnstigt ist also auch die Vermietung und Verpachtung um\u00adfangreichen Grundbesitzes, bei dem die Verwal\u00adtung einen erheblichen Aufwand verursacht und der Verkehr mit vielen Mietern erhebliche Verwaltungsarbeit mit sich bringt.<\/p>\n\n\n\n<h3 class=\"wp-block-heading\">Wann Vermietung gewerblichen Charakter hat<\/h3>\n\n\n\n<p>Um der T\u00e4tigkeit gewerblichen Charakter zu ge\u00adben, m\u00fcssen besondere Umst\u00e4nde hinzutreten. Diese k\u00f6nnen darin bestehen, dass,<\/p>\n\n\n\n<ul class=\"wp-block-list\">\n<li>die Verwaltung des Grundbesitzes infolge des st\u00e4ndigen und schnellen Wechsels der Mieter eine T\u00e4tigkeit erfordert, die \u00fcber das bei langfristigen Vermietungen \u00fcbliche Ma\u00df hinausgeht,<\/li>\n\n\n\n<li>der Vermieter zugleich Leistungen erbringt, die eine blo\u00dfe Vermietungst\u00e4tigkeit \u00fcber\u00adschreiten (BFH, Urteil vom 25.10.1988, Az. VIII R 262\/80). Dabei k\u00f6nnte es sich z. B. um zu\u00ads\u00e4tzliche Personal\u00fcberlassung und umf\u00e4ng\u00adliche Serviceleistungen (z. B. Reinigung, lau\u00adfende Wartung) handeln.<\/li>\n<\/ul>\n\n\n\n<h3 class=\"wp-block-heading\">Das kennzeichnet langfristige Vermietungen<\/h3>\n\n\n\n<p>Als langfristig gilt die Vermietung,<\/p>\n\n\n\n<ul class=\"wp-block-list\">\n<li>wenn sie unbefristet erfolgt; auf die tats\u00e4ch\u00adliche Mietdauer kommt es dabei nicht an.<\/li>\n\n\n\n<li>im Fall einer Befristung, wenn der Vertrag auf mehr als sechs Monate ausgelegt ist.<\/li>\n<\/ul>\n\n\n\n<p>Die Vermietung mobiler Gegenst\u00e4nde (z. B. Fahr\u00adzeuge, B\u00fcroausstattung, technische Ger\u00e4te) stellt einen wirtschaftlichen Gesch\u00e4ftsbetrieb dar. Das gleiche gilt f\u00fcr die kurzfristige (stundenweise) Vermietung von Immobilien an wechseln\u00adde Mieter (z. B. Prober\u00e4ume, Fests\u00e4le).<\/p>\n\n\n\n<h3 class=\"wp-block-heading\">Was gilt bei nur stundenweiser Vermietung?<\/h3>\n\n\n\n<p>Nicht grunds\u00e4tzlich gekl\u00e4rt ist, ob eine langfris\u00adtige Vermietung, die jeweils nur f\u00fcr einige Stunden pro Woche erfolgt, als Verm\u00f6gensverwal\u00adtung gilt. Daf\u00fcr spricht, dass der Verwaltungsaufwand geringer ist als bei der kurzfristigen Vermietung an wechselnde Mieter. Entspre\u00adchend hat die Finanzverwaltung zumindest eine Verm\u00f6gensverwaltung im Fall der l\u00e4nger angelegten Vermietung eines Schwimmbades an ei\u00adnen Schultr\u00e4ger f\u00fcr das Schulschwimmen gesehen. Diese beg\u00fcnstigte \u201eVermietung auf l\u00e4n\u00adgere Dauer\u201c ist auch dann zu unterstellen, wenn die Schule das Schwimmbad zwar nur stunden\u00adweise \u2013 aber mehr als ein Schulhalbjahr (mehr als sechs Monate) \u2013 nutzt (OFD M\u00fcnster, 19.11.2004, ohne Az.).<\/p>\n\n\n\n<h3 class=\"wp-block-heading\">Was gilt bei Untervermietungen?<\/h3>\n\n\n\n<p>Ebenfalls nicht gekl\u00e4rt ist, ob eine Unterver\u00admietung als Verm\u00f6gensverwaltung gilt. Dage\u00adgen spricht, dass die Finanzverwaltung bei der Abgrenzung zum wirtschaftlichen Gesch\u00e4ftsbe\u00adtrieb auf die Verwaltung eigenen Verm\u00f6gens abstellt (R 15.7 Abs. 1 S. 1 EStR).<\/p>\n\n\n\n<p>Der BFH hat festgestellt, dass die Vermietung einzelner (unbeweglicher) Gegenst\u00e4nde in der Regel nicht \u00fcber den Rahmen privater Verm\u00f6\u00adgensverwaltung hinausgeht. Eine gewerbliche Vermietungst\u00e4tigkeit liegt demnach erst vor, wenn besondere Umst\u00e4nde hinzutreten, hinter der die eigentliche Gebrauchs\u00fcberlassung des Mietobjekts in den Hintergrund tritt (BFH, Urteil vom 14.07.2016, Az.&nbsp; <a href=\"https:\/\/www.iww.de\/vb\/quellenmaterial\/id\/189940\" target=\"_blank\" rel=\"noreferrer noopener\"><mark style=\"background-color:rgba(0, 0, 0, 0)\" class=\"has-inline-color has-vivid-cyan-blue-color\">IV R 34\/13<\/mark><\/a>). Unklar ist aber, ob diese Abgrenzung von Verm\u00f6gensverwaltung und gewerblicher Vermietung auch auf die Steuerbefreiung bei Gemeinn\u00fctzigkeit angewendet werden kann.<\/p>\n\n\n\n<p><strong>Praxistipp: <\/strong>Wegen dieser Unklarheit sollten gemeinn\u00fctzige Vereine dazu R\u00fccksprache mit dem Finanzamt halten \u2013 oder auf uns zukom\u00admen. Andernfalls k\u00f6nnte es n\u00e4mlich zu einer Nachversteuerung kommen, die teuer ausfallen kann.<\/p>\n\n\n\n<h3 class=\"wp-block-heading\">Erl\u00f6se aus dem Verkauf von Grundst\u00fccken<\/h3>\n\n\n\n<p>Erl\u00f6se aus dem Verkauf von Grundst\u00fccken wer\u00adden ebenfalls der Verm\u00f6gensverwaltung zugeordnet und bleiben damit steuerfrei. Das gilt aber nicht f\u00fcr Immobilien, die zu einem steuerpflichtigen wirtschaftlichen Gesch\u00e4ftsbetrieb geh\u00f6ren.<\/p>\n\n\n\n<p>Nach herrschender Auffassung gelten dabei die Regelungen zu privaten Ver\u00e4u\u00dferungsgesch\u00e4f\u00adten (nach \u00a7 23 EStG). Werden Immobilien inner\u00adhalb von zehn Jahren (sog. Spekulationsfrist) ver\u00e4u\u00dfert, sind auf den Ver\u00e4u\u00dferungsgewinn Steuern zu zahlen. Das gilt f\u00fcr (vermietete) H\u00e4u\u00adser, Wohnungen und Grundst\u00fccke, geschlosse\u00adne Immobilienfonds, Miteigentumsanteile an vermieteten Immobilien und Erbbaurechte.<\/p>\n\n\n\n<div style=\"height:38px\" aria-hidden=\"true\" class=\"wp-block-spacer\"><\/div>\n\n\n\n<div class=\"wp-block-buttons is-layout-flex wp-block-buttons-is-layout-flex\">\n<div class=\"wp-block-button\"><a class=\"wp-block-button__link has-vivid-red-background-color has-background wp-element-button\" href=\"\/?page_id=2155\">Kontaktieren Sie uns<\/a><\/div>\n<\/div>\n","protected":false},"excerpt":{"rendered":"<p>Die Verm\u00f6gensverwaltung stellt bei gemeinn\u00fctzigen K\u00f6rperschaften einen Sonderfall dar. Sie bleibt ertragsteuerfrei, geh\u00f6rt aber nicht zu den satzungsm\u00e4\u00dfigen steuerbeg\u00fcnstigten T\u00e4tigkeiten. Deswegen ist es wichtig, die Verm\u00f6gensverwaltung von nicht beg\u00fcnstigten wirtschaftlichen T\u00e4tigkeiten abzugrenzen. Das ist im Einzelfall aber schwierig. Wie Verm\u00f6gensverwaltung und Gemeinn\u00fctzigkeit zusammenh\u00e4ngen Die Verm\u00f6gensverwaltung selbst ist kein gemeinn\u00fctziger Zweck. Sie darf deswegen nicht Satzungszweck [&hellip;]<\/p>\n","protected":false},"featured_media":8956,"template":"","meta":{"_acf_changed":false,"footnotes":""},"blog-category":[223],"class_list":["post-8955","blog","type-blog","status-publish","has-post-thumbnail","hentry","blog-category-non-profit-organisationen"],"acf":[],"yoast_head":"<!-- This site is optimized with the Yoast SEO plugin v27.4 - https:\/\/yoast.com\/product\/yoast-seo-wordpress\/ -->\n<title>Ertragssteuerfreie Verm\u00f6gensverwaltung im Verein - Auren Germany<\/title>\n<meta name=\"robots\" content=\"index, follow, max-snippet:-1, max-image-preview:large, max-video-preview:-1\" \/>\n<link rel=\"canonical\" href=\"https:\/\/auren.com\/de\/blog\/ertragssteuerfreie-vermoegensverwaltung-im-verein\/\" \/>\n<meta property=\"og:locale\" content=\"de_DE\" \/>\n<meta property=\"og:type\" content=\"article\" \/>\n<meta property=\"og:title\" content=\"Ertragssteuerfreie Verm\u00f6gensverwaltung im Verein - Auren Germany\" \/>\n<meta property=\"og:description\" content=\"Die Verm\u00f6gensverwaltung stellt bei gemeinn\u00fctzigen K\u00f6rperschaften einen Sonderfall dar. Sie bleibt ertragsteuerfrei, geh\u00f6rt aber nicht zu den satzungsm\u00e4\u00dfigen steuerbeg\u00fcnstigten T\u00e4tigkeiten. Deswegen ist es wichtig, die Verm\u00f6gensverwaltung von nicht beg\u00fcnstigten wirtschaftlichen T\u00e4tigkeiten abzugrenzen. Das ist im Einzelfall aber schwierig. Wie Verm\u00f6gensverwaltung und Gemeinn\u00fctzigkeit zusammenh\u00e4ngen Die Verm\u00f6gensverwaltung selbst ist kein gemeinn\u00fctziger Zweck. Sie darf deswegen nicht Satzungszweck [&hellip;]\" \/>\n<meta property=\"og:url\" content=\"https:\/\/auren.com\/de\/blog\/ertragssteuerfreie-vermoegensverwaltung-im-verein\/\" \/>\n<meta property=\"og:site_name\" content=\"Auren Germany\" \/>\n<meta property=\"article:publisher\" content=\"https:\/\/www.facebook.com\/aurendeutschland\" \/>\n<meta property=\"article:modified_time\" content=\"2025-03-28T10:07:34+00:00\" \/>\n<meta property=\"og:image\" content=\"https:\/\/auren.com\/de\/wp-content\/uploads\/2025\/01\/Blog-Bilder-2024-64.jpg\" \/>\n\t<meta property=\"og:image:width\" content=\"1200\" \/>\n\t<meta property=\"og:image:height\" content=\"1000\" \/>\n\t<meta property=\"og:image:type\" content=\"image\/jpeg\" \/>\n<meta name=\"twitter:card\" content=\"summary_large_image\" \/>\n<meta name=\"twitter:label1\" content=\"Gesch\u00e4tzte Lesezeit\" \/>\n\t<meta name=\"twitter:data1\" content=\"8\u00a0Minuten\" \/>\n<script type=\"application\/ld+json\" class=\"yoast-schema-graph\">{\"@context\":\"https:\\\/\\\/schema.org\",\"@graph\":[{\"@type\":\"WebPage\",\"@id\":\"https:\\\/\\\/auren.com\\\/de\\\/blog\\\/ertragssteuerfreie-vermoegensverwaltung-im-verein\\\/\",\"url\":\"https:\\\/\\\/auren.com\\\/de\\\/blog\\\/ertragssteuerfreie-vermoegensverwaltung-im-verein\\\/\",\"name\":\"Ertragssteuerfreie Verm\u00f6gensverwaltung im Verein - Auren Germany\",\"isPartOf\":{\"@id\":\"https:\\\/\\\/auren.com\\\/de\\\/#website\"},\"primaryImageOfPage\":{\"@id\":\"https:\\\/\\\/auren.com\\\/de\\\/blog\\\/ertragssteuerfreie-vermoegensverwaltung-im-verein\\\/#primaryimage\"},\"image\":{\"@id\":\"https:\\\/\\\/auren.com\\\/de\\\/blog\\\/ertragssteuerfreie-vermoegensverwaltung-im-verein\\\/#primaryimage\"},\"thumbnailUrl\":\"https:\\\/\\\/auren.com\\\/de\\\/wp-content\\\/uploads\\\/2025\\\/01\\\/Blog-Bilder-2024-64.jpg\",\"datePublished\":\"2024-12-23T09:27:00+00:00\",\"dateModified\":\"2025-03-28T10:07:34+00:00\",\"breadcrumb\":{\"@id\":\"https:\\\/\\\/auren.com\\\/de\\\/blog\\\/ertragssteuerfreie-vermoegensverwaltung-im-verein\\\/#breadcrumb\"},\"inLanguage\":\"de\",\"potentialAction\":[{\"@type\":\"ReadAction\",\"target\":[\"https:\\\/\\\/auren.com\\\/de\\\/blog\\\/ertragssteuerfreie-vermoegensverwaltung-im-verein\\\/\"]}]},{\"@type\":\"ImageObject\",\"inLanguage\":\"de\",\"@id\":\"https:\\\/\\\/auren.com\\\/de\\\/blog\\\/ertragssteuerfreie-vermoegensverwaltung-im-verein\\\/#primaryimage\",\"url\":\"https:\\\/\\\/auren.com\\\/de\\\/wp-content\\\/uploads\\\/2025\\\/01\\\/Blog-Bilder-2024-64.jpg\",\"contentUrl\":\"https:\\\/\\\/auren.com\\\/de\\\/wp-content\\\/uploads\\\/2025\\\/01\\\/Blog-Bilder-2024-64.jpg\",\"width\":1200,\"height\":1000},{\"@type\":\"BreadcrumbList\",\"@id\":\"https:\\\/\\\/auren.com\\\/de\\\/blog\\\/ertragssteuerfreie-vermoegensverwaltung-im-verein\\\/#breadcrumb\",\"itemListElement\":[{\"@type\":\"ListItem\",\"position\":1,\"name\":\"Home\",\"item\":\"https:\\\/\\\/auren.com\\\/de\\\/\"},{\"@type\":\"ListItem\",\"position\":2,\"name\":\"Ertragssteuerfreie Verm\u00f6gensverwaltung im Verein\"}]},{\"@type\":\"WebSite\",\"@id\":\"https:\\\/\\\/auren.com\\\/de\\\/#website\",\"url\":\"https:\\\/\\\/auren.com\\\/de\\\/\",\"name\":\"Auren\",\"description\":\"\",\"publisher\":{\"@id\":\"https:\\\/\\\/auren.com\\\/de\\\/#organization\"},\"alternateName\":\"Auren\",\"potentialAction\":[{\"@type\":\"SearchAction\",\"target\":{\"@type\":\"EntryPoint\",\"urlTemplate\":\"https:\\\/\\\/auren.com\\\/de\\\/?s={search_term_string}\"},\"query-input\":{\"@type\":\"PropertyValueSpecification\",\"valueRequired\":true,\"valueName\":\"search_term_string\"}}],\"inLanguage\":\"de\"},{\"@type\":\"Organization\",\"@id\":\"https:\\\/\\\/auren.com\\\/de\\\/#organization\",\"name\":\"Auren Deutschland\",\"url\":\"https:\\\/\\\/auren.com\\\/de\\\/\",\"logo\":{\"@type\":\"ImageObject\",\"inLanguage\":\"de\",\"@id\":\"https:\\\/\\\/auren.com\\\/de\\\/#\\\/schema\\\/logo\\\/image\\\/\",\"url\":\"https:\\\/\\\/auren.com\\\/de\\\/wp-content\\\/uploads\\\/2025\\\/01\\\/cropped-cropped-favicon-Auren.png\",\"contentUrl\":\"https:\\\/\\\/auren.com\\\/de\\\/wp-content\\\/uploads\\\/2025\\\/01\\\/cropped-cropped-favicon-Auren.png\",\"width\":512,\"height\":512,\"caption\":\"Auren Deutschland\"},\"image\":{\"@id\":\"https:\\\/\\\/auren.com\\\/de\\\/#\\\/schema\\\/logo\\\/image\\\/\"},\"sameAs\":[\"https:\\\/\\\/www.facebook.com\\\/aurendeutschland\",\"https:\\\/\\\/de.linkedin.com\\\/organization-guest\\\/company\\\/auren-deutschland\",\"https:\\\/\\\/www.youtube.com\\\/@aurendeutschland\",\"https:\\\/\\\/www.instagram.com\\\/aurendeutschland\\\/\"]}]}<\/script>\n<!-- \/ Yoast SEO plugin. -->","yoast_head_json":{"title":"Ertragssteuerfreie Verm\u00f6gensverwaltung im Verein - Auren Germany","robots":{"index":"index","follow":"follow","max-snippet":"max-snippet:-1","max-image-preview":"max-image-preview:large","max-video-preview":"max-video-preview:-1"},"canonical":"https:\/\/auren.com\/de\/blog\/ertragssteuerfreie-vermoegensverwaltung-im-verein\/","og_locale":"de_DE","og_type":"article","og_title":"Ertragssteuerfreie Verm\u00f6gensverwaltung im Verein - Auren Germany","og_description":"Die Verm\u00f6gensverwaltung stellt bei gemeinn\u00fctzigen K\u00f6rperschaften einen Sonderfall dar. Sie bleibt ertragsteuerfrei, geh\u00f6rt aber nicht zu den satzungsm\u00e4\u00dfigen steuerbeg\u00fcnstigten T\u00e4tigkeiten. Deswegen ist es wichtig, die Verm\u00f6gensverwaltung von nicht beg\u00fcnstigten wirtschaftlichen T\u00e4tigkeiten abzugrenzen. Das ist im Einzelfall aber schwierig. Wie Verm\u00f6gensverwaltung und Gemeinn\u00fctzigkeit zusammenh\u00e4ngen Die Verm\u00f6gensverwaltung selbst ist kein gemeinn\u00fctziger Zweck. Sie darf deswegen nicht Satzungszweck [&hellip;]","og_url":"https:\/\/auren.com\/de\/blog\/ertragssteuerfreie-vermoegensverwaltung-im-verein\/","og_site_name":"Auren Germany","article_publisher":"https:\/\/www.facebook.com\/aurendeutschland","article_modified_time":"2025-03-28T10:07:34+00:00","og_image":[{"width":1200,"height":1000,"url":"https:\/\/auren.com\/de\/wp-content\/uploads\/2025\/01\/Blog-Bilder-2024-64.jpg","type":"image\/jpeg"}],"twitter_card":"summary_large_image","twitter_misc":{"Gesch\u00e4tzte Lesezeit":"8\u00a0Minuten"},"schema":{"@context":"https:\/\/schema.org","@graph":[{"@type":"WebPage","@id":"https:\/\/auren.com\/de\/blog\/ertragssteuerfreie-vermoegensverwaltung-im-verein\/","url":"https:\/\/auren.com\/de\/blog\/ertragssteuerfreie-vermoegensverwaltung-im-verein\/","name":"Ertragssteuerfreie Verm\u00f6gensverwaltung im Verein - Auren Germany","isPartOf":{"@id":"https:\/\/auren.com\/de\/#website"},"primaryImageOfPage":{"@id":"https:\/\/auren.com\/de\/blog\/ertragssteuerfreie-vermoegensverwaltung-im-verein\/#primaryimage"},"image":{"@id":"https:\/\/auren.com\/de\/blog\/ertragssteuerfreie-vermoegensverwaltung-im-verein\/#primaryimage"},"thumbnailUrl":"https:\/\/auren.com\/de\/wp-content\/uploads\/2025\/01\/Blog-Bilder-2024-64.jpg","datePublished":"2024-12-23T09:27:00+00:00","dateModified":"2025-03-28T10:07:34+00:00","breadcrumb":{"@id":"https:\/\/auren.com\/de\/blog\/ertragssteuerfreie-vermoegensverwaltung-im-verein\/#breadcrumb"},"inLanguage":"de","potentialAction":[{"@type":"ReadAction","target":["https:\/\/auren.com\/de\/blog\/ertragssteuerfreie-vermoegensverwaltung-im-verein\/"]}]},{"@type":"ImageObject","inLanguage":"de","@id":"https:\/\/auren.com\/de\/blog\/ertragssteuerfreie-vermoegensverwaltung-im-verein\/#primaryimage","url":"https:\/\/auren.com\/de\/wp-content\/uploads\/2025\/01\/Blog-Bilder-2024-64.jpg","contentUrl":"https:\/\/auren.com\/de\/wp-content\/uploads\/2025\/01\/Blog-Bilder-2024-64.jpg","width":1200,"height":1000},{"@type":"BreadcrumbList","@id":"https:\/\/auren.com\/de\/blog\/ertragssteuerfreie-vermoegensverwaltung-im-verein\/#breadcrumb","itemListElement":[{"@type":"ListItem","position":1,"name":"Home","item":"https:\/\/auren.com\/de\/"},{"@type":"ListItem","position":2,"name":"Ertragssteuerfreie Verm\u00f6gensverwaltung im Verein"}]},{"@type":"WebSite","@id":"https:\/\/auren.com\/de\/#website","url":"https:\/\/auren.com\/de\/","name":"Auren","description":"","publisher":{"@id":"https:\/\/auren.com\/de\/#organization"},"alternateName":"Auren","potentialAction":[{"@type":"SearchAction","target":{"@type":"EntryPoint","urlTemplate":"https:\/\/auren.com\/de\/?s={search_term_string}"},"query-input":{"@type":"PropertyValueSpecification","valueRequired":true,"valueName":"search_term_string"}}],"inLanguage":"de"},{"@type":"Organization","@id":"https:\/\/auren.com\/de\/#organization","name":"Auren Deutschland","url":"https:\/\/auren.com\/de\/","logo":{"@type":"ImageObject","inLanguage":"de","@id":"https:\/\/auren.com\/de\/#\/schema\/logo\/image\/","url":"https:\/\/auren.com\/de\/wp-content\/uploads\/2025\/01\/cropped-cropped-favicon-Auren.png","contentUrl":"https:\/\/auren.com\/de\/wp-content\/uploads\/2025\/01\/cropped-cropped-favicon-Auren.png","width":512,"height":512,"caption":"Auren Deutschland"},"image":{"@id":"https:\/\/auren.com\/de\/#\/schema\/logo\/image\/"},"sameAs":["https:\/\/www.facebook.com\/aurendeutschland","https:\/\/de.linkedin.com\/organization-guest\/company\/auren-deutschland","https:\/\/www.youtube.com\/@aurendeutschland","https:\/\/www.instagram.com\/aurendeutschland\/"]}]}},"_links":{"self":[{"href":"https:\/\/auren.com\/de\/wp-json\/wp\/v2\/blog\/8955","targetHints":{"allow":["GET"]}}],"collection":[{"href":"https:\/\/auren.com\/de\/wp-json\/wp\/v2\/blog"}],"about":[{"href":"https:\/\/auren.com\/de\/wp-json\/wp\/v2\/types\/blog"}],"version-history":[{"count":4,"href":"https:\/\/auren.com\/de\/wp-json\/wp\/v2\/blog\/8955\/revisions"}],"predecessor-version":[{"id":122414,"href":"https:\/\/auren.com\/de\/wp-json\/wp\/v2\/blog\/8955\/revisions\/122414"}],"wp:featuredmedia":[{"embeddable":true,"href":"https:\/\/auren.com\/de\/wp-json\/wp\/v2\/media\/8956"}],"wp:attachment":[{"href":"https:\/\/auren.com\/de\/wp-json\/wp\/v2\/media?parent=8955"}],"wp:term":[{"taxonomy":"blog-category","embeddable":true,"href":"https:\/\/auren.com\/de\/wp-json\/wp\/v2\/blog-category?post=8955"}],"curies":[{"name":"wp","href":"https:\/\/api.w.org\/{rel}","templated":true}]}}