{"id":8963,"date":"2024-12-24T11:19:00","date_gmt":"2024-12-24T10:19:00","guid":{"rendered":"https:\/\/auren.com\/de\/?post_type=blog&#038;p=8963"},"modified":"2025-03-19T08:30:44","modified_gmt":"2025-03-19T07:30:44","slug":"datenschutz-und-privatnutzung-dienstlicher-it","status":"publish","type":"blog","link":"https:\/\/auren.com\/de\/blog\/datenschutz-und-privatnutzung-dienstlicher-it\/","title":{"rendered":"Datenschutz und Privatnutzung dienstlicher IT"},"content":{"rendered":"\n<p>Das Landesarbeitsgericht (LAG) Baden-W\u00fcrttemberg hatte k\u00fcrzlich im Rahmen einer arbeitsrechtlichen Streitigkeit, u. a. \u00fcber die Beendigung des Arbeitsverh\u00e4ltnisses, zu entscheiden und umfassend zu den rechtlichen Risiken der Privatnutzung von betrieblichen Kommunikationsmitteln und deren datenschutzrechtlichen Implikationen Stellung genommen.<\/p>\n\n\n\n<h2 class=\"wp-block-heading\">Hintergrund der Entscheidung<\/h2>\n\n\n\n<p>Nach einer fristgerechten Eigenk\u00fcndigung k\u00fcndigte der Arbeitgeber seinen Arbeitnehmer fristlos wegen Versto\u00dfes gegen seine arbeitsvertraglichen Pflichten. Der Arbeitgeber st\u00fctzte die K\u00fcndigung auf Daten, die er aus der Auswertung von durch anlasslose Einsichtnahmen ohne Wissen des Arbeitnehmers in E-Mail- und Messenger-Nachrichten des diesem zur Verf\u00fcgung gestellten, auch privat genutzten Smartphones erhalten hatte. Regelungen \u00fcber die private Nutzung betrieblicher E-Mail-Konten gab es im Unternehmen des Arbeitgebers nicht.<\/p>\n\n\n\n<p>Der Arbeitgeber warf dem Arbeitnehmer unter anderem vor, private Kommunikation mit betrieblichen Kommunikationsmitteln gef\u00fchrt zu haben. Eine Vielzahl solch privater Nachrichten, darunter solche an Verwandte und Freunde des Arbeitnehmers, trug der Arbeitgeber zur Begr\u00fcndung der K\u00fcndigung vor.<br>Der Arbeitnehmer bestritt die Vorw\u00fcrfe und erhob K\u00fcndigungsschutzklage vor dem Arbeitsgericht, da es kein ausdr\u00fcckliches Verbot der Privatnutzung durch den Arbeitgeber gab. Der Arbeitnehmer argumentierte, dass die \u201eMischnutzung\u201c anderer Kommunikationsmittel (wie Smartphone) f\u00fcr private Zwecke erlaubt worden war und er daher annahm, dass dies auch f\u00fcr die gesamte IT gilt. Zudem macht der Arbeitnehmer einen Schadenersatzanspruch wegen Datenschutzversto\u00dfes durch unzul\u00e4ssige Auswertung privater Daten geltend.<\/p>\n\n\n\n<h2 class=\"wp-block-heading\">Entscheidung<\/h2>\n\n\n\n<p>Die LAG-Richter entschieden zugunsten des Arbeitnehmers und best\u00e4tigten die bereits erstinstanzlich bejahte Unwirksamkeit der K\u00fcndigung. Ein Grund zur fristlosen K\u00fcndigung war aufgrund umfassenden Beweisverwertungsverbots nicht gegeben.<\/p>\n\n\n\n<p>Der Arbeitgeber hatte nicht die ihm obliegende Darlegungs- und Beweislast erf\u00fcllt, um die Vorw\u00fcrfe der Pflichtverletzung des Arbeitnehmers und letztlich die K\u00fcndigung zu belegen. Die vom Arbeitgeber zur Begr\u00fcndung der K\u00fcndigung vorgelegten E-Mails und Messenger-Nachrichten sind prozessual nicht verwertbar. Das Verwertungsverbot ergibt sich aus der Unzul\u00e4ssigkeit der Datenverarbeitung. Die Bestimmungen des Bundesdatenschutzgesetztes (BDSG) \u00fcber die Anforderungen an eine zul\u00e4ssige Datenverarbeitung konkretisieren und aktualisieren das Recht auf informationelle Selbstbestimmung betroffener Arbeitnehmer. Ist die fragliche Ma\u00dfnahme nach den Bestimmungen des BDSG rechtswidrig, folgt hieraus regelm\u00e4\u00dfig ein Verwertungsverbot der unzul\u00e4ssig beschafften pers\u00f6nlichen Daten und Erkenntnisse.<\/p>\n\n\n\n<h3 class=\"wp-block-heading\">Privatnutzung der IT erlaubt?<\/h3>\n\n\n\n<p>Dabei spielt die Frage der Zul\u00e4ssigkeit der privaten IT-Nutzung eine wichtige Rolle. Was gilt, wenn eine klare Regelung hinsichtlich der Privatnutzung eines dienstlichen E-Mail-Accounts fehlt, ist umstritten, <strong>wobei im juristischen Schrifttum \u00fcberwiegend von einem Verbot der Privatnutzung bei Fehlen einer ausdr\u00fccklichen Erlaubnis ausgegangen wird<\/strong>. Nach Ansicht des diesen Fall entscheidenden LAG spricht jedoch gegen die Annahme eines pauschalen Verbots bei Nichtregelung der Privatnutzung durch den Arbeitgeber, dass die Privatnutzung eines dienstlichen E-Mail-Accounts im Arbeitsleben heutzutage kein Ausnahmefall mehr, sondern durchaus \u00fcblich ist. Parallelen zur sonstigen Unternehmenspost k\u00f6nnen da nur bedingt gezogen werden. Gerade in Bereichen wie dem Vertrieb, in dem es auf den Aufbau von pers\u00f6nlichen Kontakten zu Gesch\u00e4ftspartnern ankommt, werden neben gesch\u00e4ftlichen Informationen oftmals auch pers\u00f6nliche Informationen in E-Mails integriert, die im vordigitalen Zeitalter per Gesch\u00e4ftsbrief nicht gleicherma\u00dfen mit Gesch\u00e4ftspartnern schriftlich ausgetauscht worden w\u00e4ren. Gleiches gilt bei E-Mail-Verkehr zwischen Kollegen, in dem neben dienstlichen Inhalten regelm\u00e4\u00dfig auch private Dinge ausgetauscht werden, die zu Zeiten \u201etraditioneller\u201c Kommunikation \u00fcberhaupt nicht schriftlich kommuniziert worden w\u00e4ren. Es spricht demnach einiges daf\u00fcr, dass ein Arbeitgeber, der mit der Privatnutzung des dienstlichen E-Mail-Account nicht einverstanden ist, dieses \u00fcbliche Nutzungsverhalten auch ausdr\u00fccklich verbieten muss.<\/p>\n\n\n\n<p>Wird einem Arbeitnehmer ein mobiles Endger\u00e4t dienstlich als umfassendes Kommunikations- und Organisationsger\u00e4t \u00fcberlassen und erfolgt im Hinblick auf bestimmte Kommunikationsformen (WhatsApp; SMS; Telefon) <strong>explizit eine einvernehmliche Mischnutzung, darf der Arbeitnehmer berechtigterweise annehmen, dass sich diese Erlaubnis auch auf andere Kommunikationsformen wie E-Mail bezieht<\/strong> und auch die gesamte \u00fcbrige dienstliche IT f\u00fcr private Zwecke genutzt werden darf.<\/p>\n\n\n\n<h3 class=\"wp-block-heading\">Beweisverwertungsverbot bei unrechtm\u00e4\u00dfiger Auswertung von E-Mails im Unternehmen<\/h3>\n\n\n\n<p>Das LAG hat sodann festgestellt, dass bei erlaubter Privatnutzung ein umfassendes Verarbeitungsverbot f\u00fcr private E-Mails besteht, das auch auf die zul\u00e4ssige Verarbeitung der dienstlichen E-Mails durchschl\u00e4gt. Hat der Arbeitgeber die Privatnutzung dienstlicher Kommunikationsmittel wie im streitigen Fall erlaubt, muss bei deren Auswertung eine versch\u00e4rfte Verh\u00e4ltnism\u00e4\u00dfigkeitskontrolle verpflichtend durchgef\u00fchrt werden.<\/p>\n\n\n\n<p><strong>Im Fall einer erlaubten Privatnutzung darf eine verdachtsunabh\u00e4ngige \u00dcberpr\u00fcfung des dienstlichen E-Mail-Accounts und Auswertung von Emails durch den Arbeitgeber nicht verdeckt, also heimlich, erfolgen. <\/strong>Vielmehr musste dem Arbeitnehmer unter Nennung der Gr\u00fcnde angek\u00fcndigt werden, dass eine Verarbeitung von E-Mails stattfinden soll, und ihm so im Vorfeld Gelegenheit gegeben werden, private Nachrichten in einem gesonderten Ordner zu speichern, der einem Zugriff durch den Arbeitgeber entzogen ist.<\/p>\n\n\n\n<p>Eine Einwilligung des Arbeitnehmers in die Datenauswertung lag im Urteilsfall nicht vor, auch nicht (mangels Erkl\u00e4rungswert) konkludent durch blo\u00dfe R\u00fcckgabe des Smartphones an den Arbeitgeber anl\u00e4sslich der Beendigung des Anstellungsverh\u00e4ltnisses.<\/p>\n\n\n\n<figure class=\"wp-block-image size-large\"><img decoding=\"async\" data-src=\"https:\/\/auren.com\/de\/wp-content\/uploads\/2024\/12\/Bilder-Blog-Inhalt-5-1024x341.jpg\" alt=\"\" class=\"wp-image-40213 lazyload\" src=\"data:image\/svg+xml;base64,PHN2ZyB3aWR0aD0iMSIgaGVpZ2h0PSIxIiB4bWxucz0iaHR0cDovL3d3dy53My5vcmcvMjAwMC9zdmciPjwvc3ZnPg==\" style=\"--smush-placeholder-width: 1024px; --smush-placeholder-aspect-ratio: 1024\/341;\" \/><\/figure>\n\n\n\n<h3 class=\"wp-block-heading\"><mark style=\"background-color:#0a2557\" class=\"has-inline-color has-white-color\">Schmerzensgeld wegen Datenschutzversto\u00df<\/mark><\/h3>\n\n\n\n<p>Auf Grund des Versto\u00dfes gegen datenschutzrechtliche Vorschriften hat der Arbeitnehmer Anspruch auf eine Entsch\u00e4digung nach \u00a7 82 Abs. 1 Datenschutzgrundverordnung (DSGVO). F\u00fcr die Anerkennung eines solchen Anspruchs ist die blo\u00dfe Verletzung der Norm als solche nicht ausreichend, wenn mit ihr kein entsprechender immaterieller Schaden einhergeht. <strong>Ein immaterieller Schaden ist im Urteilsfall aber gegeben, da sehr pers\u00f6nliche Daten des Arbeitnehmers vom Arbeitgeber \u00fcber einen erheblichen Zeitraum ausgewertet und anschlie\u00dfend im Arbeitsgerichtsprozess eingebracht wurden<\/strong>. Bei der Bemessung der H\u00f6he des Schadensersatzanspruches gem\u00e4\u00df \u00a7 287 Abs. 1 ZPO spielt das Kriterium der Verg\u00fctungsh\u00f6he des Arbeitnehmers allerdings keine Rolle. Zudem muss die Relation zu Schmerzensgeldern bei Verletzung der k\u00f6rperlichen Integrit\u00e4t im Blick behalten werden. Der blo\u00dfe \u201e\u00c4rger\u201c \u00fcber den Kontrollverlust an Daten und das schiere \u201eUnmutsgef\u00fchl\u201c wegen Nichtbeachtung des Rechts durch einen anderen reichen insoweit allein nicht aus. Etwaige Spannungslagen und Zielkonflikte sind dahingehend aufzul\u00f6sen, dass (immaterielle) Sch\u00e4den, die im Zuge von Datenschutzverletzungen entstehen, zwar vollst\u00e4ndig kompensiert werden m\u00fcssen, aber zugleich durch (zu) hohe, \u00fcberkompensatorische Schadensersatzpflichten keine falschen Anreizwirkungen erzeugt werden d\u00fcrfen. Vorliegend erachtete das LAG deshalb unter Abw\u00e4gung aller Umst\u00e4nde einen Schmerzensgeld-Betrag in H\u00f6he von 3.000 EUR als ausreichend und angemessen.<\/p>\n\n\n\n<h2 class=\"wp-block-heading\">Praxishinweis<\/h2>\n\n\n\n<p>Das Urteil ist \u00e4u\u00dferst aufschlussreich und unterstreicht die Bedeutung des Datenschutzes am Arbeitsplatz. Die Entscheidung verdeutlicht die Notwendigkeit, klare Regeln f\u00fcr die Privatnutzung von betrieblichen Kommunikationsmitteln zu etablieren, diese den Mitarbeitern klar zu kommunizieren und regelm\u00e4\u00dfig zu schulen. Nur so k\u00f6nnen Arbeitgeber vermeiden, dass (ungewollt) von einer erlaubten Mischnutzung s\u00e4mtlicher IT ausgegangen wird, obwohl der Arbeitgeber diese nur f\u00fcr ein Kommunikationsmittel (z. B. Smartphone) zulassen wollte.<\/p>\n\n\n\n<h2 class=\"wp-block-heading\">Exkurs<\/h2>\n\n\n\n<p>Die Frage der Erlaubnis zur privaten Nutzung von IT-Betriebsmitteln ist f\u00fcr Arbeitgeber stets eine Gratwanderung. Erfahrungsgem\u00e4\u00df scheuen sich in der Praxis viele Arbeitgeber, konkrete einschr\u00e4nkende Regelungen zur Privatnutzung der betrieblichen IT aufzustellen oder die Privatnutzung generell qua Direktionsrecht zu untersagen. Offene Flanken bestehen insbesondere bei der Privatnutzung von betrieblich ausgegebenen Smartphones. Vielfach wird unter falschen Pr\u00e4missen angenommen, die Belegschaft h\u00e4tte diesbez\u00fcglich ein Mitspracherecht.<\/p>\n\n\n\n<h3 class=\"wp-block-heading\">Hintergrund<\/h3>\n\n\n\n<p>Einerseits setzen gerade j\u00fcngere Arbeitnehmer die private Nutzungsm\u00f6glichkeit der betrieblichen IT fast schon voraus und reagieren auf entsprechende Verbote mit Unverst\u00e4ndnis. Wer die private Nutzung der betrieblichen IT-Infrastruktur erlaubt, gilt als moderner und technologieaffiner Arbeitgeber. Dieses Incentive ist auch grunds\u00e4tzlich mit keinen zus\u00e4tzlichen Kosten beim Arbeitgeber verbunden angesichts heute \u00fcblicher Flatrate-Tarife und hoher \u00dcbertragungsgeschwindigkeiten. Studien belegen zudem, dass eine solche Erlaubnis nicht zu massenhafter Prokrastination und Verschwendung von Arbeitszeit f\u00fcr private Dinge f\u00fchrt, sondern vielmehr den positiven Einfluss auf die Arbeitsproduktivit\u00e4t und eine h\u00f6here Work-Life-Balance. Andererseits birgt die Erlaubnis f\u00fcr den Arbeitgeber gewisse rechtliche Risiken im belasteten Arbeitsverh\u00e4ltnis bzw. bei Aufl\u00f6sung eines solchen: die Aufkl\u00e4rung etwaiger Pflichtverst\u00f6\u00dfe kann aufgrund datenschutzrechtlicher Vorgaben erheblich erschwert sein.<\/p>\n\n\n\n<p>Eine Erlaubnis zur Privatnutzung kann ausdr\u00fccklich erteilt werden oder auch konkludent durch ein arbeitgeberseitiges, die Privatnutzung duldendes Verhalten. Was gilt, wenn eine klare Regelung zur Privatnutzung betrieblicher IT im Unternehmen fehlt, ist umstritten.<\/p>\n\n\n\n<p>Jedoch unabh\u00e4ngig davon, ob eine Privatnutzung erlaubt ist oder nicht, muss sich der Arbeitgeber bei der Verarbeitung von Arbeitnehmerdaten stets an die Bestimmungen des Datenschutzrechts halten. Auch wenn nach der aktuellen Rechtsprechung des Bundesarbeitsgerichts (BAG) nicht jeder Datenschutzversto\u00df zu einem Verwertungsverbot in einem sp\u00e4teren Gerichtsverfahren f\u00fchrt, sollten Arbeitgeber wegen m\u00f6glicher Sanktionen der DSGVO (Beschwerde, Bu\u00dfgeld, Schadensersatz) sicherstellen, dass die Datenverarbeitung rechtm\u00e4\u00dfig erfolgt. F\u00fcr den Ma\u00dfstab der Verh\u00e4ltnism\u00e4\u00dfigkeitspr\u00fcfung ist dann aber entscheidend, ob die Privatnutzung erlaubt ist oder nicht.<\/p>\n\n\n\n<h3 class=\"wp-block-heading\">Folgen der Erlaubnis<\/h3>\n\n\n\n<p>Bei erlaubter Privatnutzung findet eine versch\u00e4rfte Verh\u00e4ltnism\u00e4\u00dfigkeitspr\u00fcfung statt: Der Arbeitgeber ist regelm\u00e4\u00dfig gehalten, sich dienstliche Mails durch den Arbeitnehmer weiterleiten zu lassen, anstatt selbst Zugriff auf den dienstlichen Mailaccount zu nehmen. Eine verdachtsunabh\u00e4ngige \u00dcberpr\u00fcfung darf im Regelfall nicht verdeckt erfolgen. Wenn angemessene Ma\u00dfnahmen zur Trennung von privaten und dienstlichen Daten getroffen werden (z. B. eigener Ordner \u201cprivat\u201d im Mailfach o.\u00c4.), ist ein heimlicher Direktzugriff nur aufgrund eines konkreten Verdachts zur Aufkl\u00e4rung von Straftaten oder schweren Pflichtverletzungen m\u00f6glich.<\/p>\n\n\n\n<p>Die Privatnutzung sollte schlie\u00dflich durch klare Nutzungsvereinbarungen flankiert werden, die sowohl die dienstliche als auch die private Nutzung abdecken sollten: Neben dem zeitlichen und inhaltlichen Umfang sollte Transparenz \u00fcber die Zwecke, Art und Umfang der Einsichtnahme in die \u2013 auch privat \u2013 genutzte IT hergestellt werden. Ebenso ist durch technisch-organisatorische Ma\u00dfnahmen die strikte Trennung von dienstlichen und privaten Daten sicherzustellen, z. B. durch die Einrichtung separater Konten oder gesonderter \u201cPrivat\u201d-Ordner, die vom Arbeitgeberzugriff dann ausgenommen ist. Bei einem Zugriff ist dann auf ein verh\u00e4ltnism\u00e4\u00dfiges Vorgehen zu achten: H\u00e4ufig gen\u00fcgt schon die Pr\u00fcfung von Verkehrsdaten oder der Betreffzeilen von E-Mails, um eine versehentliche Kenntnisnahme privater Inhalte zu vermeiden. Ebenso kann durch eine Stichwortsuche der Kreis der zu verarbeitenden Daten schon im Voraus erheblich reduziert werden, was gleichfalls auf die Verh\u00e4ltnism\u00e4\u00dfigkeit der Ma\u00dfnahme einzahlt.<\/p>\n\n\n\n<p>Schlie\u00dflich ist die Einwilligung des Arbeitnehmers zur Verarbeitung der bei der Privatnutzung anfallenden Daten einzuholen \u2013 f\u00fcr diese besteht anderenfalls keine Rechtsgrundlage. Nach dem Grundsatz der informierten Einwilligung sind die Zwecke, Art und Umfang der Kontrollma\u00dfnahmen dabei konkret anzugeben. Die Einwilligung kann zur Bedingung der Erlaubnis der Privatnutzung gemacht werden, was auch den freiwilligen Charakter der Einwilligungserteilung durch den Arbeitnehmer unterstreicht, da er f\u00fcr seine Einwilligung eine Gegenleistung erh\u00e4lt (gestattete Privatnutzung der betrieblichen IT).<\/p>\n\n\n\n<h3 class=\"wp-block-heading\">Folgen des Verbots<\/h3>\n\n\n\n<p>Bei einem Verbot der Privatnutzung gehen die Kontroll- und Einsichtsm\u00f6glichkeiten des Arbeitgebers erheblich weiter, die im Rahmen des Art. 6 Abs. 1 DSGVO vorzunehmende Verh\u00e4ltnism\u00e4\u00dfigkeitspr\u00fcfung ist erheblich zur\u00fcckgenommen. Denn der Arbeitgeber muss im Ausgangspunkt nicht vom Vorhandensein privater Daten ausgehen, der Arbeitnehmer hat keine berechtigte Privatheitserwartung und muss seinerseits mit Kontrollen der \u2013 rein dienstlichen \u2013 Nutzung rechnen. Daraus folgt dann auch ein Verbot f\u00fcr die Nutzung von Anwendungen wie Chat-GPT am Arbeitsplatz zur Arbeitserleichterung, wenn deren Nutzung zu dienstlichen Zwecken nicht angeordnet oder erlaubt ist.<\/p>\n\n\n\n<p>Verst\u00f6\u00dfe gegen das Verbot der Privatnutzung kann der Arbeitgeber ohne Weiteres nach den allgemeinen Grunds\u00e4tzen sanktionieren. Jedenfalls bei erheblicher Privatnutzung kann dann im Einzelfall auch eine au\u00dferordentliche K\u00fcndigung ohne vorherige Abmahnung zul\u00e4ssig sein.<\/p>\n\n\n\n<h2 class=\"wp-block-heading\">Fazit<\/h2>\n\n\n\n<p>Das Urteil zeigt unzweifelhaft auf, dass sich Arbeitgeber und Verantwortliche dieser Frage zwingend stellen m\u00fcssen. Oft wird den technischen M\u00f6glichkeiten, die eine liberalere Handhabung durchaus erm\u00f6glichen k\u00f6nnen, zu wenig Beachtung geschenkt. Eine organisatorische L\u00f6sung setzt dagegen stets restriktive Einschr\u00e4nkungen der Nutzung voraus.<\/p>\n\n\n\n<p>Trotz der vorgeschilderten M\u00f6glichkeiten, die Risiken einer erlaubten Privatnutzung der betrieblichen IT zu reduzieren, gilt aus Arbeitgebersicht nach wie vor: V\u00f6llige Klarheit \u00fcber den einzuhaltenden Rechtsrahmen bringt nur ein vollst\u00e4ndiges Privatnutzungsverbot (was mitbestimmungsfrei m\u00f6glich ist).<\/p>\n\n\n\n<p>Arbeitgeber sind gut beraten, diese Entscheidung ernst zu nehmen und ihre Praktiken entsprechend anzupassen. Unternehmen sollten sich hierzu unbedingt kompetent beraten lassen und bei Bedarf z\u00fcgig Ma\u00dfnahmen ergreifen.<\/p>\n\n\n\n<div style=\"height:69px\" aria-hidden=\"true\" class=\"wp-block-spacer\"><\/div>\n\n\n\n<div class=\"wp-block-buttons is-layout-flex wp-block-buttons-is-layout-flex\">\n<div class=\"wp-block-button\"><a class=\"wp-block-button__link has-vivid-red-background-color has-background wp-element-button\" href=\"\/?page_id=2155\" target=\"_blank\" rel=\"noreferrer noopener\">Kontaktieren Sie uns<\/a><\/div>\n<\/div>\n\n\n\n<p><\/p>\n","protected":false},"excerpt":{"rendered":"<p>Das Landesarbeitsgericht (LAG) Baden-W\u00fcrttemberg hatte k\u00fcrzlich im Rahmen einer arbeitsrechtlichen Streitigkeit, u. a. \u00fcber die Beendigung des Arbeitsverh\u00e4ltnisses, zu entscheiden und umfassend zu den rechtlichen Risiken der Privatnutzung von betrieblichen Kommunikationsmitteln und deren datenschutzrechtlichen Implikationen Stellung genommen. Hintergrund der Entscheidung Nach einer fristgerechten Eigenk\u00fcndigung k\u00fcndigte der Arbeitgeber seinen Arbeitnehmer fristlos wegen Versto\u00dfes gegen seine arbeitsvertraglichen [&hellip;]<\/p>\n","protected":false},"featured_media":8964,"template":"","meta":{"_acf_changed":false,"footnotes":""},"blog-category":[],"class_list":["post-8963","blog","type-blog","status-publish","has-post-thumbnail","hentry"],"acf":[],"yoast_head":"<!-- This site is optimized with the Yoast SEO plugin v27.4 - https:\/\/yoast.com\/product\/yoast-seo-wordpress\/ -->\n<title>Datenschutz und Privatnutzung dienstlicher IT - Auren Germany<\/title>\n<meta name=\"robots\" content=\"index, follow, max-snippet:-1, max-image-preview:large, max-video-preview:-1\" \/>\n<link rel=\"canonical\" href=\"https:\/\/auren.com\/de\/blog\/datenschutz-und-privatnutzung-dienstlicher-it\/\" \/>\n<meta property=\"og:locale\" content=\"de_DE\" \/>\n<meta property=\"og:type\" content=\"article\" \/>\n<meta property=\"og:title\" content=\"Datenschutz und Privatnutzung dienstlicher IT - Auren Germany\" \/>\n<meta property=\"og:description\" content=\"Das Landesarbeitsgericht (LAG) Baden-W\u00fcrttemberg hatte k\u00fcrzlich im Rahmen einer arbeitsrechtlichen Streitigkeit, u. a. \u00fcber die Beendigung des Arbeitsverh\u00e4ltnisses, zu entscheiden und umfassend zu den rechtlichen Risiken der Privatnutzung von betrieblichen Kommunikationsmitteln und deren datenschutzrechtlichen Implikationen Stellung genommen. Hintergrund der Entscheidung Nach einer fristgerechten Eigenk\u00fcndigung k\u00fcndigte der Arbeitgeber seinen Arbeitnehmer fristlos wegen Versto\u00dfes gegen seine arbeitsvertraglichen [&hellip;]\" \/>\n<meta property=\"og:url\" content=\"https:\/\/auren.com\/de\/blog\/datenschutz-und-privatnutzung-dienstlicher-it\/\" \/>\n<meta property=\"og:site_name\" content=\"Auren Germany\" \/>\n<meta property=\"article:publisher\" content=\"https:\/\/www.facebook.com\/aurendeutschland\" \/>\n<meta property=\"article:modified_time\" content=\"2025-03-19T07:30:44+00:00\" \/>\n<meta property=\"og:image\" content=\"https:\/\/auren.com\/de\/wp-content\/uploads\/2025\/01\/Blog-Bilder-2024-68.jpg\" \/>\n\t<meta property=\"og:image:width\" content=\"1200\" \/>\n\t<meta property=\"og:image:height\" content=\"1000\" \/>\n\t<meta property=\"og:image:type\" content=\"image\/jpeg\" \/>\n<meta name=\"twitter:card\" content=\"summary_large_image\" \/>\n<meta name=\"twitter:label1\" content=\"Gesch\u00e4tzte Lesezeit\" \/>\n\t<meta name=\"twitter:data1\" content=\"11\u00a0Minuten\" \/>\n<script type=\"application\/ld+json\" class=\"yoast-schema-graph\">{\"@context\":\"https:\\\/\\\/schema.org\",\"@graph\":[{\"@type\":\"WebPage\",\"@id\":\"https:\\\/\\\/auren.com\\\/de\\\/blog\\\/datenschutz-und-privatnutzung-dienstlicher-it\\\/\",\"url\":\"https:\\\/\\\/auren.com\\\/de\\\/blog\\\/datenschutz-und-privatnutzung-dienstlicher-it\\\/\",\"name\":\"Datenschutz und Privatnutzung dienstlicher IT - Auren Germany\",\"isPartOf\":{\"@id\":\"https:\\\/\\\/auren.com\\\/de\\\/#website\"},\"primaryImageOfPage\":{\"@id\":\"https:\\\/\\\/auren.com\\\/de\\\/blog\\\/datenschutz-und-privatnutzung-dienstlicher-it\\\/#primaryimage\"},\"image\":{\"@id\":\"https:\\\/\\\/auren.com\\\/de\\\/blog\\\/datenschutz-und-privatnutzung-dienstlicher-it\\\/#primaryimage\"},\"thumbnailUrl\":\"https:\\\/\\\/auren.com\\\/de\\\/wp-content\\\/uploads\\\/2025\\\/01\\\/Blog-Bilder-2024-68.jpg\",\"datePublished\":\"2024-12-24T10:19:00+00:00\",\"dateModified\":\"2025-03-19T07:30:44+00:00\",\"breadcrumb\":{\"@id\":\"https:\\\/\\\/auren.com\\\/de\\\/blog\\\/datenschutz-und-privatnutzung-dienstlicher-it\\\/#breadcrumb\"},\"inLanguage\":\"de\",\"potentialAction\":[{\"@type\":\"ReadAction\",\"target\":[\"https:\\\/\\\/auren.com\\\/de\\\/blog\\\/datenschutz-und-privatnutzung-dienstlicher-it\\\/\"]}]},{\"@type\":\"ImageObject\",\"inLanguage\":\"de\",\"@id\":\"https:\\\/\\\/auren.com\\\/de\\\/blog\\\/datenschutz-und-privatnutzung-dienstlicher-it\\\/#primaryimage\",\"url\":\"https:\\\/\\\/auren.com\\\/de\\\/wp-content\\\/uploads\\\/2025\\\/01\\\/Blog-Bilder-2024-68.jpg\",\"contentUrl\":\"https:\\\/\\\/auren.com\\\/de\\\/wp-content\\\/uploads\\\/2025\\\/01\\\/Blog-Bilder-2024-68.jpg\",\"width\":1200,\"height\":1000},{\"@type\":\"BreadcrumbList\",\"@id\":\"https:\\\/\\\/auren.com\\\/de\\\/blog\\\/datenschutz-und-privatnutzung-dienstlicher-it\\\/#breadcrumb\",\"itemListElement\":[{\"@type\":\"ListItem\",\"position\":1,\"name\":\"Home\",\"item\":\"https:\\\/\\\/auren.com\\\/de\\\/\"},{\"@type\":\"ListItem\",\"position\":2,\"name\":\"Datenschutz und Privatnutzung dienstlicher IT\"}]},{\"@type\":\"WebSite\",\"@id\":\"https:\\\/\\\/auren.com\\\/de\\\/#website\",\"url\":\"https:\\\/\\\/auren.com\\\/de\\\/\",\"name\":\"Auren\",\"description\":\"\",\"publisher\":{\"@id\":\"https:\\\/\\\/auren.com\\\/de\\\/#organization\"},\"alternateName\":\"Auren\",\"potentialAction\":[{\"@type\":\"SearchAction\",\"target\":{\"@type\":\"EntryPoint\",\"urlTemplate\":\"https:\\\/\\\/auren.com\\\/de\\\/?s={search_term_string}\"},\"query-input\":{\"@type\":\"PropertyValueSpecification\",\"valueRequired\":true,\"valueName\":\"search_term_string\"}}],\"inLanguage\":\"de\"},{\"@type\":\"Organization\",\"@id\":\"https:\\\/\\\/auren.com\\\/de\\\/#organization\",\"name\":\"Auren Deutschland\",\"url\":\"https:\\\/\\\/auren.com\\\/de\\\/\",\"logo\":{\"@type\":\"ImageObject\",\"inLanguage\":\"de\",\"@id\":\"https:\\\/\\\/auren.com\\\/de\\\/#\\\/schema\\\/logo\\\/image\\\/\",\"url\":\"https:\\\/\\\/auren.com\\\/de\\\/wp-content\\\/uploads\\\/2025\\\/01\\\/cropped-cropped-favicon-Auren.png\",\"contentUrl\":\"https:\\\/\\\/auren.com\\\/de\\\/wp-content\\\/uploads\\\/2025\\\/01\\\/cropped-cropped-favicon-Auren.png\",\"width\":512,\"height\":512,\"caption\":\"Auren Deutschland\"},\"image\":{\"@id\":\"https:\\\/\\\/auren.com\\\/de\\\/#\\\/schema\\\/logo\\\/image\\\/\"},\"sameAs\":[\"https:\\\/\\\/www.facebook.com\\\/aurendeutschland\",\"https:\\\/\\\/de.linkedin.com\\\/organization-guest\\\/company\\\/auren-deutschland\",\"https:\\\/\\\/www.youtube.com\\\/@aurendeutschland\",\"https:\\\/\\\/www.instagram.com\\\/aurendeutschland\\\/\"]}]}<\/script>\n<!-- \/ Yoast SEO plugin. -->","yoast_head_json":{"title":"Datenschutz und Privatnutzung dienstlicher IT - Auren Germany","robots":{"index":"index","follow":"follow","max-snippet":"max-snippet:-1","max-image-preview":"max-image-preview:large","max-video-preview":"max-video-preview:-1"},"canonical":"https:\/\/auren.com\/de\/blog\/datenschutz-und-privatnutzung-dienstlicher-it\/","og_locale":"de_DE","og_type":"article","og_title":"Datenschutz und Privatnutzung dienstlicher IT - Auren Germany","og_description":"Das Landesarbeitsgericht (LAG) Baden-W\u00fcrttemberg hatte k\u00fcrzlich im Rahmen einer arbeitsrechtlichen Streitigkeit, u. a. \u00fcber die Beendigung des Arbeitsverh\u00e4ltnisses, zu entscheiden und umfassend zu den rechtlichen Risiken der Privatnutzung von betrieblichen Kommunikationsmitteln und deren datenschutzrechtlichen Implikationen Stellung genommen. Hintergrund der Entscheidung Nach einer fristgerechten Eigenk\u00fcndigung k\u00fcndigte der Arbeitgeber seinen Arbeitnehmer fristlos wegen Versto\u00dfes gegen seine arbeitsvertraglichen [&hellip;]","og_url":"https:\/\/auren.com\/de\/blog\/datenschutz-und-privatnutzung-dienstlicher-it\/","og_site_name":"Auren Germany","article_publisher":"https:\/\/www.facebook.com\/aurendeutschland","article_modified_time":"2025-03-19T07:30:44+00:00","og_image":[{"width":1200,"height":1000,"url":"https:\/\/auren.com\/de\/wp-content\/uploads\/2025\/01\/Blog-Bilder-2024-68.jpg","type":"image\/jpeg"}],"twitter_card":"summary_large_image","twitter_misc":{"Gesch\u00e4tzte Lesezeit":"11\u00a0Minuten"},"schema":{"@context":"https:\/\/schema.org","@graph":[{"@type":"WebPage","@id":"https:\/\/auren.com\/de\/blog\/datenschutz-und-privatnutzung-dienstlicher-it\/","url":"https:\/\/auren.com\/de\/blog\/datenschutz-und-privatnutzung-dienstlicher-it\/","name":"Datenschutz und Privatnutzung dienstlicher IT - Auren Germany","isPartOf":{"@id":"https:\/\/auren.com\/de\/#website"},"primaryImageOfPage":{"@id":"https:\/\/auren.com\/de\/blog\/datenschutz-und-privatnutzung-dienstlicher-it\/#primaryimage"},"image":{"@id":"https:\/\/auren.com\/de\/blog\/datenschutz-und-privatnutzung-dienstlicher-it\/#primaryimage"},"thumbnailUrl":"https:\/\/auren.com\/de\/wp-content\/uploads\/2025\/01\/Blog-Bilder-2024-68.jpg","datePublished":"2024-12-24T10:19:00+00:00","dateModified":"2025-03-19T07:30:44+00:00","breadcrumb":{"@id":"https:\/\/auren.com\/de\/blog\/datenschutz-und-privatnutzung-dienstlicher-it\/#breadcrumb"},"inLanguage":"de","potentialAction":[{"@type":"ReadAction","target":["https:\/\/auren.com\/de\/blog\/datenschutz-und-privatnutzung-dienstlicher-it\/"]}]},{"@type":"ImageObject","inLanguage":"de","@id":"https:\/\/auren.com\/de\/blog\/datenschutz-und-privatnutzung-dienstlicher-it\/#primaryimage","url":"https:\/\/auren.com\/de\/wp-content\/uploads\/2025\/01\/Blog-Bilder-2024-68.jpg","contentUrl":"https:\/\/auren.com\/de\/wp-content\/uploads\/2025\/01\/Blog-Bilder-2024-68.jpg","width":1200,"height":1000},{"@type":"BreadcrumbList","@id":"https:\/\/auren.com\/de\/blog\/datenschutz-und-privatnutzung-dienstlicher-it\/#breadcrumb","itemListElement":[{"@type":"ListItem","position":1,"name":"Home","item":"https:\/\/auren.com\/de\/"},{"@type":"ListItem","position":2,"name":"Datenschutz und Privatnutzung dienstlicher IT"}]},{"@type":"WebSite","@id":"https:\/\/auren.com\/de\/#website","url":"https:\/\/auren.com\/de\/","name":"Auren","description":"","publisher":{"@id":"https:\/\/auren.com\/de\/#organization"},"alternateName":"Auren","potentialAction":[{"@type":"SearchAction","target":{"@type":"EntryPoint","urlTemplate":"https:\/\/auren.com\/de\/?s={search_term_string}"},"query-input":{"@type":"PropertyValueSpecification","valueRequired":true,"valueName":"search_term_string"}}],"inLanguage":"de"},{"@type":"Organization","@id":"https:\/\/auren.com\/de\/#organization","name":"Auren Deutschland","url":"https:\/\/auren.com\/de\/","logo":{"@type":"ImageObject","inLanguage":"de","@id":"https:\/\/auren.com\/de\/#\/schema\/logo\/image\/","url":"https:\/\/auren.com\/de\/wp-content\/uploads\/2025\/01\/cropped-cropped-favicon-Auren.png","contentUrl":"https:\/\/auren.com\/de\/wp-content\/uploads\/2025\/01\/cropped-cropped-favicon-Auren.png","width":512,"height":512,"caption":"Auren Deutschland"},"image":{"@id":"https:\/\/auren.com\/de\/#\/schema\/logo\/image\/"},"sameAs":["https:\/\/www.facebook.com\/aurendeutschland","https:\/\/de.linkedin.com\/organization-guest\/company\/auren-deutschland","https:\/\/www.youtube.com\/@aurendeutschland","https:\/\/www.instagram.com\/aurendeutschland\/"]}]}},"_links":{"self":[{"href":"https:\/\/auren.com\/de\/wp-json\/wp\/v2\/blog\/8963","targetHints":{"allow":["GET"]}}],"collection":[{"href":"https:\/\/auren.com\/de\/wp-json\/wp\/v2\/blog"}],"about":[{"href":"https:\/\/auren.com\/de\/wp-json\/wp\/v2\/types\/blog"}],"version-history":[{"count":3,"href":"https:\/\/auren.com\/de\/wp-json\/wp\/v2\/blog\/8963\/revisions"}],"predecessor-version":[{"id":103795,"href":"https:\/\/auren.com\/de\/wp-json\/wp\/v2\/blog\/8963\/revisions\/103795"}],"wp:featuredmedia":[{"embeddable":true,"href":"https:\/\/auren.com\/de\/wp-json\/wp\/v2\/media\/8964"}],"wp:attachment":[{"href":"https:\/\/auren.com\/de\/wp-json\/wp\/v2\/media?parent=8963"}],"wp:term":[{"taxonomy":"blog-category","embeddable":true,"href":"https:\/\/auren.com\/de\/wp-json\/wp\/v2\/blog-category?post=8963"}],"curies":[{"name":"wp","href":"https:\/\/api.w.org\/{rel}","templated":true}]}}