{"id":8975,"date":"2024-12-28T11:12:00","date_gmt":"2024-12-28T10:12:00","guid":{"rendered":"https:\/\/auren.com\/de\/?post_type=blog&#038;p=8975"},"modified":"2025-08-18T12:54:42","modified_gmt":"2025-08-18T10:54:42","slug":"aenderungen-bei-der-ausgleichsabgabe-ab-2025","status":"publish","type":"blog","link":"https:\/\/auren.com\/de\/blog\/aenderungen-bei-der-ausgleichsabgabe-ab-2025\/","title":{"rendered":"\u00c4nderungen bei der Ausgleichsabgabe ab 2025"},"content":{"rendered":"\n<p>Arbeitgeber sind verpflichtet, auf 5 % ihrer Arbeitspl\u00e4tze schwerbehinderte Menschen zu besch\u00e4ftigen. Andernfalls m\u00fcssen sie eine Ausgleichsabgabe zahlen. Diese ver\u00e4ndert sich auf Grund der Dynamisierungsregelung (160 Absatz 3 SGB IX) wie folgt wie bereits angek\u00fcndigt:<\/p>\n\n\n\n<p>Ausgleichsabgabe (monatliche Betr\u00e4ge):<\/p>\n\n\n\n<figure class=\"wp-block-table is-style-regular\"><table class=\"has-fixed-layout\"><thead><tr><th>Erf\u00fcllungsquote<\/th><th>heute<\/th><th>Neue Betr\u00e4ge ab 1. Januar 2025<\/th><\/tr><\/thead><tbody><tr><td>3 bis unter 5 Prozent<\/td><td>140 Euro<\/td><td>155 Euro<\/td><\/tr><tr><td>2 bis unter 3 Prozent<\/td><td>245 Euro<\/td><td>275 Euro<\/td><\/tr><tr><td>0 bis unter 2 Prozent<\/td><td>360 Euro<\/td><td>405 Euro<\/td><\/tr><tr><td>0 Prozent<\/td><td>720 Euro<\/td><td>815 Euro<\/td><\/tr><\/tbody><\/table><\/figure>\n\n\n\n<p>F\u00fcr Arbeitgeber mit jahresdurchschnittlich weniger als 40 bzw. 60 zu ber\u00fccksichtigenden Arbeitspl\u00e4tzen ergeben sich abweichend folgende monatliche Betr\u00e4ge:<\/p>\n\n\n\n<figure class=\"wp-block-table\"><table class=\"has-fixed-layout\"><thead><tr><th>Jahresdurchschnittliche Besch\u00e4ftigung<\/th><th>weniger als 40 Arbeitspl\u00e4tze<\/th><th>weniger als 40 Arbeitspl\u00e4tze<\/th><th>weniger als 60 Arbeitspl\u00e4tze<\/th><th>weniger als 60 Arbeitspl\u00e4tze<\/th><\/tr><\/thead><tbody><tr><td><\/td><td><strong>Heute<\/strong><\/td><td><strong>Neuer Betrag ab 01.01.2025<\/strong><\/td><td><strong>Heute<\/strong><\/td><td><strong>Neuer Betrag ab 01.01.2025<\/strong><\/td><\/tr><tr><td>weniger als 2 schwerbehinderte Menschen<\/td><td>&#8212;<\/td><td>&#8212;<\/td><td>140 Euro<\/td><td>155 Euro<\/td><\/tr><tr><td>weniger als 1 schwerbehinderte Menschen<\/td><td>140 Euro&nbsp;&nbsp;&nbsp;&nbsp;&nbsp;&nbsp;&nbsp; <\/td><td>155 Euro<\/td><td>245 Euro&nbsp;<\/td><td>275 Euro<\/td><\/tr><tr><td>null schwerbehinderte Menschen<\/td><td>210 Euro&nbsp;&nbsp;&nbsp;&nbsp;&nbsp;&nbsp;&nbsp;&nbsp;&nbsp; <\/td><td>235 Euro&nbsp;<\/td><td>410 Euro&nbsp;&nbsp;<\/td><td>465 Euro<\/td><\/tr><\/tbody><\/table><\/figure>\n\n\n\n<p><\/p>\n\n\n\n<p><strong>WICHTIG: <\/strong>Die erh\u00f6hten Werte sind erstmalig zum 31. M\u00e4rz 2026 zu zahlen, wenn die Ausgleichsabgabe f\u00fcr das Jahr 2025 f\u00e4llig wird.<\/p>\n\n\n\n<p>Sie haben Fragen oder ben\u00f6tigen Unterst\u00fctzung?<\/p>\n\n\n\n<div class=\"wp-block-media-text is-stacked-on-mobile is-vertically-aligned-center\" style=\"grid-template-columns:20% auto\"><figure class=\"wp-block-media-text__media\"><img decoding=\"async\" width=\"1024\" height=\"1024\" data-src=\"https:\/\/auren.com\/de\/wp-content\/uploads\/2024\/12\/Birgit-Ennemoser-01-1024x1024.webp\" alt=\"Birgit Ennemoser, Gesch\u00e4ftsf\u00fchrerin Personal Services bei Auren Deutschland in Stuttgart, im B\u00fcro\" class=\"wp-image-335192 size-full lazyload\" data-srcset=\"https:\/\/auren.com\/de\/wp-content\/uploads\/2024\/12\/Birgit-Ennemoser-01-1024x1024.webp 1024w, https:\/\/auren.com\/de\/wp-content\/uploads\/2024\/12\/Birgit-Ennemoser-01-300x300.webp 300w, https:\/\/auren.com\/de\/wp-content\/uploads\/2024\/12\/Birgit-Ennemoser-01-150x150.webp 150w, https:\/\/auren.com\/de\/wp-content\/uploads\/2024\/12\/Birgit-Ennemoser-01-768x768.webp 768w, https:\/\/auren.com\/de\/wp-content\/uploads\/2024\/12\/Birgit-Ennemoser-01-1536x1536.webp 1536w, https:\/\/auren.com\/de\/wp-content\/uploads\/2024\/12\/Birgit-Ennemoser-01.webp 1639w\" data-sizes=\"(max-width: 1024px) 100vw, 1024px\" src=\"data:image\/svg+xml;base64,PHN2ZyB3aWR0aD0iMSIgaGVpZ2h0PSIxIiB4bWxucz0iaHR0cDovL3d3dy53My5vcmcvMjAwMC9zdmciPjwvc3ZnPg==\" style=\"--smush-placeholder-width: 1024px; --smush-placeholder-aspect-ratio: 1024\/1024;\" \/><\/figure><div class=\"wp-block-media-text__content\">\n<p><strong>Birgit Ennemoser<\/strong><br>Gesch\u00e4ftsf\u00fchrerin Personal Services<br><a href=\"mailto:franziska.peter@auren.de\"><\/a><a href=\"mailto:birgit.ennemoser@auren.de\">birgit.ennemoser@auren.de<\/a><br><a href=\"tel:+49 711 997868 26\"><\/a><a href=\"tel:+49 711 997868 51\">+49 711 997868 51<\/a><\/p>\n<\/div><\/div>\n","protected":false},"excerpt":{"rendered":"<p>Arbeitgeber sind verpflichtet, auf 5 % ihrer Arbeitspl\u00e4tze schwerbehinderte Menschen zu besch\u00e4ftigen. Andernfalls m\u00fcssen sie eine Ausgleichsabgabe zahlen. Diese ver\u00e4ndert sich auf Grund der Dynamisierungsregelung (160 Absatz 3 SGB IX) wie folgt wie bereits angek\u00fcndigt: Ausgleichsabgabe (monatliche Betr\u00e4ge): Erf\u00fcllungsquote heute Neue Betr\u00e4ge ab 1. Januar 2025 3 bis unter 5 Prozent 140 Euro 155 Euro [&hellip;]<\/p>\n","protected":false},"featured_media":8976,"template":"","meta":{"_acf_changed":false,"footnotes":""},"blog-category":[224],"class_list":["post-8975","blog","type-blog","status-publish","has-post-thumbnail","hentry","blog-category-personalwesen-hr-und-lohn"],"acf":[],"yoast_head":"<!-- This site is optimized with the Yoast SEO plugin v27.4 - https:\/\/yoast.com\/product\/yoast-seo-wordpress\/ -->\n<title>\u00c4nderungen bei der Ausgleichsabgabe ab 2025 - Auren Germany<\/title>\n<meta name=\"robots\" content=\"index, follow, max-snippet:-1, max-image-preview:large, max-video-preview:-1\" \/>\n<link rel=\"canonical\" href=\"https:\/\/auren.com\/de\/blog\/aenderungen-bei-der-ausgleichsabgabe-ab-2025\/\" \/>\n<meta property=\"og:locale\" content=\"de_DE\" \/>\n<meta property=\"og:type\" content=\"article\" \/>\n<meta property=\"og:title\" content=\"\u00c4nderungen bei der Ausgleichsabgabe ab 2025 - Auren Germany\" \/>\n<meta property=\"og:description\" content=\"Arbeitgeber sind verpflichtet, auf 5 % ihrer Arbeitspl\u00e4tze schwerbehinderte Menschen zu besch\u00e4ftigen. Andernfalls m\u00fcssen sie eine Ausgleichsabgabe zahlen. Diese ver\u00e4ndert sich auf Grund der Dynamisierungsregelung (160 Absatz 3 SGB IX) wie folgt wie bereits angek\u00fcndigt: Ausgleichsabgabe (monatliche Betr\u00e4ge): Erf\u00fcllungsquote heute Neue Betr\u00e4ge ab 1. Januar 2025 3 bis unter 5 Prozent 140 Euro 155 Euro [&hellip;]\" \/>\n<meta property=\"og:url\" content=\"https:\/\/auren.com\/de\/blog\/aenderungen-bei-der-ausgleichsabgabe-ab-2025\/\" \/>\n<meta property=\"og:site_name\" content=\"Auren Germany\" \/>\n<meta property=\"article:publisher\" content=\"https:\/\/www.facebook.com\/aurendeutschland\" \/>\n<meta property=\"article:modified_time\" content=\"2025-08-18T10:54:42+00:00\" \/>\n<meta property=\"og:image\" content=\"https:\/\/auren.com\/de\/wp-content\/uploads\/2025\/01\/Ausgleichsabgabe-ab-2025.jpg\" \/>\n\t<meta property=\"og:image:width\" content=\"1200\" \/>\n\t<meta property=\"og:image:height\" content=\"1000\" \/>\n\t<meta property=\"og:image:type\" content=\"image\/jpeg\" \/>\n<meta name=\"twitter:card\" content=\"summary_large_image\" \/>\n<meta name=\"twitter:label1\" content=\"Gesch\u00e4tzte Lesezeit\" \/>\n\t<meta name=\"twitter:data1\" content=\"2\u00a0Minuten\" \/>\n<script type=\"application\/ld+json\" class=\"yoast-schema-graph\">{\"@context\":\"https:\\\/\\\/schema.org\",\"@graph\":[{\"@type\":\"WebPage\",\"@id\":\"https:\\\/\\\/auren.com\\\/de\\\/blog\\\/aenderungen-bei-der-ausgleichsabgabe-ab-2025\\\/\",\"url\":\"https:\\\/\\\/auren.com\\\/de\\\/blog\\\/aenderungen-bei-der-ausgleichsabgabe-ab-2025\\\/\",\"name\":\"\u00c4nderungen bei der Ausgleichsabgabe ab 2025 - Auren Germany\",\"isPartOf\":{\"@id\":\"https:\\\/\\\/auren.com\\\/de\\\/#website\"},\"primaryImageOfPage\":{\"@id\":\"https:\\\/\\\/auren.com\\\/de\\\/blog\\\/aenderungen-bei-der-ausgleichsabgabe-ab-2025\\\/#primaryimage\"},\"image\":{\"@id\":\"https:\\\/\\\/auren.com\\\/de\\\/blog\\\/aenderungen-bei-der-ausgleichsabgabe-ab-2025\\\/#primaryimage\"},\"thumbnailUrl\":\"https:\\\/\\\/auren.com\\\/de\\\/wp-content\\\/uploads\\\/2025\\\/01\\\/Ausgleichsabgabe-ab-2025.jpg\",\"datePublished\":\"2024-12-28T10:12:00+00:00\",\"dateModified\":\"2025-08-18T10:54:42+00:00\",\"breadcrumb\":{\"@id\":\"https:\\\/\\\/auren.com\\\/de\\\/blog\\\/aenderungen-bei-der-ausgleichsabgabe-ab-2025\\\/#breadcrumb\"},\"inLanguage\":\"de\",\"potentialAction\":[{\"@type\":\"ReadAction\",\"target\":[\"https:\\\/\\\/auren.com\\\/de\\\/blog\\\/aenderungen-bei-der-ausgleichsabgabe-ab-2025\\\/\"]}]},{\"@type\":\"ImageObject\",\"inLanguage\":\"de\",\"@id\":\"https:\\\/\\\/auren.com\\\/de\\\/blog\\\/aenderungen-bei-der-ausgleichsabgabe-ab-2025\\\/#primaryimage\",\"url\":\"https:\\\/\\\/auren.com\\\/de\\\/wp-content\\\/uploads\\\/2025\\\/01\\\/Ausgleichsabgabe-ab-2025.jpg\",\"contentUrl\":\"https:\\\/\\\/auren.com\\\/de\\\/wp-content\\\/uploads\\\/2025\\\/01\\\/Ausgleichsabgabe-ab-2025.jpg\",\"width\":1200,\"height\":1000},{\"@type\":\"BreadcrumbList\",\"@id\":\"https:\\\/\\\/auren.com\\\/de\\\/blog\\\/aenderungen-bei-der-ausgleichsabgabe-ab-2025\\\/#breadcrumb\",\"itemListElement\":[{\"@type\":\"ListItem\",\"position\":1,\"name\":\"Home\",\"item\":\"https:\\\/\\\/auren.com\\\/de\\\/\"},{\"@type\":\"ListItem\",\"position\":2,\"name\":\"\u00c4nderungen bei der Ausgleichsabgabe ab 2025\"}]},{\"@type\":\"WebSite\",\"@id\":\"https:\\\/\\\/auren.com\\\/de\\\/#website\",\"url\":\"https:\\\/\\\/auren.com\\\/de\\\/\",\"name\":\"Auren\",\"description\":\"\",\"publisher\":{\"@id\":\"https:\\\/\\\/auren.com\\\/de\\\/#organization\"},\"alternateName\":\"Auren\",\"potentialAction\":[{\"@type\":\"SearchAction\",\"target\":{\"@type\":\"EntryPoint\",\"urlTemplate\":\"https:\\\/\\\/auren.com\\\/de\\\/?s={search_term_string}\"},\"query-input\":{\"@type\":\"PropertyValueSpecification\",\"valueRequired\":true,\"valueName\":\"search_term_string\"}}],\"inLanguage\":\"de\"},{\"@type\":\"Organization\",\"@id\":\"https:\\\/\\\/auren.com\\\/de\\\/#organization\",\"name\":\"Auren Deutschland\",\"url\":\"https:\\\/\\\/auren.com\\\/de\\\/\",\"logo\":{\"@type\":\"ImageObject\",\"inLanguage\":\"de\",\"@id\":\"https:\\\/\\\/auren.com\\\/de\\\/#\\\/schema\\\/logo\\\/image\\\/\",\"url\":\"https:\\\/\\\/auren.com\\\/de\\\/wp-content\\\/uploads\\\/2025\\\/01\\\/cropped-cropped-favicon-Auren.png\",\"contentUrl\":\"https:\\\/\\\/auren.com\\\/de\\\/wp-content\\\/uploads\\\/2025\\\/01\\\/cropped-cropped-favicon-Auren.png\",\"width\":512,\"height\":512,\"caption\":\"Auren Deutschland\"},\"image\":{\"@id\":\"https:\\\/\\\/auren.com\\\/de\\\/#\\\/schema\\\/logo\\\/image\\\/\"},\"sameAs\":[\"https:\\\/\\\/www.facebook.com\\\/aurendeutschland\",\"https:\\\/\\\/de.linkedin.com\\\/organization-guest\\\/company\\\/auren-deutschland\",\"https:\\\/\\\/www.youtube.com\\\/@aurendeutschland\",\"https:\\\/\\\/www.instagram.com\\\/aurendeutschland\\\/\"]}]}<\/script>\n<!-- \/ Yoast SEO plugin. -->","yoast_head_json":{"title":"\u00c4nderungen bei der Ausgleichsabgabe ab 2025 - Auren Germany","robots":{"index":"index","follow":"follow","max-snippet":"max-snippet:-1","max-image-preview":"max-image-preview:large","max-video-preview":"max-video-preview:-1"},"canonical":"https:\/\/auren.com\/de\/blog\/aenderungen-bei-der-ausgleichsabgabe-ab-2025\/","og_locale":"de_DE","og_type":"article","og_title":"\u00c4nderungen bei der Ausgleichsabgabe ab 2025 - Auren Germany","og_description":"Arbeitgeber sind verpflichtet, auf 5 % ihrer Arbeitspl\u00e4tze schwerbehinderte Menschen zu besch\u00e4ftigen. Andernfalls m\u00fcssen sie eine Ausgleichsabgabe zahlen. Diese ver\u00e4ndert sich auf Grund der Dynamisierungsregelung (160 Absatz 3 SGB IX) wie folgt wie bereits angek\u00fcndigt: Ausgleichsabgabe (monatliche Betr\u00e4ge): Erf\u00fcllungsquote heute Neue Betr\u00e4ge ab 1. Januar 2025 3 bis unter 5 Prozent 140 Euro 155 Euro [&hellip;]","og_url":"https:\/\/auren.com\/de\/blog\/aenderungen-bei-der-ausgleichsabgabe-ab-2025\/","og_site_name":"Auren Germany","article_publisher":"https:\/\/www.facebook.com\/aurendeutschland","article_modified_time":"2025-08-18T10:54:42+00:00","og_image":[{"width":1200,"height":1000,"url":"https:\/\/auren.com\/de\/wp-content\/uploads\/2025\/01\/Ausgleichsabgabe-ab-2025.jpg","type":"image\/jpeg"}],"twitter_card":"summary_large_image","twitter_misc":{"Gesch\u00e4tzte Lesezeit":"2\u00a0Minuten"},"schema":{"@context":"https:\/\/schema.org","@graph":[{"@type":"WebPage","@id":"https:\/\/auren.com\/de\/blog\/aenderungen-bei-der-ausgleichsabgabe-ab-2025\/","url":"https:\/\/auren.com\/de\/blog\/aenderungen-bei-der-ausgleichsabgabe-ab-2025\/","name":"\u00c4nderungen bei der Ausgleichsabgabe ab 2025 - Auren Germany","isPartOf":{"@id":"https:\/\/auren.com\/de\/#website"},"primaryImageOfPage":{"@id":"https:\/\/auren.com\/de\/blog\/aenderungen-bei-der-ausgleichsabgabe-ab-2025\/#primaryimage"},"image":{"@id":"https:\/\/auren.com\/de\/blog\/aenderungen-bei-der-ausgleichsabgabe-ab-2025\/#primaryimage"},"thumbnailUrl":"https:\/\/auren.com\/de\/wp-content\/uploads\/2025\/01\/Ausgleichsabgabe-ab-2025.jpg","datePublished":"2024-12-28T10:12:00+00:00","dateModified":"2025-08-18T10:54:42+00:00","breadcrumb":{"@id":"https:\/\/auren.com\/de\/blog\/aenderungen-bei-der-ausgleichsabgabe-ab-2025\/#breadcrumb"},"inLanguage":"de","potentialAction":[{"@type":"ReadAction","target":["https:\/\/auren.com\/de\/blog\/aenderungen-bei-der-ausgleichsabgabe-ab-2025\/"]}]},{"@type":"ImageObject","inLanguage":"de","@id":"https:\/\/auren.com\/de\/blog\/aenderungen-bei-der-ausgleichsabgabe-ab-2025\/#primaryimage","url":"https:\/\/auren.com\/de\/wp-content\/uploads\/2025\/01\/Ausgleichsabgabe-ab-2025.jpg","contentUrl":"https:\/\/auren.com\/de\/wp-content\/uploads\/2025\/01\/Ausgleichsabgabe-ab-2025.jpg","width":1200,"height":1000},{"@type":"BreadcrumbList","@id":"https:\/\/auren.com\/de\/blog\/aenderungen-bei-der-ausgleichsabgabe-ab-2025\/#breadcrumb","itemListElement":[{"@type":"ListItem","position":1,"name":"Home","item":"https:\/\/auren.com\/de\/"},{"@type":"ListItem","position":2,"name":"\u00c4nderungen bei der Ausgleichsabgabe ab 2025"}]},{"@type":"WebSite","@id":"https:\/\/auren.com\/de\/#website","url":"https:\/\/auren.com\/de\/","name":"Auren","description":"","publisher":{"@id":"https:\/\/auren.com\/de\/#organization"},"alternateName":"Auren","potentialAction":[{"@type":"SearchAction","target":{"@type":"EntryPoint","urlTemplate":"https:\/\/auren.com\/de\/?s={search_term_string}"},"query-input":{"@type":"PropertyValueSpecification","valueRequired":true,"valueName":"search_term_string"}}],"inLanguage":"de"},{"@type":"Organization","@id":"https:\/\/auren.com\/de\/#organization","name":"Auren Deutschland","url":"https:\/\/auren.com\/de\/","logo":{"@type":"ImageObject","inLanguage":"de","@id":"https:\/\/auren.com\/de\/#\/schema\/logo\/image\/","url":"https:\/\/auren.com\/de\/wp-content\/uploads\/2025\/01\/cropped-cropped-favicon-Auren.png","contentUrl":"https:\/\/auren.com\/de\/wp-content\/uploads\/2025\/01\/cropped-cropped-favicon-Auren.png","width":512,"height":512,"caption":"Auren Deutschland"},"image":{"@id":"https:\/\/auren.com\/de\/#\/schema\/logo\/image\/"},"sameAs":["https:\/\/www.facebook.com\/aurendeutschland","https:\/\/de.linkedin.com\/organization-guest\/company\/auren-deutschland","https:\/\/www.youtube.com\/@aurendeutschland","https:\/\/www.instagram.com\/aurendeutschland\/"]}]}},"_links":{"self":[{"href":"https:\/\/auren.com\/de\/wp-json\/wp\/v2\/blog\/8975","targetHints":{"allow":["GET"]}}],"collection":[{"href":"https:\/\/auren.com\/de\/wp-json\/wp\/v2\/blog"}],"about":[{"href":"https:\/\/auren.com\/de\/wp-json\/wp\/v2\/types\/blog"}],"version-history":[{"count":4,"href":"https:\/\/auren.com\/de\/wp-json\/wp\/v2\/blog\/8975\/revisions"}],"predecessor-version":[{"id":411524,"href":"https:\/\/auren.com\/de\/wp-json\/wp\/v2\/blog\/8975\/revisions\/411524"}],"wp:featuredmedia":[{"embeddable":true,"href":"https:\/\/auren.com\/de\/wp-json\/wp\/v2\/media\/8976"}],"wp:attachment":[{"href":"https:\/\/auren.com\/de\/wp-json\/wp\/v2\/media?parent=8975"}],"wp:term":[{"taxonomy":"blog-category","embeddable":true,"href":"https:\/\/auren.com\/de\/wp-json\/wp\/v2\/blog-category?post=8975"}],"curies":[{"name":"wp","href":"https:\/\/api.w.org\/{rel}","templated":true}]}}