{"id":923519,"date":"2026-04-30T11:34:35","date_gmt":"2026-04-30T09:34:35","guid":{"rendered":"https:\/\/auren.com\/de\/?post_type=blog&#038;p=923519"},"modified":"2026-04-29T15:12:21","modified_gmt":"2026-04-29T13:12:21","slug":"altersvorsorgereform-verabschiedet","status":"publish","type":"blog","link":"https:\/\/auren.com\/de\/blog\/altersvorsorgereform-verabschiedet\/","title":{"rendered":"Altersvorsorgereform verabschiedet"},"content":{"rendered":"\n<p>Bundestag und Bundesrat haben Ende M\u00e4rz 2026 das Altersvorsorgereformgesetz verabschiedet bzw. diesem zugestimmt. Ab 1.1.2027 soll die private Altersvorsorgereform in Kraft treten. Diese l\u00f6st die sog. Riester-Vorsorge ab. Bestehende Vertr\u00e4ge k\u00f6nnen weiter bespart und Zulagen in Anspruch genommen werden. Neuabschl\u00fcsse wird es nicht mehr geben, eine automatische K\u00fcndigung oder Umwandlung ebenfalls nicht. Ein freiwilliger Wechsel ist m\u00f6glich.<\/p>\n\n\n\n<p>Das grunds\u00e4tzliche System der steuerlichen F\u00f6rderung \u00fcber Zulagen sowie des Sonderausgabenabzugs der Sparbeitr\u00e4ge bis zu bestimmten Betr\u00e4gen wird erhalten bleiben. Die Besteuerung erfolgt nachgelagert in der Auszahlungsphase. Dies hat den Vorteil, dass in der Auszahlungsphase im Rentenalter die Eink\u00fcnfte oft geringer und dann auch mutma\u00dflich die Steuers\u00e4tze niedriger sind.<\/p>\n\n\n\n<p>Die zus\u00e4tzliche private Altersvorsorge soll \u00fcber ein Altersvorsorgedepot erfolgen und richtet sich gezielt auch an Menschen mit keiner bzw. wenig Kapitalmarkterfahrung. Es besteht die M\u00f6glichkeit, mit gr\u00f6\u00dferem Risiko in Aktien, Fonds und ETFs zu investieren, um h\u00f6here Renditen erzielen zu k\u00f6nnen, die so auch weniger erfahrenen Bev\u00f6lkerungsteilen zug\u00e4nglich werden. Es gibt aber weiterhin die M\u00f6glichkeit, Garantieprodukte zu erwerben. Anbieten werden die Produkte mit max. 1 % Verwaltungskostenaufschlag der private Banken- und Finanzmarkt und ggf. ein neu aufzulegender Staatsfonds.<\/p>\n\n\n\n<p>Altersvorsorgebeitr\u00e4ge sollen bis zu einem Einzahlungsbetrag in H\u00f6he von 1.800 \u20ac j\u00e4hrlich f\u00f6rderf\u00e4hig sein. Die Grundf\u00f6rderung betr\u00e4gt dann bis zu einer H\u00f6he von 360 \u20ac j\u00e4hrlich 50 %, also bis zu 180&nbsp;\u20ac. F\u00fcr weitere j\u00e4hrliche Sparbeitr\u00e4ge pro Beitragsjahr oberhalb von 360 \u20ac bis zu 1.800 \u20ac, betr\u00e4gt die Grundf\u00f6rderung 25 %, also maximal 360&nbsp;\u20ac. Insgesamt kann somit eine j\u00e4hrliche staatliche F\u00f6rderung als Grundzulage bis zu 540 \u20ac pro Beitragsjahr erfolgen. Maximal k\u00f6nnen 6.840 \u20ac j\u00e4hrlich eingezahlt werden.<\/p>\n\n\n\n<p>Eltern von Kindern, f\u00fcr die sie Kindergeld beziehen, k\u00f6nnen eine Kinderzulage auf einen Sparbeitrag bis zu 300 \u20ac j\u00e4hrlich in H\u00f6he von 100 % erhalten, also zus\u00e4tzlich 300 \u20ac Zulage. Wer vor dem 25. Lebensjahr mit der Einzahlung beginnt, erh\u00e4lt eine zus\u00e4tzliche staatliche Zulage von 200 \u20ac.<\/p>\n\n\n\n<p>Es wird flexiblere M\u00f6glichkeiten der Auszahlung geben, vom Rentenplan bis zu einem Auszahlungsplan, der bis mindestens zum 85. Lebensjahr kalkuliert sein muss. Ein Wechsel zwischen den unterschiedlichen Auszahlungsmodellen soll m\u00f6glich sein. Die Auszahlung soll in der Regel zwischen dem 65. und 70. Lebensjahr beginnen.<\/p>\n\n\n\n<p>In den Kreis der unmittelbar Berechtigten werden nun auch Selbstst\u00e4ndige und Pflichtmitglieder von berufsst\u00e4ndischen Versorgungseinrichtungen im Angestelltenverh\u00e4ltnis einbezogen. Minijobber, die sich von der Rentenversicherung haben befreien lassen, sind ausgeschlossen, ebenso Hausm\u00e4nner und Hausfrauen. Sie k\u00f6nnen aber als mittelbar Beg\u00fcnstigte Zulagen erhalten, wenn sie mit einer unmittelbar beg\u00fcnstigten Person verheiratet sind oder sich in einer eingetragenen Lebenspartnerschaft befinden.<\/p>\n","protected":false},"excerpt":{"rendered":"<p>Bundestag und Bundesrat haben die neue Altersvorsorgereform beschlossen. Ab 2027 ersetzt ein staatlich gef\u00f6rdertes Altersvorsorgedepot die Riester\u2011Rente \u2013 mit neuen F\u00f6rderregeln und erweiterten Zielgruppen.<\/p>\n","protected":false},"featured_media":923520,"template":"","meta":{"_acf_changed":false,"footnotes":""},"blog-category":[],"class_list":["post-923519","blog","type-blog","status-publish","has-post-thumbnail","hentry"],"acf":[],"yoast_head":"<!-- This site is optimized with the Yoast SEO plugin v27.5 - https:\/\/yoast.com\/product\/yoast-seo-wordpress\/ -->\n<title>Altersvorsorgereform verabschiedet - Auren Germany<\/title>\n<meta name=\"description\" content=\"Die Altersvorsorgereform ist beschlossen: Ab 2027 ersetzt ein neues Vorsorgedepot die Riester\u2011Rente. Was gilt f\u00fcr bestehende Vertr\u00e4ge und neue F\u00f6rderungen?\" \/>\n<meta name=\"robots\" content=\"index, follow, max-snippet:-1, max-image-preview:large, max-video-preview:-1\" \/>\n<link rel=\"canonical\" href=\"https:\/\/auren.com\/de\/blog\/altersvorsorgereform-verabschiedet\/\" \/>\n<meta property=\"og:locale\" content=\"de_DE\" \/>\n<meta property=\"og:type\" content=\"article\" \/>\n<meta property=\"og:title\" content=\"Altersvorsorgereform verabschiedet - Auren Germany\" \/>\n<meta property=\"og:description\" content=\"Die Altersvorsorgereform ist beschlossen: Ab 2027 ersetzt ein neues Vorsorgedepot die Riester\u2011Rente. Was gilt f\u00fcr bestehende Vertr\u00e4ge und neue F\u00f6rderungen?\" \/>\n<meta property=\"og:url\" content=\"https:\/\/auren.com\/de\/blog\/altersvorsorgereform-verabschiedet\/\" \/>\n<meta property=\"og:site_name\" content=\"Auren Germany\" \/>\n<meta property=\"article:publisher\" content=\"https:\/\/www.facebook.com\/aurendeutschland\" \/>\n<meta property=\"og:image\" content=\"https:\/\/auren.com\/de\/wp-content\/uploads\/2026\/04\/Blog-Bilder-2026-_1_.webp\" \/>\n\t<meta property=\"og:image:width\" content=\"1920\" \/>\n\t<meta property=\"og:image:height\" content=\"1080\" \/>\n\t<meta property=\"og:image:type\" content=\"image\/webp\" \/>\n<meta name=\"twitter:card\" content=\"summary_large_image\" \/>\n<meta name=\"twitter:label1\" content=\"Gesch\u00e4tzte Lesezeit\" \/>\n\t<meta name=\"twitter:data1\" content=\"3\u00a0Minuten\" \/>\n<script type=\"application\/ld+json\" class=\"yoast-schema-graph\">{\"@context\":\"https:\\\/\\\/schema.org\",\"@graph\":[{\"@type\":\"WebPage\",\"@id\":\"https:\\\/\\\/auren.com\\\/de\\\/blog\\\/altersvorsorgereform-verabschiedet\\\/\",\"url\":\"https:\\\/\\\/auren.com\\\/de\\\/blog\\\/altersvorsorgereform-verabschiedet\\\/\",\"name\":\"Altersvorsorgereform verabschiedet - Auren Germany\",\"isPartOf\":{\"@id\":\"https:\\\/\\\/auren.com\\\/de\\\/#website\"},\"primaryImageOfPage\":{\"@id\":\"https:\\\/\\\/auren.com\\\/de\\\/blog\\\/altersvorsorgereform-verabschiedet\\\/#primaryimage\"},\"image\":{\"@id\":\"https:\\\/\\\/auren.com\\\/de\\\/blog\\\/altersvorsorgereform-verabschiedet\\\/#primaryimage\"},\"thumbnailUrl\":\"https:\\\/\\\/auren.com\\\/de\\\/wp-content\\\/uploads\\\/2026\\\/04\\\/Blog-Bilder-2026-_1_.webp\",\"datePublished\":\"2026-04-30T09:34:35+00:00\",\"description\":\"Die Altersvorsorgereform ist beschlossen: Ab 2027 ersetzt ein neues Vorsorgedepot die Riester\u2011Rente. Was gilt f\u00fcr bestehende Vertr\u00e4ge und neue F\u00f6rderungen?\",\"breadcrumb\":{\"@id\":\"https:\\\/\\\/auren.com\\\/de\\\/blog\\\/altersvorsorgereform-verabschiedet\\\/#breadcrumb\"},\"inLanguage\":\"de\",\"potentialAction\":[{\"@type\":\"ReadAction\",\"target\":[\"https:\\\/\\\/auren.com\\\/de\\\/blog\\\/altersvorsorgereform-verabschiedet\\\/\"]}]},{\"@type\":\"ImageObject\",\"inLanguage\":\"de\",\"@id\":\"https:\\\/\\\/auren.com\\\/de\\\/blog\\\/altersvorsorgereform-verabschiedet\\\/#primaryimage\",\"url\":\"https:\\\/\\\/auren.com\\\/de\\\/wp-content\\\/uploads\\\/2026\\\/04\\\/Blog-Bilder-2026-_1_.webp\",\"contentUrl\":\"https:\\\/\\\/auren.com\\\/de\\\/wp-content\\\/uploads\\\/2026\\\/04\\\/Blog-Bilder-2026-_1_.webp\",\"width\":1920,\"height\":1080,\"caption\":\"Altersvorsorgereform 2026: Neues Altersvorsorgedepot ersetzt die Riester\u2011Rente\"},{\"@type\":\"BreadcrumbList\",\"@id\":\"https:\\\/\\\/auren.com\\\/de\\\/blog\\\/altersvorsorgereform-verabschiedet\\\/#breadcrumb\",\"itemListElement\":[{\"@type\":\"ListItem\",\"position\":1,\"name\":\"Home\",\"item\":\"https:\\\/\\\/auren.com\\\/de\\\/\"},{\"@type\":\"ListItem\",\"position\":2,\"name\":\"Altersvorsorgereform verabschiedet\"}]},{\"@type\":\"WebSite\",\"@id\":\"https:\\\/\\\/auren.com\\\/de\\\/#website\",\"url\":\"https:\\\/\\\/auren.com\\\/de\\\/\",\"name\":\"Auren\",\"description\":\"\",\"publisher\":{\"@id\":\"https:\\\/\\\/auren.com\\\/de\\\/#organization\"},\"alternateName\":\"Auren\",\"potentialAction\":[{\"@type\":\"SearchAction\",\"target\":{\"@type\":\"EntryPoint\",\"urlTemplate\":\"https:\\\/\\\/auren.com\\\/de\\\/?s={search_term_string}\"},\"query-input\":{\"@type\":\"PropertyValueSpecification\",\"valueRequired\":true,\"valueName\":\"search_term_string\"}}],\"inLanguage\":\"de\"},{\"@type\":\"Organization\",\"@id\":\"https:\\\/\\\/auren.com\\\/de\\\/#organization\",\"name\":\"Auren Deutschland\",\"url\":\"https:\\\/\\\/auren.com\\\/de\\\/\",\"logo\":{\"@type\":\"ImageObject\",\"inLanguage\":\"de\",\"@id\":\"https:\\\/\\\/auren.com\\\/de\\\/#\\\/schema\\\/logo\\\/image\\\/\",\"url\":\"https:\\\/\\\/auren.com\\\/de\\\/wp-content\\\/uploads\\\/2025\\\/01\\\/cropped-cropped-favicon-Auren.png\",\"contentUrl\":\"https:\\\/\\\/auren.com\\\/de\\\/wp-content\\\/uploads\\\/2025\\\/01\\\/cropped-cropped-favicon-Auren.png\",\"width\":512,\"height\":512,\"caption\":\"Auren Deutschland\"},\"image\":{\"@id\":\"https:\\\/\\\/auren.com\\\/de\\\/#\\\/schema\\\/logo\\\/image\\\/\"},\"sameAs\":[\"https:\\\/\\\/www.facebook.com\\\/aurendeutschland\",\"https:\\\/\\\/de.linkedin.com\\\/organization-guest\\\/company\\\/auren-deutschland\",\"https:\\\/\\\/www.youtube.com\\\/@aurendeutschland\",\"https:\\\/\\\/www.instagram.com\\\/aurendeutschland\\\/\"]}]}<\/script>\n<!-- \/ Yoast SEO plugin. -->","yoast_head_json":{"title":"Altersvorsorgereform verabschiedet - Auren Germany","description":"Die Altersvorsorgereform ist beschlossen: Ab 2027 ersetzt ein neues Vorsorgedepot die Riester\u2011Rente. Was gilt f\u00fcr bestehende Vertr\u00e4ge und neue F\u00f6rderungen?","robots":{"index":"index","follow":"follow","max-snippet":"max-snippet:-1","max-image-preview":"max-image-preview:large","max-video-preview":"max-video-preview:-1"},"canonical":"https:\/\/auren.com\/de\/blog\/altersvorsorgereform-verabschiedet\/","og_locale":"de_DE","og_type":"article","og_title":"Altersvorsorgereform verabschiedet - Auren Germany","og_description":"Die Altersvorsorgereform ist beschlossen: Ab 2027 ersetzt ein neues Vorsorgedepot die Riester\u2011Rente. Was gilt f\u00fcr bestehende Vertr\u00e4ge und neue F\u00f6rderungen?","og_url":"https:\/\/auren.com\/de\/blog\/altersvorsorgereform-verabschiedet\/","og_site_name":"Auren Germany","article_publisher":"https:\/\/www.facebook.com\/aurendeutschland","og_image":[{"width":1920,"height":1080,"url":"https:\/\/auren.com\/de\/wp-content\/uploads\/2026\/04\/Blog-Bilder-2026-_1_.webp","type":"image\/webp"}],"twitter_card":"summary_large_image","twitter_misc":{"Gesch\u00e4tzte Lesezeit":"3\u00a0Minuten"},"schema":{"@context":"https:\/\/schema.org","@graph":[{"@type":"WebPage","@id":"https:\/\/auren.com\/de\/blog\/altersvorsorgereform-verabschiedet\/","url":"https:\/\/auren.com\/de\/blog\/altersvorsorgereform-verabschiedet\/","name":"Altersvorsorgereform verabschiedet - Auren Germany","isPartOf":{"@id":"https:\/\/auren.com\/de\/#website"},"primaryImageOfPage":{"@id":"https:\/\/auren.com\/de\/blog\/altersvorsorgereform-verabschiedet\/#primaryimage"},"image":{"@id":"https:\/\/auren.com\/de\/blog\/altersvorsorgereform-verabschiedet\/#primaryimage"},"thumbnailUrl":"https:\/\/auren.com\/de\/wp-content\/uploads\/2026\/04\/Blog-Bilder-2026-_1_.webp","datePublished":"2026-04-30T09:34:35+00:00","description":"Die Altersvorsorgereform ist beschlossen: Ab 2027 ersetzt ein neues Vorsorgedepot die Riester\u2011Rente. Was gilt f\u00fcr bestehende Vertr\u00e4ge und neue F\u00f6rderungen?","breadcrumb":{"@id":"https:\/\/auren.com\/de\/blog\/altersvorsorgereform-verabschiedet\/#breadcrumb"},"inLanguage":"de","potentialAction":[{"@type":"ReadAction","target":["https:\/\/auren.com\/de\/blog\/altersvorsorgereform-verabschiedet\/"]}]},{"@type":"ImageObject","inLanguage":"de","@id":"https:\/\/auren.com\/de\/blog\/altersvorsorgereform-verabschiedet\/#primaryimage","url":"https:\/\/auren.com\/de\/wp-content\/uploads\/2026\/04\/Blog-Bilder-2026-_1_.webp","contentUrl":"https:\/\/auren.com\/de\/wp-content\/uploads\/2026\/04\/Blog-Bilder-2026-_1_.webp","width":1920,"height":1080,"caption":"Altersvorsorgereform 2026: Neues Altersvorsorgedepot ersetzt die Riester\u2011Rente"},{"@type":"BreadcrumbList","@id":"https:\/\/auren.com\/de\/blog\/altersvorsorgereform-verabschiedet\/#breadcrumb","itemListElement":[{"@type":"ListItem","position":1,"name":"Home","item":"https:\/\/auren.com\/de\/"},{"@type":"ListItem","position":2,"name":"Altersvorsorgereform verabschiedet"}]},{"@type":"WebSite","@id":"https:\/\/auren.com\/de\/#website","url":"https:\/\/auren.com\/de\/","name":"Auren","description":"","publisher":{"@id":"https:\/\/auren.com\/de\/#organization"},"alternateName":"Auren","potentialAction":[{"@type":"SearchAction","target":{"@type":"EntryPoint","urlTemplate":"https:\/\/auren.com\/de\/?s={search_term_string}"},"query-input":{"@type":"PropertyValueSpecification","valueRequired":true,"valueName":"search_term_string"}}],"inLanguage":"de"},{"@type":"Organization","@id":"https:\/\/auren.com\/de\/#organization","name":"Auren Deutschland","url":"https:\/\/auren.com\/de\/","logo":{"@type":"ImageObject","inLanguage":"de","@id":"https:\/\/auren.com\/de\/#\/schema\/logo\/image\/","url":"https:\/\/auren.com\/de\/wp-content\/uploads\/2025\/01\/cropped-cropped-favicon-Auren.png","contentUrl":"https:\/\/auren.com\/de\/wp-content\/uploads\/2025\/01\/cropped-cropped-favicon-Auren.png","width":512,"height":512,"caption":"Auren Deutschland"},"image":{"@id":"https:\/\/auren.com\/de\/#\/schema\/logo\/image\/"},"sameAs":["https:\/\/www.facebook.com\/aurendeutschland","https:\/\/de.linkedin.com\/organization-guest\/company\/auren-deutschland","https:\/\/www.youtube.com\/@aurendeutschland","https:\/\/www.instagram.com\/aurendeutschland\/"]}]}},"_links":{"self":[{"href":"https:\/\/auren.com\/de\/wp-json\/wp\/v2\/blog\/923519","targetHints":{"allow":["GET"]}}],"collection":[{"href":"https:\/\/auren.com\/de\/wp-json\/wp\/v2\/blog"}],"about":[{"href":"https:\/\/auren.com\/de\/wp-json\/wp\/v2\/types\/blog"}],"version-history":[{"count":1,"href":"https:\/\/auren.com\/de\/wp-json\/wp\/v2\/blog\/923519\/revisions"}],"predecessor-version":[{"id":923522,"href":"https:\/\/auren.com\/de\/wp-json\/wp\/v2\/blog\/923519\/revisions\/923522"}],"wp:featuredmedia":[{"embeddable":true,"href":"https:\/\/auren.com\/de\/wp-json\/wp\/v2\/media\/923520"}],"wp:attachment":[{"href":"https:\/\/auren.com\/de\/wp-json\/wp\/v2\/media?parent=923519"}],"wp:term":[{"taxonomy":"blog-category","embeddable":true,"href":"https:\/\/auren.com\/de\/wp-json\/wp\/v2\/blog-category?post=923519"}],"curies":[{"name":"wp","href":"https:\/\/api.w.org\/{rel}","templated":true}]}}