{"id":927825,"date":"2026-04-30T14:33:58","date_gmt":"2026-04-30T12:33:58","guid":{"rendered":"https:\/\/auren.com\/de\/?post_type=blog&#038;p=927825"},"modified":"2026-04-29T14:35:38","modified_gmt":"2026-04-29T12:35:38","slug":"nachhaltigkeitsberichterstattung-omnibus-i","status":"publish","type":"blog","link":"https:\/\/auren.com\/de\/blog\/nachhaltigkeitsberichterstattung-omnibus-i\/","title":{"rendered":"Nachhaltigkeitsberichterstattung: EU lockert Pflichten deutlich \u2013 was Omnibus\u202fI wirklich bedeutet"},"content":{"rendered":"\n<p>Die EU justiert ihre Nachhaltigkeitsregulierung neu: Fristen werden verschoben, Schwellenwerte deutlich angehoben und insbesondere Mittelstand sowie kleinere Lieferanten sp\u00fcrbar entlastet. Mit dem sogenannten <strong>Omnibus\u2011I\u2011Paket<\/strong> will Br\u00fcssel B\u00fcrokratie abbauen \u2013 ohne das Thema Nachhaltigkeit grunds\u00e4tzlich von der Agenda zu nehmen.<\/p>\n\n\n\n<h2 class=\"wp-block-heading\"><strong>Was \u00e4ndert sich bei der Nachhaltigkeitsberichterstattung?<\/strong><\/h2>\n\n\n\n<p>Seit dem <strong>18. M\u00e4rz<\/strong> gelten die \u00c4nderungen des ersten Omnibus\u2011Pakets, die am <strong>26. Februar<\/strong> im Amtsblatt der EU ver\u00f6ffentlicht wurden.<\/p>\n\n\n\n<p>Mit <strong>Omnibus<\/strong><strong>\u202fI<\/strong> hat die EU sowohl die Verschiebung der Berichterstattung nach der <strong>Corporate Sustainability Reporting Directive (CSRD)<\/strong> beschlossen als auch deren Anwendungsbereich angepasst und die Anforderungen an Unternehmen abgeschw\u00e4cht. Die \u00c4nderungen zur Nachhaltigkeitsberichterstattung m\u00fcssen bis zum <strong>19. M\u00e4rz 2027<\/strong> in nationales Recht umgesetzt werden.<\/p>\n\n\n\n<h2 class=\"wp-block-heading\"><strong>Was steckt hinter Omnibus<\/strong><strong>\u202fI?<\/strong><\/h2>\n\n\n\n<p>Mit der <strong>Richtlinie (EU) 2026\/470<\/strong> setzt die EU ihr Vereinfachungspaket f\u00fcr <strong>CSRD<\/strong> (Corporate Sustainability Reporting Directive) und <strong>CSDDD<\/strong> (Corporate Sustainability Due Diligence Directive) verbindlich um. Ziel ist es, den administrativen Aufwand zu reduzieren, die Wettbewerbsf\u00e4higkeit europ\u00e4ischer Unternehmen zu st\u00e4rken und die teils erhebliche Komplexit\u00e4t der bisherigen Vorgaben zu entsch\u00e4rfen.<\/p>\n\n\n\n<p>Der Grundgedanke bleibt bestehen: <strong>Sehr gro\u00dfe Unternehmen<\/strong> sollen transparent darlegen, wie sie mit Umwelt\u2011, Sozial\u2011 und Governance\u2011Risiken umgehen und welche Sorgfalt sie in ihren Wertsch\u00f6pfungsketten walten lassen.<\/p>\n\n\n\n<h2 class=\"wp-block-heading\"><strong>CSRD: Wer k\u00fcnftig noch berichten muss<\/strong><\/h2>\n\n\n\n<p>Kern der Reform ist eine <strong>deutliche Eingrenzung des Anwendungsbereichs<\/strong>. Eine verpflichtende Nachhaltigkeitsberichterstattung gilt k\u00fcnftig nur noch f\u00fcr Unternehmen, die <strong>beide<\/strong> folgenden Schwellen \u00fcberschreiten:<\/p>\n\n\n\n<ul class=\"wp-block-list\">\n<li>mehr als <strong>450 Mio. Euro Nettoumsatz<\/strong> und<\/li>\n\n\n\n<li>mehr als <strong>1.000 Besch\u00e4ftigte<\/strong><\/li>\n<\/ul>\n\n\n\n<h2 class=\"wp-block-heading\"><strong>Sonderregeln f\u00fcr bereits berichtspflichtige Unternehmen<\/strong><\/h2>\n\n\n\n<p>Gro\u00dfe kapitalmarktorientierte Unternehmen der sogenannten <strong>\u201eWelle<\/strong><strong>\u202f1<\/strong><strong>\u201c<\/strong>, die bereits heute berichten, bleiben grunds\u00e4tzlich im CSRD\u2011Regime, sofern sie mehr als <strong>500 Mitarbeitende<\/strong> haben. Fallen sie jedoch unter die neuen materiellen Schwellen, k\u00f6nnen die Mitgliedstaaten sie <strong>optional f\u00fcr die Jahre 2025 und 2026<\/strong> aus der Berichtspflicht entlassen.<\/p>\n\n\n\n<h2 class=\"wp-block-heading\"><strong>St\u00e4rkere Konzernlogik<\/strong><\/h2>\n\n\n\n<p>Neu ist zudem eine ausgepr\u00e4gtere Konzernperspektive:<br>Ein <strong>Mutterunternehmen<\/strong> kann berichtspflichtig werden, wenn der Konzern insgesamt die Schwellen \u00fcberschreitet \u2013 auch wenn einzelne Tochtergesellschaften f\u00fcr sich genommen kleiner sind.<\/p>\n\n\n\n<p>Auch <strong>Drittstaatenunternehmen<\/strong> geraten in den Fokus, sobald ihre EU\u2011T\u00f6chter oder Niederlassungen <strong>mehr als 200 Mio. Euro Nettoumsatz<\/strong> im Binnenmarkt erzielen.<\/p>\n\n\n\n<h2 class=\"wp-block-heading\"><strong>Entlastung f\u00fcr kapitalmarktorientierte KMU<\/strong><\/h2>\n\n\n\n<p>B\u00f6rsennotierte KMU werden weitgehend aus der urspr\u00fcnglichen CSRD\u2011Pflicht herausgenommen bzw. ihre Pflichten <strong>deutlich nach hinten verschoben<\/strong>.<\/p>\n\n\n\n<h3 class=\"wp-block-heading\"><strong>Entlastung f\u00fcr KMU in der Lieferkette<\/strong><\/h3>\n\n\n\n<p>Besonders relevant f\u00fcr die Praxis sind die Erleichterungen entlang der Wertsch\u00f6pfungskette. Unternehmen mit <strong>weniger als 1.000 Besch\u00e4ftigten<\/strong> gelten als sogenannte <strong>\u201eprotected undertakings\u201c<\/strong>:<\/p>\n\n\n\n<ul class=\"wp-block-list\">\n<li>Sie k\u00f6nnen Informationsanfragen gro\u00dfer Kunden ablehnen,<\/li>\n\n\n\n<li>sofern diese \u00fcber den <strong>freiwilligen VSME\u2011Standard<\/strong> hinausgehen.<\/li>\n<\/ul>\n\n\n\n<p>Damit reagiert die EU auf eine zentrale Kritik: die faktische Berichtspflicht <strong>\u201edurch die Hintert\u00fcr\u201c<\/strong> f\u00fcr KMU als Zulieferer gro\u00dfer Unternehmen.<\/p>\n\n\n\n<p>Der <strong>freiwillige KMU\u2011Standard (VSME)<\/strong> wird aktuell \u00fcberarbeitet, erneut konsultiert und soll im <strong>Juni 2026<\/strong> final beschlossen werden. Parlament und Rat behalten ein Vetorecht.<\/p>\n\n\n\n<p>Auch inhaltlich wird entschlackt:<br>Die <strong>ESRS\u2011Standards<\/strong> werden gestrafft; branchenspezifische Anforderungen und einzelne Berichtselemente werden <strong>deutlich flexibler oder faktisch freiwillig<\/strong> ausgestaltet. F\u00fcr viele Unternehmen bedeutet das: strukturierte Nachhaltigkeitsberichterstattung \u2013 aber mit weniger Aufwand bei Datenerhebung, Dokumentation und Pr\u00fcfung.<\/p>\n\n\n\n<h2 class=\"wp-block-heading\"><strong>CSDDD: Sorgfaltspflichten nur noch f\u00fcr sehr gro\u00dfe Unternehmen<\/strong><\/h2>\n\n\n\n<p>Noch klarer f\u00e4llt der Fokus bei der <strong>CSDDD<\/strong> aus. Die verbindlichen Sorgfaltspflichten sollen k\u00fcnftig typischerweise erst greifen ab:<\/p>\n\n\n\n<ul class=\"wp-block-list\">\n<li>mehr als <strong>5.000 Besch\u00e4ftigten<\/strong> und<\/li>\n\n\n\n<li>\u00fcber <strong>1,5 Mrd. Euro weltweitem Umsatz<\/strong><\/li>\n<\/ul>\n\n\n\n<p>F\u00fcr <strong>Franchise\u2011 und Lizenzsysteme<\/strong> gelten erh\u00f6hte, spezifische Schwellen. Drittstaatenunternehmen werden einbezogen, wenn sie entsprechende Ums\u00e4tze in der EU erzielen, um Wettbewerbsverzerrungen zu vermeiden.<\/p>\n\n\n\n<h2 class=\"wp-block-heading\"><strong>Mehr Risikoorientierung, weniger Pauschalpflichten<\/strong><\/h2>\n\n\n\n<p>Inhaltlich bleibt die menschenrechtliche und umweltbezogene Sorgfaltspflicht erhalten, wird aber <strong>st\u00e4rker risikobasiert interpretiert<\/strong>:<\/p>\n\n\n\n<ul class=\"wp-block-list\">\n<li>Priorisierung nach <strong>Schwere und Eintrittswahrscheinlichkeit<\/strong><\/li>\n\n\n\n<li>Fokus zun\u00e4chst auf <strong>direkte Gesch\u00e4ftspartner<\/strong><\/li>\n\n\n\n<li>Vertiefte Analysen nur dort, <strong>wo keine anderen belastbaren Informationsquellen vorliegen<\/strong><\/li>\n<\/ul>\n\n\n\n<p>Bei Verst\u00f6\u00dfen r\u00fcckt die <strong>Aussetzung von Gesch\u00e4ftsbeziehungen<\/strong> als vorrangige Ma\u00dfnahme in den Vordergrund \u2013 statt eines sofortigen Abbruchs.<\/p>\n\n\n\n<h2 class=\"wp-block-heading\"><strong>Fristen, Umsetzung und Ausblick<\/strong><\/h2>\n\n\n\n<p>Die Zeitpl\u00e4ne wurden sp\u00fcrbar entzerrt:<\/p>\n\n\n\n<ul class=\"wp-block-list\">\n<li><strong>CSRD<\/strong>: Umsetzung in nationales Recht bis <strong>19. M\u00e4rz 2027<\/strong><\/li>\n\n\n\n<li><strong>CSDDD<\/strong>: Umsetzung bis <strong>26. Juli 2028<\/strong><\/li>\n\n\n\n<li><strong>Anwendung der CSDDD<\/strong> ab <strong>26. Juli 2029<\/strong>,<br>erste Berichte f\u00fcr Gesch\u00e4ftsjahre ab <strong>1. Januar 2030<\/strong><\/li>\n<\/ul>\n\n\n\n<p>Bereits zuvor hatte die Richtlinie <strong>(EU) 2025\/794 (\u201eStop the clock\u201c)<\/strong> die CSRD\u2011Einf\u00fchrung f\u00fcr Unternehmen der zweiten und dritten Welle sowie f\u00fcr b\u00f6rsennotierte KMU um <strong>zwei Jahre verschoben<\/strong>.<\/p>\n\n\n\n<h2 class=\"wp-block-heading\"><strong>Politisch noch nicht das letzte Wort<\/strong><\/h2>\n\n\n\n<p>Die EU\u2011Kommission plant <strong>Auslegungshilfen bis Juli 2027<\/strong> sowie eine <strong>erste \u00dcberpr\u00fcfung der CSDDD\u2011Schwellenwerte im Jahr 2031<\/strong>. Politisch bleibt offen, ob die aktuell stark fokussierte CSDDD k\u00fcnftig wieder ausgeweitet wird.<\/p>\n\n\n\n<p>Unternehmen sollten die gewonnene Zeit nutzen, um <strong>schlanke, belastbare ESG\u2011 und Sorgfaltsprozesse<\/strong> aufzusetzen \u2013 mit gen\u00fcgend Flexibilit\u00e4t, um bei einer erneuten Versch\u00e4rfung der Anforderungen nicht wieder bei null zu beginnen.<\/p>\n\n\n\n<h2 class=\"wp-block-heading\"><strong>Fazit<\/strong><\/h2>\n\n\n\n<p>Unternehmen, die k\u00fcnftig nicht mehr unter die CSRD\u2011Pflicht fallen, das Thema Nachhaltigkeit aber weiter strategisch besetzen m\u00f6chten, finden im <strong>VSME\u2011Standard<\/strong> eine praxistaugliche und verh\u00e4ltnism\u00e4\u00dfige Orientierung. Er erm\u00f6glicht eine strukturierte, freiwillige Berichterstattung \u2013 ohne den Aufwand und die Komplexit\u00e4t der vollumf\u00e4nglichen CSRD.<\/p>\n\n\n\n<p>Gerne unterst\u00fctzen wir Sie dabei <strong>individuell und mittelstandsgerecht<\/strong> \u2013 von der Einordnung Ihrer Berichtspflichten bis zur Umsetzung eines schlanken, zukunftsf\u00e4higen Nachhaltigkeitskonzepts.<\/p>\n","protected":false},"excerpt":{"rendered":"<p>Weniger Berichtspflichten, h\u00f6here Schwellenwerte, mehr Zeit:<br \/>\nMit Omnibus\u202fI ordnet die EU die Nachhaltigkeitsberichterstattung neu. CSRD und CSDDD gelten k\u00fcnftig nur noch f\u00fcr sehr gro\u00dfe Unternehmen \u2013 Mittelstand und KMU werden sp\u00fcrbar entlastet. <\/p>\n","protected":false},"featured_media":927911,"template":"","meta":{"_acf_changed":false,"footnotes":""},"blog-category":[],"class_list":["post-927825","blog","type-blog","status-publish","has-post-thumbnail","hentry"],"acf":[],"yoast_head":"<!-- This site is optimized with the Yoast SEO plugin v27.5 - https:\/\/yoast.com\/product\/yoast-seo-wordpress\/ -->\n<title>Nachhaltigkeitsberichterstattung: EU lockert Pflichten deutlich \u2013 was Omnibus\u202fI wirklich bedeutet - Auren Germany<\/title>\n<meta name=\"description\" content=\"Omnibus\u202fI lockert die EU\u2011Regeln zur Nachhaltigkeitsberichterstattung deutlich. Neue Schwellenwerte, sp\u00e4tere Fristen und sp\u00fcrbare Entlastungen f\u00fcr Mittelstand und KMU. Jetzt einordnen.\" \/>\n<meta name=\"robots\" content=\"index, follow, max-snippet:-1, max-image-preview:large, max-video-preview:-1\" \/>\n<link rel=\"canonical\" href=\"https:\/\/auren.com\/de\/blog\/nachhaltigkeitsberichterstattung-omnibus-i\/\" \/>\n<meta property=\"og:locale\" content=\"de_DE\" \/>\n<meta property=\"og:type\" content=\"article\" \/>\n<meta property=\"og:title\" content=\"Nachhaltigkeitsberichterstattung: EU lockert Pflichten deutlich \u2013 was Omnibus\u202fI wirklich bedeutet - Auren Germany\" \/>\n<meta property=\"og:description\" content=\"Omnibus\u202fI lockert die EU\u2011Regeln zur Nachhaltigkeitsberichterstattung deutlich. Neue Schwellenwerte, sp\u00e4tere Fristen und sp\u00fcrbare Entlastungen f\u00fcr Mittelstand und KMU. Jetzt einordnen.\" \/>\n<meta property=\"og:url\" content=\"https:\/\/auren.com\/de\/blog\/nachhaltigkeitsberichterstattung-omnibus-i\/\" \/>\n<meta property=\"og:site_name\" content=\"Auren Germany\" \/>\n<meta property=\"article:publisher\" content=\"https:\/\/www.facebook.com\/aurendeutschland\" \/>\n<meta property=\"og:image\" content=\"https:\/\/auren.com\/de\/wp-content\/uploads\/2026\/04\/Blog-Bilder-2026-_1_-1.webp\" \/>\n\t<meta property=\"og:image:width\" content=\"1920\" \/>\n\t<meta property=\"og:image:height\" content=\"1080\" \/>\n\t<meta property=\"og:image:type\" content=\"image\/webp\" \/>\n<meta name=\"twitter:card\" content=\"summary_large_image\" \/>\n<meta name=\"twitter:label1\" content=\"Gesch\u00e4tzte Lesezeit\" \/>\n\t<meta name=\"twitter:data1\" content=\"5\u00a0Minuten\" \/>\n<script type=\"application\/ld+json\" class=\"yoast-schema-graph\">{\"@context\":\"https:\\\/\\\/schema.org\",\"@graph\":[{\"@type\":\"WebPage\",\"@id\":\"https:\\\/\\\/auren.com\\\/de\\\/blog\\\/nachhaltigkeitsberichterstattung-omnibus-i\\\/\",\"url\":\"https:\\\/\\\/auren.com\\\/de\\\/blog\\\/nachhaltigkeitsberichterstattung-omnibus-i\\\/\",\"name\":\"Nachhaltigkeitsberichterstattung: EU lockert Pflichten deutlich \u2013 was Omnibus\u202fI wirklich bedeutet - Auren Germany\",\"isPartOf\":{\"@id\":\"https:\\\/\\\/auren.com\\\/de\\\/#website\"},\"primaryImageOfPage\":{\"@id\":\"https:\\\/\\\/auren.com\\\/de\\\/blog\\\/nachhaltigkeitsberichterstattung-omnibus-i\\\/#primaryimage\"},\"image\":{\"@id\":\"https:\\\/\\\/auren.com\\\/de\\\/blog\\\/nachhaltigkeitsberichterstattung-omnibus-i\\\/#primaryimage\"},\"thumbnailUrl\":\"https:\\\/\\\/auren.com\\\/de\\\/wp-content\\\/uploads\\\/2026\\\/04\\\/Blog-Bilder-2026-_1_-1.webp\",\"datePublished\":\"2026-04-30T12:33:58+00:00\",\"description\":\"Omnibus\u202fI lockert die EU\u2011Regeln zur Nachhaltigkeitsberichterstattung deutlich. Neue Schwellenwerte, sp\u00e4tere Fristen und sp\u00fcrbare Entlastungen f\u00fcr Mittelstand und KMU. Jetzt einordnen.\",\"breadcrumb\":{\"@id\":\"https:\\\/\\\/auren.com\\\/de\\\/blog\\\/nachhaltigkeitsberichterstattung-omnibus-i\\\/#breadcrumb\"},\"inLanguage\":\"de\",\"potentialAction\":[{\"@type\":\"ReadAction\",\"target\":[\"https:\\\/\\\/auren.com\\\/de\\\/blog\\\/nachhaltigkeitsberichterstattung-omnibus-i\\\/\"]}]},{\"@type\":\"ImageObject\",\"inLanguage\":\"de\",\"@id\":\"https:\\\/\\\/auren.com\\\/de\\\/blog\\\/nachhaltigkeitsberichterstattung-omnibus-i\\\/#primaryimage\",\"url\":\"https:\\\/\\\/auren.com\\\/de\\\/wp-content\\\/uploads\\\/2026\\\/04\\\/Blog-Bilder-2026-_1_-1.webp\",\"contentUrl\":\"https:\\\/\\\/auren.com\\\/de\\\/wp-content\\\/uploads\\\/2026\\\/04\\\/Blog-Bilder-2026-_1_-1.webp\",\"width\":1920,\"height\":1080,\"caption\":\"EU reduziert Berichtspflichten zur Nachhaltigkeitsberichterstattung durch Omnibus\u2011I\u2011Paket\"},{\"@type\":\"BreadcrumbList\",\"@id\":\"https:\\\/\\\/auren.com\\\/de\\\/blog\\\/nachhaltigkeitsberichterstattung-omnibus-i\\\/#breadcrumb\",\"itemListElement\":[{\"@type\":\"ListItem\",\"position\":1,\"name\":\"Home\",\"item\":\"https:\\\/\\\/auren.com\\\/de\\\/\"},{\"@type\":\"ListItem\",\"position\":2,\"name\":\"Nachhaltigkeitsberichterstattung: EU lockert Pflichten deutlich \u2013 was Omnibus\u202fI wirklich bedeutet\"}]},{\"@type\":\"WebSite\",\"@id\":\"https:\\\/\\\/auren.com\\\/de\\\/#website\",\"url\":\"https:\\\/\\\/auren.com\\\/de\\\/\",\"name\":\"Auren\",\"description\":\"\",\"publisher\":{\"@id\":\"https:\\\/\\\/auren.com\\\/de\\\/#organization\"},\"alternateName\":\"Auren\",\"potentialAction\":[{\"@type\":\"SearchAction\",\"target\":{\"@type\":\"EntryPoint\",\"urlTemplate\":\"https:\\\/\\\/auren.com\\\/de\\\/?s={search_term_string}\"},\"query-input\":{\"@type\":\"PropertyValueSpecification\",\"valueRequired\":true,\"valueName\":\"search_term_string\"}}],\"inLanguage\":\"de\"},{\"@type\":\"Organization\",\"@id\":\"https:\\\/\\\/auren.com\\\/de\\\/#organization\",\"name\":\"Auren Deutschland\",\"url\":\"https:\\\/\\\/auren.com\\\/de\\\/\",\"logo\":{\"@type\":\"ImageObject\",\"inLanguage\":\"de\",\"@id\":\"https:\\\/\\\/auren.com\\\/de\\\/#\\\/schema\\\/logo\\\/image\\\/\",\"url\":\"https:\\\/\\\/auren.com\\\/de\\\/wp-content\\\/uploads\\\/2025\\\/01\\\/cropped-cropped-favicon-Auren.png\",\"contentUrl\":\"https:\\\/\\\/auren.com\\\/de\\\/wp-content\\\/uploads\\\/2025\\\/01\\\/cropped-cropped-favicon-Auren.png\",\"width\":512,\"height\":512,\"caption\":\"Auren Deutschland\"},\"image\":{\"@id\":\"https:\\\/\\\/auren.com\\\/de\\\/#\\\/schema\\\/logo\\\/image\\\/\"},\"sameAs\":[\"https:\\\/\\\/www.facebook.com\\\/aurendeutschland\",\"https:\\\/\\\/de.linkedin.com\\\/organization-guest\\\/company\\\/auren-deutschland\",\"https:\\\/\\\/www.youtube.com\\\/@aurendeutschland\",\"https:\\\/\\\/www.instagram.com\\\/aurendeutschland\\\/\"]}]}<\/script>\n<!-- \/ Yoast SEO plugin. -->","yoast_head_json":{"title":"Nachhaltigkeitsberichterstattung: EU lockert Pflichten deutlich \u2013 was Omnibus\u202fI wirklich bedeutet - Auren Germany","description":"Omnibus\u202fI lockert die EU\u2011Regeln zur Nachhaltigkeitsberichterstattung deutlich. Neue Schwellenwerte, sp\u00e4tere Fristen und sp\u00fcrbare Entlastungen f\u00fcr Mittelstand und KMU. Jetzt einordnen.","robots":{"index":"index","follow":"follow","max-snippet":"max-snippet:-1","max-image-preview":"max-image-preview:large","max-video-preview":"max-video-preview:-1"},"canonical":"https:\/\/auren.com\/de\/blog\/nachhaltigkeitsberichterstattung-omnibus-i\/","og_locale":"de_DE","og_type":"article","og_title":"Nachhaltigkeitsberichterstattung: EU lockert Pflichten deutlich \u2013 was Omnibus\u202fI wirklich bedeutet - Auren Germany","og_description":"Omnibus\u202fI lockert die EU\u2011Regeln zur Nachhaltigkeitsberichterstattung deutlich. Neue Schwellenwerte, sp\u00e4tere Fristen und sp\u00fcrbare Entlastungen f\u00fcr Mittelstand und KMU. Jetzt einordnen.","og_url":"https:\/\/auren.com\/de\/blog\/nachhaltigkeitsberichterstattung-omnibus-i\/","og_site_name":"Auren Germany","article_publisher":"https:\/\/www.facebook.com\/aurendeutschland","og_image":[{"width":1920,"height":1080,"url":"https:\/\/auren.com\/de\/wp-content\/uploads\/2026\/04\/Blog-Bilder-2026-_1_-1.webp","type":"image\/webp"}],"twitter_card":"summary_large_image","twitter_misc":{"Gesch\u00e4tzte Lesezeit":"5\u00a0Minuten"},"schema":{"@context":"https:\/\/schema.org","@graph":[{"@type":"WebPage","@id":"https:\/\/auren.com\/de\/blog\/nachhaltigkeitsberichterstattung-omnibus-i\/","url":"https:\/\/auren.com\/de\/blog\/nachhaltigkeitsberichterstattung-omnibus-i\/","name":"Nachhaltigkeitsberichterstattung: EU lockert Pflichten deutlich \u2013 was Omnibus\u202fI wirklich bedeutet - Auren Germany","isPartOf":{"@id":"https:\/\/auren.com\/de\/#website"},"primaryImageOfPage":{"@id":"https:\/\/auren.com\/de\/blog\/nachhaltigkeitsberichterstattung-omnibus-i\/#primaryimage"},"image":{"@id":"https:\/\/auren.com\/de\/blog\/nachhaltigkeitsberichterstattung-omnibus-i\/#primaryimage"},"thumbnailUrl":"https:\/\/auren.com\/de\/wp-content\/uploads\/2026\/04\/Blog-Bilder-2026-_1_-1.webp","datePublished":"2026-04-30T12:33:58+00:00","description":"Omnibus\u202fI lockert die EU\u2011Regeln zur Nachhaltigkeitsberichterstattung deutlich. Neue Schwellenwerte, sp\u00e4tere Fristen und sp\u00fcrbare Entlastungen f\u00fcr Mittelstand und KMU. Jetzt einordnen.","breadcrumb":{"@id":"https:\/\/auren.com\/de\/blog\/nachhaltigkeitsberichterstattung-omnibus-i\/#breadcrumb"},"inLanguage":"de","potentialAction":[{"@type":"ReadAction","target":["https:\/\/auren.com\/de\/blog\/nachhaltigkeitsberichterstattung-omnibus-i\/"]}]},{"@type":"ImageObject","inLanguage":"de","@id":"https:\/\/auren.com\/de\/blog\/nachhaltigkeitsberichterstattung-omnibus-i\/#primaryimage","url":"https:\/\/auren.com\/de\/wp-content\/uploads\/2026\/04\/Blog-Bilder-2026-_1_-1.webp","contentUrl":"https:\/\/auren.com\/de\/wp-content\/uploads\/2026\/04\/Blog-Bilder-2026-_1_-1.webp","width":1920,"height":1080,"caption":"EU reduziert Berichtspflichten zur Nachhaltigkeitsberichterstattung durch Omnibus\u2011I\u2011Paket"},{"@type":"BreadcrumbList","@id":"https:\/\/auren.com\/de\/blog\/nachhaltigkeitsberichterstattung-omnibus-i\/#breadcrumb","itemListElement":[{"@type":"ListItem","position":1,"name":"Home","item":"https:\/\/auren.com\/de\/"},{"@type":"ListItem","position":2,"name":"Nachhaltigkeitsberichterstattung: EU lockert Pflichten deutlich \u2013 was Omnibus\u202fI wirklich bedeutet"}]},{"@type":"WebSite","@id":"https:\/\/auren.com\/de\/#website","url":"https:\/\/auren.com\/de\/","name":"Auren","description":"","publisher":{"@id":"https:\/\/auren.com\/de\/#organization"},"alternateName":"Auren","potentialAction":[{"@type":"SearchAction","target":{"@type":"EntryPoint","urlTemplate":"https:\/\/auren.com\/de\/?s={search_term_string}"},"query-input":{"@type":"PropertyValueSpecification","valueRequired":true,"valueName":"search_term_string"}}],"inLanguage":"de"},{"@type":"Organization","@id":"https:\/\/auren.com\/de\/#organization","name":"Auren Deutschland","url":"https:\/\/auren.com\/de\/","logo":{"@type":"ImageObject","inLanguage":"de","@id":"https:\/\/auren.com\/de\/#\/schema\/logo\/image\/","url":"https:\/\/auren.com\/de\/wp-content\/uploads\/2025\/01\/cropped-cropped-favicon-Auren.png","contentUrl":"https:\/\/auren.com\/de\/wp-content\/uploads\/2025\/01\/cropped-cropped-favicon-Auren.png","width":512,"height":512,"caption":"Auren Deutschland"},"image":{"@id":"https:\/\/auren.com\/de\/#\/schema\/logo\/image\/"},"sameAs":["https:\/\/www.facebook.com\/aurendeutschland","https:\/\/de.linkedin.com\/organization-guest\/company\/auren-deutschland","https:\/\/www.youtube.com\/@aurendeutschland","https:\/\/www.instagram.com\/aurendeutschland\/"]}]}},"_links":{"self":[{"href":"https:\/\/auren.com\/de\/wp-json\/wp\/v2\/blog\/927825","targetHints":{"allow":["GET"]}}],"collection":[{"href":"https:\/\/auren.com\/de\/wp-json\/wp\/v2\/blog"}],"about":[{"href":"https:\/\/auren.com\/de\/wp-json\/wp\/v2\/types\/blog"}],"version-history":[{"count":2,"href":"https:\/\/auren.com\/de\/wp-json\/wp\/v2\/blog\/927825\/revisions"}],"predecessor-version":[{"id":927913,"href":"https:\/\/auren.com\/de\/wp-json\/wp\/v2\/blog\/927825\/revisions\/927913"}],"wp:featuredmedia":[{"embeddable":true,"href":"https:\/\/auren.com\/de\/wp-json\/wp\/v2\/media\/927911"}],"wp:attachment":[{"href":"https:\/\/auren.com\/de\/wp-json\/wp\/v2\/media?parent=927825"}],"wp:term":[{"taxonomy":"blog-category","embeddable":true,"href":"https:\/\/auren.com\/de\/wp-json\/wp\/v2\/blog-category?post=927825"}],"curies":[{"name":"wp","href":"https:\/\/api.w.org\/{rel}","templated":true}]}}