{"id":948669,"date":"2026-09-01T08:00:00","date_gmt":"2026-09-01T06:00:00","guid":{"rendered":"https:\/\/auren.com\/de\/?post_type=blog&#038;p=948669"},"modified":"2026-09-01T08:33:38","modified_gmt":"2026-09-01T06:33:38","slug":"fortfuehrung-der-geschaeftsfuehrertaetigkeit-nach-unternehmensverkauf","status":"publish","type":"blog","link":"https:\/\/auren.com\/de\/blog\/fortfuehrung-der-geschaeftsfuehrertaetigkeit-nach-unternehmensverkauf\/","title":{"rendered":"BFH: Zur Fortf\u00fchrung der Gesch\u00e4ftsf\u00fchrert\u00e4tigkeit nach Unternehmensverkauf"},"content":{"rendered":"\n<p class=\"wp-block-paragraph\">Der Bundesfinanzhof (BFH) hat sich dazu ge\u00e4u\u00dfert, wann im Rahmen eines Unternehmensverkaufs eine zus\u00e4tzliche Zahlung an den verkaufenden Gesellschafter-Gesch\u00e4ftsf\u00fchrer f\u00fcr die Fortf\u00fchrung der Gesch\u00e4ftsf\u00fchrert\u00e4tigkeit als Arbeitslohn oder als Teil des Ver\u00e4u\u00dferungspreises anzusehen ist.<\/p>\n\n\n\n<p class=\"wp-block-paragraph\">Ein Gesellschafter war zugleich Gesch\u00e4ftsf\u00fchrer einer GmbH. Im Zusammenhang mit dem Verkauf seiner Gesellschaftsanteile wurde mit dem K\u00e4ufer die Fortf\u00fchrung seiner Gesch\u00e4ftsf\u00fchrert\u00e4tigkeit f\u00fcr einen bestimmten Zeitraum vereinbart. Hierf\u00fcr war im Unternehmenskaufvertrag die Zahlung eines zus\u00e4tzlichen Betrages vorgesehen.<\/p>\n\n\n\n<h3 class=\"wp-block-heading\">Warum die steuerliche Einordnung entscheidend ist<\/h3>\n\n\n\n<p class=\"wp-block-paragraph\">Steuerlich ist zu kl\u00e4ren, ob dieser zus\u00e4tzliche Betrag einen Bestandteil des Kaufpreises darstellt oder eine Verg\u00fctung f\u00fcr die weitere T\u00e4tigkeit als Gesch\u00e4ftsf\u00fchrer. Das ist von Bedeutung, weil Arbeitslohn grunds\u00e4tzlich vollst\u00e4ndig der Besteuerung zum pers\u00f6nlichen Steuersatz unterliegt, w\u00e4hrend der Zusatzbetrag als Bestandteil des Verkaufspreises zum Ver\u00e4u\u00dferungsgewinn geh\u00f6rt und dem Teileink\u00fcnfteverfahren unterliegt, wovon nur 60 % des Ver\u00e4u\u00dferungspreises \u00fcberhaupt besteuert werden.<\/p>\n\n\n\n<p class=\"wp-block-paragraph\">Im konkreten Verfahren wollten die Kl\u00e4ger Eink\u00fcnfte von ca. 1 Mio. \u20ac als Ver\u00e4u\u00dferungsgewinn und einen Teil von 234.729 \u20ac als Arbeitslohn ber\u00fccksichtigt wissen. Das Finanzgericht (FG) sah dies anders. Der Zusatzbetrag f\u00fcr die Fortf\u00fchrung der Gesch\u00e4ftsf\u00fchrert\u00e4tigkeit sei vollst\u00e4ndig als Arbeitslohn mit dem pers\u00f6nlichen Steuersatz zu versteuern.<\/p>\n\n\n\n<h3 class=\"wp-block-heading\">Welche Kriterien der BFH f\u00fcr die Abgrenzung heranzieht<\/h3>\n\n\n\n<p class=\"wp-block-paragraph\">Hiergegen ist der BFH der Auffassung, dass es f\u00fcr die Abgrenzung auf den engeren wirtschaftlichen Zusammenhang ankommt, nicht allein darauf, wie die Vertragsparteien die Zahlung im Kaufvertrag bezeichnen. Es sei zu beleuchten, wof\u00fcr der Zusatzbetrag tats\u00e4chlich geleistet werde. Zun\u00e4chst sei zu pr\u00fcfen, ob die Zahlung enger mit dem Verkauf der Beteiligung oder mit der Arbeitsleistung des Gesch\u00e4ftsf\u00fchrers zusammenh\u00e4ngt. Weiterhin sei entscheidend, ob die zus\u00e4tzlich vereinbarte Verpflichtung eine eigenst\u00e4ndige wirtschaftliche Bedeutung habe. Sofern es an dieser fehle, ist die Zusatzzahlung als unselbstst\u00e4ndiger Teil der Zahlung des Ver\u00e4u\u00dferungspreises anzusehen.<\/p>\n\n\n\n<p class=\"wp-block-paragraph\">Der BFH hat dar\u00fcber hinaus ausdr\u00fccklich betont, dass die Qualit\u00e4t und Stabilit\u00e4t des Managements regelm\u00e4\u00dfig einen wertbildenden Faktor des Unternehmens darstellt.<\/p>\n\n\n\n<h3 class=\"wp-block-heading\">Bedeutung f\u00fcr die Gestaltung von Unternehmenskaufvertr\u00e4gen<\/h3>\n\n\n\n<p class=\"wp-block-paragraph\">Die Weiterbesch\u00e4ftigung eines bisherigen Gesellschafter-Gesch\u00e4ftsf\u00fchrers kann dazu dienen, den Unternehmens- bzw. Beteiligungswert f\u00fcr den K\u00e4ufer zu sichern. Die Weiterbesch\u00e4ftigung muss nicht bedeuten, dass ein daf\u00fcr ausgewiesener Kaufpreisbestandteil Arbeitslohn ist. Der BFH verlangt eine Gesamtw\u00fcrdigung aller Umst\u00e4nde des Einzelfalls. Untersucht werden muss, ob die Verpflichtung zur Fortf\u00fchrung der Gesch\u00e4ftsf\u00fchrert\u00e4tigkeit eine selbstst\u00e4ndige Gegenleistung darstellt oder lediglich Teil der Bedingungen war, unter denen der K\u00e4ufer bereit war, den vereinbarten Unternehmenspreis zu zahlen.<\/p>\n\n\n\n<p class=\"wp-block-paragraph\">Der BFH konnte den Rechtsstreit nicht abschlie\u00dfend entscheiden. Zur Kl\u00e4rung und Entscheidung verwies der BFH das Verfahren an das FG zur\u00fcck.<\/p>\n\n\n\n<p class=\"wp-block-paragraph\">F\u00fcr betroffene Unternehmens- oder Beteiligungsk\u00e4ufer bedeutet dies, dass die vom BFH formulierten Grunds\u00e4tze in Vertr\u00e4gen zum Ausdruck kommen sollten.<\/p>\n","protected":false},"excerpt":{"rendered":"<p>Beim Unternehmensverkauf kann die steuerliche Einordnung von Zusatzverg\u00fctungen f\u00fcr Gesch\u00e4ftsf\u00fchrer entscheidend sein. Der BFH konkretisiert die Abgrenzung zwischen Arbeitslohn und Ver\u00e4u\u00dferungsgewinn.<\/p>\n","protected":false},"featured_media":948677,"template":"","meta":{"_acf_changed":false,"footnotes":""},"blog-category":[],"class_list":["post-948669","blog","type-blog","status-publish","has-post-thumbnail","hentry"],"acf":[],"yoast_head":"<!-- This site is optimized with the Yoast SEO plugin v28.3 - https:\/\/yoast.com\/product\/yoast-seo-wordpress\/ -->\n<title>BFH: Zur Fortf\u00fchrung der Gesch\u00e4ftsf\u00fchrert\u00e4tigkeit nach Unternehmensverkauf - Auren Germany % %<\/title>\n<meta name=\"description\" content=\"Unternehmensverkauf und Gesch\u00e4ftsf\u00fchrert\u00e4tigkeit: Der BFH stellt klar, nach welchen Kriterien Zusatzverg\u00fctungen steuerlich einzuordnen sind.\" \/>\n<meta name=\"robots\" content=\"index, follow, max-snippet:-1, max-image-preview:large, max-video-preview:-1\" \/>\n<link rel=\"canonical\" href=\"https:\/\/auren.com\/de\/blog\/fortfuehrung-der-geschaeftsfuehrertaetigkeit-nach-unternehmensverkauf\/\" \/>\n<meta property=\"og:locale\" content=\"de_DE\" \/>\n<meta property=\"og:type\" content=\"article\" \/>\n<meta property=\"og:title\" content=\"BFH: Zur Fortf\u00fchrung der Gesch\u00e4ftsf\u00fchrert\u00e4tigkeit nach Unternehmensverkauf - Auren Germany % %\" \/>\n<meta property=\"og:description\" content=\"Unternehmensverkauf und Gesch\u00e4ftsf\u00fchrert\u00e4tigkeit: Der BFH stellt klar, nach welchen Kriterien Zusatzverg\u00fctungen steuerlich einzuordnen sind.\" \/>\n<meta property=\"og:url\" content=\"https:\/\/auren.com\/de\/blog\/fortfuehrung-der-geschaeftsfuehrertaetigkeit-nach-unternehmensverkauf\/\" \/>\n<meta property=\"og:site_name\" content=\"Auren Germany\" \/>\n<meta property=\"article:publisher\" content=\"https:\/\/www.facebook.com\/aurendeutschland\" \/>\n<meta property=\"article:modified_time\" content=\"2026-09-01T06:33:38+00:00\" \/>\n<meta property=\"og:image\" content=\"https:\/\/auren.com\/de\/wp-content\/uploads\/2026\/08\/Blog-Bilder-2026-_3_-scaled.webp\" \/>\n\t<meta property=\"og:image:width\" content=\"2560\" \/>\n\t<meta property=\"og:image:height\" content=\"1440\" \/>\n\t<meta property=\"og:image:type\" content=\"image\/webp\" \/>\n<meta name=\"twitter:card\" content=\"summary_large_image\" \/>\n<meta name=\"twitter:label1\" content=\"Gesch\u00e4tzte Lesezeit\" \/>\n\t<meta name=\"twitter:data1\" content=\"3\u00a0Minuten\" \/>\n<script type=\"application\/ld+json\" class=\"yoast-schema-graph\">{\"@context\":\"https:\\\/\\\/schema.org\",\"@graph\":[{\"@type\":\"WebPage\",\"@id\":\"https:\\\/\\\/auren.com\\\/de\\\/blog\\\/fortfuehrung-der-geschaeftsfuehrertaetigkeit-nach-unternehmensverkauf\\\/\",\"url\":\"https:\\\/\\\/auren.com\\\/de\\\/blog\\\/fortfuehrung-der-geschaeftsfuehrertaetigkeit-nach-unternehmensverkauf\\\/\",\"name\":\"BFH: Zur Fortf\u00fchrung der Gesch\u00e4ftsf\u00fchrert\u00e4tigkeit nach Unternehmensverkauf - Auren Germany % %\",\"isPartOf\":{\"@id\":\"https:\\\/\\\/auren.com\\\/de\\\/#website\"},\"primaryImageOfPage\":{\"@id\":\"https:\\\/\\\/auren.com\\\/de\\\/blog\\\/fortfuehrung-der-geschaeftsfuehrertaetigkeit-nach-unternehmensverkauf\\\/#primaryimage\"},\"image\":{\"@id\":\"https:\\\/\\\/auren.com\\\/de\\\/blog\\\/fortfuehrung-der-geschaeftsfuehrertaetigkeit-nach-unternehmensverkauf\\\/#primaryimage\"},\"thumbnailUrl\":\"https:\\\/\\\/auren.com\\\/de\\\/wp-content\\\/uploads\\\/2026\\\/08\\\/Blog-Bilder-2026-_3_-scaled.webp\",\"datePublished\":\"2026-09-01T06:00:00+00:00\",\"dateModified\":\"2026-09-01T06:33:38+00:00\",\"description\":\"Unternehmensverkauf und Gesch\u00e4ftsf\u00fchrert\u00e4tigkeit: Der BFH stellt klar, nach welchen Kriterien Zusatzverg\u00fctungen steuerlich einzuordnen sind.\",\"breadcrumb\":{\"@id\":\"https:\\\/\\\/auren.com\\\/de\\\/blog\\\/fortfuehrung-der-geschaeftsfuehrertaetigkeit-nach-unternehmensverkauf\\\/#breadcrumb\"},\"inLanguage\":\"de\",\"potentialAction\":[{\"@type\":\"ReadAction\",\"target\":[\"https:\\\/\\\/auren.com\\\/de\\\/blog\\\/fortfuehrung-der-geschaeftsfuehrertaetigkeit-nach-unternehmensverkauf\\\/\"]}]},{\"@type\":\"ImageObject\",\"inLanguage\":\"de\",\"@id\":\"https:\\\/\\\/auren.com\\\/de\\\/blog\\\/fortfuehrung-der-geschaeftsfuehrertaetigkeit-nach-unternehmensverkauf\\\/#primaryimage\",\"url\":\"https:\\\/\\\/auren.com\\\/de\\\/wp-content\\\/uploads\\\/2026\\\/08\\\/Blog-Bilder-2026-_3_-scaled.webp\",\"contentUrl\":\"https:\\\/\\\/auren.com\\\/de\\\/wp-content\\\/uploads\\\/2026\\\/08\\\/Blog-Bilder-2026-_3_-scaled.webp\",\"width\":2560,\"height\":1440,\"caption\":\"Vertragsverhandlung im Rahmen eines Unternehmensverkaufs und der steuerlichen Kaufpreisgestaltung\"},{\"@type\":\"BreadcrumbList\",\"@id\":\"https:\\\/\\\/auren.com\\\/de\\\/blog\\\/fortfuehrung-der-geschaeftsfuehrertaetigkeit-nach-unternehmensverkauf\\\/#breadcrumb\",\"itemListElement\":[{\"@type\":\"ListItem\",\"position\":1,\"name\":\"Home\",\"item\":\"https:\\\/\\\/auren.com\\\/de\\\/\"},{\"@type\":\"ListItem\",\"position\":2,\"name\":\"BFH: Zur Fortf\u00fchrung der Gesch\u00e4ftsf\u00fchrert\u00e4tigkeit nach Unternehmensverkauf\"}]},{\"@type\":\"WebSite\",\"@id\":\"https:\\\/\\\/auren.com\\\/de\\\/#website\",\"url\":\"https:\\\/\\\/auren.com\\\/de\\\/\",\"name\":\"Auren\",\"description\":\"\",\"publisher\":{\"@id\":\"https:\\\/\\\/auren.com\\\/de\\\/#organization\"},\"alternateName\":\"Auren\",\"potentialAction\":[{\"@type\":\"SearchAction\",\"target\":{\"@type\":\"EntryPoint\",\"urlTemplate\":\"https:\\\/\\\/auren.com\\\/de\\\/?s={search_term_string}\"},\"query-input\":{\"@type\":\"PropertyValueSpecification\",\"valueRequired\":true,\"valueName\":\"search_term_string\"}}],\"inLanguage\":\"de\"},{\"@type\":\"Organization\",\"@id\":\"https:\\\/\\\/auren.com\\\/de\\\/#organization\",\"name\":\"Auren Deutschland\",\"url\":\"https:\\\/\\\/auren.com\\\/de\\\/\",\"logo\":{\"@type\":\"ImageObject\",\"inLanguage\":\"de\",\"@id\":\"https:\\\/\\\/auren.com\\\/de\\\/#\\\/schema\\\/logo\\\/image\\\/\",\"url\":\"https:\\\/\\\/auren.com\\\/de\\\/wp-content\\\/uploads\\\/2025\\\/01\\\/cropped-cropped-favicon-Auren.png\",\"contentUrl\":\"https:\\\/\\\/auren.com\\\/de\\\/wp-content\\\/uploads\\\/2025\\\/01\\\/cropped-cropped-favicon-Auren.png\",\"width\":512,\"height\":512,\"caption\":\"Auren Deutschland\"},\"image\":{\"@id\":\"https:\\\/\\\/auren.com\\\/de\\\/#\\\/schema\\\/logo\\\/image\\\/\"},\"sameAs\":[\"https:\\\/\\\/www.facebook.com\\\/aurendeutschland\",\"https:\\\/\\\/de.linkedin.com\\\/organization-guest\\\/company\\\/auren-deutschland\",\"https:\\\/\\\/www.youtube.com\\\/@aurendeutschland\",\"https:\\\/\\\/www.instagram.com\\\/aurendeutschland\\\/\"]}]}<\/script>\n<!-- \/ Yoast SEO plugin. -->","yoast_head_json":{"title":"BFH: Zur Fortf\u00fchrung der Gesch\u00e4ftsf\u00fchrert\u00e4tigkeit nach Unternehmensverkauf - Auren Germany % %","description":"Unternehmensverkauf und Gesch\u00e4ftsf\u00fchrert\u00e4tigkeit: Der BFH stellt klar, nach welchen Kriterien Zusatzverg\u00fctungen steuerlich einzuordnen sind.","robots":{"index":"index","follow":"follow","max-snippet":"max-snippet:-1","max-image-preview":"max-image-preview:large","max-video-preview":"max-video-preview:-1"},"canonical":"https:\/\/auren.com\/de\/blog\/fortfuehrung-der-geschaeftsfuehrertaetigkeit-nach-unternehmensverkauf\/","og_locale":"de_DE","og_type":"article","og_title":"BFH: Zur Fortf\u00fchrung der Gesch\u00e4ftsf\u00fchrert\u00e4tigkeit nach Unternehmensverkauf - Auren Germany % %","og_description":"Unternehmensverkauf und Gesch\u00e4ftsf\u00fchrert\u00e4tigkeit: Der BFH stellt klar, nach welchen Kriterien Zusatzverg\u00fctungen steuerlich einzuordnen sind.","og_url":"https:\/\/auren.com\/de\/blog\/fortfuehrung-der-geschaeftsfuehrertaetigkeit-nach-unternehmensverkauf\/","og_site_name":"Auren Germany","article_publisher":"https:\/\/www.facebook.com\/aurendeutschland","article_modified_time":"2026-09-01T06:33:38+00:00","og_image":[{"width":2560,"height":1440,"url":"https:\/\/auren.com\/de\/wp-content\/uploads\/2026\/08\/Blog-Bilder-2026-_3_-scaled.webp","type":"image\/webp"}],"twitter_card":"summary_large_image","twitter_misc":{"Gesch\u00e4tzte Lesezeit":"3\u00a0Minuten"},"schema":{"@context":"https:\/\/schema.org","@graph":[{"@type":"WebPage","@id":"https:\/\/auren.com\/de\/blog\/fortfuehrung-der-geschaeftsfuehrertaetigkeit-nach-unternehmensverkauf\/","url":"https:\/\/auren.com\/de\/blog\/fortfuehrung-der-geschaeftsfuehrertaetigkeit-nach-unternehmensverkauf\/","name":"BFH: Zur Fortf\u00fchrung der Gesch\u00e4ftsf\u00fchrert\u00e4tigkeit nach Unternehmensverkauf - Auren Germany % %","isPartOf":{"@id":"https:\/\/auren.com\/de\/#website"},"primaryImageOfPage":{"@id":"https:\/\/auren.com\/de\/blog\/fortfuehrung-der-geschaeftsfuehrertaetigkeit-nach-unternehmensverkauf\/#primaryimage"},"image":{"@id":"https:\/\/auren.com\/de\/blog\/fortfuehrung-der-geschaeftsfuehrertaetigkeit-nach-unternehmensverkauf\/#primaryimage"},"thumbnailUrl":"https:\/\/auren.com\/de\/wp-content\/uploads\/2026\/08\/Blog-Bilder-2026-_3_-scaled.webp","datePublished":"2026-09-01T06:00:00+00:00","dateModified":"2026-09-01T06:33:38+00:00","description":"Unternehmensverkauf und Gesch\u00e4ftsf\u00fchrert\u00e4tigkeit: Der BFH stellt klar, nach welchen Kriterien Zusatzverg\u00fctungen steuerlich einzuordnen sind.","breadcrumb":{"@id":"https:\/\/auren.com\/de\/blog\/fortfuehrung-der-geschaeftsfuehrertaetigkeit-nach-unternehmensverkauf\/#breadcrumb"},"inLanguage":"de","potentialAction":[{"@type":"ReadAction","target":["https:\/\/auren.com\/de\/blog\/fortfuehrung-der-geschaeftsfuehrertaetigkeit-nach-unternehmensverkauf\/"]}]},{"@type":"ImageObject","inLanguage":"de","@id":"https:\/\/auren.com\/de\/blog\/fortfuehrung-der-geschaeftsfuehrertaetigkeit-nach-unternehmensverkauf\/#primaryimage","url":"https:\/\/auren.com\/de\/wp-content\/uploads\/2026\/08\/Blog-Bilder-2026-_3_-scaled.webp","contentUrl":"https:\/\/auren.com\/de\/wp-content\/uploads\/2026\/08\/Blog-Bilder-2026-_3_-scaled.webp","width":2560,"height":1440,"caption":"Vertragsverhandlung im Rahmen eines Unternehmensverkaufs und der steuerlichen Kaufpreisgestaltung"},{"@type":"BreadcrumbList","@id":"https:\/\/auren.com\/de\/blog\/fortfuehrung-der-geschaeftsfuehrertaetigkeit-nach-unternehmensverkauf\/#breadcrumb","itemListElement":[{"@type":"ListItem","position":1,"name":"Home","item":"https:\/\/auren.com\/de\/"},{"@type":"ListItem","position":2,"name":"BFH: Zur Fortf\u00fchrung der Gesch\u00e4ftsf\u00fchrert\u00e4tigkeit nach Unternehmensverkauf"}]},{"@type":"WebSite","@id":"https:\/\/auren.com\/de\/#website","url":"https:\/\/auren.com\/de\/","name":"Auren","description":"","publisher":{"@id":"https:\/\/auren.com\/de\/#organization"},"alternateName":"Auren","potentialAction":[{"@type":"SearchAction","target":{"@type":"EntryPoint","urlTemplate":"https:\/\/auren.com\/de\/?s={search_term_string}"},"query-input":{"@type":"PropertyValueSpecification","valueRequired":true,"valueName":"search_term_string"}}],"inLanguage":"de"},{"@type":"Organization","@id":"https:\/\/auren.com\/de\/#organization","name":"Auren Deutschland","url":"https:\/\/auren.com\/de\/","logo":{"@type":"ImageObject","inLanguage":"de","@id":"https:\/\/auren.com\/de\/#\/schema\/logo\/image\/","url":"https:\/\/auren.com\/de\/wp-content\/uploads\/2025\/01\/cropped-cropped-favicon-Auren.png","contentUrl":"https:\/\/auren.com\/de\/wp-content\/uploads\/2025\/01\/cropped-cropped-favicon-Auren.png","width":512,"height":512,"caption":"Auren Deutschland"},"image":{"@id":"https:\/\/auren.com\/de\/#\/schema\/logo\/image\/"},"sameAs":["https:\/\/www.facebook.com\/aurendeutschland","https:\/\/de.linkedin.com\/organization-guest\/company\/auren-deutschland","https:\/\/www.youtube.com\/@aurendeutschland","https:\/\/www.instagram.com\/aurendeutschland\/"]}]}},"_links":{"self":[{"href":"https:\/\/auren.com\/de\/wp-json\/wp\/v2\/blog\/948669","targetHints":{"allow":["GET"]}}],"collection":[{"href":"https:\/\/auren.com\/de\/wp-json\/wp\/v2\/blog"}],"about":[{"href":"https:\/\/auren.com\/de\/wp-json\/wp\/v2\/types\/blog"}],"version-history":[{"count":1,"href":"https:\/\/auren.com\/de\/wp-json\/wp\/v2\/blog\/948669\/revisions"}],"predecessor-version":[{"id":948679,"href":"https:\/\/auren.com\/de\/wp-json\/wp\/v2\/blog\/948669\/revisions\/948679"}],"wp:featuredmedia":[{"embeddable":true,"href":"https:\/\/auren.com\/de\/wp-json\/wp\/v2\/media\/948677"}],"wp:attachment":[{"href":"https:\/\/auren.com\/de\/wp-json\/wp\/v2\/media?parent=948669"}],"wp:term":[{"taxonomy":"blog-category","embeddable":true,"href":"https:\/\/auren.com\/de\/wp-json\/wp\/v2\/blog-category?post=948669"}],"curies":[{"name":"wp","href":"https:\/\/api.w.org\/{rel}","templated":true}]}}