{"id":7401,"date":"2018-12-03T08:17:39","date_gmt":"2018-12-03T07:17:39","guid":{"rendered":"https:\/\/auren.com\/es\/blog\/las-novedades-legislativas-no-tienen-vacaciones-informacion-no-financiera\/"},"modified":"2018-12-03T08:17:39","modified_gmt":"2018-12-03T07:17:39","slug":"las-novedades-legislativas-no-tienen-vacaciones-informacion-no-financiera","status":"publish","type":"blog","link":"https:\/\/auren.com\/es\/blog\/las-novedades-legislativas-no-tienen-vacaciones-informacion-no-financiera\/","title":{"rendered":"Las novedades legislativas no tienen vacaciones: Informaci\u00f3n no financiera"},"content":{"rendered":"<p class=\"text-justify\">De un tiempo a esta parte la tendencia al alza de la informaci\u00f3n no&nbsp; financiera cada vez ha sido m\u00e1s evidente y muchas de las grandes corporaciones hoteleras ya han presentado sus primeros informes integrados basados en est\u00e1ndares internacionales de reporting donde se incluyen, adem\u00e1s de datos econ\u00f3micos, los principales riesgos del negocio, los objetivos empresariales de futuro, las reglas aplicadas de buen gobierno, as\u00ed como todos los aspectos relacionados con la protecci\u00f3n del medioambiente y el compromiso social de la entidad o grupo. Sin lugar a duda, una buena carta de presentaci\u00f3n tanto para inversores como para consumidores y resto de grupos interesados en el funcionamiento de las cadenas hoteleras.<\/p>\n<p class=\"text-justify\">Pero el tiempo pasa r\u00e1pido y lo que parec\u00eda lejano para empresas de tama\u00f1o inferior,&nbsp; en muy breve periodo de tiempo ser\u00e1 una obligaci\u00f3n real; &nbsp;ya lo dice el dicho o \u201ccambias o te cambian\u201d y para ello el legislador tiene buena mano.   <\/p>\n<p class=\"text-justify\">As\u00ed pues y tras la adaptaci\u00f3n \u201csui generis\u201d que de las normas europeas se hizo, el a\u00f1o pasado, mediante la aprobaci\u00f3n del Real Decreto-ley 18\/2017, de 24 de noviembre, por el que se modificaron el C\u00f3digo de Comercio, el texto refundido de la Ley de Sociedades de Capital aprobado por el Real Decreto Legislativo 1\/2010, de 2 de julio, y la Ley 22\/2015, de 20 de julio, de Auditor\u00eda de Cuentas, en materia de informaci\u00f3n no financiera y diversidad, ahora y con fecha 31 de Octubre, la Comisi\u00f3n de Econom\u00eda y Empresa del Congreso de los Diputados ha aprobado un proyecto de Ley que ampl\u00eda tanto los contenidos como &nbsp;los obligados a presentar informaci\u00f3n no financiera. Del proyecto de Ley destacamos lo siguiente:   <\/p>\n<p class=\"text-justify\"><strong>1.- \u00bfQui\u00e9n estar\u00e1 obligado a presentar informaci\u00f3n no financiera? <\/strong>   <\/p>\n<p class=\"text-justify\">Los grupos consolidados de empresas y compa\u00f1\u00edas individuales cuyo n\u00famero medio de empleados sea superior a 500 <strong>y que o&nbsp; bien<\/strong>, tengan la consideraci\u00f3n de entidades de inter\u00e9s p\u00fablico de conformidad con la legislaci\u00f3n de auditor\u00eda de cuentas, <strong>o bien<\/strong>, durante dos ejercicios consecutivos re\u00fanan, a la fecha de cierre de cada uno de ellos, al menos dos de las circunstancias siguientes: &nbsp;Que el total de las partidas del activo consolidado sea superior a 20 millones de euros, que el importe neto de la cifra anual de negocios consolidada supere los 40 millones de euros, o que el n\u00famero medio de trabajadores empleados durante el ejercicio sea superior a 250.   <\/p>\n<p class=\"text-justify\">Tres a\u00f1os despu\u00e9s de la entrada en vigor de esta Ley, el primer requisito previsto para contraer la obligaci\u00f3n de incluir informaci\u00f3n financiera se ver\u00e1 reducido a los 250 empleados.   <\/p>\n<p class=\"text-justify\">Aunque el grupo de obligados queda relegado a las denominadas empresas de tama\u00f1o grande, el sector tur\u00edstico y concretamente el sector hotelero por su utilizaci\u00f3n extensiva de recursos humanos y activos inmobiliarios, puede ser uno de los mas afectados por esta normativa.   <\/p>\n<p class=\"text-justify\"><strong>2.- \u00bfQu\u00e9 informaci\u00f3n se deber\u00e1 incluir?<\/strong>   <\/p>\n<p class=\"text-justify\">Seg\u00fan el contenido del proyecto de Ley aprobado por el Congreso, el estado de informaci\u00f3n no financiera incluir\u00e1:   <\/p>\n<ul class=\"text-justify\">\n<li class=\"text-justify\">Descripci\u00f3n del modelo de negocio, de pol\u00edticas y procedimientos de diligencia debida en el gobierno de la entidad o grupo.   <\/li>\n<li class=\"text-justify\">Indicadores clave de la informaci\u00f3n no financiera, de acuerdo con marcos nacionales, europeos o internacionales que permitan la comparaci\u00f3n entre compa\u00f1\u00edas y evaluaci\u00f3n de los progresos.   <\/li>\n<li class=\"text-justify\">Riesgos con las cuestiones vinculadas a las actividades.   <\/li>\n<li class=\"text-justify\">Informaci\u00f3n sobre cuestiones medioambientales, sociales y relativas al personal   <\/li>\n<li class=\"text-justify\">Informaci\u00f3n sobre el respeto a los derechos humanos y relativa a la lucha contra la corrupci\u00f3n y el soborno.   <\/li>\n<\/ul>\n<p class=\"text-justify\"><strong>3.- \u00bfC\u00f3mo y d\u00f3nde se deber\u00e1 incluir la informaci\u00f3n obligatoria?<\/strong>   <\/p>\n<p class=\"text-justify\">El informe de gesti\u00f3n, tanto en su versi\u00f3n consolidada como individual, incluir\u00e1 al menos cuando sea obligatorio, el estado de informaci\u00f3n no financiera de la compa\u00f1\u00eda o grupo consolidado. Se entender\u00e1 que se cumple con la obligaci\u00f3n de informaci\u00f3n, si la misma se emite en un informe separado, correspondiente al mismo ejercicio, en el que se indique de forma expresa que su informaci\u00f3n forma parte del informe de gesti\u00f3n, y se someta a los mismos criterios de elaboraci\u00f3n, aprobaci\u00f3n, dep\u00f3sito y publicaci\u00f3n que el informe de gesti\u00f3n.&nbsp;   <\/p>\n<p class=\"text-justify\">El informe de gesti\u00f3n de los grupos consolidados (no aplica, cuando se trate de informes de gesti\u00f3n de empresas individuales) se pondr\u00e1 a disposici\u00f3n del p\u00fablico, de forma gratuita y ser\u00e1 f\u00e1cilmente accesible en la p\u00e1gina web de los mismos, dentro de los seis meses posteriores a la fecha de finalizaci\u00f3n del a\u00f1o financiero y por un periodo de cinco a\u00f1os.   <\/p>\n<p class=\"text-justify\">Seg\u00fan se desprende de la redacci\u00f3n del proyecto de Ley, la informaci\u00f3n incluida en el estado de informaci\u00f3n no financiera ser\u00e1 verificada por un prestador independiente de servicios de verificaci\u00f3n.   <\/p>\n<p class=\"text-justify\">Cuando un grupo de empresas o compa\u00f1\u00eda, obligada a informar, no apliquen ninguna pol\u00edtica en alguna de las cuestiones previstas de ser incluidas en el estado de informaci\u00f3n no financiera se ofrecer\u00e1 una explicaci\u00f3n clara y motivada al respecto.   <\/p>\n<p class=\"text-justify\"><strong>4.- \u00bfCu\u00e1ndo ser\u00e1 de aplicaci\u00f3n la nueva normativa? <\/strong>   <\/p>\n<p class=\"text-justify\">Las modificaciones introducidas por esta Ley, en el caso de su aprobaci\u00f3n anterior a final de a\u00f1o, se prev\u00e9n de aplicaci\u00f3n para los ejercicios econ\u00f3micos que se inicien a partir del 1 de enero de 2018.   <\/p>\n<p class=\"text-justify\">Nos encontramos ya en la recta final del ejercicio y junto con la previsi\u00f3n de cierre y la preparaci\u00f3n del presupuesto siguiente, el gobierno corporativo del grupo o compa\u00f1\u00eda ha de plantearse si puede responder a la totalidad de los requerimientos de la Ley. Les aconsejamos que no lo dejen para \u00faltima hora, pues el volumen de informaci\u00f3n a preparar y facilitar es importante. &nbsp;   <\/p>\n<p class=\"text-justify\"><strong>M. Eug\u00e8nia Bailach, Auditora y socia de Auren<\/strong><\/p>\n<p>&nbsp; <\/p>\n<p><!-- AddThis Advanced Settings generic via filter on the_content --><!-- AddThis Share Buttons generic via filter on the_content --><\/p>\n","protected":false},"excerpt":{"rendered":"<p>De un tiempo a esta parte la tendencia al alza de la informaci\u00f3n no&nbsp; financiera cada vez ha sido m\u00e1s evidente y muchas de las grandes corporaciones hoteleras ya han presentado sus primeros informes integrados basados en est\u00e1ndares internacionales de reporting donde se incluyen, adem\u00e1s de datos econ\u00f3micos, los principales riesgos del negocio, los objetivos empresariales de futuro, las reglas aplicadas de buen gobierno, as\u00ed como todos los aspectos relacionados con la protecci\u00f3n del medioambiente y el compromiso social de la entidad o grupo. Sin lugar a duda, una buena carta de presentaci\u00f3n tanto para inversores como para consumidores y resto de grupos interesados en el funcionamiento de las cadenas hoteleras.<\/p>\n","protected":false},"featured_media":7402,"template":"","meta":{"_acf_changed":false,"footnotes":""},"blog-category":[],"class_list":["post-7401","blog","type-blog","status-publish","has-post-thumbnail","hentry"],"acf":[],"yoast_head":"<!-- This site is optimized with the Yoast SEO plugin v27.4 - https:\/\/yoast.com\/product\/yoast-seo-wordpress\/ -->\n<title>Las novedades legislativas no tienen vacaciones: Informaci\u00f3n no financiera - Auren Espa\u00f1a<\/title>\n<meta name=\"robots\" content=\"index, follow, max-snippet:-1, max-image-preview:large, max-video-preview:-1\" \/>\n<link rel=\"canonical\" href=\"https:\/\/auren.com\/es\/blog\/las-novedades-legislativas-no-tienen-vacaciones-informacion-no-financiera\/\" \/>\n<meta property=\"og:locale\" content=\"es_ES\" \/>\n<meta property=\"og:type\" content=\"article\" \/>\n<meta property=\"og:title\" content=\"Las novedades legislativas no tienen vacaciones: Informaci\u00f3n no financiera - Auren Espa\u00f1a\" \/>\n<meta property=\"og:description\" content=\"De un tiempo a esta parte la tendencia al alza de la informaci\u00f3n no&nbsp; financiera cada vez ha sido m\u00e1s evidente y muchas de las grandes corporaciones hoteleras ya han presentado sus primeros informes integrados basados en est\u00e1ndares internacionales de reporting donde se incluyen, adem\u00e1s de datos econ\u00f3micos, los principales riesgos del negocio, los objetivos empresariales de futuro, las reglas aplicadas de buen gobierno, as\u00ed como todos los aspectos relacionados con la protecci\u00f3n del medioambiente y el compromiso social de la entidad o grupo. Sin lugar a duda, una buena carta de presentaci\u00f3n tanto para inversores como para consumidores y resto de grupos interesados en el funcionamiento de las cadenas hoteleras.\" \/>\n<meta property=\"og:url\" content=\"https:\/\/auren.com\/es\/blog\/las-novedades-legislativas-no-tienen-vacaciones-informacion-no-financiera\/\" \/>\n<meta property=\"og:site_name\" content=\"Auren\" \/>\n<meta property=\"og:image\" content=\"https:\/\/auren.com\/es\/wp-content\/uploads\/2018\/12\/181130-las-novedades-legislativas-no-hacen-vacaciones.jpg\" \/>\n\t<meta property=\"og:image:width\" content=\"1920\" \/>\n\t<meta property=\"og:image:height\" content=\"655\" \/>\n\t<meta property=\"og:image:type\" content=\"image\/jpeg\" \/>\n<meta name=\"twitter:card\" content=\"summary_large_image\" \/>\n<meta name=\"twitter:site\" content=\"@auren_spain\" \/>\n<meta name=\"twitter:label1\" content=\"Tiempo de lectura\" \/>\n\t<meta name=\"twitter:data1\" content=\"5 minutos\" \/>\n<script type=\"application\/ld+json\" class=\"yoast-schema-graph\">{\"@context\":\"https:\\\/\\\/schema.org\",\"@graph\":[{\"@type\":\"WebPage\",\"@id\":\"https:\\\/\\\/auren.com\\\/es\\\/blog\\\/las-novedades-legislativas-no-tienen-vacaciones-informacion-no-financiera\\\/\",\"url\":\"https:\\\/\\\/auren.com\\\/es\\\/blog\\\/las-novedades-legislativas-no-tienen-vacaciones-informacion-no-financiera\\\/\",\"name\":\"Las novedades legislativas no tienen vacaciones: Informaci\u00f3n no financiera - Auren Espa\u00f1a\",\"isPartOf\":{\"@id\":\"https:\\\/\\\/auren.com\\\/es\\\/#website\"},\"primaryImageOfPage\":{\"@id\":\"https:\\\/\\\/auren.com\\\/es\\\/blog\\\/las-novedades-legislativas-no-tienen-vacaciones-informacion-no-financiera\\\/#primaryimage\"},\"image\":{\"@id\":\"https:\\\/\\\/auren.com\\\/es\\\/blog\\\/las-novedades-legislativas-no-tienen-vacaciones-informacion-no-financiera\\\/#primaryimage\"},\"thumbnailUrl\":\"https:\\\/\\\/auren.com\\\/es\\\/wp-content\\\/uploads\\\/2018\\\/12\\\/181130-las-novedades-legislativas-no-hacen-vacaciones.jpg\",\"datePublished\":\"2018-12-03T07:17:39+00:00\",\"breadcrumb\":{\"@id\":\"https:\\\/\\\/auren.com\\\/es\\\/blog\\\/las-novedades-legislativas-no-tienen-vacaciones-informacion-no-financiera\\\/#breadcrumb\"},\"inLanguage\":\"es\",\"potentialAction\":[{\"@type\":\"ReadAction\",\"target\":[\"https:\\\/\\\/auren.com\\\/es\\\/blog\\\/las-novedades-legislativas-no-tienen-vacaciones-informacion-no-financiera\\\/\"]}]},{\"@type\":\"ImageObject\",\"inLanguage\":\"es\",\"@id\":\"https:\\\/\\\/auren.com\\\/es\\\/blog\\\/las-novedades-legislativas-no-tienen-vacaciones-informacion-no-financiera\\\/#primaryimage\",\"url\":\"https:\\\/\\\/auren.com\\\/es\\\/wp-content\\\/uploads\\\/2018\\\/12\\\/181130-las-novedades-legislativas-no-hacen-vacaciones.jpg\",\"contentUrl\":\"https:\\\/\\\/auren.com\\\/es\\\/wp-content\\\/uploads\\\/2018\\\/12\\\/181130-las-novedades-legislativas-no-hacen-vacaciones.jpg\",\"width\":1920,\"height\":655},{\"@type\":\"BreadcrumbList\",\"@id\":\"https:\\\/\\\/auren.com\\\/es\\\/blog\\\/las-novedades-legislativas-no-tienen-vacaciones-informacion-no-financiera\\\/#breadcrumb\",\"itemListElement\":[{\"@type\":\"ListItem\",\"position\":1,\"name\":\"Portada\",\"item\":\"https:\\\/\\\/auren.com\\\/es\\\/\"},{\"@type\":\"ListItem\",\"position\":2,\"name\":\"Las novedades legislativas no tienen vacaciones: Informaci\u00f3n no financiera\"}]},{\"@type\":\"WebSite\",\"@id\":\"https:\\\/\\\/auren.com\\\/es\\\/#website\",\"url\":\"https:\\\/\\\/auren.com\\\/es\\\/\",\"name\":\"Auren\",\"description\":\"\",\"publisher\":{\"@id\":\"https:\\\/\\\/auren.com\\\/es\\\/#organization\"},\"alternateName\":\"Auren\",\"potentialAction\":[{\"@type\":\"SearchAction\",\"target\":{\"@type\":\"EntryPoint\",\"urlTemplate\":\"https:\\\/\\\/auren.com\\\/es\\\/?s={search_term_string}\"},\"query-input\":{\"@type\":\"PropertyValueSpecification\",\"valueRequired\":true,\"valueName\":\"search_term_string\"}}],\"inLanguage\":\"es\"},{\"@type\":\"Organization\",\"@id\":\"https:\\\/\\\/auren.com\\\/es\\\/#organization\",\"name\":\"Auren\",\"alternateName\":\"Auren\",\"url\":\"https:\\\/\\\/auren.com\\\/es\\\/\",\"logo\":{\"@type\":\"ImageObject\",\"inLanguage\":\"es\",\"@id\":\"https:\\\/\\\/auren.com\\\/es\\\/#\\\/schema\\\/logo\\\/image\\\/\",\"url\":\"https:\\\/\\\/auren.com\\\/es\\\/wp-content\\\/uploads\\\/2025\\\/01\\\/cropped-cropped-favicon-Auren.png\",\"contentUrl\":\"https:\\\/\\\/auren.com\\\/es\\\/wp-content\\\/uploads\\\/2025\\\/01\\\/cropped-cropped-favicon-Auren.png\",\"width\":512,\"height\":512,\"caption\":\"Auren\"},\"image\":{\"@id\":\"https:\\\/\\\/auren.com\\\/es\\\/#\\\/schema\\\/logo\\\/image\\\/\"},\"sameAs\":[\"https:\\\/\\\/x.com\\\/auren_spain\",\"https:\\\/\\\/www.linkedin.com\\\/company\\\/aurenspainserviciosprofesionales\",\"https:\\\/\\\/www.youtube.com\\\/@AurenEsp\",\"https:\\\/\\\/www.instagram.com\\\/auren_spain\"]}]}<\/script>\n<!-- \/ Yoast SEO plugin. -->","yoast_head_json":{"title":"Las novedades legislativas no tienen vacaciones: Informaci\u00f3n no financiera - Auren Espa\u00f1a","robots":{"index":"index","follow":"follow","max-snippet":"max-snippet:-1","max-image-preview":"max-image-preview:large","max-video-preview":"max-video-preview:-1"},"canonical":"https:\/\/auren.com\/es\/blog\/las-novedades-legislativas-no-tienen-vacaciones-informacion-no-financiera\/","og_locale":"es_ES","og_type":"article","og_title":"Las novedades legislativas no tienen vacaciones: Informaci\u00f3n no financiera - Auren Espa\u00f1a","og_description":"De un tiempo a esta parte la tendencia al alza de la informaci\u00f3n no&nbsp; financiera cada vez ha sido m\u00e1s evidente y muchas de las grandes corporaciones hoteleras ya han presentado sus primeros informes integrados basados en est\u00e1ndares internacionales de reporting donde se incluyen, adem\u00e1s de datos econ\u00f3micos, los principales riesgos del negocio, los objetivos empresariales de futuro, las reglas aplicadas de buen gobierno, as\u00ed como todos los aspectos relacionados con la protecci\u00f3n del medioambiente y el compromiso social de la entidad o grupo. Sin lugar a duda, una buena carta de presentaci\u00f3n tanto para inversores como para consumidores y resto de grupos interesados en el funcionamiento de las cadenas hoteleras.","og_url":"https:\/\/auren.com\/es\/blog\/las-novedades-legislativas-no-tienen-vacaciones-informacion-no-financiera\/","og_site_name":"Auren","og_image":[{"width":1920,"height":655,"url":"https:\/\/auren.com\/es\/wp-content\/uploads\/2018\/12\/181130-las-novedades-legislativas-no-hacen-vacaciones.jpg","type":"image\/jpeg"}],"twitter_card":"summary_large_image","twitter_site":"@auren_spain","twitter_misc":{"Tiempo de lectura":"5 minutos"},"schema":{"@context":"https:\/\/schema.org","@graph":[{"@type":"WebPage","@id":"https:\/\/auren.com\/es\/blog\/las-novedades-legislativas-no-tienen-vacaciones-informacion-no-financiera\/","url":"https:\/\/auren.com\/es\/blog\/las-novedades-legislativas-no-tienen-vacaciones-informacion-no-financiera\/","name":"Las novedades legislativas no tienen vacaciones: Informaci\u00f3n no financiera - Auren Espa\u00f1a","isPartOf":{"@id":"https:\/\/auren.com\/es\/#website"},"primaryImageOfPage":{"@id":"https:\/\/auren.com\/es\/blog\/las-novedades-legislativas-no-tienen-vacaciones-informacion-no-financiera\/#primaryimage"},"image":{"@id":"https:\/\/auren.com\/es\/blog\/las-novedades-legislativas-no-tienen-vacaciones-informacion-no-financiera\/#primaryimage"},"thumbnailUrl":"https:\/\/auren.com\/es\/wp-content\/uploads\/2018\/12\/181130-las-novedades-legislativas-no-hacen-vacaciones.jpg","datePublished":"2018-12-03T07:17:39+00:00","breadcrumb":{"@id":"https:\/\/auren.com\/es\/blog\/las-novedades-legislativas-no-tienen-vacaciones-informacion-no-financiera\/#breadcrumb"},"inLanguage":"es","potentialAction":[{"@type":"ReadAction","target":["https:\/\/auren.com\/es\/blog\/las-novedades-legislativas-no-tienen-vacaciones-informacion-no-financiera\/"]}]},{"@type":"ImageObject","inLanguage":"es","@id":"https:\/\/auren.com\/es\/blog\/las-novedades-legislativas-no-tienen-vacaciones-informacion-no-financiera\/#primaryimage","url":"https:\/\/auren.com\/es\/wp-content\/uploads\/2018\/12\/181130-las-novedades-legislativas-no-hacen-vacaciones.jpg","contentUrl":"https:\/\/auren.com\/es\/wp-content\/uploads\/2018\/12\/181130-las-novedades-legislativas-no-hacen-vacaciones.jpg","width":1920,"height":655},{"@type":"BreadcrumbList","@id":"https:\/\/auren.com\/es\/blog\/las-novedades-legislativas-no-tienen-vacaciones-informacion-no-financiera\/#breadcrumb","itemListElement":[{"@type":"ListItem","position":1,"name":"Portada","item":"https:\/\/auren.com\/es\/"},{"@type":"ListItem","position":2,"name":"Las novedades legislativas no tienen vacaciones: Informaci\u00f3n no financiera"}]},{"@type":"WebSite","@id":"https:\/\/auren.com\/es\/#website","url":"https:\/\/auren.com\/es\/","name":"Auren","description":"","publisher":{"@id":"https:\/\/auren.com\/es\/#organization"},"alternateName":"Auren","potentialAction":[{"@type":"SearchAction","target":{"@type":"EntryPoint","urlTemplate":"https:\/\/auren.com\/es\/?s={search_term_string}"},"query-input":{"@type":"PropertyValueSpecification","valueRequired":true,"valueName":"search_term_string"}}],"inLanguage":"es"},{"@type":"Organization","@id":"https:\/\/auren.com\/es\/#organization","name":"Auren","alternateName":"Auren","url":"https:\/\/auren.com\/es\/","logo":{"@type":"ImageObject","inLanguage":"es","@id":"https:\/\/auren.com\/es\/#\/schema\/logo\/image\/","url":"https:\/\/auren.com\/es\/wp-content\/uploads\/2025\/01\/cropped-cropped-favicon-Auren.png","contentUrl":"https:\/\/auren.com\/es\/wp-content\/uploads\/2025\/01\/cropped-cropped-favicon-Auren.png","width":512,"height":512,"caption":"Auren"},"image":{"@id":"https:\/\/auren.com\/es\/#\/schema\/logo\/image\/"},"sameAs":["https:\/\/x.com\/auren_spain","https:\/\/www.linkedin.com\/company\/aurenspainserviciosprofesionales","https:\/\/www.youtube.com\/@AurenEsp","https:\/\/www.instagram.com\/auren_spain"]}]}},"_links":{"self":[{"href":"https:\/\/auren.com\/es\/wp-json\/wp\/v2\/blog\/7401","targetHints":{"allow":["GET"]}}],"collection":[{"href":"https:\/\/auren.com\/es\/wp-json\/wp\/v2\/blog"}],"about":[{"href":"https:\/\/auren.com\/es\/wp-json\/wp\/v2\/types\/blog"}],"version-history":[{"count":0,"href":"https:\/\/auren.com\/es\/wp-json\/wp\/v2\/blog\/7401\/revisions"}],"wp:featuredmedia":[{"embeddable":true,"href":"https:\/\/auren.com\/es\/wp-json\/wp\/v2\/media\/7402"}],"wp:attachment":[{"href":"https:\/\/auren.com\/es\/wp-json\/wp\/v2\/media?parent=7401"}],"wp:term":[{"taxonomy":"blog-category","embeddable":true,"href":"https:\/\/auren.com\/es\/wp-json\/wp\/v2\/blog-category?post=7401"}],"curies":[{"name":"wp","href":"https:\/\/api.w.org\/{rel}","templated":true}]}}