{"id":7410,"date":"2018-11-19T12:49:39","date_gmt":"2018-11-19T11:49:39","guid":{"rendered":"https:\/\/auren.com\/es\/blog\/la-economia-circular-y-su-perspectiva-de-mercado\/"},"modified":"2018-11-19T12:49:39","modified_gmt":"2018-11-19T11:49:39","slug":"la-economia-circular-y-su-perspectiva-de-mercado","status":"publish","type":"blog","link":"https:\/\/auren.com\/es\/blog\/la-economia-circular-y-su-perspectiva-de-mercado\/","title":{"rendered":"La econom\u00eda circular y su perspectiva de mercado"},"content":{"rendered":"<p>La econom\u00eda circular es un sistema de aprovechamiento de recursos donde prima la reducci\u00f3n, la reutilizaci\u00f3n y el reciclaje de los elementos, y supone una intersecci\u00f3n de los aspectos ambientales y econ\u00f3micos.<\/p>\n<p>\u00ab<em>Una Europa que utilice eficazmente los recursos\u00bb<\/em>&nbsp;es una de las siete iniciativas emblem\u00e1ticas que forman parte de la <u>estrategia Europa 2020<\/u> que pretende generar un crecimiento inteligente, sostenible e integrador. Actualmente es la principal estrategia de Europa para generar crecimiento y empleo, con el respaldo del Parlamento Europeo y el Consejo Europeo.   <\/p>\n<p>Esta iniciativa pretende crear un marco pol\u00edtico destinado a apoyar el cambio a una econom\u00eda eficiente en el uso de los recursos y de baja emisi\u00f3n de carbono que nos ayude a:   <\/p>\n<p>&#8211;&nbsp;&nbsp; mejorar los resultados econ\u00f3micos al tiempo que se reduce el uso de los recursos;   <\/p>\n<p>&#8211;&nbsp;&nbsp; identificar y crear nuevas oportunidades de crecimiento econ\u00f3mico e impulsar la innovaci\u00f3n y la competitividad de la UE;   <\/p>\n<p>&#8211;&nbsp;&nbsp; garantizar la seguridad del suministro de recursos esenciales;   <\/p>\n<p>&#8211;&nbsp;&nbsp; luchar contra el cambio clim\u00e1tico y limitar los impactos medioambientales del uso de los recursos.   <\/p>\n<p>El sistema lineal de nuestra econom\u00eda (extracci\u00f3n, fabricaci\u00f3n, utilizaci\u00f3n y eliminaci\u00f3n) ha alcanzado sus l\u00edmites.&nbsp;Se empieza a vislumbrar, en efecto, el agotamiento de una serie de recursos naturales y de los combustibles f\u00f3siles.&nbsp;Por lo tanto, la econom\u00eda circular propone un nuevo modelo de sociedad que utiliza y optimiza los&nbsp;stocks&nbsp;y los flujos de materiales, energ\u00eda y residuos y su objetivo es&nbsp;la eficiencia del uso de los recursos.<\/p>\n<p>Actualmente tenemos implantado un modelo lineal que consiste en:<\/p>\n<p>Producir&nbsp;&nbsp;&nbsp;&nbsp; Usar&nbsp;&nbsp; Tirar<\/p>\n<p>Este modelo est\u00e1 llegando a su fin debido a la limitaci\u00f3n de recursos, y el nuevo modelo a poner en marcha es:   <\/p>\n<p>Reducir&nbsp;&nbsp;&nbsp; Reusar&nbsp;&nbsp;&nbsp; Reciclar   <\/p>\n<p>El sistema econ\u00f3mico vigente se desmarca diametralmente del ciclo de vida de la naturaleza y choca contra el desarrollo sostenible, enfocado al largo plazo. En la naturaleza no existen la basura ni los vertederos: todos los elementos cumplen una funci\u00f3n de manera continua y son reutilizados para su aprovechamiento en diferentes etapas. <\/p>\n<p>En el sistema de <strong>econom\u00eda circular<\/strong>, se prioriza la REDUCCI\u00d3N DE ELEMENTOS: minimizar la producci\u00f3n al m\u00ednimo indispensable, y cuando sea necesario hacer uso del producto, apostar por la reutilizaci\u00f3n de los elementos que por sus propiedades no pueden volver al medio ambiente.   <\/p>\n<p>La <strong>econom\u00eda circular<\/strong>, aboga por utilizar la mayor parte de materiales biodegradables posibles en la fabricaci\u00f3n de bienes de consumo \u2013nutrientes biol\u00f3gicos- para que \u00e9stos puedan volver a la naturaleza sin causar da\u00f1os medioambientales al agotar su vida \u00fatil. En los casos que no sea posible utilizar materiales eco-friendly \u2013nutrientes t\u00e9cnicos: componentes electr\u00f3nicos, met\u00e1licos, bater\u00edas&hellip;- el objetivo ser\u00e1 facilitar un desacople sencillo para darle una nueva vida reincorpor\u00e1ndolos al ciclo de producci\u00f3n y componer una nueva pieza. Cuando no sea posible, se reciclar\u00e1 de una manera respetuosa con el medio ambiente.&nbsp;<\/p>\n<p>A diferencia de otros modelos econ\u00f3micos donde prima el aspecto econ\u00f3mico por encima del social o medioambiental, la <strong>econom\u00eda circular<\/strong> supone una sustancial mejora com\u00fan tanto para las empresas como para para los consumidores. Las empresas que han puesto en pr\u00e1ctica este sistema est\u00e1n comprobando que reutilizar los recursos resulta mucho m\u00e1s rentable que crearlos desde cero. Como consecuencia, los precios de producci\u00f3n se reducen, de manera que el precio de venta tambi\u00e9n se ve rebajado, beneficiando as\u00ed al consumidor; no s\u00f3lo en lo econ\u00f3mico, sino tambi\u00e9n en la vertiente social y medioambiental.   <\/p>\n<p>&nbsp;<strong>PRINCIPIOS DE LA ECONOM\u00cdA CIRCULAR<\/strong><\/p>\n<p>Hay diez rasgos configuradores que definen c\u00f3mo debe funcionar la <strong>econom\u00eda circular<\/strong>:   <\/p>\n<ul>\n<li>El residuo se convierte en recurso: es la principal caracter\u00edstica. Todo el material biodegradable vuelve a la naturaleza y el que no es biodegradable se reutiliza.   <\/li>\n<li>El segundo uso: reintroducir en el circuito econ\u00f3mico aquellos productos que ya no corresponden a las necesidades iniciales de los consumidores.   <\/li>\n<li>La reutilizaci\u00f3n: reusar ciertos residuos o ciertas partes de los mismos, que todav\u00eda pueden funcionar para la elaboraci\u00f3n de nuevos productos.   <\/li>\n<li>La reparaci\u00f3n: encontrar una segunda vida a los productos estropeados.   <\/li>\n<li>El reciclaje: utilizar los materiales que se encuentran en los residuos.   <\/li>\n<li>La valorizaci\u00f3n: aprovechar energ\u00e9ticamente los residuos que no se pueden reciclar.   <\/li>\n<li>Econom\u00eda de la funcionalidad: la econom\u00eda circular propone eliminar la venta de productos en muchos casos para implantar un sistema de alquiler de bienes. Cuando el producto termina su funci\u00f3n principal, vuelve a la empresa, que lo desmontar\u00e1 para reutilizar sus piezas v\u00e1lidas.   <\/li>\n<li>Energ\u00eda de fuentes renovables: eliminaci\u00f3n de los combustibles f\u00f3siles para producir el producto,&nbsp;reutilizar y reciclar.   <\/li>\n<li>La eco-concepci\u00f3n: considera los impactos medioambientales a lo largo del ciclo de vida de un producto y los integra desde su concepci\u00f3n.   <\/li>\n<li>La ecolog\u00eda industrial y territorial: establecimiento de un modo de organizaci\u00f3n industrial en un mismo territorio caracterizado por una gesti\u00f3n optimizada de los stocks y de los flujos de materiales, energ\u00eda y servicios.   <\/li>\n<\/ul>\n<p>&nbsp;<strong>\u00bfC\u00d3MO ACTUAR?<\/strong><\/p>\n<ul>\n<li>Dise\u00f1ar sin residuos. Los residuos no existen cuando los componentes biol\u00f3gicos y t\u00e9cnicos (o \u00abmateriales\u00bb) de un producto se dise\u00f1an con el fin de adaptarse dentro de un ciclo de materiales biol\u00f3gicos o t\u00e9cnicos, y se dise\u00f1an para el desmontaje y la readaptaci\u00f3n   <\/li>\n<li>Aumentar la resilencia por medio de la diversidad. La modularidad, la versatilidad y la adaptabilidad son caracter\u00edsticas muy apreciadas a las que debe darse prioridad. Los sistemas diversos con muchas conexiones y escalas son m\u00e1s resilientes a los impactos externos que los sistemas construidos simplemente para maximizar la eficiencia y el rendimiento.   <\/li>\n<li>Trabajar hacia un uso de energ\u00eda de fuentes renovables. Los sistemas deber\u00edan tratar de funcionar fundamentalmente a partir de energ\u00eda renovable, lo que ser\u00eda posible por los valores reducidos de energ\u00eda que precisa una econom\u00eda circular. El sistema de producci\u00f3n agr\u00edcola funciona a partir de la actual energ\u00eda del sol, pero cantidades significativas de combustibles f\u00f3siles se utilizan en los fertilizantes, maquinaria agr\u00edcola, procesos y a trav\u00e9s de la cadena de suministro. Unos sistemas de alimentaci\u00f3n y agricultura m\u00e1s integrados reducir\u00edan la necesidad de insumos basados en combustibles f\u00f3siles y aprovechar\u00edan m\u00e1s el valor energ\u00e9tico de los subproductos y esti\u00e9rcoles.   <\/li>\n<li>Pensar en \u00absistemas\u00bb. La capacidad de comprender c\u00f3mo influyen entre s\u00ed las partes dentro de un todo y la relaci\u00f3n del todo con las partes, resulta fundamental. Los elementos se consideran en relaci\u00f3n con sus contextos medioambientales y sociales. El pensamiento de sistemas se refiere normalmente a la inmensa mayor\u00eda de los sistemas del mundo real: no son lineales, tienen una gran retroalimentaci\u00f3n y son interdependientes. Dichos sistemas no pueden gestionarse en el sentido \u00ablineal\u00bb convencional, sino que precisan una mayor flexibilidad y una adaptaci\u00f3n m\u00e1s frecuente a las circunstancias cambiantes.   <\/li>\n<li>Pensar en cascadas. Para los materiales biol\u00f3gicos, la esencia de la creaci\u00f3n de valor consiste en la oportunidad de extraer valor adicional de productos y materiales mediante su paso en cascada por otras aplicaciones. En la descomposici\u00f3n biol\u00f3gica, ya sea natural o en procesos de fermentaci\u00f3n controlados, el material se descompone en fases por microorganismos, como bacterias y hongos, que extraen la energ\u00eda y los nutrientes de los hidratos de carbono, grasas y prote\u00ednas que se encuentran en el material.   <\/li>\n<\/ul>\n<p><strong>PERSPECTIVA DE MERCADO<\/strong><\/p>\n<ul>\n<li>Desde las distintas administraciones se est\u00e1n promoviendo iniciativas tanto en el sector p\u00fablico como privado para avanzar en este tipo de sistemas.   <\/li>\n<li>Desde el campo de la consultor\u00eda se apoya a las organizaciones en la formaci\u00f3n y dise\u00f1o de sistemas enfocados a la:   <\/li>\n<\/ul>\n<p> &#8211; Mejora de la econom\u00eda buscando la reducci\u00f3n del uso de recursos frente a una econom\u00eda macroecon\u00f3mica y especulativa.Innovaci\u00f3n empresarial, identificando y creando nuevas oportunidades econ\u00f3micas sostenibles.<\/p>\n<p>&#8211; Lucha contra el cambio clim\u00e1tico y minimizaci\u00f3n de los impactos medioambientales.<\/p>\n<p><strong>Mercedes Blanco C\u00e1mara, Consultora Senior Auren Bilbao<\/strong><\/p>\n<\/p>\n<p><!-- AddThis Advanced Settings generic via filter on the_content --><!-- AddThis Share Buttons generic via filter on the_content --><\/p>\n","protected":false},"excerpt":{"rendered":"<p>La econom\u00eda circular es un sistema de aprovechamiento de recursos donde prima la reducci\u00f3n, la reutilizaci\u00f3n y el reciclaje de los elementos, y supone una intersecci\u00f3n de los aspectos ambientales y econ\u00f3micos.<br \/>\n\u00abUna Europa que utilice eficazmente los recursos\u00bb&nbsp;es una de las siete iniciativas emblem\u00e1ticas que forman parte de la&nbsp;estrategia Europa 2020&nbsp;que pretende generar un crecimiento inteligente, sostenible e integrador. Actualmente es la principal estrategia de Europa para generar crecimiento y empleo, con el respaldo del Parlamento Europeo y el Consejo Europeo. <\/p>\n","protected":false},"featured_media":7411,"template":"","meta":{"_acf_changed":false,"footnotes":""},"blog-category":[],"class_list":["post-7410","blog","type-blog","status-publish","has-post-thumbnail","hentry"],"acf":[],"yoast_head":"<!-- This site is optimized with the Yoast SEO plugin v27.4 - https:\/\/yoast.com\/product\/yoast-seo-wordpress\/ -->\n<title>La econom\u00eda circular y su perspectiva de mercado - Auren Espa\u00f1a<\/title>\n<meta name=\"robots\" content=\"index, follow, max-snippet:-1, max-image-preview:large, max-video-preview:-1\" \/>\n<link rel=\"canonical\" href=\"https:\/\/auren.com\/es\/blog\/la-economia-circular-y-su-perspectiva-de-mercado\/\" \/>\n<meta property=\"og:locale\" content=\"es_ES\" \/>\n<meta property=\"og:type\" content=\"article\" \/>\n<meta property=\"og:title\" content=\"La econom\u00eda circular y su perspectiva de mercado - Auren Espa\u00f1a\" \/>\n<meta property=\"og:description\" content=\"La econom\u00eda circular es un sistema de aprovechamiento de recursos donde prima la reducci\u00f3n, la reutilizaci\u00f3n y el reciclaje de los elementos, y supone una intersecci\u00f3n de los aspectos ambientales y econ\u00f3micos. \u00abUna Europa que utilice eficazmente los recursos\u00bb&nbsp;es una de las siete iniciativas emblem\u00e1ticas que forman parte de la&nbsp;estrategia Europa 2020&nbsp;que pretende generar un crecimiento inteligente, sostenible e integrador. Actualmente es la principal estrategia de Europa para generar crecimiento y empleo, con el respaldo del Parlamento Europeo y el Consejo Europeo.\" \/>\n<meta property=\"og:url\" content=\"https:\/\/auren.com\/es\/blog\/la-economia-circular-y-su-perspectiva-de-mercado\/\" \/>\n<meta property=\"og:site_name\" content=\"Auren\" \/>\n<meta property=\"og:image\" content=\"https:\/\/auren.com\/es\/wp-content\/uploads\/2018\/11\/181119-la-economia-circular.jpg\" \/>\n\t<meta property=\"og:image:width\" content=\"1920\" \/>\n\t<meta property=\"og:image:height\" content=\"655\" \/>\n\t<meta property=\"og:image:type\" content=\"image\/jpeg\" \/>\n<meta name=\"twitter:card\" content=\"summary_large_image\" \/>\n<meta name=\"twitter:site\" content=\"@auren_spain\" \/>\n<meta name=\"twitter:label1\" content=\"Tiempo de lectura\" \/>\n\t<meta name=\"twitter:data1\" content=\"7 minutos\" \/>\n<script type=\"application\/ld+json\" class=\"yoast-schema-graph\">{\"@context\":\"https:\\\/\\\/schema.org\",\"@graph\":[{\"@type\":\"WebPage\",\"@id\":\"https:\\\/\\\/auren.com\\\/es\\\/blog\\\/la-economia-circular-y-su-perspectiva-de-mercado\\\/\",\"url\":\"https:\\\/\\\/auren.com\\\/es\\\/blog\\\/la-economia-circular-y-su-perspectiva-de-mercado\\\/\",\"name\":\"La econom\u00eda circular y su perspectiva de mercado - Auren Espa\u00f1a\",\"isPartOf\":{\"@id\":\"https:\\\/\\\/auren.com\\\/es\\\/#website\"},\"primaryImageOfPage\":{\"@id\":\"https:\\\/\\\/auren.com\\\/es\\\/blog\\\/la-economia-circular-y-su-perspectiva-de-mercado\\\/#primaryimage\"},\"image\":{\"@id\":\"https:\\\/\\\/auren.com\\\/es\\\/blog\\\/la-economia-circular-y-su-perspectiva-de-mercado\\\/#primaryimage\"},\"thumbnailUrl\":\"https:\\\/\\\/auren.com\\\/es\\\/wp-content\\\/uploads\\\/2018\\\/11\\\/181119-la-economia-circular.jpg\",\"datePublished\":\"2018-11-19T11:49:39+00:00\",\"breadcrumb\":{\"@id\":\"https:\\\/\\\/auren.com\\\/es\\\/blog\\\/la-economia-circular-y-su-perspectiva-de-mercado\\\/#breadcrumb\"},\"inLanguage\":\"es\",\"potentialAction\":[{\"@type\":\"ReadAction\",\"target\":[\"https:\\\/\\\/auren.com\\\/es\\\/blog\\\/la-economia-circular-y-su-perspectiva-de-mercado\\\/\"]}]},{\"@type\":\"ImageObject\",\"inLanguage\":\"es\",\"@id\":\"https:\\\/\\\/auren.com\\\/es\\\/blog\\\/la-economia-circular-y-su-perspectiva-de-mercado\\\/#primaryimage\",\"url\":\"https:\\\/\\\/auren.com\\\/es\\\/wp-content\\\/uploads\\\/2018\\\/11\\\/181119-la-economia-circular.jpg\",\"contentUrl\":\"https:\\\/\\\/auren.com\\\/es\\\/wp-content\\\/uploads\\\/2018\\\/11\\\/181119-la-economia-circular.jpg\",\"width\":1920,\"height\":655},{\"@type\":\"BreadcrumbList\",\"@id\":\"https:\\\/\\\/auren.com\\\/es\\\/blog\\\/la-economia-circular-y-su-perspectiva-de-mercado\\\/#breadcrumb\",\"itemListElement\":[{\"@type\":\"ListItem\",\"position\":1,\"name\":\"Portada\",\"item\":\"https:\\\/\\\/auren.com\\\/es\\\/\"},{\"@type\":\"ListItem\",\"position\":2,\"name\":\"La econom\u00eda circular y su perspectiva de mercado\"}]},{\"@type\":\"WebSite\",\"@id\":\"https:\\\/\\\/auren.com\\\/es\\\/#website\",\"url\":\"https:\\\/\\\/auren.com\\\/es\\\/\",\"name\":\"Auren\",\"description\":\"\",\"publisher\":{\"@id\":\"https:\\\/\\\/auren.com\\\/es\\\/#organization\"},\"alternateName\":\"Auren\",\"potentialAction\":[{\"@type\":\"SearchAction\",\"target\":{\"@type\":\"EntryPoint\",\"urlTemplate\":\"https:\\\/\\\/auren.com\\\/es\\\/?s={search_term_string}\"},\"query-input\":{\"@type\":\"PropertyValueSpecification\",\"valueRequired\":true,\"valueName\":\"search_term_string\"}}],\"inLanguage\":\"es\"},{\"@type\":\"Organization\",\"@id\":\"https:\\\/\\\/auren.com\\\/es\\\/#organization\",\"name\":\"Auren\",\"alternateName\":\"Auren\",\"url\":\"https:\\\/\\\/auren.com\\\/es\\\/\",\"logo\":{\"@type\":\"ImageObject\",\"inLanguage\":\"es\",\"@id\":\"https:\\\/\\\/auren.com\\\/es\\\/#\\\/schema\\\/logo\\\/image\\\/\",\"url\":\"https:\\\/\\\/auren.com\\\/es\\\/wp-content\\\/uploads\\\/2025\\\/01\\\/cropped-cropped-favicon-Auren.png\",\"contentUrl\":\"https:\\\/\\\/auren.com\\\/es\\\/wp-content\\\/uploads\\\/2025\\\/01\\\/cropped-cropped-favicon-Auren.png\",\"width\":512,\"height\":512,\"caption\":\"Auren\"},\"image\":{\"@id\":\"https:\\\/\\\/auren.com\\\/es\\\/#\\\/schema\\\/logo\\\/image\\\/\"},\"sameAs\":[\"https:\\\/\\\/x.com\\\/auren_spain\",\"https:\\\/\\\/www.linkedin.com\\\/company\\\/aurenspainserviciosprofesionales\",\"https:\\\/\\\/www.youtube.com\\\/@AurenEsp\",\"https:\\\/\\\/www.instagram.com\\\/auren_spain\"]}]}<\/script>\n<!-- \/ Yoast SEO plugin. -->","yoast_head_json":{"title":"La econom\u00eda circular y su perspectiva de mercado - Auren Espa\u00f1a","robots":{"index":"index","follow":"follow","max-snippet":"max-snippet:-1","max-image-preview":"max-image-preview:large","max-video-preview":"max-video-preview:-1"},"canonical":"https:\/\/auren.com\/es\/blog\/la-economia-circular-y-su-perspectiva-de-mercado\/","og_locale":"es_ES","og_type":"article","og_title":"La econom\u00eda circular y su perspectiva de mercado - Auren Espa\u00f1a","og_description":"La econom\u00eda circular es un sistema de aprovechamiento de recursos donde prima la reducci\u00f3n, la reutilizaci\u00f3n y el reciclaje de los elementos, y supone una intersecci\u00f3n de los aspectos ambientales y econ\u00f3micos. \u00abUna Europa que utilice eficazmente los recursos\u00bb&nbsp;es una de las siete iniciativas emblem\u00e1ticas que forman parte de la&nbsp;estrategia Europa 2020&nbsp;que pretende generar un crecimiento inteligente, sostenible e integrador. Actualmente es la principal estrategia de Europa para generar crecimiento y empleo, con el respaldo del Parlamento Europeo y el Consejo Europeo.","og_url":"https:\/\/auren.com\/es\/blog\/la-economia-circular-y-su-perspectiva-de-mercado\/","og_site_name":"Auren","og_image":[{"width":1920,"height":655,"url":"https:\/\/auren.com\/es\/wp-content\/uploads\/2018\/11\/181119-la-economia-circular.jpg","type":"image\/jpeg"}],"twitter_card":"summary_large_image","twitter_site":"@auren_spain","twitter_misc":{"Tiempo de lectura":"7 minutos"},"schema":{"@context":"https:\/\/schema.org","@graph":[{"@type":"WebPage","@id":"https:\/\/auren.com\/es\/blog\/la-economia-circular-y-su-perspectiva-de-mercado\/","url":"https:\/\/auren.com\/es\/blog\/la-economia-circular-y-su-perspectiva-de-mercado\/","name":"La econom\u00eda circular y su perspectiva de mercado - Auren Espa\u00f1a","isPartOf":{"@id":"https:\/\/auren.com\/es\/#website"},"primaryImageOfPage":{"@id":"https:\/\/auren.com\/es\/blog\/la-economia-circular-y-su-perspectiva-de-mercado\/#primaryimage"},"image":{"@id":"https:\/\/auren.com\/es\/blog\/la-economia-circular-y-su-perspectiva-de-mercado\/#primaryimage"},"thumbnailUrl":"https:\/\/auren.com\/es\/wp-content\/uploads\/2018\/11\/181119-la-economia-circular.jpg","datePublished":"2018-11-19T11:49:39+00:00","breadcrumb":{"@id":"https:\/\/auren.com\/es\/blog\/la-economia-circular-y-su-perspectiva-de-mercado\/#breadcrumb"},"inLanguage":"es","potentialAction":[{"@type":"ReadAction","target":["https:\/\/auren.com\/es\/blog\/la-economia-circular-y-su-perspectiva-de-mercado\/"]}]},{"@type":"ImageObject","inLanguage":"es","@id":"https:\/\/auren.com\/es\/blog\/la-economia-circular-y-su-perspectiva-de-mercado\/#primaryimage","url":"https:\/\/auren.com\/es\/wp-content\/uploads\/2018\/11\/181119-la-economia-circular.jpg","contentUrl":"https:\/\/auren.com\/es\/wp-content\/uploads\/2018\/11\/181119-la-economia-circular.jpg","width":1920,"height":655},{"@type":"BreadcrumbList","@id":"https:\/\/auren.com\/es\/blog\/la-economia-circular-y-su-perspectiva-de-mercado\/#breadcrumb","itemListElement":[{"@type":"ListItem","position":1,"name":"Portada","item":"https:\/\/auren.com\/es\/"},{"@type":"ListItem","position":2,"name":"La econom\u00eda circular y su perspectiva de mercado"}]},{"@type":"WebSite","@id":"https:\/\/auren.com\/es\/#website","url":"https:\/\/auren.com\/es\/","name":"Auren","description":"","publisher":{"@id":"https:\/\/auren.com\/es\/#organization"},"alternateName":"Auren","potentialAction":[{"@type":"SearchAction","target":{"@type":"EntryPoint","urlTemplate":"https:\/\/auren.com\/es\/?s={search_term_string}"},"query-input":{"@type":"PropertyValueSpecification","valueRequired":true,"valueName":"search_term_string"}}],"inLanguage":"es"},{"@type":"Organization","@id":"https:\/\/auren.com\/es\/#organization","name":"Auren","alternateName":"Auren","url":"https:\/\/auren.com\/es\/","logo":{"@type":"ImageObject","inLanguage":"es","@id":"https:\/\/auren.com\/es\/#\/schema\/logo\/image\/","url":"https:\/\/auren.com\/es\/wp-content\/uploads\/2025\/01\/cropped-cropped-favicon-Auren.png","contentUrl":"https:\/\/auren.com\/es\/wp-content\/uploads\/2025\/01\/cropped-cropped-favicon-Auren.png","width":512,"height":512,"caption":"Auren"},"image":{"@id":"https:\/\/auren.com\/es\/#\/schema\/logo\/image\/"},"sameAs":["https:\/\/x.com\/auren_spain","https:\/\/www.linkedin.com\/company\/aurenspainserviciosprofesionales","https:\/\/www.youtube.com\/@AurenEsp","https:\/\/www.instagram.com\/auren_spain"]}]}},"_links":{"self":[{"href":"https:\/\/auren.com\/es\/wp-json\/wp\/v2\/blog\/7410","targetHints":{"allow":["GET"]}}],"collection":[{"href":"https:\/\/auren.com\/es\/wp-json\/wp\/v2\/blog"}],"about":[{"href":"https:\/\/auren.com\/es\/wp-json\/wp\/v2\/types\/blog"}],"version-history":[{"count":0,"href":"https:\/\/auren.com\/es\/wp-json\/wp\/v2\/blog\/7410\/revisions"}],"wp:featuredmedia":[{"embeddable":true,"href":"https:\/\/auren.com\/es\/wp-json\/wp\/v2\/media\/7411"}],"wp:attachment":[{"href":"https:\/\/auren.com\/es\/wp-json\/wp\/v2\/media?parent=7410"}],"wp:term":[{"taxonomy":"blog-category","embeddable":true,"href":"https:\/\/auren.com\/es\/wp-json\/wp\/v2\/blog-category?post=7410"}],"curies":[{"name":"wp","href":"https:\/\/api.w.org\/{rel}","templated":true}]}}