{"id":7416,"date":"2018-10-31T16:20:01","date_gmt":"2018-10-31T15:20:01","guid":{"rendered":"https:\/\/auren.com\/es\/blog\/el-balance-social-obligatoriedad-inmediata-por-parte-de-las-fundaciones-y-asociaciones\/"},"modified":"2018-10-31T16:20:01","modified_gmt":"2018-10-31T15:20:01","slug":"el-balance-social-obligatoriedad-inmediata-por-parte-de-las-fundaciones-y-asociaciones","status":"publish","type":"blog","link":"https:\/\/auren.com\/es\/blog\/el-balance-social-obligatoriedad-inmediata-por-parte-de-las-fundaciones-y-asociaciones\/","title":{"rendered":"El Balance Social. Obligatoriedad inmediata por parte de las Fundaciones y Asociaciones."},"content":{"rendered":"<p class=\"text-justify\">El nuevo contexto en que nos encontramos obliga a las Organizaciones a reinventarse y crear valor de una forma diferente.<\/p>\n<p class=\"text-justify\">La nueva forma que tienen las Organizaciones de crear valor ya no depende, \u00fanicamente, de los activos econ\u00f3micos, sino que viene dada por el aumento, la disminuci\u00f3n o la transformaci\u00f3n de activos intangibles, basados en aspectos sociales y medioambientales.<\/p>\n<p class=\"text-justify\">La capacidad que tiene una organizaci\u00f3n para crear valor, por s\u00ed misma, est\u00e1 relacionada con el valor que genera para los dem\u00e1s. Las actividades que se desarrollan, la interacci\u00f3n y la relaci\u00f3n son las responsables de la creaci\u00f3n de este valor.<\/p>\n<p class=\"text-justify\">Conceptos como reputaci\u00f3n y responsabilidad social corporativa adquieren vital importancia en la aportaci\u00f3n de estos valores intangibles. Es en este sentido que en el modelo de medida de la reputaci\u00f3n de la empresa intervienen factores b\u00e1sicos como el aprecio, la admiraci\u00f3n, la confianza y la impresi\u00f3n que tenemos, los consumidores, sobre los aspectos de la oferta, la innovaci\u00f3n, el trabajo, la integridad, la ciudadan\u00eda, el liderazgo y las finanzas.<\/p>\n<p class=\"text-justify\">De esta forma se valora si la empresa protege el medio ambiente, apoya causas sociales, tiene un comportamiento \u00e9tico, hace un uso responsable de su poder, es abierta y transparente, ofrece un sueldo justo, ofrece igualdad de oportunidades a los sus trabajadores, cuida del bienestar de sus empleados, etc.<\/p>\n<p class=\"text-justify\">Alineada con la responsabilidad social y la transparencia, el orden JUS \/ 152\/2018, de 12 de septiembre establece el nivel de sujeci\u00f3n, que deben tener fundaciones y asociaciones declaradas de utilidad p\u00fablica, a los instrumentos de transparencia establecidos por la Ley 21 \/ 2014, de 29 de diciembre.<\/p>\n<p class=\"text-justify\">Una de las premisas de esta orden es la obligatoriedad que tienen estas Fundaciones y asociaciones, en funci\u00f3n de su tipolog\u00eda y categor\u00eda, de presentar y hacer p\u00fablicos los datos recogidos en los art\u00edculos 7,8, 9 y 10.<\/p>\n<p class=\"text-justify\">La variable m\u00e1s importante, mencionada en estos art\u00edculos, a tener en cuenta a la hora de tener claros los datos a reportar, es si la Fundaci\u00f3n o Asociaci\u00f3n recibe fondos p\u00fablico o no. En este sentido, tenemos que las Fundaciones o asociaciones clasificadas como entidades de reducida dimensi\u00f3n (n\u00famero medio de trabajadores inferior a diez), si reciben fondos p\u00fablicos, se ven en la obligaci\u00f3n de reportar, entre otra informaci\u00f3n, su balance social.<\/p>\n<p class=\"text-justify\"><strong>Pero, \u00bfqu\u00e9 es el Balance Social, qu\u00e9 informaci\u00f3n se detalla y cu\u00e1les son sus ventajas?<\/strong><\/p>\n<p class=\"text-justify\">La Responsabilidad Social es una estrategia que genera ACCI\u00d3N y por tanto un \u00abModelo de Gesti\u00f3n \u00ab. El Balance Social, en este sentido, se transforma en una buena herramienta de gesti\u00f3n que permite evaluar cuantitativa y cualitativamente el cumplimiento o impacto de las Organizaciones con sus partes interesadas o grupos de inter\u00e9s.<\/p>\n<p class=\"text-justify\">El Balance Social es el documento m\u00e1s importante de transparencia, donde la organizaci\u00f3n expone todas sus acciones, mediante indicadores, concretando lo que hace bien y mal, lo que puede mejorar y los impactos que su actividad y su pol\u00edtica tiene en sus grupos de inter\u00e9s.<\/p>\n<p class=\"text-justify\">El Balance Social debe poder servir para analizar la alineaci\u00f3n de la misi\u00f3n y los valores, de la Organizaci\u00f3n, con las acciones que se realizan y la estrategia que se utiliza. Refleja el grado de cumplimiento de la responsabilidad social de la organizaci\u00f3n con sus grupos de inter\u00e9s y posibilita ver la evoluci\u00f3n de la organizaci\u00f3n, as\u00ed como detectar debilidades, fortalezas y oportunidades.<\/p>\n<p class=\"text-justify\">Hay diferentes estructuras que se pueden utilizar al confeccionar un Balance Social, pero, independientemente de la elegida, existen algunos aspectos claves (cuantificables o no cuantificables) que no se pueden dejar de mencionar; los principios referidos al compromiso con el entorno social, el compromiso con el medio ambiente, adhesiones a procedimientos de auditor\u00eda, cu\u00e1les son los grupos de inter\u00e9s, informaci\u00f3n de los trabajadores (creaci\u00f3n de puestos de trabajo, remuneraci\u00f3n, horas trabajadas, absentismo, igualdad, etc.), informaci\u00f3n referida a clientes y proveedores, informaci\u00f3n respecto al medio ambiente, respeto de la comunidad (programas de capacitaci\u00f3n, donaciones, colaboraciones con otras entidades, etc).<\/p>\n<p class=\"text-justify\">Tambi\u00e9n es importante detallar y enfatizar las medidas adoptadas que favorezcan el descenso de posibles costes sociales (contaminaci\u00f3n ac\u00fastica y ambiental, conflictos sociales, accidentes de trabajo, etc.).<\/p>\n<p class=\"text-justify\">En cuanto a la medida del progreso, un modelo base de balance social puede incluir indicadores sociales internos, indicadores sociales externos, indicadores ambientales, indicadores del personal funcional que trabaja (remuneraci\u00f3n, igualdad, calidad de vida ..), indicadores de seguridad y salud, de compromiso con el medio ambiente y con la Comunidad, de eficiencia, etc.<\/p>\n<p class=\"text-justify\">Para implementar un Balance Social, la Organizaci\u00f3n debe tener clara la integraci\u00f3n de la Responsabilidad Social en su estrategia. Es indispensable la definici\u00f3n clara de una pol\u00edtica y objetivos sociales y medioambientales y al mismo tiempo utilizar t\u00e9cnicas y procedimientos adecuados que ayuden a evaluar y validar el cumplimiento e implementar mejoras futuras.<\/p>\n<p class=\"text-justify\">Un buen Balance Social aportar\u00e1 a la Organizaci\u00f3n equilibrio, proyecci\u00f3n, confianza y transparencia.<\/p>\n<p class=\"text-justify\">Y no nos olvidemos la importancia que tiene que el Balance Social est\u00e9 auditado por una entidad externa. Esto ser\u00e1 el punto clave para que los grupos de inter\u00e9s depositen plena confianza y la Organizaci\u00f3n consiga la excelencia en su gesti\u00f3n.<\/p>\n<p class=\"text-justify\"><strong>Joan Perona, Socio de Consultor\u00eda Auren<\/strong><\/p>\n<p><!-- AddThis Advanced Settings generic via filter on the_content --><!-- AddThis Share Buttons generic via filter on the_content --><\/p>\n","protected":false},"excerpt":{"rendered":"<p>El nuevo contexto en que nos encontramos obliga a las Organizaciones a reinventarse y crear valor de una forma diferente.<br \/>\nLa nueva forma que tienen las Organizaciones de crear valor ya no depende, \u00fanicamente, de los activos econ\u00f3micos, sino que viene dada por el aumento, la disminuci\u00f3n o la transformaci\u00f3n de activos intangibles, basados en aspectos sociales y medioambientales. <\/p>\n","protected":false},"featured_media":7417,"template":"","meta":{"_acf_changed":false,"footnotes":""},"blog-category":[],"class_list":["post-7416","blog","type-blog","status-publish","has-post-thumbnail","hentry"],"acf":[],"yoast_head":"<!-- This site is optimized with the Yoast SEO plugin v27.4 - https:\/\/yoast.com\/product\/yoast-seo-wordpress\/ -->\n<title>El Balance Social. Obligatoriedad inmediata por parte de las Fundaciones y Asociaciones. - Auren Espa\u00f1a<\/title>\n<meta name=\"robots\" content=\"index, follow, max-snippet:-1, max-image-preview:large, max-video-preview:-1\" \/>\n<link rel=\"canonical\" href=\"https:\/\/auren.com\/es\/blog\/el-balance-social-obligatoriedad-inmediata-por-parte-de-las-fundaciones-y-asociaciones\/\" \/>\n<meta property=\"og:locale\" content=\"es_ES\" \/>\n<meta property=\"og:type\" content=\"article\" \/>\n<meta property=\"og:title\" content=\"El Balance Social. Obligatoriedad inmediata por parte de las Fundaciones y Asociaciones. - Auren Espa\u00f1a\" \/>\n<meta property=\"og:description\" content=\"El nuevo contexto en que nos encontramos obliga a las Organizaciones a reinventarse y crear valor de una forma diferente. La nueva forma que tienen las Organizaciones de crear valor ya no depende, \u00fanicamente, de los activos econ\u00f3micos, sino que viene dada por el aumento, la disminuci\u00f3n o la transformaci\u00f3n de activos intangibles, basados en aspectos sociales y medioambientales.\" \/>\n<meta property=\"og:url\" content=\"https:\/\/auren.com\/es\/blog\/el-balance-social-obligatoriedad-inmediata-por-parte-de-las-fundaciones-y-asociaciones\/\" \/>\n<meta property=\"og:site_name\" content=\"Auren\" \/>\n<meta property=\"og:image\" content=\"https:\/\/auren.com\/es\/wp-content\/uploads\/2018\/10\/181031-el-balance-social-imagen.jpg\" \/>\n\t<meta property=\"og:image:width\" content=\"1920\" \/>\n\t<meta property=\"og:image:height\" content=\"655\" \/>\n\t<meta property=\"og:image:type\" content=\"image\/jpeg\" \/>\n<meta name=\"twitter:card\" content=\"summary_large_image\" \/>\n<meta name=\"twitter:site\" content=\"@auren_spain\" \/>\n<meta name=\"twitter:label1\" content=\"Tiempo de lectura\" \/>\n\t<meta name=\"twitter:data1\" content=\"5 minutos\" \/>\n<script type=\"application\/ld+json\" class=\"yoast-schema-graph\">{\"@context\":\"https:\\\/\\\/schema.org\",\"@graph\":[{\"@type\":\"WebPage\",\"@id\":\"https:\\\/\\\/auren.com\\\/es\\\/blog\\\/el-balance-social-obligatoriedad-inmediata-por-parte-de-las-fundaciones-y-asociaciones\\\/\",\"url\":\"https:\\\/\\\/auren.com\\\/es\\\/blog\\\/el-balance-social-obligatoriedad-inmediata-por-parte-de-las-fundaciones-y-asociaciones\\\/\",\"name\":\"El Balance Social. Obligatoriedad inmediata por parte de las Fundaciones y Asociaciones. - Auren Espa\u00f1a\",\"isPartOf\":{\"@id\":\"https:\\\/\\\/auren.com\\\/es\\\/#website\"},\"primaryImageOfPage\":{\"@id\":\"https:\\\/\\\/auren.com\\\/es\\\/blog\\\/el-balance-social-obligatoriedad-inmediata-por-parte-de-las-fundaciones-y-asociaciones\\\/#primaryimage\"},\"image\":{\"@id\":\"https:\\\/\\\/auren.com\\\/es\\\/blog\\\/el-balance-social-obligatoriedad-inmediata-por-parte-de-las-fundaciones-y-asociaciones\\\/#primaryimage\"},\"thumbnailUrl\":\"https:\\\/\\\/auren.com\\\/es\\\/wp-content\\\/uploads\\\/2018\\\/10\\\/181031-el-balance-social-imagen.jpg\",\"datePublished\":\"2018-10-31T15:20:01+00:00\",\"breadcrumb\":{\"@id\":\"https:\\\/\\\/auren.com\\\/es\\\/blog\\\/el-balance-social-obligatoriedad-inmediata-por-parte-de-las-fundaciones-y-asociaciones\\\/#breadcrumb\"},\"inLanguage\":\"es\",\"potentialAction\":[{\"@type\":\"ReadAction\",\"target\":[\"https:\\\/\\\/auren.com\\\/es\\\/blog\\\/el-balance-social-obligatoriedad-inmediata-por-parte-de-las-fundaciones-y-asociaciones\\\/\"]}]},{\"@type\":\"ImageObject\",\"inLanguage\":\"es\",\"@id\":\"https:\\\/\\\/auren.com\\\/es\\\/blog\\\/el-balance-social-obligatoriedad-inmediata-por-parte-de-las-fundaciones-y-asociaciones\\\/#primaryimage\",\"url\":\"https:\\\/\\\/auren.com\\\/es\\\/wp-content\\\/uploads\\\/2018\\\/10\\\/181031-el-balance-social-imagen.jpg\",\"contentUrl\":\"https:\\\/\\\/auren.com\\\/es\\\/wp-content\\\/uploads\\\/2018\\\/10\\\/181031-el-balance-social-imagen.jpg\",\"width\":1920,\"height\":655},{\"@type\":\"BreadcrumbList\",\"@id\":\"https:\\\/\\\/auren.com\\\/es\\\/blog\\\/el-balance-social-obligatoriedad-inmediata-por-parte-de-las-fundaciones-y-asociaciones\\\/#breadcrumb\",\"itemListElement\":[{\"@type\":\"ListItem\",\"position\":1,\"name\":\"Portada\",\"item\":\"https:\\\/\\\/auren.com\\\/es\\\/\"},{\"@type\":\"ListItem\",\"position\":2,\"name\":\"El Balance Social. Obligatoriedad inmediata por parte de las Fundaciones y Asociaciones.\"}]},{\"@type\":\"WebSite\",\"@id\":\"https:\\\/\\\/auren.com\\\/es\\\/#website\",\"url\":\"https:\\\/\\\/auren.com\\\/es\\\/\",\"name\":\"Auren\",\"description\":\"\",\"publisher\":{\"@id\":\"https:\\\/\\\/auren.com\\\/es\\\/#organization\"},\"alternateName\":\"Auren\",\"potentialAction\":[{\"@type\":\"SearchAction\",\"target\":{\"@type\":\"EntryPoint\",\"urlTemplate\":\"https:\\\/\\\/auren.com\\\/es\\\/?s={search_term_string}\"},\"query-input\":{\"@type\":\"PropertyValueSpecification\",\"valueRequired\":true,\"valueName\":\"search_term_string\"}}],\"inLanguage\":\"es\"},{\"@type\":\"Organization\",\"@id\":\"https:\\\/\\\/auren.com\\\/es\\\/#organization\",\"name\":\"Auren\",\"alternateName\":\"Auren\",\"url\":\"https:\\\/\\\/auren.com\\\/es\\\/\",\"logo\":{\"@type\":\"ImageObject\",\"inLanguage\":\"es\",\"@id\":\"https:\\\/\\\/auren.com\\\/es\\\/#\\\/schema\\\/logo\\\/image\\\/\",\"url\":\"https:\\\/\\\/auren.com\\\/es\\\/wp-content\\\/uploads\\\/2025\\\/01\\\/cropped-cropped-favicon-Auren.png\",\"contentUrl\":\"https:\\\/\\\/auren.com\\\/es\\\/wp-content\\\/uploads\\\/2025\\\/01\\\/cropped-cropped-favicon-Auren.png\",\"width\":512,\"height\":512,\"caption\":\"Auren\"},\"image\":{\"@id\":\"https:\\\/\\\/auren.com\\\/es\\\/#\\\/schema\\\/logo\\\/image\\\/\"},\"sameAs\":[\"https:\\\/\\\/x.com\\\/auren_spain\",\"https:\\\/\\\/www.linkedin.com\\\/company\\\/aurenspainserviciosprofesionales\",\"https:\\\/\\\/www.youtube.com\\\/@AurenEsp\",\"https:\\\/\\\/www.instagram.com\\\/auren_spain\"]}]}<\/script>\n<!-- \/ Yoast SEO plugin. -->","yoast_head_json":{"title":"El Balance Social. Obligatoriedad inmediata por parte de las Fundaciones y Asociaciones. - Auren Espa\u00f1a","robots":{"index":"index","follow":"follow","max-snippet":"max-snippet:-1","max-image-preview":"max-image-preview:large","max-video-preview":"max-video-preview:-1"},"canonical":"https:\/\/auren.com\/es\/blog\/el-balance-social-obligatoriedad-inmediata-por-parte-de-las-fundaciones-y-asociaciones\/","og_locale":"es_ES","og_type":"article","og_title":"El Balance Social. Obligatoriedad inmediata por parte de las Fundaciones y Asociaciones. - Auren Espa\u00f1a","og_description":"El nuevo contexto en que nos encontramos obliga a las Organizaciones a reinventarse y crear valor de una forma diferente. La nueva forma que tienen las Organizaciones de crear valor ya no depende, \u00fanicamente, de los activos econ\u00f3micos, sino que viene dada por el aumento, la disminuci\u00f3n o la transformaci\u00f3n de activos intangibles, basados en aspectos sociales y medioambientales.","og_url":"https:\/\/auren.com\/es\/blog\/el-balance-social-obligatoriedad-inmediata-por-parte-de-las-fundaciones-y-asociaciones\/","og_site_name":"Auren","og_image":[{"width":1920,"height":655,"url":"https:\/\/auren.com\/es\/wp-content\/uploads\/2018\/10\/181031-el-balance-social-imagen.jpg","type":"image\/jpeg"}],"twitter_card":"summary_large_image","twitter_site":"@auren_spain","twitter_misc":{"Tiempo de lectura":"5 minutos"},"schema":{"@context":"https:\/\/schema.org","@graph":[{"@type":"WebPage","@id":"https:\/\/auren.com\/es\/blog\/el-balance-social-obligatoriedad-inmediata-por-parte-de-las-fundaciones-y-asociaciones\/","url":"https:\/\/auren.com\/es\/blog\/el-balance-social-obligatoriedad-inmediata-por-parte-de-las-fundaciones-y-asociaciones\/","name":"El Balance Social. Obligatoriedad inmediata por parte de las Fundaciones y Asociaciones. - Auren Espa\u00f1a","isPartOf":{"@id":"https:\/\/auren.com\/es\/#website"},"primaryImageOfPage":{"@id":"https:\/\/auren.com\/es\/blog\/el-balance-social-obligatoriedad-inmediata-por-parte-de-las-fundaciones-y-asociaciones\/#primaryimage"},"image":{"@id":"https:\/\/auren.com\/es\/blog\/el-balance-social-obligatoriedad-inmediata-por-parte-de-las-fundaciones-y-asociaciones\/#primaryimage"},"thumbnailUrl":"https:\/\/auren.com\/es\/wp-content\/uploads\/2018\/10\/181031-el-balance-social-imagen.jpg","datePublished":"2018-10-31T15:20:01+00:00","breadcrumb":{"@id":"https:\/\/auren.com\/es\/blog\/el-balance-social-obligatoriedad-inmediata-por-parte-de-las-fundaciones-y-asociaciones\/#breadcrumb"},"inLanguage":"es","potentialAction":[{"@type":"ReadAction","target":["https:\/\/auren.com\/es\/blog\/el-balance-social-obligatoriedad-inmediata-por-parte-de-las-fundaciones-y-asociaciones\/"]}]},{"@type":"ImageObject","inLanguage":"es","@id":"https:\/\/auren.com\/es\/blog\/el-balance-social-obligatoriedad-inmediata-por-parte-de-las-fundaciones-y-asociaciones\/#primaryimage","url":"https:\/\/auren.com\/es\/wp-content\/uploads\/2018\/10\/181031-el-balance-social-imagen.jpg","contentUrl":"https:\/\/auren.com\/es\/wp-content\/uploads\/2018\/10\/181031-el-balance-social-imagen.jpg","width":1920,"height":655},{"@type":"BreadcrumbList","@id":"https:\/\/auren.com\/es\/blog\/el-balance-social-obligatoriedad-inmediata-por-parte-de-las-fundaciones-y-asociaciones\/#breadcrumb","itemListElement":[{"@type":"ListItem","position":1,"name":"Portada","item":"https:\/\/auren.com\/es\/"},{"@type":"ListItem","position":2,"name":"El Balance Social. Obligatoriedad inmediata por parte de las Fundaciones y Asociaciones."}]},{"@type":"WebSite","@id":"https:\/\/auren.com\/es\/#website","url":"https:\/\/auren.com\/es\/","name":"Auren","description":"","publisher":{"@id":"https:\/\/auren.com\/es\/#organization"},"alternateName":"Auren","potentialAction":[{"@type":"SearchAction","target":{"@type":"EntryPoint","urlTemplate":"https:\/\/auren.com\/es\/?s={search_term_string}"},"query-input":{"@type":"PropertyValueSpecification","valueRequired":true,"valueName":"search_term_string"}}],"inLanguage":"es"},{"@type":"Organization","@id":"https:\/\/auren.com\/es\/#organization","name":"Auren","alternateName":"Auren","url":"https:\/\/auren.com\/es\/","logo":{"@type":"ImageObject","inLanguage":"es","@id":"https:\/\/auren.com\/es\/#\/schema\/logo\/image\/","url":"https:\/\/auren.com\/es\/wp-content\/uploads\/2025\/01\/cropped-cropped-favicon-Auren.png","contentUrl":"https:\/\/auren.com\/es\/wp-content\/uploads\/2025\/01\/cropped-cropped-favicon-Auren.png","width":512,"height":512,"caption":"Auren"},"image":{"@id":"https:\/\/auren.com\/es\/#\/schema\/logo\/image\/"},"sameAs":["https:\/\/x.com\/auren_spain","https:\/\/www.linkedin.com\/company\/aurenspainserviciosprofesionales","https:\/\/www.youtube.com\/@AurenEsp","https:\/\/www.instagram.com\/auren_spain"]}]}},"_links":{"self":[{"href":"https:\/\/auren.com\/es\/wp-json\/wp\/v2\/blog\/7416","targetHints":{"allow":["GET"]}}],"collection":[{"href":"https:\/\/auren.com\/es\/wp-json\/wp\/v2\/blog"}],"about":[{"href":"https:\/\/auren.com\/es\/wp-json\/wp\/v2\/types\/blog"}],"version-history":[{"count":0,"href":"https:\/\/auren.com\/es\/wp-json\/wp\/v2\/blog\/7416\/revisions"}],"wp:featuredmedia":[{"embeddable":true,"href":"https:\/\/auren.com\/es\/wp-json\/wp\/v2\/media\/7417"}],"wp:attachment":[{"href":"https:\/\/auren.com\/es\/wp-json\/wp\/v2\/media?parent=7416"}],"wp:term":[{"taxonomy":"blog-category","embeddable":true,"href":"https:\/\/auren.com\/es\/wp-json\/wp\/v2\/blog-category?post=7416"}],"curies":[{"name":"wp","href":"https:\/\/api.w.org\/{rel}","templated":true}]}}