{"id":7425,"date":"2018-10-19T10:21:46","date_gmt":"2018-10-19T08:21:46","guid":{"rendered":"https:\/\/auren.com\/es\/blog\/el-supremo-modifica-su-criterio-sobre-el-sujeto-pasivo-en-los-prestamos-hipotecarios\/"},"modified":"2018-10-19T10:21:46","modified_gmt":"2018-10-19T08:21:46","slug":"el-supremo-modifica-su-criterio-sobre-el-sujeto-pasivo-en-los-prestamos-hipotecarios","status":"publish","type":"blog","link":"https:\/\/auren.com\/es\/blog\/el-supremo-modifica-su-criterio-sobre-el-sujeto-pasivo-en-los-prestamos-hipotecarios\/","title":{"rendered":"El supremo modifica su criterio sobre el sujeto pasivo en los pr\u00e9stamos hipotecarios"},"content":{"rendered":"<p class=\"text-justify\">Uno de los principales costes que suele tener la constituci\u00f3n de pr\u00e9stamos o cr\u00e9ditos hipotecarios es el gravamen por la modalidad de Actos Jur\u00eddicos Documentados (AJD), que oscila entre el 0,5% y el 2% (sobre el capital garantizado), dependiendo de la Comunidad Aut\u00f3noma.<\/p>\n<p class=\"text-justify\">A trav\u00e9s de sentencia n\u00famero 1505\/2018, de 16 de octubre, de la Sala de lo Contencioso-Administrativo, el Tribunal Supremo interpreta que el obligado al pago de dicho tributo es el prestamista (acreedor hipotecario), en lugar del prestatario como se ven\u00eda entendiendo hist\u00f3ricamente.   <\/p>\n<p class=\"text-justify\">En l\u00ednea con lo anterior, el n\u00famero 2 del art\u00edculo 68 del Reglamento del Impuesto sobre Transmisiones Patrimoniales y Actos Jur\u00eddicos Documentados queda anulado: <em>\u201cCuando se trate de escrituras de constituci\u00f3n de pr\u00e9stamo con garant\u00eda se considerar\u00e1 adquirente al prestatario\u201d. <\/em>Seg\u00fan el Alto Tribunal, dicha menci\u00f3n reglamentaria no tiene el car\u00e1cter interpretativo o aclaratorio que le otorgaba la jurisprudencia anterior, sino que constituye un evidente exceso reglamentario que ahora se declara ilegal. Modific\u00e1ndose de esta manera la jurisprudencia que el propio Tribunal ven\u00eda manteniendo.   <\/p>\n<p class=\"text-justify\">La decisi\u00f3n del Supremo abre la puerta a que los prestatarios puedan solicitar la devoluci\u00f3n de ingresos indebidos por el AJD abonado frente a la Administraci\u00f3n auton\u00f3mica correspondiente (con intereses de demora), respecto de aquellas liquidaciones que no sean firmes (4 a\u00f1os y un mes, en t\u00e9rminos generales).   <\/p>\n<p class=\"text-justify\">Por tanto, para todos aquellos prestatarios (personas f\u00edsicas y jur\u00eddicas) que hayan formalizado pr\u00e9stamos\/cr\u00e9ditos hipotecarios, se hace recomendable revisar el AJD que haya sido abonado en los \u00faltimos a\u00f1os, para valorar las posibles v\u00edas de impugnaci\u00f3n del impuesto indebidamente ingresado y evitar la prescripci\u00f3n del impuesto.&nbsp; <\/p>\n<p>En fecha 19 de octubre de 2018 el presidente de la Sala de lo Contencioso Administrativo, Luis Mar\u00eda D\u00edez-Picazo, ha decidido que el Pleno de la Sala, compuesto por una treintena de magistrados, revise la decisi\u00f3n de cambiar la jurisprudencia sobre el impuesto. El Pleno podr\u00eda acordar el mantenimiento de la tesis anterior de que debe ser el prestatario el que pague el impuesto. El tribunal explica que examinar\u00e1 \u00absi dicho si dicho giro jurisprudencial debe ser o no confirmado\u201d. <\/p>\n<\/p>\n<p><!-- AddThis Advanced Settings generic via filter on the_content --><!-- AddThis Share Buttons generic via filter on the_content --><\/p>\n","protected":false},"excerpt":{"rendered":"<p>Uno de los principales costes que suele tener la constituci\u00f3n de pr\u00e9stamos o cr\u00e9ditos hipotecarios es el gravamen por la modalidad de Actos Jur\u00eddicos Documentados (AJD), que oscila entre el 0,5% y el 2% (sobre el capital garantizado), dependiendo de la Comunidad Aut\u00f3noma.<\/p>\n","protected":false},"featured_media":7426,"template":"","meta":{"_acf_changed":false,"footnotes":""},"blog-category":[],"class_list":["post-7425","blog","type-blog","status-publish","has-post-thumbnail","hentry"],"acf":[],"yoast_head":"<!-- This site is optimized with the Yoast SEO plugin v27.4 - https:\/\/yoast.com\/product\/yoast-seo-wordpress\/ -->\n<title>El supremo modifica su criterio sobre el sujeto pasivo en los pr\u00e9stamos hipotecarios - Auren Espa\u00f1a<\/title>\n<meta name=\"robots\" content=\"index, follow, max-snippet:-1, max-image-preview:large, max-video-preview:-1\" \/>\n<link rel=\"canonical\" href=\"https:\/\/auren.com\/es\/blog\/el-supremo-modifica-su-criterio-sobre-el-sujeto-pasivo-en-los-prestamos-hipotecarios\/\" \/>\n<meta property=\"og:locale\" content=\"es_ES\" \/>\n<meta property=\"og:type\" content=\"article\" \/>\n<meta property=\"og:title\" content=\"El supremo modifica su criterio sobre el sujeto pasivo en los pr\u00e9stamos hipotecarios - Auren Espa\u00f1a\" \/>\n<meta property=\"og:description\" content=\"Uno de los principales costes que suele tener la constituci\u00f3n de pr\u00e9stamos o cr\u00e9ditos hipotecarios es el gravamen por la modalidad de Actos Jur\u00eddicos Documentados (AJD), que oscila entre el 0,5% y el 2% (sobre el capital garantizado), dependiendo de la Comunidad Aut\u00f3noma.\" \/>\n<meta property=\"og:url\" content=\"https:\/\/auren.com\/es\/blog\/el-supremo-modifica-su-criterio-sobre-el-sujeto-pasivo-en-los-prestamos-hipotecarios\/\" \/>\n<meta property=\"og:site_name\" content=\"Auren\" \/>\n<meta property=\"og:image\" content=\"https:\/\/auren.com\/es\/wp-content\/uploads\/2018\/10\/181019-articulo-sira-imagen.jpg\" \/>\n\t<meta property=\"og:image:width\" content=\"1920\" \/>\n\t<meta property=\"og:image:height\" content=\"655\" \/>\n\t<meta property=\"og:image:type\" content=\"image\/jpeg\" \/>\n<meta name=\"twitter:card\" content=\"summary_large_image\" \/>\n<meta name=\"twitter:site\" content=\"@auren_spain\" \/>\n<meta name=\"twitter:label1\" content=\"Tiempo de lectura\" \/>\n\t<meta name=\"twitter:data1\" content=\"2 minutos\" \/>\n<script type=\"application\/ld+json\" class=\"yoast-schema-graph\">{\"@context\":\"https:\\\/\\\/schema.org\",\"@graph\":[{\"@type\":\"WebPage\",\"@id\":\"https:\\\/\\\/auren.com\\\/es\\\/blog\\\/el-supremo-modifica-su-criterio-sobre-el-sujeto-pasivo-en-los-prestamos-hipotecarios\\\/\",\"url\":\"https:\\\/\\\/auren.com\\\/es\\\/blog\\\/el-supremo-modifica-su-criterio-sobre-el-sujeto-pasivo-en-los-prestamos-hipotecarios\\\/\",\"name\":\"El supremo modifica su criterio sobre el sujeto pasivo en los pr\u00e9stamos hipotecarios - Auren Espa\u00f1a\",\"isPartOf\":{\"@id\":\"https:\\\/\\\/auren.com\\\/es\\\/#website\"},\"primaryImageOfPage\":{\"@id\":\"https:\\\/\\\/auren.com\\\/es\\\/blog\\\/el-supremo-modifica-su-criterio-sobre-el-sujeto-pasivo-en-los-prestamos-hipotecarios\\\/#primaryimage\"},\"image\":{\"@id\":\"https:\\\/\\\/auren.com\\\/es\\\/blog\\\/el-supremo-modifica-su-criterio-sobre-el-sujeto-pasivo-en-los-prestamos-hipotecarios\\\/#primaryimage\"},\"thumbnailUrl\":\"https:\\\/\\\/auren.com\\\/es\\\/wp-content\\\/uploads\\\/2018\\\/10\\\/181019-articulo-sira-imagen.jpg\",\"datePublished\":\"2018-10-19T08:21:46+00:00\",\"breadcrumb\":{\"@id\":\"https:\\\/\\\/auren.com\\\/es\\\/blog\\\/el-supremo-modifica-su-criterio-sobre-el-sujeto-pasivo-en-los-prestamos-hipotecarios\\\/#breadcrumb\"},\"inLanguage\":\"es\",\"potentialAction\":[{\"@type\":\"ReadAction\",\"target\":[\"https:\\\/\\\/auren.com\\\/es\\\/blog\\\/el-supremo-modifica-su-criterio-sobre-el-sujeto-pasivo-en-los-prestamos-hipotecarios\\\/\"]}]},{\"@type\":\"ImageObject\",\"inLanguage\":\"es\",\"@id\":\"https:\\\/\\\/auren.com\\\/es\\\/blog\\\/el-supremo-modifica-su-criterio-sobre-el-sujeto-pasivo-en-los-prestamos-hipotecarios\\\/#primaryimage\",\"url\":\"https:\\\/\\\/auren.com\\\/es\\\/wp-content\\\/uploads\\\/2018\\\/10\\\/181019-articulo-sira-imagen.jpg\",\"contentUrl\":\"https:\\\/\\\/auren.com\\\/es\\\/wp-content\\\/uploads\\\/2018\\\/10\\\/181019-articulo-sira-imagen.jpg\",\"width\":1920,\"height\":655},{\"@type\":\"BreadcrumbList\",\"@id\":\"https:\\\/\\\/auren.com\\\/es\\\/blog\\\/el-supremo-modifica-su-criterio-sobre-el-sujeto-pasivo-en-los-prestamos-hipotecarios\\\/#breadcrumb\",\"itemListElement\":[{\"@type\":\"ListItem\",\"position\":1,\"name\":\"Portada\",\"item\":\"https:\\\/\\\/auren.com\\\/es\\\/\"},{\"@type\":\"ListItem\",\"position\":2,\"name\":\"El supremo modifica su criterio sobre el sujeto pasivo en los pr\u00e9stamos hipotecarios\"}]},{\"@type\":\"WebSite\",\"@id\":\"https:\\\/\\\/auren.com\\\/es\\\/#website\",\"url\":\"https:\\\/\\\/auren.com\\\/es\\\/\",\"name\":\"Auren\",\"description\":\"\",\"publisher\":{\"@id\":\"https:\\\/\\\/auren.com\\\/es\\\/#organization\"},\"alternateName\":\"Auren\",\"potentialAction\":[{\"@type\":\"SearchAction\",\"target\":{\"@type\":\"EntryPoint\",\"urlTemplate\":\"https:\\\/\\\/auren.com\\\/es\\\/?s={search_term_string}\"},\"query-input\":{\"@type\":\"PropertyValueSpecification\",\"valueRequired\":true,\"valueName\":\"search_term_string\"}}],\"inLanguage\":\"es\"},{\"@type\":\"Organization\",\"@id\":\"https:\\\/\\\/auren.com\\\/es\\\/#organization\",\"name\":\"Auren\",\"alternateName\":\"Auren\",\"url\":\"https:\\\/\\\/auren.com\\\/es\\\/\",\"logo\":{\"@type\":\"ImageObject\",\"inLanguage\":\"es\",\"@id\":\"https:\\\/\\\/auren.com\\\/es\\\/#\\\/schema\\\/logo\\\/image\\\/\",\"url\":\"https:\\\/\\\/auren.com\\\/es\\\/wp-content\\\/uploads\\\/2025\\\/01\\\/cropped-cropped-favicon-Auren.png\",\"contentUrl\":\"https:\\\/\\\/auren.com\\\/es\\\/wp-content\\\/uploads\\\/2025\\\/01\\\/cropped-cropped-favicon-Auren.png\",\"width\":512,\"height\":512,\"caption\":\"Auren\"},\"image\":{\"@id\":\"https:\\\/\\\/auren.com\\\/es\\\/#\\\/schema\\\/logo\\\/image\\\/\"},\"sameAs\":[\"https:\\\/\\\/x.com\\\/auren_spain\",\"https:\\\/\\\/www.linkedin.com\\\/company\\\/aurenspainserviciosprofesionales\",\"https:\\\/\\\/www.youtube.com\\\/@AurenEsp\",\"https:\\\/\\\/www.instagram.com\\\/auren_spain\"]}]}<\/script>\n<!-- \/ Yoast SEO plugin. -->","yoast_head_json":{"title":"El supremo modifica su criterio sobre el sujeto pasivo en los pr\u00e9stamos hipotecarios - Auren Espa\u00f1a","robots":{"index":"index","follow":"follow","max-snippet":"max-snippet:-1","max-image-preview":"max-image-preview:large","max-video-preview":"max-video-preview:-1"},"canonical":"https:\/\/auren.com\/es\/blog\/el-supremo-modifica-su-criterio-sobre-el-sujeto-pasivo-en-los-prestamos-hipotecarios\/","og_locale":"es_ES","og_type":"article","og_title":"El supremo modifica su criterio sobre el sujeto pasivo en los pr\u00e9stamos hipotecarios - Auren Espa\u00f1a","og_description":"Uno de los principales costes que suele tener la constituci\u00f3n de pr\u00e9stamos o cr\u00e9ditos hipotecarios es el gravamen por la modalidad de Actos Jur\u00eddicos Documentados (AJD), que oscila entre el 0,5% y el 2% (sobre el capital garantizado), dependiendo de la Comunidad Aut\u00f3noma.","og_url":"https:\/\/auren.com\/es\/blog\/el-supremo-modifica-su-criterio-sobre-el-sujeto-pasivo-en-los-prestamos-hipotecarios\/","og_site_name":"Auren","og_image":[{"width":1920,"height":655,"url":"https:\/\/auren.com\/es\/wp-content\/uploads\/2018\/10\/181019-articulo-sira-imagen.jpg","type":"image\/jpeg"}],"twitter_card":"summary_large_image","twitter_site":"@auren_spain","twitter_misc":{"Tiempo de lectura":"2 minutos"},"schema":{"@context":"https:\/\/schema.org","@graph":[{"@type":"WebPage","@id":"https:\/\/auren.com\/es\/blog\/el-supremo-modifica-su-criterio-sobre-el-sujeto-pasivo-en-los-prestamos-hipotecarios\/","url":"https:\/\/auren.com\/es\/blog\/el-supremo-modifica-su-criterio-sobre-el-sujeto-pasivo-en-los-prestamos-hipotecarios\/","name":"El supremo modifica su criterio sobre el sujeto pasivo en los pr\u00e9stamos hipotecarios - Auren Espa\u00f1a","isPartOf":{"@id":"https:\/\/auren.com\/es\/#website"},"primaryImageOfPage":{"@id":"https:\/\/auren.com\/es\/blog\/el-supremo-modifica-su-criterio-sobre-el-sujeto-pasivo-en-los-prestamos-hipotecarios\/#primaryimage"},"image":{"@id":"https:\/\/auren.com\/es\/blog\/el-supremo-modifica-su-criterio-sobre-el-sujeto-pasivo-en-los-prestamos-hipotecarios\/#primaryimage"},"thumbnailUrl":"https:\/\/auren.com\/es\/wp-content\/uploads\/2018\/10\/181019-articulo-sira-imagen.jpg","datePublished":"2018-10-19T08:21:46+00:00","breadcrumb":{"@id":"https:\/\/auren.com\/es\/blog\/el-supremo-modifica-su-criterio-sobre-el-sujeto-pasivo-en-los-prestamos-hipotecarios\/#breadcrumb"},"inLanguage":"es","potentialAction":[{"@type":"ReadAction","target":["https:\/\/auren.com\/es\/blog\/el-supremo-modifica-su-criterio-sobre-el-sujeto-pasivo-en-los-prestamos-hipotecarios\/"]}]},{"@type":"ImageObject","inLanguage":"es","@id":"https:\/\/auren.com\/es\/blog\/el-supremo-modifica-su-criterio-sobre-el-sujeto-pasivo-en-los-prestamos-hipotecarios\/#primaryimage","url":"https:\/\/auren.com\/es\/wp-content\/uploads\/2018\/10\/181019-articulo-sira-imagen.jpg","contentUrl":"https:\/\/auren.com\/es\/wp-content\/uploads\/2018\/10\/181019-articulo-sira-imagen.jpg","width":1920,"height":655},{"@type":"BreadcrumbList","@id":"https:\/\/auren.com\/es\/blog\/el-supremo-modifica-su-criterio-sobre-el-sujeto-pasivo-en-los-prestamos-hipotecarios\/#breadcrumb","itemListElement":[{"@type":"ListItem","position":1,"name":"Portada","item":"https:\/\/auren.com\/es\/"},{"@type":"ListItem","position":2,"name":"El supremo modifica su criterio sobre el sujeto pasivo en los pr\u00e9stamos hipotecarios"}]},{"@type":"WebSite","@id":"https:\/\/auren.com\/es\/#website","url":"https:\/\/auren.com\/es\/","name":"Auren","description":"","publisher":{"@id":"https:\/\/auren.com\/es\/#organization"},"alternateName":"Auren","potentialAction":[{"@type":"SearchAction","target":{"@type":"EntryPoint","urlTemplate":"https:\/\/auren.com\/es\/?s={search_term_string}"},"query-input":{"@type":"PropertyValueSpecification","valueRequired":true,"valueName":"search_term_string"}}],"inLanguage":"es"},{"@type":"Organization","@id":"https:\/\/auren.com\/es\/#organization","name":"Auren","alternateName":"Auren","url":"https:\/\/auren.com\/es\/","logo":{"@type":"ImageObject","inLanguage":"es","@id":"https:\/\/auren.com\/es\/#\/schema\/logo\/image\/","url":"https:\/\/auren.com\/es\/wp-content\/uploads\/2025\/01\/cropped-cropped-favicon-Auren.png","contentUrl":"https:\/\/auren.com\/es\/wp-content\/uploads\/2025\/01\/cropped-cropped-favicon-Auren.png","width":512,"height":512,"caption":"Auren"},"image":{"@id":"https:\/\/auren.com\/es\/#\/schema\/logo\/image\/"},"sameAs":["https:\/\/x.com\/auren_spain","https:\/\/www.linkedin.com\/company\/aurenspainserviciosprofesionales","https:\/\/www.youtube.com\/@AurenEsp","https:\/\/www.instagram.com\/auren_spain"]}]}},"_links":{"self":[{"href":"https:\/\/auren.com\/es\/wp-json\/wp\/v2\/blog\/7425","targetHints":{"allow":["GET"]}}],"collection":[{"href":"https:\/\/auren.com\/es\/wp-json\/wp\/v2\/blog"}],"about":[{"href":"https:\/\/auren.com\/es\/wp-json\/wp\/v2\/types\/blog"}],"version-history":[{"count":0,"href":"https:\/\/auren.com\/es\/wp-json\/wp\/v2\/blog\/7425\/revisions"}],"wp:featuredmedia":[{"embeddable":true,"href":"https:\/\/auren.com\/es\/wp-json\/wp\/v2\/media\/7426"}],"wp:attachment":[{"href":"https:\/\/auren.com\/es\/wp-json\/wp\/v2\/media?parent=7425"}],"wp:term":[{"taxonomy":"blog-category","embeddable":true,"href":"https:\/\/auren.com\/es\/wp-json\/wp\/v2\/blog-category?post=7425"}],"curies":[{"name":"wp","href":"https:\/\/api.w.org\/{rel}","templated":true}]}}